{"id":1010,"date":"2024-03-18T10:57:19","date_gmt":"2024-03-18T13:57:19","guid":{"rendered":"https:\/\/noticiassaludables.com.ar\/?p=1010"},"modified":"2024-03-18T10:57:19","modified_gmt":"2024-03-18T13:57:19","slug":"comer-sano-ralentiza-el-envejecimiento","status":"publish","type":"post","link":"https:\/\/noticiassaludables.com.ar\/?p=1010","title":{"rendered":"Comer sano ralentiza el envejecimiento"},"content":{"rendered":"\n<p>Seg\u00fan un estudio reciente de la Universidad de Columbia, seguir reg\u00edmenes como la dieta mediterr\u00e1nea o DASH puede permitir una longevidad m\u00e1s saludable. Para el an\u00e1lisis se utiliz\u00f3 el innovador \u201creloj epigen\u00e9tico\u201d. Los detalles<\/p>\n\n\n\n<p>&nbsp;Los cient\u00edficos han notado desde hace tiempo que las personas que comen de forma saludable tienen cerebros m\u00e1s sanos a medida que envejecen, lo que incluye probabilidades m\u00e1s bajas de&nbsp;<strong>demencia<\/strong>. Ahora, los investigadores creen saber por qu\u00e9: reg\u00edmenes como las&nbsp;<strong>dietas mediterr\u00e1neas<\/strong>&nbsp;o&nbsp;<strong>DASH<\/strong>, saludables para el coraz\u00f3n, parecen retrasar el envejecimiento biol\u00f3gico,&nbsp;<strong>ayudando a proteger el cerebro<\/strong>.<\/p>\n\n\n\n<p>\u201cNuestros hallazgos sugieren que&nbsp;<strong>un ritmo m\u00e1s lento de envejecimiento media<\/strong>&nbsp;parte de la relaci\u00f3n entre una dieta saludable y un riesgo reducido de&nbsp;<strong>demencia<\/strong>\u201d, se\u00f1al\u00f3 la primera autora del estudio,&nbsp;<strong>Aline Thomas<\/strong>. Es investigadora postdoctoral en el&nbsp;<strong>Instituto Taub<\/strong>&nbsp;de Investigaci\u00f3n sobre la&nbsp;<strong>Enfermedad de Alzheimer<\/strong>&nbsp;y el&nbsp;<strong>Envejecimiento del Cerebro<\/strong>&nbsp;de la&nbsp;<strong>Universidad de Columbia<\/strong>, en la ciudad de&nbsp;<strong>Nueva York<\/strong>. Los hallazgos se publicaron en una edici\u00f3n reciente de la revista&nbsp;<strong>Annals of Neurology<\/strong>.<\/p>\n\n\n\n<p>En el estudio,&nbsp;<strong>Thomas<\/strong>&nbsp;y sus colaboradores examinaron d\u00e9cadas de datos del&nbsp;<strong>Estudio del Coraz\u00f3n de Framingham<\/strong>, que comenz\u00f3 en 1971. Los investigadores se centraron en m\u00e1s de 1.600 personas en la segunda generaci\u00f3n del estudio, que hizo que las personas revisaran cada cuatro a siete a\u00f1os con datos sobre (entre otras cosas) sus dietas y los resultados de las pruebas neurocognitivas. Un total de 160 de los participantes desarrollaron&nbsp;<strong>demencia<\/strong>.<\/p>\n\n\n\n<p><img loading=\"lazy\" decoding=\"async\" alt=\"A pesar de los hallazgos, Thomas dijo que todav\u00eda hay mucho que aprender sobre la conexi\u00f3n de una vida saludable con la salud del cerebro (Imagen ilustrativa Infobae)\" height=\"816\" width=\"1456\" src=\"https:\/\/www.infobae.com\/new-resizer\/TJn_bgkbKFTxm6_0qIrE8KCf8vI=\/420x236\/filters:format(webp):quality(85)\/cloudfront-us-east-1.images.arcpublishing.com\/infobae\/GWJBD7SMCRA7VD5D4UH6TU7GV4.jpg%20420w\" srcset=\"https:\/\/www.infobae.com\/new-resizer\/TJn_bgkbKFTxm6_0qIrE8KCf8vI=\/420x236\/filters:format(webp):quality(85)\/cloudfront-us-east-1.images.arcpublishing.com\/infobae\/GWJBD7SMCRA7VD5D4UH6TU7GV4.jpg 420w,https:\/\/www.infobae.com\/new-resizer\/4hT-08tSsgpe4iQ1s9imdUQv1vE=\/768x432\/filters:format(webp):quality(85)\/cloudfront-us-east-1.images.arcpublishing.com\/infobae\/GWJBD7SMCRA7VD5D4UH6TU7GV4.jpg 768w,https:\/\/www.infobae.com\/new-resizer\/2_vFGo1Wjc2o7ZjhErNIP-sFwHY=\/992x558\/filters:format(webp):quality(85)\/cloudfront-us-east-1.images.arcpublishing.com\/infobae\/GWJBD7SMCRA7VD5D4UH6TU7GV4.jpg 992w,https:\/\/www.infobae.com\/new-resizer\/DdvlfJ6SH8HgDiLS5L6WGIx-Zso=\/1200x675\/filters:format(webp):quality(85)\/cloudfront-us-east-1.images.arcpublishing.com\/infobae\/GWJBD7SMCRA7VD5D4UH6TU7GV4.jpg 1200w,https:\/\/www.infobae.com\/new-resizer\/f6fN0Aw6jjv_kZWeIVh_c6HLTkc=\/1440x810\/filters:format(webp):quality(85)\/cloudfront-us-east-1.images.arcpublishing.com\/infobae\/GWJBD7SMCRA7VD5D4UH6TU7GV4.jpg 1440w\">A pesar de los hallazgos, Thomas dijo que todav\u00eda hay mucho que aprender sobre la conexi\u00f3n de una vida saludable con la salud del cerebro (Imagen ilustrativa Infobae)<\/p>\n\n\n\n<p><strong>\u201cGran parte de la atenci\u00f3n a la nutrici\u00f3n en la investigaci\u00f3n sobre la demencia se enfoca en la forma en que los nutrientes espec\u00edficos afectan al cerebro\u201d<\/strong>, se\u00f1al\u00f3 el autor principal del estudio,&nbsp;<strong>Daniel Belsky<\/strong>, profesor asociado de epidemiolog\u00eda de la&nbsp;<strong>Facultad de Salud P\u00fablica<\/strong>&nbsp;de&nbsp;<strong>Columbia<\/strong>&nbsp;y del&nbsp;<strong>Centro de Envejecimiento<\/strong>&nbsp;de&nbsp;<strong>Columbia<\/strong>.&nbsp;<strong>\u201cProbamos la hip\u00f3tesis de que una dieta saludable protege contra la demencia al ralentizar el ritmo general de envejecimiento biol\u00f3gico del cuerpo\u201d<\/strong>, explic\u00f3&nbsp;<strong>Belsky<\/strong>&nbsp;en un comunicado de prensa de la&nbsp;<strong>Columbia<\/strong>.<\/p>\n\n\n\n<p>Los investigadores pudieron rastrear el envejecimiento celular en los participantes utilizando un \u201c<strong>reloj epigen\u00e9tico<\/strong>\u201d llamado&nbsp;<strong>DunedinPACE<\/strong>. Fue desarrollado por&nbsp;<strong>Belsky<\/strong>&nbsp;y otros investigadores mientras estaba en la&nbsp;<strong>Universidad de Duke<\/strong>. Seg\u00fan&nbsp;<strong>Belsky<\/strong>,&nbsp;<strong>DunedinPACE es \u201ccomo un veloc\u00edmetro para los procesos biol\u00f3gicos del envejecimiento\u201d<\/strong>, rastre\u00e1ndolos a medida que trabajan en el cuerpo a lo largo del tiempo.<\/p>\n\n\n\n<p>El estudio encontr\u00f3 que las personas que&nbsp;<strong>se adhirieron m\u00e1s<\/strong>&nbsp;estrechamente a lo que se llama la&nbsp;<strong>dieta de la Intervenci\u00f3n Mediterr\u00e1nea para el Retraso Neurodegenerativo (MIND)<\/strong>&nbsp;tuvieron un&nbsp;<strong>envejecimiento m\u00e1s lento<\/strong>, seg\u00fan lo medido por&nbsp;<strong>DunedinPACE<\/strong>, as\u00ed como menores probabilidades de&nbsp;<strong>demencia<\/strong>&nbsp;y muerte prematura. En general, calcularon que&nbsp;<strong>alrededor de un 27 por ciento de la asociaci\u00f3n entre una dieta saludable y un menor riesgo de demencia probablemente se deba a un envejecimiento m\u00e1s lento<\/strong>.<\/p>\n\n\n\n<p><img loading=\"lazy\" decoding=\"async\" alt=\"\u201cGran parte de la atenci\u00f3n a la nutrici\u00f3n en la investigaci\u00f3n sobre la demencia se enfoca en la forma en que los nutrientes espec\u00edficos afectan al cerebro\u201d (Imagen ilustrativa Infobae)\" height=\"1024\" width=\"1792\" src=\"https:\/\/www.infobae.com\/new-resizer\/pTnQkvKPeAcwa6stqR8bTDgJM6w=\/992x606\/filters:format(webp):quality(85)\/cloudfront-us-east-1.images.arcpublishing.com\/infobae\/5NJ5SQ6PCVHWPPAR233TUSNZXM.jpg%20992w\" srcset=\"https:\/\/www.infobae.com\/new-resizer\/pTnQkvKPeAcwa6stqR8bTDgJM6w=\/992x606\/filters:format(webp):quality(85)\/cloudfront-us-east-1.images.arcpublishing.com\/infobae\/5NJ5SQ6PCVHWPPAR233TUSNZXM.jpg 992w\">\u201cGran parte de la atenci\u00f3n a la nutrici\u00f3n en la investigaci\u00f3n sobre la demencia se enfoca en la forma en que los nutrientes espec\u00edficos afectan al cerebro\u201d (Imagen ilustrativa Infobae)<\/p>\n\n\n\n<p>La&nbsp;<strong>dieta MIND<\/strong>&nbsp;combina elementos de la dieta&nbsp;<strong>mediterr\u00e1nea<\/strong>&nbsp;y la dieta&nbsp;<strong>DASH<\/strong>, recomendada desde hace mucho tiempo por nutricionistas y otros expertos en salud. Se basa en muchos cereales integrales, verduras, frutos secos, legumbres, verduras de hoja verde, pescado y carnes magras. Evita las carnes rojas, los alimentos azucarados y los alimentos ricos en grasas saturadas y trans. A pesar de los hallazgos,&nbsp;<strong>Thomas<\/strong>&nbsp;dijo que todav\u00eda hay mucho que aprender sobre la&nbsp;<strong>conexi\u00f3n de una vida saludable con la salud del cerebro<\/strong>.<\/p>\n\n\n\n<p>\u201c<strong>Una parte de la asociaci\u00f3n entre la dieta y la demencia sigue sin explicaci\u00f3n<\/strong>\u201d, dijo.<\/p>\n\n\n\n<p>Fuente: https:\/\/www.infobae.com\/salud\/2024\/03\/15\/comer-sano-ralentiza-el-reloj-del-envejecimiento-lo-que-ayuda-a-proteger-el-cerebro-de-la-demencia\/<\/p>\n","protected":false},"excerpt":{"rendered":"<p>Seg\u00fan un estudio reciente de la Universidad de Columbia, seguir reg\u00edmenes como la dieta mediterr\u00e1nea o DASH puede permitir una longevidad m\u00e1s saludable. Para el an\u00e1lisis se utiliz\u00f3 el innovador \u201creloj epigen\u00e9tico\u201d. Los detalles &nbsp;Los cient\u00edficos han notado desde hace tiempo que las personas que comen de forma saludable tienen cerebros m\u00e1s sanos a medida [&hellip;]<\/p>\n","protected":false},"author":3,"featured_media":1011,"comment_status":"open","ping_status":"open","sticky":false,"template":"","format":"standard","meta":{"footnotes":""},"categories":[6,4,5],"tags":[280,519,520],"class_list":["post-1010","post","type-post","status-publish","format-standard","has-post-thumbnail","hentry","category-alimentacion","category-bienestar","category-salud","tag-buenos-habitos","tag-comer-sano","tag-envejecimeinto"],"_links":{"self":[{"href":"https:\/\/noticiassaludables.com.ar\/index.php?rest_route=\/wp\/v2\/posts\/1010","targetHints":{"allow":["GET"]}}],"collection":[{"href":"https:\/\/noticiassaludables.com.ar\/index.php?rest_route=\/wp\/v2\/posts"}],"about":[{"href":"https:\/\/noticiassaludables.com.ar\/index.php?rest_route=\/wp\/v2\/types\/post"}],"author":[{"embeddable":true,"href":"https:\/\/noticiassaludables.com.ar\/index.php?rest_route=\/wp\/v2\/users\/3"}],"replies":[{"embeddable":true,"href":"https:\/\/noticiassaludables.com.ar\/index.php?rest_route=%2Fwp%2Fv2%2Fcomments&post=1010"}],"version-history":[{"count":1,"href":"https:\/\/noticiassaludables.com.ar\/index.php?rest_route=\/wp\/v2\/posts\/1010\/revisions"}],"predecessor-version":[{"id":1012,"href":"https:\/\/noticiassaludables.com.ar\/index.php?rest_route=\/wp\/v2\/posts\/1010\/revisions\/1012"}],"wp:featuredmedia":[{"embeddable":true,"href":"https:\/\/noticiassaludables.com.ar\/index.php?rest_route=\/wp\/v2\/media\/1011"}],"wp:attachment":[{"href":"https:\/\/noticiassaludables.com.ar\/index.php?rest_route=%2Fwp%2Fv2%2Fmedia&parent=1010"}],"wp:term":[{"taxonomy":"category","embeddable":true,"href":"https:\/\/noticiassaludables.com.ar\/index.php?rest_route=%2Fwp%2Fv2%2Fcategories&post=1010"},{"taxonomy":"post_tag","embeddable":true,"href":"https:\/\/noticiassaludables.com.ar\/index.php?rest_route=%2Fwp%2Fv2%2Ftags&post=1010"}],"curies":[{"name":"wp","href":"https:\/\/api.w.org\/{rel}","templated":true}]}}