{"id":1013,"date":"2024-03-18T11:20:50","date_gmt":"2024-03-18T14:20:50","guid":{"rendered":"https:\/\/noticiassaludables.com.ar\/?p=1013"},"modified":"2024-03-18T11:20:50","modified_gmt":"2024-03-18T14:20:50","slug":"la-nave-piu-bella-del-mondo-llega-al-puerto-buenos-aires","status":"publish","type":"post","link":"https:\/\/noticiassaludables.com.ar\/?p=1013","title":{"rendered":"\u201cLa nave pi\u00f9 bella del mondo\u201d llega al puerto Buenos Aires"},"content":{"rendered":"\n<p>Ma\u00f1ana atracar\u00e1 en el Puerto de Buenos Aires el buque escuela Amerigo Vespucci, el m\u00e1s antiguo y \u201chermoso\u201d de la Marina Militar Italiana. Con motivo de su llegada, fueron organizadas varias actividades para conocer su historia. Una es la muestra del retratista Maki Galimberti que inaugurar\u00e1 el 20 de marzo en el CCK y contar\u00e1 con su presencia. En una entrevista con Infobae, el fot\u00f3grafo cuenta detalles de su trabajo<\/p>\n\n\n\n<p>\u201c<em>Non chi comincia ma quel che persevera<\/em>\u201d (No el que empieza, sino el que persevera), es el lema del buque escuela<strong>&nbsp;Amerigo Vespucci<\/strong>, el m\u00e1s antiguo y \u201chermoso\u201d en servicio de la Marina Militar italiana, que har\u00e1 escala ma\u00f1ana en el puerto de Buenos Aires, como parte de su gira mundial 2023-2025 y se quedar\u00e1 hasta el 21 de marzo. Se trata de su segunda visita, despu\u00e9s de 70 a\u00f1os. Llamada as\u00ed en honor al c\u00e9lebre navegante por quien nuestro continente fue bautizado Am\u00e9rica, fue construida en el Regio Cantiere Navale de Casatellammare di Stabia, en&nbsp;<strong>N\u00e1poles<\/strong>&nbsp;y botada un 22 de febrero de 1931.<\/p>\n\n\n\n<p>Adem\u00e1s de poder realizarse una visita al buque escuela, la Embajada de Italia, junto con la Agregadur\u00eda de Defensa, el Consulado General de Italia en Buenos Aires, el InstitutoItaliano de Cultura de Buenos Aires y la Agencia ICE, organizaron una serie de actividades para conocer m\u00e1s sobre sus casi 100 a\u00f1os de historia bajo el nombre \u201cEl mar que nos une\u201d. Entre ellas se destacan la exposici\u00f3n organizada por el Consulado General de Italia, en colaboraci\u00f3n con el Museo Nacional de la Emigraci\u00f3n Italiana, bajo el nombre \u201cMis ra\u00edces est\u00e1n aqu\u00ed &#8211; Experiencia inmersiva sobre la emigraci\u00f3n italiana y una muestra fotogr\u00e1fica llamada&nbsp;<em><strong>Amerigo Vespucci: \u201cla nave pi\u00f9 bella del mondo\u201d,<\/strong><\/em>presentada por el&nbsp;<strong>Instituto Italiano de Cultura&nbsp;<\/strong>en Buenos Aires que re\u00fane 40 obras realizadas por dos prestigiosos fot\u00f3grafos italianos:&nbsp;<strong>Maki Galimberti y<\/strong>&nbsp;<strong>Massimo Sestini, que ser\u00e1 inaugurada el 20 de marzo en el Centro Cultural Kirchner&nbsp;<\/strong>(Sarmiento 151), a las 18 horascon entrada libre y gratuita y se podr\u00e1 ver hasta junio en la Sala 607 del mismo centro cultural.Quien quiera ver un anticipo de la muestra podr\u00e1 hacerlo del 18 al 20 de marzo en D\u00e1rsena Norte, Av. Ant\u00e1rtida Argentina 1335.<\/p>\n\n\n\n<p><img loading=\"lazy\" decoding=\"async\" alt=\"\u201cla nave pi\u00f9 bella del mondo\u201d bajo la lente de Massimo Sestini\" height=\"1080\" width=\"1920\" src=\"https:\/\/www.infobae.com\/new-resizer\/yJKeFZL_M-n99rhBJUV7Lm6kKnw=\/420x236\/filters:format(webp):quality(85)\/cloudfront-us-east-1.images.arcpublishing.com\/infobae\/F54BH7MLNVAXVJRKATDITCQDFM.jpg%20420w\" srcset=\"https:\/\/www.infobae.com\/new-resizer\/yJKeFZL_M-n99rhBJUV7Lm6kKnw=\/420x236\/filters:format(webp):quality(85)\/cloudfront-us-east-1.images.arcpublishing.com\/infobae\/F54BH7MLNVAXVJRKATDITCQDFM.jpg 420w,https:\/\/www.infobae.com\/new-resizer\/PTdMkwNr_iJ-yzYFNeUQQqUZ6mo=\/768x432\/filters:format(webp):quality(85)\/cloudfront-us-east-1.images.arcpublishing.com\/infobae\/F54BH7MLNVAXVJRKATDITCQDFM.jpg 768w,https:\/\/www.infobae.com\/new-resizer\/KqT82jqgtos3tINzX1Yl0a3Mte8=\/992x558\/filters:format(webp):quality(85)\/cloudfront-us-east-1.images.arcpublishing.com\/infobae\/F54BH7MLNVAXVJRKATDITCQDFM.jpg 992w,https:\/\/www.infobae.com\/new-resizer\/81rUJVmkLhz9I9lKJjOwRgn8LAs=\/1200x675\/filters:format(webp):quality(85)\/cloudfront-us-east-1.images.arcpublishing.com\/infobae\/F54BH7MLNVAXVJRKATDITCQDFM.jpg 1200w,https:\/\/www.infobae.com\/new-resizer\/aR-F8AvEiTkbUVMbZmxxE_8mkDg=\/1440x810\/filters:format(webp):quality(85)\/cloudfront-us-east-1.images.arcpublishing.com\/infobae\/F54BH7MLNVAXVJRKATDITCQDFM.jpg 1440w\">\u201cla nave pi\u00f9 bella del mondo\u201d bajo la lente de Massimo Sestini<\/p>\n\n\n\n<p><strong>En di\u00e1logo con Infobae, Maki Galimberti<\/strong>,<strong>&nbsp;que viajar\u00e1 a Buenos Aires para la inauguraci\u00f3n, cont\u00f3 su experiencia en el buque escuela<\/strong>&nbsp;y tambi\u00e9n habl\u00f3 sobre su trabajo como retratista y logros profesionales. El artista naci\u00f3 hace 53 a\u00f1os en Mil\u00e1n e inici\u00f3 su carrera a los 18 como fot\u00f3grafo de gr\u00e1fica period\u00edstica. Es autor de cientos de reportajes y portadas sobre todo de&nbsp;<em>\u00c9poca<\/em>&nbsp;y&nbsp;<em>Panorama<\/em>&nbsp;y a partir del 2000, se consagr\u00f3 como retratista de celebrities, escritores, pol\u00edticos, con una fuerte presencia en las portadas de revistas italianas e internacionales m\u00e1s importantes, como&nbsp;<em>Newsweek<\/em>,<em>&nbsp;El Pa\u00eds, Time, Vanity Fair, Sette.<\/em><\/p>\n\n\n\n<p>Actualmente, Maki es embajador de las c\u00e1maras fotogr\u00e1ficas Sony y autor de numerosas campa\u00f1as publicitarias y sociales. Entre sus retratos m\u00e1s destacados figuran los de<strong>&nbsp;Paul Auster<\/strong>,&nbsp;<strong>Eros Ramazzotti<\/strong>,&nbsp;<strong>Martin Scorsese<\/strong>,&nbsp;<strong>Paulo Dybala<\/strong>, actrices, modelos italianas bell\u00edsimas as\u00ed como soldados, migrantes desesperados y refugiados.&nbsp;<strong>Un fot\u00f3grafo sensible a la belleza, pero tambi\u00e9n al dolor.&nbsp;<\/strong>\u00c9l suele definirse como un \u201ckiller sin arma\u201d.<\/p>\n\n\n\n<p><img loading=\"lazy\" decoding=\"async\" alt=\"Autorretrato de Maki Galimberti, uno de los autores de la muestra fotogr\u00e1fica\" height=\"1080\" width=\"1920\" src=\"https:\/\/www.infobae.com\/new-resizer\/n4F7PxIQKRN2Bare3WfM2_Rlj38=\/420x236\/filters:format(webp):quality(85)\/cloudfront-us-east-1.images.arcpublishing.com\/infobae\/LMA333QWYRHULNE3MKACKTRMHU.jpg%20420w\" srcset=\"https:\/\/www.infobae.com\/new-resizer\/n4F7PxIQKRN2Bare3WfM2_Rlj38=\/420x236\/filters:format(webp):quality(85)\/cloudfront-us-east-1.images.arcpublishing.com\/infobae\/LMA333QWYRHULNE3MKACKTRMHU.jpg 420w,https:\/\/www.infobae.com\/new-resizer\/sYLVSZao1b2YE-Hi1TGqprSIf28=\/768x432\/filters:format(webp):quality(85)\/cloudfront-us-east-1.images.arcpublishing.com\/infobae\/LMA333QWYRHULNE3MKACKTRMHU.jpg 768w,https:\/\/www.infobae.com\/new-resizer\/cfVfZCqne11IcYM8vZ8E9i8i0bs=\/992x558\/filters:format(webp):quality(85)\/cloudfront-us-east-1.images.arcpublishing.com\/infobae\/LMA333QWYRHULNE3MKACKTRMHU.jpg 992w,https:\/\/www.infobae.com\/new-resizer\/nk03bQ1jtnyIHQHUt1p7fnhCzo0=\/1200x675\/filters:format(webp):quality(85)\/cloudfront-us-east-1.images.arcpublishing.com\/infobae\/LMA333QWYRHULNE3MKACKTRMHU.jpg 1200w,https:\/\/www.infobae.com\/new-resizer\/sFYGSMVEhWMKl4t-K6jutpAROzo=\/1440x810\/filters:format(webp):quality(85)\/cloudfront-us-east-1.images.arcpublishing.com\/infobae\/LMA333QWYRHULNE3MKACKTRMHU.jpg 1440w\">Autorretrato de Maki Galimberti, uno de los autores de la muestra fotogr\u00e1fica<\/p>\n\n\n\n<h2 class=\"wp-block-heading\">El barco m\u00e1s hermoso del mundo<\/h2>\n\n\n\n<p>Cuenta la historia que en 1962 la fragata Amerigo Vespucci se gan\u00f3 el mote de \u201cLa pi\u00f9 bella del mondo\u201d al cruzarse con un portaaviones norteamericano en el Mediterr\u00e1neo. Seg\u00fan las normas de navegaci\u00f3n, los buques m\u00e1s grandes tienen prioridad sobre los m\u00e1s peque\u00f1os, por lo que el portaaviones pidi\u00f3 al velero que se identificara mediante se\u00f1ales luminosas. Desde el barco respondieron: \u2018Buque Escuela Amerigo Vespucci, Armada Militar Italiana\u2019, a lo que el comandante estadounidense respondi\u00f3: \u201c<strong>Eres el barco m\u00e1s hermoso del mundo\u201d.<\/strong><\/p>\n\n\n\n<p><img loading=\"lazy\" decoding=\"async\" alt=\"La tripulaci\u00f3n del Amerigo Vespucci, retratada por Maki Galimberti, est\u00e1 compuesta por 264 soldados, entre ellos 15 oficiales, 30 suboficiales, 34 sargentos y 185 cabos y marineros\" height=\"1080\" width=\"1920\" src=\"https:\/\/www.infobae.com\/new-resizer\/R5RxK-CLgwMGNZt0-WJ_KSLGNPE=\/420x236\/filters:format(webp):quality(85)\/cloudfront-us-east-1.images.arcpublishing.com\/infobae\/7EMMBGCEIVF57NFZDPA2KEJO34.jpg%20420w\" srcset=\"https:\/\/www.infobae.com\/new-resizer\/R5RxK-CLgwMGNZt0-WJ_KSLGNPE=\/420x236\/filters:format(webp):quality(85)\/cloudfront-us-east-1.images.arcpublishing.com\/infobae\/7EMMBGCEIVF57NFZDPA2KEJO34.jpg 420w,https:\/\/www.infobae.com\/new-resizer\/woR49hcUcFIoCocWpu6MU5IgVf4=\/768x432\/filters:format(webp):quality(85)\/cloudfront-us-east-1.images.arcpublishing.com\/infobae\/7EMMBGCEIVF57NFZDPA2KEJO34.jpg 768w,https:\/\/www.infobae.com\/new-resizer\/ej2SSvjiZ9d7uE1gwv7qO_0bb04=\/992x558\/filters:format(webp):quality(85)\/cloudfront-us-east-1.images.arcpublishing.com\/infobae\/7EMMBGCEIVF57NFZDPA2KEJO34.jpg 992w,https:\/\/www.infobae.com\/new-resizer\/O_4yxMY6SUqOmMwcbxraoRbZbOY=\/1200x675\/filters:format(webp):quality(85)\/cloudfront-us-east-1.images.arcpublishing.com\/infobae\/7EMMBGCEIVF57NFZDPA2KEJO34.jpg 1200w,https:\/\/www.infobae.com\/new-resizer\/PqjP2yDZ7oY_Gluhd-ElbQKanFU=\/1440x810\/filters:format(webp):quality(85)\/cloudfront-us-east-1.images.arcpublishing.com\/infobae\/7EMMBGCEIVF57NFZDPA2KEJO34.jpg 1440w\">La tripulaci\u00f3n del Amerigo Vespucci, retratada por Maki Galimberti, est\u00e1 compuesta por 264 soldados, entre ellos 15 oficiales, 30 suboficiales, 34 sargentos y 185 cabos y marineros<\/p>\n\n\n\n<p>Entre 1931 y 2023, el Amerigo Vespucci realiz\u00f3 87 campa\u00f1as de instrucci\u00f3n para cadetes de la 1\u00aa Clase de la Academia Naval. Actualmente, su tripulaci\u00f3n, que fue retratada por el Galimberti en medio de sus actividades, est\u00e1 compuesta por 264 soldados, entre ellos 15 oficiales, 30 suboficiales, 34 sargentos y 185 cabos y marineros.<\/p>\n\n\n\n<p><img loading=\"lazy\" decoding=\"async\" alt=\"Las fotos de Sestini que forman parte de la muestra tomaron im\u00e1genes de la nave desde lugares estrat\u00e9gicos, por aire y por tierra\" height=\"1080\" width=\"1920\" src=\"https:\/\/www.infobae.com\/new-resizer\/116EQsY61gxgQEHh-yf21sC0Z7o=\/420x236\/filters:format(webp):quality(85)\/cloudfront-us-east-1.images.arcpublishing.com\/infobae\/FYUHYSUHOBCJZI3MWGQHCP6ATA.jpg%20420w\" srcset=\"https:\/\/www.infobae.com\/new-resizer\/116EQsY61gxgQEHh-yf21sC0Z7o=\/420x236\/filters:format(webp):quality(85)\/cloudfront-us-east-1.images.arcpublishing.com\/infobae\/FYUHYSUHOBCJZI3MWGQHCP6ATA.jpg 420w,https:\/\/www.infobae.com\/new-resizer\/ttW8BJAgmeYEUNnw7Rl4SX-qPLk=\/768x432\/filters:format(webp):quality(85)\/cloudfront-us-east-1.images.arcpublishing.com\/infobae\/FYUHYSUHOBCJZI3MWGQHCP6ATA.jpg 768w,https:\/\/www.infobae.com\/new-resizer\/aN6X93iZ0pKMCkbymjPzPKbld_E=\/992x558\/filters:format(webp):quality(85)\/cloudfront-us-east-1.images.arcpublishing.com\/infobae\/FYUHYSUHOBCJZI3MWGQHCP6ATA.jpg 992w,https:\/\/www.infobae.com\/new-resizer\/oooXadfc4ilS6Rm1casRE4mY1sg=\/1200x675\/filters:format(webp):quality(85)\/cloudfront-us-east-1.images.arcpublishing.com\/infobae\/FYUHYSUHOBCJZI3MWGQHCP6ATA.jpg 1200w,https:\/\/www.infobae.com\/new-resizer\/OLOtHesGtA3UnEr6TaUEbmK_EmE=\/1440x810\/filters:format(webp):quality(85)\/cloudfront-us-east-1.images.arcpublishing.com\/infobae\/FYUHYSUHOBCJZI3MWGQHCP6ATA.jpg 1440w\">Las fotos de Sestini que forman parte de la muestra tomaron im\u00e1genes de la nave desde lugares estrat\u00e9gicos, por aire y por tierra<\/p>\n\n\n\n<p><strong>\u2014\u00bfC\u00f3mo se inici\u00f3 este proyecto? \u00bfpor qu\u00e9 decidiste \u201cembarcarte\u201d?<\/strong><\/p>\n\n\n\n<p>\u2014En realidad, fue iniciativa m\u00eda. Me fascina la mezcla de concreci\u00f3n y est\u00e9tica de quienes viven y trabajan en el mar. Una periodista de larga trayectoria Carla Bardelli de Livorno promovi\u00f3 una exposici\u00f3n en su ciudad con mis retratos, pero no fue hasta que Massimo Sestini, uno de los mejores fotoperiodistas de la actualidad, acept\u00f3 mi propuesta de combinar mis fotograf\u00edas de la tripulaci\u00f3n con sus tomas magistrales de la nave durante la navegaci\u00f3n que el proyecto tom\u00f3 forma. La Municipalidad de Livorno invirti\u00f3 en un montaje expositivo de gran impacto. Para m\u00ed es, ante todo, una historia de amistad y estima entre fot\u00f3grafos, de la que me siento orgulloso.<\/p>\n\n\n\n<p><img loading=\"lazy\" decoding=\"async\" alt=\"Retrato de una tripulante del Amerigo Vespucci\" height=\"2170\" width=\"1920\" src=\"https:\/\/www.infobae.com\/new-resizer\/yaRCDnFXUxkP6QoeMr2UnJlm_Hk=\/420x560\/filters:format(webp):quality(85)\/cloudfront-us-east-1.images.arcpublishing.com\/infobae\/A4GJIXPAO5GW7BRJPZT6W64L6E.jpg%20420w\" srcset=\"https:\/\/www.infobae.com\/new-resizer\/yaRCDnFXUxkP6QoeMr2UnJlm_Hk=\/420x560\/filters:format(webp):quality(85)\/cloudfront-us-east-1.images.arcpublishing.com\/infobae\/A4GJIXPAO5GW7BRJPZT6W64L6E.jpg 420w,https:\/\/www.infobae.com\/new-resizer\/AGwsG_1NfyhbQdDbRnJjKGu_U8o=\/768x1024\/filters:format(webp):quality(85)\/cloudfront-us-east-1.images.arcpublishing.com\/infobae\/A4GJIXPAO5GW7BRJPZT6W64L6E.jpg 768w,https:\/\/www.infobae.com\/new-resizer\/QLOZA-DtOpvkTXENtLamFWJU0-I=\/992x1323\/filters:format(webp):quality(85)\/cloudfront-us-east-1.images.arcpublishing.com\/infobae\/A4GJIXPAO5GW7BRJPZT6W64L6E.jpg 992w,https:\/\/www.infobae.com\/new-resizer\/BAhj3ylacsyGPX_NPBRiFvFbIBQ=\/1200x1600\/filters:format(webp):quality(85)\/cloudfront-us-east-1.images.arcpublishing.com\/infobae\/A4GJIXPAO5GW7BRJPZT6W64L6E.jpg 1200w\">Retrato de una tripulante del Amerigo Vespucci<\/p>\n\n\n\n<p><strong>Massimo Sestini<\/strong>, la dupla en este trabajo en altamar, fue ganador del&nbsp;<strong>World Press Photo 2015<\/strong>, en la secci\u00f3n Informaci\u00f3n general, colabora con las revistas m\u00e1s prestigiosas del mundo, como&nbsp;<em>Time<\/em>&nbsp;o&nbsp;<em>Le Monde.&nbsp;<\/em>Para este trabajo en particular fotografi\u00f3 la embarcaci\u00f3n desde posiciones y situaciones estrat\u00e9gicas, como desde helic\u00f3pteros y aviones de la Armada Italiana. Y el Amerigo Vespucci ten\u00eda para darlo todo con sus 101 metros de extensi\u00f3n y<strong>&nbsp;26 velas de lona gruesa cosidas a mano.<\/strong>&nbsp;Es considerado una aut\u00e9ntica obra maestra de la excelencia n\u00e1utica italiana en el mundo. \u201cContiene en s\u00ed mismo, lo mejor de las tradiciones mar\u00edtimas y todos los s\u00edmbolos que representan la cultura italiana\u201d, explican desde el Instituto Italiano de Cultura. Su&nbsp;<strong>casco blanco y negro,<\/strong>&nbsp;con ojos de buey que recuerdan a las bater\u00edas de ca\u00f1ones de los barcos del siglo XIX, tiene frisos de proa y arabescos de popa en oro puro, velas de lona, cuerdas de material vegetal y madera s\u00faper brillante. En la proa lleva la imagen del explorador mar\u00edtimo italiano y cosm\u00f3grafo que le dio nombre, el legendario Amerigo Vespucci, Am\u00e9rico Vespucio, en espa\u00f1ol. El navegante nacido en Florencia y naturalizado castellano en 1505,&nbsp;<a rel=\"noreferrer noopener\" href=\"https:\/\/www.infobae.com\/historia\/2018\/02\/17\/por-que-el-nuevo-mundo-tomo-el-nombre-de-americo-vespucio-y-no-el-de-colon\/\" target=\"_blank\">particip\u00f3 en al menos dos viajes de exploraci\u00f3n al Nuevo Mundo.<\/a><\/p>\n\n\n\n<p>La escala en Buenos Aires del buque escuela corresponde al inicio de la segunda fase de la Gira mundial que comenz\u00f3 el 1\u00ba de julio de 2023 desde el puerto de G\u00e9nova y que&nbsp;<strong>recorrer\u00e1 3 oc\u00e9anos, 5 continentes y 31 puertos para culminar en 2025<\/strong>. M\u00e1s informaci\u00f3n de la gira en&nbsp;<em>https:\/\/tourmondialevespucci.eventimarina.it\/&nbsp;<\/em>y la agenda completa de las actividades pueden ser consultada en la Web del Instituto Italiano de Cultura&nbsp;<em>https:\/\/iicbuenosaires.esteri.it\/es\/<\/em><\/p>\n\n\n\n<p><strong>\u2014 \u00bfNavegaste para hacer las fotos? \u00bfHiciste alg\u00fan recorrido?<\/strong><\/p>\n\n\n\n<p>\u2014Cuando hice mis retratos, la Vespucci a\u00fan no hab\u00edan partido de gira mundial, solo hice una navegaci\u00f3n corta cerca de La Spezia, pero fue igualmente emocionante.<\/p>\n\n\n\n<p><strong>\u2014\u00bfQu\u00e9 fue lo que m\u00e1s te gust\u00f3 de la nave pi\u00f9 bella del mondo?<\/strong><\/p>\n\n\n\n<p>\u2014Admito que eleg\u00ed un tema muy, muy f\u00e1cil, cada foto parece una escena de una pel\u00edcula. Subir a lo alto del m\u00e1stil fue inolvidable para m\u00ed, un punto de vista \u00fanico, \u00a1pero qu\u00e9 miedo!<\/p>\n\n\n\n<p><img loading=\"lazy\" decoding=\"async\" alt=\"El Amerigo Vespucci en un plano cenital, tomado por Massimo Sestini\" height=\"1080\" width=\"1920\" src=\"https:\/\/www.infobae.com\/new-resizer\/ImOLGDk45Eapd2J_anktAkyZmeQ=\/420x236\/filters:format(webp):quality(85)\/cloudfront-us-east-1.images.arcpublishing.com\/infobae\/IWKOABWGXVG5ROOJ6ZTHBX6ENU.jpg%20420w\" srcset=\"https:\/\/www.infobae.com\/new-resizer\/ImOLGDk45Eapd2J_anktAkyZmeQ=\/420x236\/filters:format(webp):quality(85)\/cloudfront-us-east-1.images.arcpublishing.com\/infobae\/IWKOABWGXVG5ROOJ6ZTHBX6ENU.jpg 420w,https:\/\/www.infobae.com\/new-resizer\/Eb0et_4piGSM_bxZBK-kpR0UhtQ=\/768x432\/filters:format(webp):quality(85)\/cloudfront-us-east-1.images.arcpublishing.com\/infobae\/IWKOABWGXVG5ROOJ6ZTHBX6ENU.jpg 768w,https:\/\/www.infobae.com\/new-resizer\/7kmSUfrC35_wK5GUa-ha8xe8Phg=\/992x558\/filters:format(webp):quality(85)\/cloudfront-us-east-1.images.arcpublishing.com\/infobae\/IWKOABWGXVG5ROOJ6ZTHBX6ENU.jpg 992w,https:\/\/www.infobae.com\/new-resizer\/Ms4MWL_Vj1_RtsNu4pUFecsdmZ0=\/1200x675\/filters:format(webp):quality(85)\/cloudfront-us-east-1.images.arcpublishing.com\/infobae\/IWKOABWGXVG5ROOJ6ZTHBX6ENU.jpg 1200w,https:\/\/www.infobae.com\/new-resizer\/OkTTJN-mjxNOMU2YP1yZeWqeV-c=\/1440x810\/filters:format(webp):quality(85)\/cloudfront-us-east-1.images.arcpublishing.com\/infobae\/IWKOABWGXVG5ROOJ6ZTHBX6ENU.jpg 1440w\">El Amerigo Vespucci en un plano cenital, tomado por Massimo Sestini<\/p>\n\n\n\n<p><strong>\u2014 \u00bfC\u00f3mo viviste el clima de camarader\u00eda con la tripulaci\u00f3n?<\/strong><\/p>\n\n\n\n<p><em>\u2014&nbsp;<\/em>La Vespucci parece un mundo aparte, lo que m\u00e1s me fascin\u00f3, m\u00e1s all\u00e1 de la belleza atemporal del barco, es el sentimiento de unidad entre hombres y mujeres m\u00e1s all\u00e1 de la condici\u00f3n de g\u00e9nero.<\/p>\n\n\n\n<p>Maki se form\u00f3 en el mundo editorial, donde publicar fotos de portada significa el m\u00e1ximo reconocimiento. El m\u00e1s prestigioso, de esas revistas que en Europa llenan los quioscos con casi exclusivamente rostros. \u201c<strong>El retrato es ahora para m\u00ed una pasi\u00f3n y una investigaci\u00f3n personal,<\/strong>&nbsp;pero debo admitir sinceramente que al principio fue una evoluci\u00f3n \u201cdarwiniana\u201d de adaptaci\u00f3n al mercado\u201d, expres\u00f3.<\/p>\n\n\n\n<p><img loading=\"lazy\" decoding=\"async\" alt=\"La actriz italiana Anna Ferzetty, por Maki Galimberti\" height=\"1080\" width=\"1920\" src=\"https:\/\/www.infobae.com\/new-resizer\/8EftIlk80aadCSlJziTX3T3glXA=\/420x236\/filters:format(webp):quality(85)\/cloudfront-us-east-1.images.arcpublishing.com\/infobae\/IGBPWADFTZC47IO6HCIWGRHGOM.jpg%20420w\" srcset=\"https:\/\/www.infobae.com\/new-resizer\/8EftIlk80aadCSlJziTX3T3glXA=\/420x236\/filters:format(webp):quality(85)\/cloudfront-us-east-1.images.arcpublishing.com\/infobae\/IGBPWADFTZC47IO6HCIWGRHGOM.jpg 420w,https:\/\/www.infobae.com\/new-resizer\/nrqVWO8kkEg-YEZntEMK_exgcX4=\/768x432\/filters:format(webp):quality(85)\/cloudfront-us-east-1.images.arcpublishing.com\/infobae\/IGBPWADFTZC47IO6HCIWGRHGOM.jpg 768w,https:\/\/www.infobae.com\/new-resizer\/UcMM1EDc4b7bZ_MB8RHx-3UTVXA=\/992x558\/filters:format(webp):quality(85)\/cloudfront-us-east-1.images.arcpublishing.com\/infobae\/IGBPWADFTZC47IO6HCIWGRHGOM.jpg 992w,https:\/\/www.infobae.com\/new-resizer\/cEwXtOKniwz_hq0kAu-dcayc0ug=\/1200x675\/filters:format(webp):quality(85)\/cloudfront-us-east-1.images.arcpublishing.com\/infobae\/IGBPWADFTZC47IO6HCIWGRHGOM.jpg 1200w,https:\/\/www.infobae.com\/new-resizer\/YKOWykSoZEzIeaGmybCLv9km6fI=\/1440x810\/filters:format(webp):quality(85)\/cloudfront-us-east-1.images.arcpublishing.com\/infobae\/IGBPWADFTZC47IO6HCIWGRHGOM.jpg 1440w\">La actriz italiana Anna Ferzetty, por Maki Galimberti<\/p>\n\n\n\n<p><strong>\u2014 Tambi\u00e9n sos un fot\u00f3grafo lo que se dice \u201ctodoterreno\u201d. Pod\u00e9s hacer fotos de moda, de artistas y tambi\u00e9n fotografiar las arrugas de un anciano y refugiados. \u00bfQu\u00e9 es lo que une estos mundos que suelen estar divididos?<\/strong><\/p>\n\n\n\n<p><em>\u2014&nbsp;<\/em>La verdad es que mis sujetos son, a su manera, todos protagonistas de nuestra sociedad por su talento, belleza, rol o simplemente por su existencia. Poder retratar a las personalidades m\u00e1s magn\u00edficas y a las m\u00e1s humildes es una gran lecci\u00f3n para m\u00ed.<\/p>\n\n\n\n<p><strong>\u2014<\/strong>&nbsp;<strong>\u00bfQu\u00e9 debe tener un retrato para que funcione m\u00e1s all\u00e1 de la tem\u00e1tica?<\/strong><\/p>\n\n\n\n<p>\u2014El mayor poder de la fotograf\u00eda es la capacidad de captar una acci\u00f3n, pero en el caso de un retrato s\u00f3lo se produce el encuentro entre sujeto y fot\u00f3grafo, s\u00f3lo el reconocimiento de esta ficci\u00f3n, adem\u00e1s de una buena t\u00e9cnica, ayuda a obtener un resultado honesto. En mi opini\u00f3n, un retrato tiene \u00e9xito cuando despierta curiosidad sobre los pensamientos del sujeto.<\/p>\n\n\n\n<p><img loading=\"lazy\" decoding=\"async\" alt=\"La portada del futbolista argentino Paulo Dybala para Vanity Fair fue tomada por Maki Galimberti\" height=\"1080\" width=\"1920\" src=\"https:\/\/www.infobae.com\/new-resizer\/AgL5Lsn-REsCWEoIA484yAxKtqs=\/420x236\/filters:format(webp):quality(85)\/cloudfront-us-east-1.images.arcpublishing.com\/infobae\/BDSC2IYE5VD6BKEXENTFBHLNEQ.jpg%20420w\" srcset=\"https:\/\/www.infobae.com\/new-resizer\/AgL5Lsn-REsCWEoIA484yAxKtqs=\/420x236\/filters:format(webp):quality(85)\/cloudfront-us-east-1.images.arcpublishing.com\/infobae\/BDSC2IYE5VD6BKEXENTFBHLNEQ.jpg 420w,https:\/\/www.infobae.com\/new-resizer\/UE_cZo33zIC3Ui5CKYhhv6ddNzI=\/768x432\/filters:format(webp):quality(85)\/cloudfront-us-east-1.images.arcpublishing.com\/infobae\/BDSC2IYE5VD6BKEXENTFBHLNEQ.jpg 768w,https:\/\/www.infobae.com\/new-resizer\/OpTO7PbsEcebBTItZlXHDT2yIVY=\/992x558\/filters:format(webp):quality(85)\/cloudfront-us-east-1.images.arcpublishing.com\/infobae\/BDSC2IYE5VD6BKEXENTFBHLNEQ.jpg 992w,https:\/\/www.infobae.com\/new-resizer\/MJdH7MGm8c8MuL0lVFmNyoR3Rtg=\/1200x675\/filters:format(webp):quality(85)\/cloudfront-us-east-1.images.arcpublishing.com\/infobae\/BDSC2IYE5VD6BKEXENTFBHLNEQ.jpg 1200w,https:\/\/www.infobae.com\/new-resizer\/3O3sTJM3rywBlkz0moKCuF2marY=\/1440x810\/filters:format(webp):quality(85)\/cloudfront-us-east-1.images.arcpublishing.com\/infobae\/BDSC2IYE5VD6BKEXENTFBHLNEQ.jpg 1440w\">La portada del futbolista argentino Paulo Dybala para Vanity Fair fue tomada por Maki Galimberti<\/p>\n\n\n\n<p><strong>\u2014 \u00bfCu\u00e1ndo descubriste su vocaci\u00f3n? \u00bfRecord\u00e1s alguno de los primeros retratos que te haya provocado satisfacci\u00f3n y decir&#8230; esto es lo que quiero.<\/strong><\/p>\n\n\n\n<p>\u2014 Empec\u00e9 a hacer retratos para las portadas de peri\u00f3dicos populares desde muy joven, pero el retrato del que presumo ante mis amigos en el bar es el del escritor Paul Auster, elegido como foto oficial por la editorial estadounidense e italiana.<\/p>\n\n\n\n<p><img loading=\"lazy\" decoding=\"async\" alt=\"Hacer retratos es una pasi\u00f3n y una investigaci\u00f3n personal para Maki Galimberti\" height=\"1366\" width=\"1920\" src=\"https:\/\/www.infobae.com\/new-resizer\/ZzriS3_90VCixJSHIKM3lMzeI20=\/420x280\/filters:format(webp):quality(85)\/cloudfront-us-east-1.images.arcpublishing.com\/infobae\/T55MLDUX45HDTMJJHEVBOWODRU.jpg%20420w\" srcset=\"https:\/\/www.infobae.com\/new-resizer\/ZzriS3_90VCixJSHIKM3lMzeI20=\/420x280\/filters:format(webp):quality(85)\/cloudfront-us-east-1.images.arcpublishing.com\/infobae\/T55MLDUX45HDTMJJHEVBOWODRU.jpg 420w,https:\/\/www.infobae.com\/new-resizer\/D3HKmbM57D-obiB5eKUUpzHYP3E=\/768x512\/filters:format(webp):quality(85)\/cloudfront-us-east-1.images.arcpublishing.com\/infobae\/T55MLDUX45HDTMJJHEVBOWODRU.jpg 768w,https:\/\/www.infobae.com\/new-resizer\/bbRPVEgDY4kQakamjHIAK6a65q0=\/992x661\/filters:format(webp):quality(85)\/cloudfront-us-east-1.images.arcpublishing.com\/infobae\/T55MLDUX45HDTMJJHEVBOWODRU.jpg 992w,https:\/\/www.infobae.com\/new-resizer\/P0uvPEmW0FnRRB9DwHg-uhkgAXY=\/1200x800\/filters:format(webp):quality(85)\/cloudfront-us-east-1.images.arcpublishing.com\/infobae\/T55MLDUX45HDTMJJHEVBOWODRU.jpg 1200w,https:\/\/www.infobae.com\/new-resizer\/qERNBnMBQhCZPDSHZyeGwKwOQYg=\/1440x960\/filters:format(webp):quality(85)\/cloudfront-us-east-1.images.arcpublishing.com\/infobae\/T55MLDUX45HDTMJJHEVBOWODRU.jpg 1440w\">Hacer retratos es una pasi\u00f3n y una investigaci\u00f3n personal para Maki Galimberti<\/p>\n\n\n\n<p><strong>\u2014 \u00bfEn qu\u00e9 parte de Italia naciste? \u00bfCu\u00e1l fue tu primera c\u00e1mara? \u00bfQui\u00e9n te la regal\u00f3?<\/strong><\/p>\n\n\n\n<p>\u2014 Soy muy milan\u00e9s, pero tuve un hijo con una romana, mi padre me regal\u00f3 cuando era adolescente una Pentax K1000, que para m\u00ed era poco m\u00e1s que un juguete.<\/p>\n\n\n\n<p><strong>\u2014 \u00bfCu\u00e1les fueron sus primeros trabajos antes de ganarte la vida como fot\u00f3grafo?<\/strong><\/p>\n\n\n\n<p>\u2014 Empec\u00e9 a los 18 como auxiliar en una agencia de fotograf\u00eda de noticias, era mi escuela, comenzando en el cuarto oscuro y convirti\u00e9ndome en fot\u00f3grafo de noticias de mi ciudad, fotografiando eventos deportivos, pol\u00edtica, cr\u00edmenes, conciertos musicales.<\/p>\n\n\n\n<p><img loading=\"lazy\" decoding=\"async\" alt=\"Su retrato del escritor Paul Auster, fue elegida como foto oficial por la editorial estadounidense e italiana.\" height=\"2256\" width=\"1920\" src=\"https:\/\/www.infobae.com\/new-resizer\/u4mBaVkXJFvdDVjQA5RSiuxKYfE=\/420x560\/filters:format(webp):quality(85)\/cloudfront-us-east-1.images.arcpublishing.com\/infobae\/2IYKP2FLVFDW3MKRJDFFF6YJAQ.jpg%20420w\" srcset=\"https:\/\/www.infobae.com\/new-resizer\/u4mBaVkXJFvdDVjQA5RSiuxKYfE=\/420x560\/filters:format(webp):quality(85)\/cloudfront-us-east-1.images.arcpublishing.com\/infobae\/2IYKP2FLVFDW3MKRJDFFF6YJAQ.jpg 420w,https:\/\/www.infobae.com\/new-resizer\/DPCR-FygI9LLzPJb91xDM0Tr_HE=\/768x1024\/filters:format(webp):quality(85)\/cloudfront-us-east-1.images.arcpublishing.com\/infobae\/2IYKP2FLVFDW3MKRJDFFF6YJAQ.jpg 768w,https:\/\/www.infobae.com\/new-resizer\/2BfpKuY8rEnShuA85w7TD9ewJRQ=\/992x1323\/filters:format(webp):quality(85)\/cloudfront-us-east-1.images.arcpublishing.com\/infobae\/2IYKP2FLVFDW3MKRJDFFF6YJAQ.jpg 992w,https:\/\/www.infobae.com\/new-resizer\/EXVrSLUP8Dm_yid5QqfD52N-h94=\/1200x1600\/filters:format(webp):quality(85)\/cloudfront-us-east-1.images.arcpublishing.com\/infobae\/2IYKP2FLVFDW3MKRJDFFF6YJAQ.jpg 1200w\">Su retrato del escritor Paul Auster, fue elegida como foto oficial por la editorial estadounidense e italiana.<\/p>\n\n\n\n<p><strong>\u2014 \u00bfEn qu\u00e9 momento te convirtiste en un fot\u00f3grafo famoso? \u00bfEso te jug\u00f3 a favor o en contra a la hora de fotografiar?<\/strong><\/p>\n\n\n\n<p>\u2014 Me gusta pensar que mis fotos son conocidas en el mundo del&nbsp;<em>star system<\/em>, en el mercado publicitario y editorial, eso ayuda.<\/p>\n\n\n\n<p><strong>\u2014 \u00bfMe cont\u00e1s hace cu\u00e1nto est\u00e1s de gira para presentar las fotos?<\/strong><\/p>\n\n\n\n<p>\u2014 Esta en Buenos Aires es mi primera vez.<\/p>\n\n\n\n<p><strong>\u2014 \u00bfYa conoc\u00e9s Buenos Aires? \u00bfTe gusta? \u00bfVendr\u00e1s con tu c\u00e1mara? \u00bfA qu\u00e9 argentino te gustar\u00eda retratar y en qu\u00e9 situaci\u00f3n?<\/strong><\/p>\n\n\n\n<p>\u2014 \u00a1Estoy feliz de volver! Estuve all\u00ed hace 15 a\u00f1os y \u00a1lo extra\u00f1o! Vengo armado, acepto sugerencias sobre a qui\u00e9n apuntar mi c\u00e1mara.<\/p>\n\n\n\n<p>Los trabajos de Maki Galimberti pueden verse en su cuenta de Instagram oficial\u00a0<em>@makigalimberti<\/em>.<\/p>\n\n\n\n<p>Fuente: https:\/\/www.infobae.com\/sociedad\/2024\/03\/16\/la-nave-piu-bella-del-mondo-llega-al-puerto-buenos-aires-y-con-ella-una-muestra-de-un-prestigioso-fotografo-milanes\/<\/p>\n","protected":false},"excerpt":{"rendered":"<p>Ma\u00f1ana atracar\u00e1 en el Puerto de Buenos Aires el buque escuela Amerigo Vespucci, el m\u00e1s antiguo y \u201chermoso\u201d de la Marina Militar Italiana. Con motivo de su llegada, fueron organizadas varias actividades para conocer su historia. Una es la muestra del retratista Maki Galimberti que inaugurar\u00e1 el 20 de marzo en el CCK y contar\u00e1 [&hellip;]<\/p>\n","protected":false},"author":3,"featured_media":1014,"comment_status":"open","ping_status":"open","sticky":false,"template":"","format":"standard","meta":{"footnotes":""},"categories":[11,12],"tags":[521],"class_list":["post-1013","post","type-post","status-publish","format-standard","has-post-thumbnail","hentry","category-agenda","category-sociedad","tag-buque-escuela-amerigo-vespucci"],"_links":{"self":[{"href":"https:\/\/noticiassaludables.com.ar\/index.php?rest_route=\/wp\/v2\/posts\/1013","targetHints":{"allow":["GET"]}}],"collection":[{"href":"https:\/\/noticiassaludables.com.ar\/index.php?rest_route=\/wp\/v2\/posts"}],"about":[{"href":"https:\/\/noticiassaludables.com.ar\/index.php?rest_route=\/wp\/v2\/types\/post"}],"author":[{"embeddable":true,"href":"https:\/\/noticiassaludables.com.ar\/index.php?rest_route=\/wp\/v2\/users\/3"}],"replies":[{"embeddable":true,"href":"https:\/\/noticiassaludables.com.ar\/index.php?rest_route=%2Fwp%2Fv2%2Fcomments&post=1013"}],"version-history":[{"count":1,"href":"https:\/\/noticiassaludables.com.ar\/index.php?rest_route=\/wp\/v2\/posts\/1013\/revisions"}],"predecessor-version":[{"id":1015,"href":"https:\/\/noticiassaludables.com.ar\/index.php?rest_route=\/wp\/v2\/posts\/1013\/revisions\/1015"}],"wp:featuredmedia":[{"embeddable":true,"href":"https:\/\/noticiassaludables.com.ar\/index.php?rest_route=\/wp\/v2\/media\/1014"}],"wp:attachment":[{"href":"https:\/\/noticiassaludables.com.ar\/index.php?rest_route=%2Fwp%2Fv2%2Fmedia&parent=1013"}],"wp:term":[{"taxonomy":"category","embeddable":true,"href":"https:\/\/noticiassaludables.com.ar\/index.php?rest_route=%2Fwp%2Fv2%2Fcategories&post=1013"},{"taxonomy":"post_tag","embeddable":true,"href":"https:\/\/noticiassaludables.com.ar\/index.php?rest_route=%2Fwp%2Fv2%2Ftags&post=1013"}],"curies":[{"name":"wp","href":"https:\/\/api.w.org\/{rel}","templated":true}]}}