{"id":1018,"date":"2024-03-19T10:49:58","date_gmt":"2024-03-19T13:49:58","guid":{"rendered":"https:\/\/noticiassaludables.com.ar\/?p=1018"},"modified":"2024-03-19T10:49:59","modified_gmt":"2024-03-19T13:49:59","slug":"el-amba-se-lleno-con-millones-de-mariposas-cuatro-ojos","status":"publish","type":"post","link":"https:\/\/noticiassaludables.com.ar\/?p=1018","title":{"rendered":"El AMBA se llen\u00f3 con millones de mariposas \u201ccuatro ojos\u201d"},"content":{"rendered":"\n<p>El proceso migratorio est\u00e1 vinculado a las abundantes lluvias que se registraron durante los \u00faltimos meses. Hasta cu\u00e1ndo durar\u00e1 el fen\u00f3meno<\/p>\n\n\n\n<p>Desde este fin de semana,&nbsp;<strong>millones de&nbsp;<\/strong><a rel=\"noreferrer noopener\" href=\"https:\/\/www.infobae.com\/tag\/mariposas\/\" target=\"_blank\"><strong>mariposas<\/strong>&nbsp;<\/a>de la especie&nbsp;<em><strong>J<\/strong><\/em><em><strong>unonia genoveva hilaris<\/strong><\/em>, conocidas como&nbsp;\u201c<strong>cuatro ojos<\/strong>\u201d, llamaron la atenci\u00f3n al aparecer en&nbsp;<strong>parques, jardines y veredas de la Ciudad de&nbsp;Buenos Aires&nbsp;y otras localidades del AMBA<\/strong>. Este fen\u00f3meno migratorio pudo notarse en las&nbsp;<strong>zonas ribere\u00f1as con abundante vegetaci\u00f3n<\/strong>, como San Fernando, Tigre, San Isidro, Hudson, cerca de&nbsp;La Plata, la&nbsp;Reserva Ecol\u00f3gica Costanera Sur&nbsp;y tambi\u00e9n en los barrios porte\u00f1os m\u00e1s urbanos donde se posaron en balcones y ventanas.<\/p>\n\n\n\n<p><a href=\"https:\/\/www.infobae.com\/america\/medio-ambiente\/2024\/03\/19\/alerta-roja-por-el-cambio-climatico-un-informe-global-revelo-que-en-2023-se-superaron-todos-los-limites-previstos\/\" target=\"_blank\" rel=\"noreferrer noopener\"><\/a><\/p>\n\n\n\n<p>Consultado, el\u00a0<strong>investigador del Conicet Ezequiel N\u00fa\u00f1ez Bustos\u00a0<\/strong>explic\u00f3 que estas mariposas son denominadas coloquialmente como \u201ccuatro ojos\u201d, una especie que habita en el\u00a0<strong>norte y centro de Argentina y se observa en Buenos Aires hacia el verano<\/strong>, y migra hacia fines del verano o inicio del oto\u00f1o.<\/p>\n\n\n\n<p>Se les dice cuatro ojos por<strong>&nbsp;la forma que tiene las alas<\/strong>&nbsp;en la faz dorsal, como unos&nbsp;<strong>ocelos<\/strong>&nbsp;que son cuatro en total. Los ocelos act\u00faan como falsos ojos, como una suerte de sistema de defensa para confundir a los depredadores.<\/p>\n\n\n\n<h2 class=\"wp-block-heading\">\u00bfPor qu\u00e9 hay tantas mariposas en el AMBA?<\/h2>\n\n\n\n<p><img loading=\"lazy\" decoding=\"async\" alt=\"Influenciada por la temperatura y las lluvias. la migraci\u00f3n de mariposas alcanza su punto m\u00e1ximo en estos d\u00edas (gentileza Ezequiel Bustos Nu\u00f1ez)\" height=\"1080\" width=\"1920\" src=\"https:\/\/www.infobae.com\/new-resizer\/-ktZb6Pes9L5frg-9bkHRr8aKlA=\/420x236\/filters:format(webp):quality(85)\/cloudfront-us-east-1.images.arcpublishing.com\/infobae\/EFJ6YZPDUFEF5MI2VCQXMVNAWU.jpg%20420w\" srcset=\"https:\/\/www.infobae.com\/new-resizer\/-ktZb6Pes9L5frg-9bkHRr8aKlA=\/420x236\/filters:format(webp):quality(85)\/cloudfront-us-east-1.images.arcpublishing.com\/infobae\/EFJ6YZPDUFEF5MI2VCQXMVNAWU.jpg 420w,https:\/\/www.infobae.com\/new-resizer\/U9hRTHz-b6vrUpcvcnaotXMmMa8=\/768x432\/filters:format(webp):quality(85)\/cloudfront-us-east-1.images.arcpublishing.com\/infobae\/EFJ6YZPDUFEF5MI2VCQXMVNAWU.jpg 768w,https:\/\/www.infobae.com\/new-resizer\/2ylUaKBDZvwGVpuRyrrwn7f40_0=\/992x558\/filters:format(webp):quality(85)\/cloudfront-us-east-1.images.arcpublishing.com\/infobae\/EFJ6YZPDUFEF5MI2VCQXMVNAWU.jpg 992w,https:\/\/www.infobae.com\/new-resizer\/ijQRh4BvFbM8CexWywH3_hpRQDs=\/1200x675\/filters:format(webp):quality(85)\/cloudfront-us-east-1.images.arcpublishing.com\/infobae\/EFJ6YZPDUFEF5MI2VCQXMVNAWU.jpg 1200w,https:\/\/www.infobae.com\/new-resizer\/IJOlhh31G49LdwSa7oz9DGgc1Uw=\/1440x810\/filters:format(webp):quality(85)\/cloudfront-us-east-1.images.arcpublishing.com\/infobae\/EFJ6YZPDUFEF5MI2VCQXMVNAWU.jpg 1440w\">Influenciada por la temperatura y las lluvias. la migraci\u00f3n de mariposas alcanza su punto m\u00e1ximo en estos d\u00edas (gentileza Ezequiel Bustos Nu\u00f1ez)<\/p>\n\n\n\n<p>\u201cGeneralmente, este insecto no se encuentra en primavera, y mucho menos en invierno. En cambio, en esta \u00e9poca s\u00ed es muy com\u00fan, ya que es el momento en que&nbsp;<strong>comienzan a agruparse para migrar<\/strong>. En estos momentos podemos hablar de<strong>&nbsp;millones de ejemplares<\/strong>\u201d, dijo&nbsp;<strong>N\u00fa\u00f1ez Bustos.<\/strong><\/p>\n\n\n\n<p>El investigador es naturalista especialista en&nbsp;<strong>lepid\u00f3pteras<\/strong>, es decir&nbsp;<strong>mariposas y polillas<\/strong>, y se desempe\u00f1a en el Museo Argentino de Ciencias Naturales \u201cBernardino Rivadavia\u201d (MACN) de Parque Centenario, donde hace m\u00e1s de una d\u00e9cada empez\u00f3 a estudiar el&nbsp;<strong>ADN de las mariposas<\/strong>. En la actualidad, ya lleva m\u00e1s de 70 papers publicados y 6 libros sobre estos insectos.<\/p>\n\n\n\n<p><strong>\u201c<\/strong>La migraci\u00f3n que se est\u00e1 produciendo en los \u00faltimos d\u00edas, tiene su explicaci\u00f3n en las&nbsp;<strong>abundantes precipitaciones&nbsp;<\/strong>que se registraron durante la primavera y parte del verano. Esto deriv\u00f3 en un crecimiento significativo de<strong>&nbsp;biomasa vegetal<\/strong>; es decir,&nbsp;<strong>las plantas han crecido m\u00e1s debido a la humedad, las lluvias y el calor<\/strong>. En consecuencia, tambi\u00e9n hubo un incremento en la poblaci\u00f3n de orugas que posteriormente se convirtieron en mariposas adultas\u201d, describi\u00f3 Nu\u00f1ez Bustos.<\/p>\n\n\n\n<p><img loading=\"lazy\" decoding=\"async\" alt=\"El investigador Bustos Nu\u00f1ez captur\u00f3 varias im\u00e1genes de estas mariposas el domingo, en Hudson (gentileza Ezequiel Bustos Nu\u00f1ez)\" height=\"1080\" width=\"1920\" src=\"https:\/\/www.infobae.com\/new-resizer\/FMzueGdWNmqHMwRqYemZ0i3e-vo=\/420x236\/filters:format(webp):quality(85)\/cloudfront-us-east-1.images.arcpublishing.com\/infobae\/F7QDL6BOSFGJLNXRWV3J4TIRFE.jpg%20420w\" srcset=\"https:\/\/www.infobae.com\/new-resizer\/FMzueGdWNmqHMwRqYemZ0i3e-vo=\/420x236\/filters:format(webp):quality(85)\/cloudfront-us-east-1.images.arcpublishing.com\/infobae\/F7QDL6BOSFGJLNXRWV3J4TIRFE.jpg 420w,https:\/\/www.infobae.com\/new-resizer\/AkLwlZG0iB3EVPbXATihNAxOjwo=\/768x432\/filters:format(webp):quality(85)\/cloudfront-us-east-1.images.arcpublishing.com\/infobae\/F7QDL6BOSFGJLNXRWV3J4TIRFE.jpg 768w,https:\/\/www.infobae.com\/new-resizer\/ux58lf8bpdoDgsPLlKZqD-o7wPE=\/992x558\/filters:format(webp):quality(85)\/cloudfront-us-east-1.images.arcpublishing.com\/infobae\/F7QDL6BOSFGJLNXRWV3J4TIRFE.jpg 992w,https:\/\/www.infobae.com\/new-resizer\/wvHIljDsWHLnXI3KgUapgrR7rAw=\/1200x675\/filters:format(webp):quality(85)\/cloudfront-us-east-1.images.arcpublishing.com\/infobae\/F7QDL6BOSFGJLNXRWV3J4TIRFE.jpg 1200w,https:\/\/www.infobae.com\/new-resizer\/u8Y1aWwa5wtJBA1CkiDCZI4rGTc=\/1440x810\/filters:format(webp):quality(85)\/cloudfront-us-east-1.images.arcpublishing.com\/infobae\/F7QDL6BOSFGJLNXRWV3J4TIRFE.jpg 1440w\">El investigador Bustos Nu\u00f1ez captur\u00f3 varias im\u00e1genes de estas mariposas el domingo, en Hudson (gentileza Ezequiel Bustos Nu\u00f1ez)<\/p>\n\n\n\n<p>\u00c9l y otros bi\u00f3logos coinciden en que&nbsp;<strong>el t\u00e9rmino \u201cinvasi\u00f3n\u201d es incorrecto<\/strong>, porque en realidad, se trata de un&nbsp;<strong>proceso migratorio natural y habitual<\/strong>, \u201clas mariposas no est\u00e1n invadiendo nada\u201d, aclaran.<\/p>\n\n\n\n<p>Una poblaci\u00f3n tan grande, en un momento determinado y regulada por las condiciones clim\u00e1ticas, conduce a que emprendan una&nbsp;<strong>migraci\u00f3n hacia el norte, como sucede casi todos los a\u00f1o<\/strong>s. Sin embargo, este a\u00f1o fue particularmente notable por la&nbsp;<strong>gran cantidad de ejemplares.<\/strong>&nbsp;Aunque en otros a\u00f1os ha ocurrido, quiz\u00e1s no fue tan visible.<\/p>\n\n\n\n<p>\u201cHace tres a\u00f1os, por ejemplo, est\u00e1bamos experimentando una sequ\u00eda bastante significativa y aun as\u00ed migraron. El a\u00f1o pasado tambi\u00e9n migraron, pero no fue tan evidente. Recuerdo otros a\u00f1os, como el 2017 y algunos m\u00e1s atr\u00e1s, en los que tambi\u00e9n se produjo una gran migraci\u00f3n, no s\u00e9 si tan masiva como la reciente, pero que igualmente fue destacada en diversos trabajos, libros, revistas y art\u00edculos\u201d, se\u00f1al\u00f3 el especialista.<\/p>\n\n\n\n<h2 class=\"wp-block-heading\">\u00bfHasta cu\u00e1ndo se quedar\u00e1n las mariposas en el AMBA?<\/h2>\n\n\n\n<p><img loading=\"lazy\" decoding=\"async\" alt=\"La espectacular migraci\u00f3n de mariposas &quot;cuatro ojos&quot; podr\u00eda extenderse por uno o dos meses, seg\u00fan las condiciones clim\u00e1ticas (gentileza Ezequiel Vera Conicet)\" height=\"596\" width=\"878\" src=\"https:\/\/www.infobae.com\/new-resizer\/CwauyVhh7TVf088FOB-QATH1QvU=\/420x280\/filters:format(webp):quality(85)\/cloudfront-us-east-1.images.arcpublishing.com\/infobae\/2HPJ75HN7BFMHJLTFNWS2RBXZE.JPG%20420w\" srcset=\"https:\/\/www.infobae.com\/new-resizer\/CwauyVhh7TVf088FOB-QATH1QvU=\/420x280\/filters:format(webp):quality(85)\/cloudfront-us-east-1.images.arcpublishing.com\/infobae\/2HPJ75HN7BFMHJLTFNWS2RBXZE.JPG 420w,https:\/\/www.infobae.com\/new-resizer\/tMTveanJSkFaR4VmH20LV-1huhY=\/768x512\/filters:format(webp):quality(85)\/cloudfront-us-east-1.images.arcpublishing.com\/infobae\/2HPJ75HN7BFMHJLTFNWS2RBXZE.JPG 768w,https:\/\/www.infobae.com\/new-resizer\/O0r-_j07Fv3CI3QbFL1Pa6cOVJ8=\/992x661\/filters:format(webp):quality(85)\/cloudfront-us-east-1.images.arcpublishing.com\/infobae\/2HPJ75HN7BFMHJLTFNWS2RBXZE.JPG 992w,https:\/\/www.infobae.com\/new-resizer\/_NX1gdMTQ51olS1fp7vieYUO2Ek=\/1200x800\/filters:format(webp):quality(85)\/cloudfront-us-east-1.images.arcpublishing.com\/infobae\/2HPJ75HN7BFMHJLTFNWS2RBXZE.JPG 1200w,https:\/\/www.infobae.com\/new-resizer\/T7Jf87_uzApON9tS_dqLVnDfg7E=\/1440x960\/filters:format(webp):quality(85)\/cloudfront-us-east-1.images.arcpublishing.com\/infobae\/2HPJ75HN7BFMHJLTFNWS2RBXZE.JPG 1440w\">La espectacular migraci\u00f3n de mariposas &#8220;cuatro ojos&#8221; podr\u00eda extenderse por uno o dos meses, seg\u00fan las condiciones clim\u00e1ticas (gentileza Ezequiel Vera Conicet)<\/p>\n\n\n\n<p>El&nbsp;<strong>domingo&nbsp;<\/strong>fue el d\u00eda que se observ\u00f3 la migraci\u00f3n en su&nbsp;<strong>m\u00e1ximo esplendor<\/strong>. Nu\u00f1ez Bustos se encontraba en la costa de Hudson, en zona sur, y la cantidad de mariposas era impresionante: \u201cSe podr\u00eda decir que hab\u00eda millones. Fue un espect\u00e1culo continuo durante todo el d\u00eda, desde la ma\u00f1ana hasta entrada la tarde. La actividad m\u00e1s intensa se registr\u00f3 al mediod\u00eda, probablemente influenciada por la temperatura\u201d, detall\u00f3.<\/p>\n\n\n\n<p>Se prev\u00e9 que&nbsp;<strong>las mariposas permanezcan hasta abril o mayo<\/strong>, aunque quiz\u00e1s no con misma cantidad de ejemplares que se observan en estos d\u00edas.<\/p>\n\n\n\n<p>Nu\u00f1ez Bustos aclar\u00f3 que \u201cen algunos a\u00f1os la duraci\u00f3n de su presencia var\u00eda por lo que no podr\u00eda precisar exactamente hasta cu\u00e1ndo estar\u00e1n. Sin embargo, basado en observaciones anteriores, es habitual encontrar algunas de estas mariposas hasta abril, e incluso, en ocasiones, en mayo. Ya para junio, se hace raro ver alguna; es algo similar a lo que ocurre con ciertas aves migratorias estivales, como las golondrinas, que aunque hay especies que residen aqu\u00ed todo el a\u00f1o, las que migran desde el hemisferio norte hacia aqu\u00ed ya no se avistan en esta \u00e9poca\u201d.<\/p>\n\n\n\n<p>Fuente: https:\/\/www.infobae.com\/america\/medio-ambiente\/2024\/03\/19\/por-que-el-amba-se-lleno-con-millones-de-mariposas-cuatro-ojos\/<\/p>\n","protected":false},"excerpt":{"rendered":"<p>El proceso migratorio est\u00e1 vinculado a las abundantes lluvias que se registraron durante los \u00faltimos meses. Hasta cu\u00e1ndo durar\u00e1 el fen\u00f3meno Desde este fin de semana,&nbsp;millones de&nbsp;mariposas&nbsp;de la especie&nbsp;Junonia genoveva hilaris, conocidas como&nbsp;\u201ccuatro ojos\u201d, llamaron la atenci\u00f3n al aparecer en&nbsp;parques, jardines y veredas de la Ciudad de&nbsp;Buenos Aires&nbsp;y otras localidades del AMBA. Este fen\u00f3meno migratorio [&hellip;]<\/p>\n","protected":false},"author":3,"featured_media":1019,"comment_status":"open","ping_status":"open","sticky":false,"template":"","format":"standard","meta":{"footnotes":""},"categories":[8,3],"tags":[523,522],"class_list":["post-1018","post","type-post","status-publish","format-standard","has-post-thumbnail","hentry","category-medio-ambiente","category-principal","tag-amba","tag-mariposas-cuatro-ojos"],"_links":{"self":[{"href":"https:\/\/noticiassaludables.com.ar\/index.php?rest_route=\/wp\/v2\/posts\/1018","targetHints":{"allow":["GET"]}}],"collection":[{"href":"https:\/\/noticiassaludables.com.ar\/index.php?rest_route=\/wp\/v2\/posts"}],"about":[{"href":"https:\/\/noticiassaludables.com.ar\/index.php?rest_route=\/wp\/v2\/types\/post"}],"author":[{"embeddable":true,"href":"https:\/\/noticiassaludables.com.ar\/index.php?rest_route=\/wp\/v2\/users\/3"}],"replies":[{"embeddable":true,"href":"https:\/\/noticiassaludables.com.ar\/index.php?rest_route=%2Fwp%2Fv2%2Fcomments&post=1018"}],"version-history":[{"count":1,"href":"https:\/\/noticiassaludables.com.ar\/index.php?rest_route=\/wp\/v2\/posts\/1018\/revisions"}],"predecessor-version":[{"id":1020,"href":"https:\/\/noticiassaludables.com.ar\/index.php?rest_route=\/wp\/v2\/posts\/1018\/revisions\/1020"}],"wp:featuredmedia":[{"embeddable":true,"href":"https:\/\/noticiassaludables.com.ar\/index.php?rest_route=\/wp\/v2\/media\/1019"}],"wp:attachment":[{"href":"https:\/\/noticiassaludables.com.ar\/index.php?rest_route=%2Fwp%2Fv2%2Fmedia&parent=1018"}],"wp:term":[{"taxonomy":"category","embeddable":true,"href":"https:\/\/noticiassaludables.com.ar\/index.php?rest_route=%2Fwp%2Fv2%2Fcategories&post=1018"},{"taxonomy":"post_tag","embeddable":true,"href":"https:\/\/noticiassaludables.com.ar\/index.php?rest_route=%2Fwp%2Fv2%2Ftags&post=1018"}],"curies":[{"name":"wp","href":"https:\/\/api.w.org\/{rel}","templated":true}]}}