{"id":1021,"date":"2024-03-19T11:08:24","date_gmt":"2024-03-19T14:08:24","guid":{"rendered":"https:\/\/noticiassaludables.com.ar\/?p=1021"},"modified":"2024-03-19T11:08:25","modified_gmt":"2024-03-19T14:08:25","slug":"las-causas-por-las-cuales-las-mujeres-pierden-el-cabello","status":"publish","type":"post","link":"https:\/\/noticiassaludables.com.ar\/?p=1021","title":{"rendered":"Las causas por las cuales las mujeres pierden el cabello\u00a0"},"content":{"rendered":"\n<p>Desde factores hereditarios hasta la edad, son algunas de las razones detr\u00e1s de la calvicie. Sin embargo, no son las \u00fanicas. La palabras de los expertos sobre c\u00f3mo identificar a cada una<\/p>\n\n\n\n<p>Cualquiera puede ser v\u00edctima de la\u00a0<a href=\"https:\/\/www.infobae.com\/mexico\/2024\/03\/09\/cual-es-la-funcion-del-cabello-y-que-causa-la-calvicie-esto-dicen-expertos-de-la-unam\/\" target=\"_blank\" rel=\"noreferrer noopener\"><strong>p\u00e9rdida de cabello<\/strong><\/a>\u00a0en la cabeza, tanto mujeres como hombres. Uno puede notar que la \u201craya\u201d del pelo se vuelve m\u00e1s ancha gradualmente, que la cola de caballo es m\u00e1s delgada o que el cabello cerca de sus sienes ha comenzado a retroceder.<a href=\"https:\/\/www.infobae.com\/salud\/2024\/03\/18\/cual-es-el-alimento-sagrado-de-los-mayas-que-protege-el-corazon-y-promueve-la-longevidad\/\" target=\"_blank\" rel=\"noreferrer noopener\"><\/a><\/p>\n\n\n\n<p>Este fen\u00f3meno puede ser especialmente dif\u00edcil para las mujeres, porque no es tan aceptable la p\u00e9rdida desde el punto de vista&nbsp;<strong>cosm\u00e9tico<\/strong>, como ocurre con los hombres.<\/p>\n\n\n\n<p>La doctora Mar\u00eda Colavincenzo, dermat\u00f3loga que dirige una cl\u00ednica enfocada en los trastornos del cabello y el cuero cabelludo en Northwestern Medicine, en di\u00e1logo con AARP, explic\u00f3: \u201cNo hay una apariencia atractiva de cabeza afeitada para las mujeres (&#8230;) Las mujeres sufren grandes dificultades para cubrirlo usando agentes de camuflaje como polvos y otros productos para el cabello. A menudo se sienten muy aisladas\u201d.<\/p>\n\n\n\n<p><img loading=\"lazy\" decoding=\"async\" alt=\"Ubicar la causa de la alopecia ayuda a encontrar un tratamiento que pueda evitar la calvicie y ayudar a las mujeres a que vuelva a crecer el cabello. El tratamiento ofrece mejores resultados si se inicia al primer signo de ca\u00edda del cabello (Getty Images)\" height=\"1080\" width=\"1920\" src=\"https:\/\/www.infobae.com\/new-resizer\/Flj0qU6GciocPxAjgBj2GmxztuU=\/420x236\/filters:format(webp):quality(85)\/cloudfront-us-east-1.images.arcpublishing.com\/infobae\/FFJENKB6BZESXF76E2BS5K4K4I.jpg%20420w\" srcset=\"https:\/\/www.infobae.com\/new-resizer\/Flj0qU6GciocPxAjgBj2GmxztuU=\/420x236\/filters:format(webp):quality(85)\/cloudfront-us-east-1.images.arcpublishing.com\/infobae\/FFJENKB6BZESXF76E2BS5K4K4I.jpg 420w,https:\/\/www.infobae.com\/new-resizer\/hCiiOZLCyohkuLfG_CfMO2ACmJA=\/768x432\/filters:format(webp):quality(85)\/cloudfront-us-east-1.images.arcpublishing.com\/infobae\/FFJENKB6BZESXF76E2BS5K4K4I.jpg 768w,https:\/\/www.infobae.com\/new-resizer\/vezVgE3L5L52P9c8sMuBmZ846EM=\/992x558\/filters:format(webp):quality(85)\/cloudfront-us-east-1.images.arcpublishing.com\/infobae\/FFJENKB6BZESXF76E2BS5K4K4I.jpg 992w,https:\/\/www.infobae.com\/new-resizer\/4GK4qVj0r3CcFMhZGSEEPqQUj44=\/1200x675\/filters:format(webp):quality(85)\/cloudfront-us-east-1.images.arcpublishing.com\/infobae\/FFJENKB6BZESXF76E2BS5K4K4I.jpg 1200w,https:\/\/www.infobae.com\/new-resizer\/l6S7QpZJALvUod-dGP6PqbWgZrw=\/1440x810\/filters:format(webp):quality(85)\/cloudfront-us-east-1.images.arcpublishing.com\/infobae\/FFJENKB6BZESXF76E2BS5K4K4I.jpg 1440w\">Ubicar la causa de la alopecia ayuda a encontrar un tratamiento que pueda evitar la calvicie y ayudar a las mujeres a que vuelva a crecer el cabello. El tratamiento ofrece mejores resultados si se inicia al primer signo de ca\u00edda del cabello (Getty Images)<\/p>\n\n\n\n<p>Seg\u00fan&nbsp;<a rel=\"noreferrer noopener\" href=\"https:\/\/www.mayoclinic.org\/es\/diseases-conditions\/hair-loss\/symptoms-causes\/syc-20372926\" target=\"_blank\"><em>Mayo Clinic<\/em><\/a>&nbsp;la&nbsp;<strong>alopecia<\/strong>&nbsp;(p\u00e9rdida de pelo) puede afectar todo el cuerpo o solo a la cabeza. Esta puede presentarse por cambios hormonales, hereditarios, afecciones medias, o como consecuencia del envejecimiento.<\/p>\n\n\n\n<h2 class=\"wp-block-heading\">Qu\u00e9 es normal, y que no<\/h2>\n\n\n\n<p>La p\u00e9rdida repentina, excesiva, la presencia de \u00e1reas con ausencia de cabello, al igual que la p\u00e9rdida del cabello acompa\u00f1ada de una erupci\u00f3n, descamaci\u00f3n o picaz\u00f3n:\u00a0<strong>no son normales<\/strong>. En estos casos, uno deber se evaluado por profesionales ya que pueden significar se\u00f1ales de una enfermedad m\u00e1s grave.<a href=\"https:\/\/www.infobae.com\/salud\/2024\/03\/19\/la-polucion-es-el-nuevo-factor-de-riesgo-que-dispara-los-casos-de-cancer-de-pulmon-en-el-mundo\/\" target=\"_blank\" rel=\"noreferrer noopener\"><\/a><\/p>\n\n\n\n<p>La doctora Shoshana Marmon, profesora adjunta de dermatolog\u00eda en la New York Medical College, dijo a&nbsp;<em>AARP<\/em>: \u201cEs buena idea consultar con tu dermat\u00f3logo si notas una cantidad significativa de p\u00e9rdida del cabello\u201d. En palabras de la experta, es fundamental tener un diagn\u00f3stico preciso porque el tratamiento puede variar mucho seg\u00fan la causa del problema.<\/p>\n\n\n\n<h2 class=\"wp-block-heading\">Cu\u00e1les son las razones m\u00e1s comunes de p\u00e9rdida de cabello en las mujeres<\/h2>\n\n\n\n<p><img loading=\"lazy\" decoding=\"async\" alt=\"Un estudio del 2022 publicado en la revista Menopause encontr\u00f3 que el 52% de las mujeres posmenop\u00e1usicas ten\u00edan adelgazamiento del cabello o p\u00e9rdida del cabello (Getty Images)\" height=\"1080\" width=\"1920\" src=\"https:\/\/www.infobae.com\/new-resizer\/kRLlwpRqsDAxcCbPLf8o_f_GPE4=\/420x236\/filters:format(webp):quality(85)\/cloudfront-us-east-1.images.arcpublishing.com\/infobae\/XJQB7AMZURAE5JSG7G75B7TMCI.jpg%20420w\" srcset=\"https:\/\/www.infobae.com\/new-resizer\/kRLlwpRqsDAxcCbPLf8o_f_GPE4=\/420x236\/filters:format(webp):quality(85)\/cloudfront-us-east-1.images.arcpublishing.com\/infobae\/XJQB7AMZURAE5JSG7G75B7TMCI.jpg 420w,https:\/\/www.infobae.com\/new-resizer\/5_vLodVSbZDlayCJSoWyK6GmbDI=\/768x432\/filters:format(webp):quality(85)\/cloudfront-us-east-1.images.arcpublishing.com\/infobae\/XJQB7AMZURAE5JSG7G75B7TMCI.jpg 768w,https:\/\/www.infobae.com\/new-resizer\/_pnSQlom-kfHnSRB6rsYW13928w=\/992x558\/filters:format(webp):quality(85)\/cloudfront-us-east-1.images.arcpublishing.com\/infobae\/XJQB7AMZURAE5JSG7G75B7TMCI.jpg 992w,https:\/\/www.infobae.com\/new-resizer\/1tH51eODpbyd0c8sNsknLLdqosU=\/1200x675\/filters:format(webp):quality(85)\/cloudfront-us-east-1.images.arcpublishing.com\/infobae\/XJQB7AMZURAE5JSG7G75B7TMCI.jpg 1200w,https:\/\/www.infobae.com\/new-resizer\/x30h_VJergOXWXSUJp1eRmjHK7w=\/1440x810\/filters:format(webp):quality(85)\/cloudfront-us-east-1.images.arcpublishing.com\/infobae\/XJQB7AMZURAE5JSG7G75B7TMCI.jpg 1440w\">Un estudio del 2022 publicado en la revista Menopause encontr\u00f3 que el 52% de las mujeres posmenop\u00e1usicas ten\u00edan adelgazamiento del cabello o p\u00e9rdida del cabello (Getty Images)<\/p>\n\n\n\n<h2 class=\"wp-block-heading\">1. La gen\u00e9tica<\/h2>\n\n\n\n<p>Entre las mujeres mayores, la causa m\u00e1s usual de la ca\u00edda capilar se llama&nbsp;<strong>alopecia de patr\u00f3n femenino<\/strong>&nbsp;o&nbsp;<strong>alopecia androgen\u00e9tica<\/strong>. Esta ser\u00eda la \u201cversi\u00f3n femenina\u201d de la enfermedad&nbsp;<strong>gen\u00e9tica<\/strong>&nbsp;que hace que los hombres pierdan el cabello. Se presenta como consecuencia de los genes heredados, los cuales generan que los fol\u00edculos capilares se encojan y, eventualmente, deja de crecer el pelo.<\/p>\n\n\n\n<p>La gen\u00e9tica ser\u00e1 la que determinar\u00e1 cu\u00e1n gravemente le afecta este enfermedad a cada uno. Seg\u00fan la<a rel=\"noreferrer noopener\" href=\"https:\/\/www.aad.org\/public\/diseases\/hair-loss\/types\/female-pattern\" target=\"_blank\"><em>Academia Americana de Dermatolog\u00eda<\/em><\/a><em>,<\/em>&nbsp;es raro que una mujer pierda todo el cabello. Aunque se trata de una condici\u00f3n&nbsp;<strong>progresiva<\/strong>, lo que quiere decir que las mujeres tienden a seguir perdiendo cabello.<\/p>\n\n\n\n<p>Distintos tipos de tratamientos pueden ayudar con la detenci\u00f3n o el retraso de la p\u00e9rdida gen\u00e9tica capilar, incluida la soluci\u00f3n de minoxidil del 5% (Rogaine), terapia con l\u00e1ser, medicamentos recetados, y varios tipos de inyecciones en el cuero cabelludo.<\/p>\n\n\n\n<p><img loading=\"lazy\" decoding=\"async\" alt=\"La p\u00e9rdida repentina del cabello puede ser un signo de una enfermedad subyacente que seguramente requiera tratamiento. Es importante acudir a profesionales para saber su tratamiento (Getty Images\/ Moment RF\/ Darya Komarova)\" height=\"1080\" width=\"1920\" src=\"https:\/\/www.infobae.com\/new-resizer\/PpHAIXtdCVe9UfG1THFs24e1V_8=\/420x236\/filters:format(webp):quality(85)\/cloudfront-us-east-1.images.arcpublishing.com\/infobae\/IJ56QXCCVNGRFCTDQCPR4GWLII.jpg%20420w\" srcset=\"https:\/\/www.infobae.com\/new-resizer\/PpHAIXtdCVe9UfG1THFs24e1V_8=\/420x236\/filters:format(webp):quality(85)\/cloudfront-us-east-1.images.arcpublishing.com\/infobae\/IJ56QXCCVNGRFCTDQCPR4GWLII.jpg 420w,https:\/\/www.infobae.com\/new-resizer\/0gItC30imaXjHUrFNyKe05DO0Ss=\/768x432\/filters:format(webp):quality(85)\/cloudfront-us-east-1.images.arcpublishing.com\/infobae\/IJ56QXCCVNGRFCTDQCPR4GWLII.jpg 768w,https:\/\/www.infobae.com\/new-resizer\/KT0TVnTMRV1-kevL6kyZWuJiblg=\/992x558\/filters:format(webp):quality(85)\/cloudfront-us-east-1.images.arcpublishing.com\/infobae\/IJ56QXCCVNGRFCTDQCPR4GWLII.jpg 992w,https:\/\/www.infobae.com\/new-resizer\/tBAddjLYaGweK-nj3mjdsa5nuZs=\/1200x675\/filters:format(webp):quality(85)\/cloudfront-us-east-1.images.arcpublishing.com\/infobae\/IJ56QXCCVNGRFCTDQCPR4GWLII.jpg 1200w,https:\/\/www.infobae.com\/new-resizer\/Tf-GMw4l0wqR-I0G2jonZrDzsww=\/1440x810\/filters:format(webp):quality(85)\/cloudfront-us-east-1.images.arcpublishing.com\/infobae\/IJ56QXCCVNGRFCTDQCPR4GWLII.jpg 1440w\">La p\u00e9rdida repentina del cabello puede ser un signo de una enfermedad subyacente que seguramente requiera tratamiento. Es importante acudir a profesionales para saber su tratamiento (Getty Images\/ Moment RF\/ Darya Komarova)<\/p>\n\n\n\n<h2 class=\"wp-block-heading\">2. Enfermedad, cirug\u00eda o p\u00e9rdida r\u00e1pida de peso<\/h2>\n\n\n\n<p>Cuando un&nbsp;<strong>cuerpo est\u00e1 bajo presi\u00f3n f\u00edsica<\/strong>, como cuando est\u00e1 luchando contra una infecci\u00f3n o recuper\u00e1ndose de una cirug\u00eda, puede terminar con mucha p\u00e9rdida de cabello. \u201cB\u00e1sicamente, el cuerpo no puede manejar hacer demasiadas cosas a la vez\u201d, explic\u00f3 a AARP la doctora Lauren Eckert Ploch, dermat\u00f3loga certificada en Augusta (Georgia), adem\u00e1s de otras dos localidades norteamericanas. Al tiempo que agreg\u00f3: \u201cCuando hay un evento estresante, tu cuerpo dice: \u2018Voy a dejar de dedicar recursos al crecimiento del cabello y concentrarme en esta enfermedad\u2019\u201d.<\/p>\n\n\n\n<p>Generalmente, el pelo comienza a caerse entre dos y tres meses despu\u00e9s del evento. Incluso uno puede notar que se caen pu\u00f1ados de cabello a la hora de ducharse o peinarlo. Este fen\u00f3meno se debe al&nbsp;<strong>efluvio tel\u00f3geno<\/strong>, un tipo de ca\u00edda del pelo.<\/p>\n\n\n\n<p>Se puede perder cabello despu\u00e9s de estar con gripe o neumon\u00eda, haber tenido una cirug\u00eda importante o haber perdido una cantidad de peso significativa. \u201cAfortunadamente, el efluvio tel\u00f3geno es temporal. Si dejas de tomar el medicamento, tu cabello debe volver a la normalidad en unos seis a nueve meses\u201d, seg\u00fan Eckert Ploch.<\/p>\n\n\n\n<p><img loading=\"lazy\" decoding=\"async\" alt=\"Los dermat\u00f3logos son los expertos en diagnosticar y tratar la alopecia. Un dermat\u00f3logo puede decirle si se trata de una p\u00e9rdida de pelo de patr\u00f3n femenino o algo m\u00e1s lo que est\u00e1 causando la ca\u00edda del cabello  (Gentileza: Rocco)\" height=\"1283\" width=\"1920\" src=\"https:\/\/www.infobae.com\/new-resizer\/Ttt1dWanycadqxTPGPwq6jVntCc=\/420x280\/filters:format(webp):quality(85)\/cloudfront-us-east-1.images.arcpublishing.com\/infobae\/ERJKCMDVERB5ZK62DQRFAKVTJA.jpg%20420w\" srcset=\"https:\/\/www.infobae.com\/new-resizer\/Ttt1dWanycadqxTPGPwq6jVntCc=\/420x280\/filters:format(webp):quality(85)\/cloudfront-us-east-1.images.arcpublishing.com\/infobae\/ERJKCMDVERB5ZK62DQRFAKVTJA.jpg 420w,https:\/\/www.infobae.com\/new-resizer\/NL8HeXLwQAdhj1W3uYuoJovTveI=\/768x512\/filters:format(webp):quality(85)\/cloudfront-us-east-1.images.arcpublishing.com\/infobae\/ERJKCMDVERB5ZK62DQRFAKVTJA.jpg 768w,https:\/\/www.infobae.com\/new-resizer\/35VQBtj93zkxs8WdyNvn8mE1WKA=\/992x661\/filters:format(webp):quality(85)\/cloudfront-us-east-1.images.arcpublishing.com\/infobae\/ERJKCMDVERB5ZK62DQRFAKVTJA.jpg 992w,https:\/\/www.infobae.com\/new-resizer\/N2FWt-5EB7je8nlyuyPyjBs53A4=\/1200x800\/filters:format(webp):quality(85)\/cloudfront-us-east-1.images.arcpublishing.com\/infobae\/ERJKCMDVERB5ZK62DQRFAKVTJA.jpg 1200w,https:\/\/www.infobae.com\/new-resizer\/akdAZ1paAg77svbSmAud4rVatuk=\/1440x960\/filters:format(webp):quality(85)\/cloudfront-us-east-1.images.arcpublishing.com\/infobae\/ERJKCMDVERB5ZK62DQRFAKVTJA.jpg 1440w\">Los dermat\u00f3logos son los expertos en diagnosticar y tratar la alopecia. Un dermat\u00f3logo puede decirle si se trata de una p\u00e9rdida de pelo de patr\u00f3n femenino o algo m\u00e1s lo que est\u00e1 causando la ca\u00edda del cabello (Gentileza: Rocco)<\/p>\n\n\n\n<h2 class=\"wp-block-heading\">3. Estr\u00e9s emocional<\/h2>\n\n\n\n<p>Otra raz\u00f3n com\u00fan de la p\u00e9rdida de cabello es el&nbsp;<strong>estr\u00e9s emocional<\/strong>. La angustia psicol\u00f3gica es otra forma de efluvio tel\u00f3geno. Seg\u00fan Mayo Clinic, cuando se transita periodos importantes de estr\u00e9s, el organismo puede provocar que los&nbsp;<strong>fol\u00edculos pilosos&nbsp;<\/strong>pasen a una fase de reposo. En un par de meses, los pelos afectados pueden caer repentinamente al peinarse o lavarse el pelo.<\/p>\n\n\n\n<p>Esto se puede ver en personas despu\u00e9s de un divorcio, un despido o la p\u00e9rdida de un ser querido. Como tambi\u00e9n es com\u00fan en los cuidadores, por ejemplo, debido al estr\u00e9s que sufren. \u201cLas personas hablan de las tres dificultades: duelo, ruptura y quiebra\u201d, asegur\u00f3 la doctora Colavincenzo y agreg\u00f3: \u201cCualquier persona que tenga un gran estr\u00e9s en su vida puede perder el cabello\u201d.<\/p>\n\n\n\n<p>Es importante que, ante estos cuadros, se acuda a un especialista en salud mental con el objetivo recibir tratamiento, de ser necesario.<\/p>\n\n\n\n<h2 class=\"wp-block-heading\">4. Desequilibrio en la tiroides<\/h2>\n\n\n\n<p><img loading=\"lazy\" decoding=\"async\" alt=\"A diferencia de los hombres que tienen entradas del cabello o una calva, en las mujeres a menudo es m\u00e1s difuso, donde el cabello en toda la parte superior de la cabeza es un poco m\u00e1s delgado (Gentileza: Rocco)\" height=\"1256\" width=\"1920\" src=\"https:\/\/www.infobae.com\/new-resizer\/vNVsuo3KebZOMI19p3VjW3Zfqvk=\/420x280\/filters:format(webp):quality(85)\/cloudfront-us-east-1.images.arcpublishing.com\/infobae\/MAOYZFW2ZZFFZPBGTNCU7XYG2Y.jpg%20420w\" srcset=\"https:\/\/www.infobae.com\/new-resizer\/vNVsuo3KebZOMI19p3VjW3Zfqvk=\/420x280\/filters:format(webp):quality(85)\/cloudfront-us-east-1.images.arcpublishing.com\/infobae\/MAOYZFW2ZZFFZPBGTNCU7XYG2Y.jpg 420w,https:\/\/www.infobae.com\/new-resizer\/J8WwYRRjnSDD12cbOD5tID6qgyE=\/768x512\/filters:format(webp):quality(85)\/cloudfront-us-east-1.images.arcpublishing.com\/infobae\/MAOYZFW2ZZFFZPBGTNCU7XYG2Y.jpg 768w,https:\/\/www.infobae.com\/new-resizer\/iFMNr-9fuX1MVPhG36_0Ubdz1xE=\/992x661\/filters:format(webp):quality(85)\/cloudfront-us-east-1.images.arcpublishing.com\/infobae\/MAOYZFW2ZZFFZPBGTNCU7XYG2Y.jpg 992w,https:\/\/www.infobae.com\/new-resizer\/HuJgaV6wobVJrRMi8nwue1iYW1k=\/1200x800\/filters:format(webp):quality(85)\/cloudfront-us-east-1.images.arcpublishing.com\/infobae\/MAOYZFW2ZZFFZPBGTNCU7XYG2Y.jpg 1200w,https:\/\/www.infobae.com\/new-resizer\/aXHwzgppps2lu0vYfa04D2i14FE=\/1440x960\/filters:format(webp):quality(85)\/cloudfront-us-east-1.images.arcpublishing.com\/infobae\/MAOYZFW2ZZFFZPBGTNCU7XYG2Y.jpg 1440w\">A diferencia de los hombres que tienen entradas del cabello o una calva, en las mujeres a menudo es m\u00e1s difuso, donde el cabello en toda la parte superior de la cabeza es un poco m\u00e1s delgado (Gentileza: Rocco)<\/p>\n\n\n\n<p>La&nbsp;<strong>tiroides&nbsp;<\/strong>es una gl\u00e1ndula en forma de mariposa en la base del cuello que juega un papel fundamental en muchas funciones corporales, incluido el desarrollo y mantenimiento de los&nbsp;<strong>fol\u00edculos pilosos.<\/strong>&nbsp;La hormona tiroidea es sumamente importante ya que si se encuentra baja puede sentirse un estado similar al estr\u00e9s intenso, y como su consecuencia, una cierta ca\u00edda de cabello.<\/p>\n\n\n\n<p>Los estudios demuestran que tanto una tiroides&nbsp;<strong>poco activa&nbsp;<\/strong>como una&nbsp;<strong>hiperactiva&nbsp;<\/strong>pueden contribuir a la p\u00e9rdida del pelo. Las mujeres son m\u00e1s propensas que los hombres a desarrollar problemas en estas gl\u00e1ndulas. Algunos cuadros pueden afectar al estado de \u00e1nimo, peso, sue\u00f1o y al nivel de energ\u00eda, pero debido a que las se\u00f1ales son sutiles, la ca\u00edda capilar a veces es el primer s\u00edntoma que las mujeres notan.<\/p>\n\n\n\n<p>Una soluci\u00f3n a este caso de p\u00e9rdida de cabello es un simple&nbsp;<strong>an\u00e1lisis de sangre<\/strong>&nbsp;que mida las hormonas tiroideas en la sangre, y los medicamentos pueden tratar una tiroides hiperactiva o poco activa. La alopecia podr\u00e1 resolverse una vez que se resuelva el problema. Es por eso que es de suma importancia acudir a un profesional de la salud.<\/p>\n\n\n\n<p><img loading=\"lazy\" decoding=\"async\" alt=\"Algunas personas prefieren dejar que la calvicie siga su curso sin tratarla ni intentar ocultarla. Otros eligen uno de los tratamientos disponibles para prevenir una mayor p\u00e9rdida de cabello o restaurar el crecimiento (Gentileza: Rocco)\" height=\"1283\" width=\"1920\" src=\"https:\/\/www.infobae.com\/new-resizer\/DRH0pOBvLLgQj9GpKCpjcvDcgHg=\/420x280\/filters:format(webp):quality(85)\/cloudfront-us-east-1.images.arcpublishing.com\/infobae\/THFOHKJ4NVC2XKHRDVRIVB3QLA.jpg%20420w\" srcset=\"https:\/\/www.infobae.com\/new-resizer\/DRH0pOBvLLgQj9GpKCpjcvDcgHg=\/420x280\/filters:format(webp):quality(85)\/cloudfront-us-east-1.images.arcpublishing.com\/infobae\/THFOHKJ4NVC2XKHRDVRIVB3QLA.jpg 420w,https:\/\/www.infobae.com\/new-resizer\/U68g6gksWBnxyjyDeu7b7kYtv_c=\/768x512\/filters:format(webp):quality(85)\/cloudfront-us-east-1.images.arcpublishing.com\/infobae\/THFOHKJ4NVC2XKHRDVRIVB3QLA.jpg 768w,https:\/\/www.infobae.com\/new-resizer\/XQTWMnpBujyDBpvne_KEfFKEtMM=\/992x661\/filters:format(webp):quality(85)\/cloudfront-us-east-1.images.arcpublishing.com\/infobae\/THFOHKJ4NVC2XKHRDVRIVB3QLA.jpg 992w,https:\/\/www.infobae.com\/new-resizer\/Kd8WRAbX65FFt2Tqkk9BVehQu4I=\/1200x800\/filters:format(webp):quality(85)\/cloudfront-us-east-1.images.arcpublishing.com\/infobae\/THFOHKJ4NVC2XKHRDVRIVB3QLA.jpg 1200w,https:\/\/www.infobae.com\/new-resizer\/V_bxpC7D8mP90nqr6fHtmhrNbBM=\/1440x960\/filters:format(webp):quality(85)\/cloudfront-us-east-1.images.arcpublishing.com\/infobae\/THFOHKJ4NVC2XKHRDVRIVB3QLA.jpg 1440w\">Algunas personas prefieren dejar que la calvicie siga su curso sin tratarla ni intentar ocultarla. Otros eligen uno de los tratamientos disponibles para prevenir una mayor p\u00e9rdida de cabello o restaurar el crecimiento (Gentileza: Rocco)<\/p>\n\n\n\n<h2 class=\"wp-block-heading\">5. Deficiencia de vitaminas o minerales<\/h2>\n\n\n\n<p>Algunos estudios han indicado que una&nbsp;<strong>deficiencia<\/strong>&nbsp;de vitamina D, hierro, prote\u00edna u otros nutrientes podr\u00eda contribuir a la ca\u00edda capilar. \u201cLas deficiencias de vitaminas o minerales privan al cabello de los nutrientes necesarios, debilitan la estructura del cabello y posiblemente interrumpen el crecimiento normal de este\u201d, dice Marmon.<\/p>\n\n\n\n<p>En este punto, la deficiencia de&nbsp;<strong>hierro<\/strong>&nbsp;es un factor esencial, es por eso que los expertos recomiendan como primer paso realizar un an\u00e1lisis b\u00e1sico de sangre para verificar si hay una deficiencia de nutrientes.<\/p>\n\n\n\n<p>No es necesario tomar un suplemento a menos que se identifique una deficiencia. De hecho, consumir demasiada cantidad de ciertos nutrientes, como selenio, vitamina A y vitamina E, puede producir el efecto opuesto y causar la p\u00e9rdida del cabello.<\/p>\n\n\n\n<h2 class=\"wp-block-heading\">6. Peinados o tratamientos da\u00f1inos para el cabello<\/h2>\n\n\n\n<p><img loading=\"lazy\" decoding=\"async\" alt=\"El tipo de trato que recibe el cabello puede afectar la ca\u00edda de este. Si los comportamientos da\u00f1inos no cesan, la p\u00e9rdida se puede volver permanente (AP Foto\/Natacha Pisarenko)\" height=\"5760\" width=\"8640\" src=\"https:\/\/www.infobae.com\/new-resizer\/T-SgRaSVFz-q6yEHkqRmTy4s8Ds=\/420x280\/filters:format(webp):quality(85)\/cloudfront-us-east-1.images.arcpublishing.com\/infobae\/RTDNTQAUJBDVITBWLCV57GE3CU.jpg%20420w\" srcset=\"https:\/\/www.infobae.com\/new-resizer\/T-SgRaSVFz-q6yEHkqRmTy4s8Ds=\/420x280\/filters:format(webp):quality(85)\/cloudfront-us-east-1.images.arcpublishing.com\/infobae\/RTDNTQAUJBDVITBWLCV57GE3CU.jpg 420w,https:\/\/www.infobae.com\/new-resizer\/txz-OcTK67Ry0A09QjQOT9UTFG4=\/768x512\/filters:format(webp):quality(85)\/cloudfront-us-east-1.images.arcpublishing.com\/infobae\/RTDNTQAUJBDVITBWLCV57GE3CU.jpg 768w,https:\/\/www.infobae.com\/new-resizer\/vxew8WVCO2ViVC0Wd7Toz5VwnP4=\/992x661\/filters:format(webp):quality(85)\/cloudfront-us-east-1.images.arcpublishing.com\/infobae\/RTDNTQAUJBDVITBWLCV57GE3CU.jpg 992w,https:\/\/www.infobae.com\/new-resizer\/P-9auxUaJ1zgaqeo7eBFIoL801U=\/1200x800\/filters:format(webp):quality(85)\/cloudfront-us-east-1.images.arcpublishing.com\/infobae\/RTDNTQAUJBDVITBWLCV57GE3CU.jpg 1200w,https:\/\/www.infobae.com\/new-resizer\/ys4wJJTfmpxOzrs1d8VXXFf8ZnE=\/1440x960\/filters:format(webp):quality(85)\/cloudfront-us-east-1.images.arcpublishing.com\/infobae\/RTDNTQAUJBDVITBWLCV57GE3CU.jpg 1440w\">El tipo de trato que recibe el cabello puede afectar la ca\u00edda de este. Si los comportamientos da\u00f1inos no cesan, la p\u00e9rdida se puede volver permanente (AP Foto\/Natacha Pisarenko)<\/p>\n\n\n\n<p>La manera en que uno&nbsp;<strong>trata<\/strong>&nbsp;al cabello puede da\u00f1ar el fol\u00edculo piloso y causar su p\u00e9rdida. El pelo puede quebrarse o comenzar a caer a menudo, si se lleva una cola de caballo o una trenza muy ajustada y tirante. Otros factores son: tratamientos qu\u00edmicos regulares, uso de calor o la utilizaci\u00f3n reiterada de una peluca. Todos estos comportamientos, de mantenerse en el tiempo, pueden provocar una p\u00e9rdida de cabello permanente.<\/p>\n\n\n\n<p>\u201cMenos es m\u00e1s cuando se trata del cuidado del cabello\u201d, sugiri\u00f3 la doctora Ploch a&nbsp;<em>AARP<\/em>. Al tiempo que recomend\u00f3 elegir tinturas de cabello sin amon\u00edaco, si es posible, y no usar estilos de peinado ajustados todos los d\u00edas.<\/p>\n\n\n\n<h2 class=\"wp-block-heading\">7. Alopecia areata, una enfermedad autoinmunitaria<\/h2>\n\n\n\n<p>La&nbsp;<strong>alopecia<\/strong>&nbsp;<strong>areata<\/strong>&nbsp;es una enfermedad&nbsp;<strong>autoinmunitaria<\/strong>&nbsp;compleja que puede provocar \u00e1reas ausentes de cabello. En este caso, el sistema inmunitario ataca los fol\u00edculos pilosos y elimina los cabellos debajo de la piel.<\/p>\n\n\n\n<p><img loading=\"lazy\" decoding=\"async\" alt=\"Hay tres tipos de ca\u00edda del pelo que pueden asociarse a niveles elevados de estr\u00e9s: el efluvio tel\u00f3geno, la tricotiloman\u00eda y la alopecia areata (Gentileza: Rocco)\" height=\"1280\" width=\"1920\" src=\"https:\/\/www.infobae.com\/new-resizer\/xaLYzY_HkFLyPWS2lf__FDLYKdQ=\/420x280\/filters:format(webp):quality(85)\/cloudfront-us-east-1.images.arcpublishing.com\/infobae\/YJJ74S7U2REJNBCDYGYHHUEUFM.jpg%20420w\" srcset=\"https:\/\/www.infobae.com\/new-resizer\/xaLYzY_HkFLyPWS2lf__FDLYKdQ=\/420x280\/filters:format(webp):quality(85)\/cloudfront-us-east-1.images.arcpublishing.com\/infobae\/YJJ74S7U2REJNBCDYGYHHUEUFM.jpg 420w,https:\/\/www.infobae.com\/new-resizer\/ThbGnzcoPzbphNMQIZvb-xmk5LQ=\/768x512\/filters:format(webp):quality(85)\/cloudfront-us-east-1.images.arcpublishing.com\/infobae\/YJJ74S7U2REJNBCDYGYHHUEUFM.jpg 768w,https:\/\/www.infobae.com\/new-resizer\/bGIqDx63Mam5aBy30pvtKniIyI8=\/992x661\/filters:format(webp):quality(85)\/cloudfront-us-east-1.images.arcpublishing.com\/infobae\/YJJ74S7U2REJNBCDYGYHHUEUFM.jpg 992w,https:\/\/www.infobae.com\/new-resizer\/2HYYZFExk7wPXh-tYYmVd7AQRbI=\/1200x800\/filters:format(webp):quality(85)\/cloudfront-us-east-1.images.arcpublishing.com\/infobae\/YJJ74S7U2REJNBCDYGYHHUEUFM.jpg 1200w,https:\/\/www.infobae.com\/new-resizer\/I-xT7Zp0NczF5-hKN9H8p2W-rqM=\/1440x960\/filters:format(webp):quality(85)\/cloudfront-us-east-1.images.arcpublishing.com\/infobae\/YJJ74S7U2REJNBCDYGYHHUEUFM.jpg 1440w\">Hay tres tipos de ca\u00edda del pelo que pueden asociarse a niveles elevados de estr\u00e9s: el efluvio tel\u00f3geno, la tricotiloman\u00eda y la alopecia areata (Gentileza: Rocco)<\/p>\n\n\n\n<p>Generalmente, el cabello se cae formando \u00e1reas redondas, de aproximadamente el tama\u00f1o de una moneda de 25 centavos, con ausencia total de cabello. En algunos casos, la cantidad de pelo perdido puede ser extrema. No existe una cura para esta condici\u00f3n, pero los nuevos medicamentos pueden ayudar a restaurar el cabello incluso cuando la enfermedad es severa.<\/p>\n\n\n\n<h2 class=\"wp-block-heading\">8. Alopecia cicatricial<\/h2>\n\n\n\n<p>La&nbsp;<strong>alopecia<\/strong>&nbsp;<strong>cicatricial<\/strong>&nbsp;es una enfermedad causada, generalmente, por un trastorno&nbsp;<strong>autoinmunitario<\/strong>&nbsp;o&nbsp;<strong>inflamatorio<\/strong>. En este caso, los fol\u00edculos pilosos son destruidos y reemplazados con tejido cicatricial. Esto quiere decir que no se puede recuperar el cabello.<\/p>\n\n\n\n<p>Un tipo com\u00fan de alopecia cicatricial afecta las&nbsp;<strong>cejas<\/strong>&nbsp;y la<strong>&nbsp;l\u00ednea frontal del cabello<\/strong>&nbsp;primero y luego se dirige hacia la&nbsp;<strong>parte posterior de la cabeza<\/strong>. Algunos pacientes con estos cuadros tambi\u00e9n experimentan picaz\u00f3n, dolor o protuberancias en el \u00e1rea afectada. Su tratamiento debe ser agresivo e inmediato, siendo que se diagnostica generalmente con una biopsia.<\/p>\n\n\n\n<p>*<em>Este texto es una reinterpretaci\u00f3n de material publicado originalmente en AARP, una organizaci\u00f3n sin fines de lucro de EEUU dedicada a mejorar la calidad de vida y la salud de las personas mayores de 50 a\u00f1os.<\/em><\/p>\n\n\n\n<p>Fuente: https:\/\/www.infobae.com\/salud\/2024\/03\/19\/las-ocho-causas-por-las-cuales-las-mujeres-pierden-el-cabello-y-como-tratarlas\/<\/p>\n","protected":false},"excerpt":{"rendered":"<p>Desde factores hereditarios hasta la edad, son algunas de las razones detr\u00e1s de la calvicie. Sin embargo, no son las \u00fanicas. La palabras de los expertos sobre c\u00f3mo identificar a cada una Cualquiera puede ser v\u00edctima de la\u00a0p\u00e9rdida de cabello\u00a0en la cabeza, tanto mujeres como hombres. Uno puede notar que la \u201craya\u201d del pelo se [&hellip;]<\/p>\n","protected":false},"author":3,"featured_media":1022,"comment_status":"open","ping_status":"open","sticky":false,"template":"","format":"standard","meta":{"footnotes":""},"categories":[11,3,5],"tags":[524],"class_list":["post-1021","post","type-post","status-publish","format-standard","has-post-thumbnail","hentry","category-agenda","category-principal","category-salud","tag-caida-del-cabello-en-las-mujeres"],"_links":{"self":[{"href":"https:\/\/noticiassaludables.com.ar\/index.php?rest_route=\/wp\/v2\/posts\/1021","targetHints":{"allow":["GET"]}}],"collection":[{"href":"https:\/\/noticiassaludables.com.ar\/index.php?rest_route=\/wp\/v2\/posts"}],"about":[{"href":"https:\/\/noticiassaludables.com.ar\/index.php?rest_route=\/wp\/v2\/types\/post"}],"author":[{"embeddable":true,"href":"https:\/\/noticiassaludables.com.ar\/index.php?rest_route=\/wp\/v2\/users\/3"}],"replies":[{"embeddable":true,"href":"https:\/\/noticiassaludables.com.ar\/index.php?rest_route=%2Fwp%2Fv2%2Fcomments&post=1021"}],"version-history":[{"count":1,"href":"https:\/\/noticiassaludables.com.ar\/index.php?rest_route=\/wp\/v2\/posts\/1021\/revisions"}],"predecessor-version":[{"id":1023,"href":"https:\/\/noticiassaludables.com.ar\/index.php?rest_route=\/wp\/v2\/posts\/1021\/revisions\/1023"}],"wp:featuredmedia":[{"embeddable":true,"href":"https:\/\/noticiassaludables.com.ar\/index.php?rest_route=\/wp\/v2\/media\/1022"}],"wp:attachment":[{"href":"https:\/\/noticiassaludables.com.ar\/index.php?rest_route=%2Fwp%2Fv2%2Fmedia&parent=1021"}],"wp:term":[{"taxonomy":"category","embeddable":true,"href":"https:\/\/noticiassaludables.com.ar\/index.php?rest_route=%2Fwp%2Fv2%2Fcategories&post=1021"},{"taxonomy":"post_tag","embeddable":true,"href":"https:\/\/noticiassaludables.com.ar\/index.php?rest_route=%2Fwp%2Fv2%2Ftags&post=1021"}],"curies":[{"name":"wp","href":"https:\/\/api.w.org\/{rel}","templated":true}]}}