{"id":1027,"date":"2024-03-20T10:56:48","date_gmt":"2024-03-20T13:56:48","guid":{"rendered":"https:\/\/noticiassaludables.com.ar\/?p=1027"},"modified":"2024-03-20T10:56:48","modified_gmt":"2024-03-20T13:56:48","slug":"por-que-las-tormentas-intensas-son-frecuentes-en-el-amba","status":"publish","type":"post","link":"https:\/\/noticiassaludables.com.ar\/?p=1027","title":{"rendered":"Por qu\u00e9 las tormentas intensas son frecuentes en el AMBA"},"content":{"rendered":"\n<p>Se hab\u00eda pronosticado la probabilidad de m\u00e1s lluvias que las habituales en marzo por El Ni\u00f1o. Qu\u00e9 pasar\u00e1 ma\u00f1ana con el estado del tiempo y c\u00f3mo ser\u00e1 el oto\u00f1o<\/p>\n\n\n\n<p>Para la ciudad de\u00a0<strong>Buenos Aires<\/strong>, gran parte de la provincia de Buenos, el sur de Entre R\u00edos, y de Santa Fe, y el este y el sur de C\u00f3rdoba y el oeste de La Pampa, rige un\u00a0<a href=\"https:\/\/www.infobae.com\/sociedad\/2024\/03\/20\/fuerte-temporal-de-lluvia-y-viento-en-el-amba\/\" target=\"_blank\" rel=\"noreferrer noopener\">alerta<\/a>\u00a0naranja del\u00a0<strong>Servicio Meteorol\u00f3gico Nacional de la Argentina\u00a0<\/strong>por las\u00a0<a href=\"https:\/\/www.infobae.com\/america\/medio-ambiente\/2024\/03\/12\/por-que-las-lluvias-se-miden-en-milimetros-y-cuando-se-convierten-en-un-temporal\/#:~:text=La%20principal%20diferencia%20entre%20la,seg%C3%BAn%20el%20sitio%20web%20iAgua.\" target=\"_blank\" rel=\"noreferrer noopener\">tormentas<\/a>\u00a0fuertes con lluvias intensas y r\u00e1fagas.<a href=\"https:\/\/www.infobae.com\/america\/medio-ambiente\/2024\/03\/19\/alerta-roja-por-el-cambio-climatico-un-informe-global-revelo-que-en-2023-se-superaron-todos-los-limites-previstos\/\" target=\"_blank\" rel=\"noreferrer noopener\"><\/a><\/p>\n\n\n\n<p>El fen\u00f3meno de&nbsp;<a rel=\"noreferrer noopener\" href=\"https:\/\/www.infobae.com\/tag\/tormenta\/\" target=\"_blank\">tormentas<\/a>&nbsp;tiene su explicaci\u00f3n cient\u00edfica.<\/p>\n\n\n\n<p>En di\u00e1logo con\u00a0<strong>Infobae<\/strong>, la investigadora\u00a0<strong>Marisol Osman<\/strong>, del Centro de Investigaciones del Mar y la Atm\u00f3sfera, que depende de la\u00a0<strong>Universidad de Buenos Aires<\/strong>\u00a0y el\u00a0<strong>Conicet<\/strong>, explic\u00f3: \u201cLas tormentas fuertes son producidas cuando hay un ambiente con aire\u00a0<strong>c\u00e1lido y h\u00famedo<\/strong>, que es el combustible para que se generen las nubes. Adem\u00e1s, se necesitan componentes din\u00e1micos que hacen que ese aire h\u00famedo suba en la atm\u00f3sfera\u201d.<\/p>\n\n\n\n<p>Con respecto a las \u00faltimas dos semanas, en la regi\u00f3n del&nbsp;<strong>AMBA<\/strong>&nbsp;y en el Centro del pa\u00eds, hubo un ambiente c\u00e1lido y h\u00famedo, que parec\u00eda como un \u201ccaldo\u201d, compar\u00f3 la doctora Osman. El aire ven\u00eda de la regi\u00f3n tropical de Sudam\u00e9rica.<\/p>\n\n\n\n<p>\u201cEn alg\u00fan momento, la atm\u00f3sfera se deshace de ese ambiente, y produce tormentas muy fuertes. Ahora est\u00e1 pasando tambi\u00e9n un aire de frente fr\u00edo, que ayudar\u00e1 a que ese caldo de aire caliente se vaya ma\u00f1ana jueves, en base al pron\u00f3stico del\u00a0<strong>Servicio Meteorol\u00f3gico Nacional<\/strong>\u201d, afirm\u00f3.<a href=\"https:\/\/www.infobae.com\/america\/medio-ambiente\/2023\/04\/15\/la-basura-del-fast-fashion-sigue-arruinando-el-desierto-de-atacama\/\" target=\"_blank\" rel=\"noreferrer noopener\"><\/a><\/p>\n\n\n\n<p>Hay que considerar tambi\u00e9n que, como consecuencia del&nbsp;<strong>cambio clim\u00e1tico&nbsp;<\/strong>inducido por actividades humanas, puede haber m\u00e1s frecuencia de lluvias fuertes e intensas. Aunque esa asociaci\u00f3n deber\u00e1 ser m\u00e1s estudiada para determinar si las tormentas de esta semana pueden ser atribuidas al cambio clim\u00e1tico, coment\u00f3.<\/p>\n\n\n\n<p><img loading=\"lazy\" decoding=\"async\" alt=\"La tormenta con lluvias intensas y r\u00e1fagas gener\u00f3 diferentes destrozos en Claypole, el AMBA de Argentina (Fuente X)\" height=\"360\" width=\"534\" class=\"\" src=\"https:\/\/www.infobae.com\/new-resizer\/4WFa5GbfkdNLBOg5kY8nb3ygoIM=\/420x280\/filters:format(webp):quality(85)\/cloudfront-us-east-1.images.arcpublishing.com\/infobae\/2ED74GN2ONGHJAG2O6QBHAUTP4.jfif%20420w\" srcset=\"https:\/\/www.infobae.com\/new-resizer\/4WFa5GbfkdNLBOg5kY8nb3ygoIM=\/420x280\/filters:format(webp):quality(85)\/cloudfront-us-east-1.images.arcpublishing.com\/infobae\/2ED74GN2ONGHJAG2O6QBHAUTP4.jfif 420w,https:\/\/www.infobae.com\/new-resizer\/Mqh5Hv4LXXOAvtYOMmjlJ51E9Qs=\/768x512\/filters:format(webp):quality(85)\/cloudfront-us-east-1.images.arcpublishing.com\/infobae\/2ED74GN2ONGHJAG2O6QBHAUTP4.jfif 768w,https:\/\/www.infobae.com\/new-resizer\/2eR341hXvdv89klm_TtSxOaKslo=\/992x661\/filters:format(webp):quality(85)\/cloudfront-us-east-1.images.arcpublishing.com\/infobae\/2ED74GN2ONGHJAG2O6QBHAUTP4.jfif 992w,https:\/\/www.infobae.com\/new-resizer\/WGfS9t_NDhbpbLhMr6ecQDKXP3U=\/1200x800\/filters:format(webp):quality(85)\/cloudfront-us-east-1.images.arcpublishing.com\/infobae\/2ED74GN2ONGHJAG2O6QBHAUTP4.jfif 1200w,https:\/\/www.infobae.com\/new-resizer\/E977fxtRBRR_e2rquEbxdbXAB64=\/1440x960\/filters:format(webp):quality(85)\/cloudfront-us-east-1.images.arcpublishing.com\/infobae\/2ED74GN2ONGHJAG2O6QBHAUTP4.jfif 1440w\">La tormenta con lluvias intensas y r\u00e1fagas gener\u00f3 diferentes destrozos en Claypole, el AMBA de Argentina (Fuente X)<\/p>\n\n\n\n<h2 class=\"wp-block-heading\">Qu\u00e9 pasa con el fen\u00f3meno de El Ni\u00f1o<\/h2>\n\n\n\n<p>Otro factor que se suma es el&nbsp;<strong>fen\u00f3meno de El Ni\u00f1o<\/strong>. Se trata de un fen\u00f3meno natural que consiste en<strong>&nbsp;el aumento de las temperaturas del oc\u00e9ano<\/strong>&nbsp;en la parte central y oriental del&nbsp;<strong>Pac\u00edfico ecuatorial<\/strong>. Tiene una gran influencia en las condiciones clim\u00e1ticas de diversas partes del mundo, y<strong>&nbsp;puede -indirectamente- afectar la salud humana.<\/strong><\/p>\n\n\n\n<p>Durante los a\u00f1os anteriores, hubo pocas lluvias fuertes en la regi\u00f3n. En cambio, desde el a\u00f1o pasado, se est\u00e1 desarrollando el fen\u00f3meno de El Ni\u00f1o, que puede aumentar la probabilidad de que ocurran tormentas severas en el AMBA y regi\u00f3n Centro de Argentina.<\/p>\n\n\n\n<p>El&nbsp;<strong>fen\u00f3meno de El&nbsp;<\/strong><a href=\"https:\/\/www.infobae.com\/america\/medio-ambiente\/2023\/06\/25\/como-el-fenomeno-de-el-nino-puede-afectar-a-la-salud-humana\/\"><strong>Ni\u00f1o<\/strong><\/a>&nbsp;se hab\u00eda empezado a desarrollar desde junio del a\u00f1o pasado, y produjo&nbsp;<strong>problemas meteorol\u00f3gicos<\/strong>&nbsp;en diferentes partes del mundo. La&nbsp;<strong>Organizaci\u00f3n Meteorol\u00f3gica Mundial (OMM),<\/strong>&nbsp;inform\u00f3 ahora que&nbsp;<strong>hay un 60% de probabilidades de que El Ni\u00f1o persista hasta el mes de mayo<\/strong>&nbsp;y un 80% de probabilidades de que se den condiciones neutras (ni El Ni\u00f1o ni La Ni\u00f1a) desde abril a junio.<\/p>\n\n\n\n<p><img loading=\"lazy\" decoding=\"async\" alt=\"Los efectos de El Ni\u00f1o en el mundo podr\u00edan persistir hasta mayo\/ NASA\/JPL-Caltech\" height=\"788\" width=\"1400\" class=\"\" src=\"https:\/\/www.infobae.com\/new-resizer\/PSNsGhAfBOAecgu2fev617ixj1I=\/420x236\/filters:format(webp):quality(85)\/cloudfront-us-east-1.images.arcpublishing.com\/infobae\/XZ3ACCUDCVDL3ET2TTLKOXYB3E.jpeg%20420w\" srcset=\"https:\/\/www.infobae.com\/new-resizer\/PSNsGhAfBOAecgu2fev617ixj1I=\/420x236\/filters:format(webp):quality(85)\/cloudfront-us-east-1.images.arcpublishing.com\/infobae\/XZ3ACCUDCVDL3ET2TTLKOXYB3E.jpeg 420w,https:\/\/www.infobae.com\/new-resizer\/sIEeUdaM-2sIijXbGJ6wv0dIhsg=\/768x432\/filters:format(webp):quality(85)\/cloudfront-us-east-1.images.arcpublishing.com\/infobae\/XZ3ACCUDCVDL3ET2TTLKOXYB3E.jpeg 768w,https:\/\/www.infobae.com\/new-resizer\/bM-RNY73_evhG7roedhp_4tuAZc=\/992x558\/filters:format(webp):quality(85)\/cloudfront-us-east-1.images.arcpublishing.com\/infobae\/XZ3ACCUDCVDL3ET2TTLKOXYB3E.jpeg 992w,https:\/\/www.infobae.com\/new-resizer\/MmmIZLNJl9E1_DbzFsMvFUMSkL8=\/1200x675\/filters:format(webp):quality(85)\/cloudfront-us-east-1.images.arcpublishing.com\/infobae\/XZ3ACCUDCVDL3ET2TTLKOXYB3E.jpeg 1200w,https:\/\/www.infobae.com\/new-resizer\/6_FY5MOJe9e0QvfXTJgNXztrrsQ=\/1440x810\/filters:format(webp):quality(85)\/cloudfront-us-east-1.images.arcpublishing.com\/infobae\/XZ3ACCUDCVDL3ET2TTLKOXYB3E.jpeg 1440w\">Los efectos de El Ni\u00f1o en el mundo podr\u00edan persistir hasta mayo\/ NASA\/JPL-Caltech<\/p>\n\n\n\n<p>Al tener en cuenta a El Ni\u00f1o y otros fen\u00f3menos que pueden impactar, el&nbsp;<strong>Servicio Meteorol\u00f3gico Nacional de la Argentina&nbsp;<\/strong>hab\u00eda pronosticado que en&nbsp;<strong>marzo, abril y mayo&nbsp;<\/strong>podr\u00edan producirse&nbsp;<strong>niveles de lluvias normales o superiores<\/strong>&nbsp;a lo normal el norte de la provincia de Buenos Aires, el este de Santa Fe, Chaco y Formosa, y en las provincias de Entre R\u00edos, Corrientes y Misiones.<\/p>\n\n\n\n<p>En cuanto a las temperaturas, ser\u00e1n&nbsp;<strong>normales o superiores a las normales&nbsp;<\/strong>sobre la regi\u00f3n del Norte, norte del Litoral, este de Buenos Aires y oeste de Patagonia.<\/p>\n\n\n\n<h2 class=\"wp-block-heading\">Qu\u00e9 se puede esperar para el oto\u00f1o que comienza ma\u00f1ana<\/h2>\n\n\n\n<p><img loading=\"lazy\" decoding=\"async\" alt=\"El oto\u00f1o podr\u00eda producir m\u00e1s lluvias en el AMBA (Foto: Pxhere)\" height=\"1080\" width=\"1440\" class=\"\" src=\"https:\/\/www.infobae.com\/new-resizer\/Ks7JZuUuR1buVNR2dfiOCsqGQBc=\/420x315\/filters:format(webp):quality(85)\/cloudfront-us-east-1.images.arcpublishing.com\/infobae\/TXJGIY7AV5C4BDHKAYOTFOBYT4.jpg%20420w\" srcset=\"https:\/\/www.infobae.com\/new-resizer\/Ks7JZuUuR1buVNR2dfiOCsqGQBc=\/420x315\/filters:format(webp):quality(85)\/cloudfront-us-east-1.images.arcpublishing.com\/infobae\/TXJGIY7AV5C4BDHKAYOTFOBYT4.jpg 420w,https:\/\/www.infobae.com\/new-resizer\/DaOZXyNEyc4s9aSU5YbMR3-0INc=\/768x576\/filters:format(webp):quality(85)\/cloudfront-us-east-1.images.arcpublishing.com\/infobae\/TXJGIY7AV5C4BDHKAYOTFOBYT4.jpg 768w,https:\/\/www.infobae.com\/new-resizer\/XB35p4G1HWHivZ_gEMWepslfWcM=\/992x744\/filters:format(webp):quality(85)\/cloudfront-us-east-1.images.arcpublishing.com\/infobae\/TXJGIY7AV5C4BDHKAYOTFOBYT4.jpg 992w,https:\/\/www.infobae.com\/new-resizer\/DdVZCDKy-ILIUV6TbixtMta5Adc=\/1200x900\/filters:format(webp):quality(85)\/cloudfront-us-east-1.images.arcpublishing.com\/infobae\/TXJGIY7AV5C4BDHKAYOTFOBYT4.jpg 1200w,https:\/\/www.infobae.com\/new-resizer\/4Wc2c18fQ45ojhf_fcWDyOwoSBE=\/1440x1080\/filters:format(webp):quality(85)\/cloudfront-us-east-1.images.arcpublishing.com\/infobae\/TXJGIY7AV5C4BDHKAYOTFOBYT4.jpg 1440w\">El oto\u00f1o podr\u00eda producir m\u00e1s lluvias en el AMBA (Foto: Pxhere)<\/p>\n\n\n\n<p>Ma\u00f1ana jueves 21 de marzo empieza la estaci\u00f3n del oto\u00f1o en el&nbsp;<strong>hemisferio Sur<\/strong>&nbsp;del&nbsp;<strong>planeta Tierra<\/strong>. Uno de sus cambios m\u00e1s distintivos es la ca\u00edda de las hojas de los \u00e1rboles, que adquieren tonalidades rojizas, amarillentas y anaranjadas antes de desprenderse.<\/p>\n\n\n\n<p>Es un per\u00edodo de transici\u00f3n que marca la preparaci\u00f3n para el invierno y ofrece paisajes pintorescos llenos de colores c\u00e1lidos y nost\u00e1lgicos. Durante el oto\u00f1o, el cambio en el clima se debe principalmente a la inclinaci\u00f3n del eje de la Tierra respecto al Sol.<\/p>\n\n\n\n<p>En esta estaci\u00f3n, el hemisferio Sur experimenta un cambio gradual hacia temperaturas m\u00e1s fr\u00edas porque la Tierra est\u00e1 inclinada de tal manera que los rayos solares inciden de forma menos directa sobre esa regi\u00f3n.<\/p>\n\n\n\n<p><img loading=\"lazy\" decoding=\"async\" alt=\"Varios autos y tachos de basura fueron arrastrados por la corriente de la tormenta (Fuente X)\" height=\"1200\" width=\"1600\" class=\"\" src=\"https:\/\/www.infobae.com\/new-resizer\/tuMsQ3l3wdfdCbWmIzlXO7u2zy4=\/420x315\/filters:format(webp):quality(85)\/cloudfront-us-east-1.images.arcpublishing.com\/infobae\/VQSWA3RCWVFRRONC6KFSTBLMTU.jfif%20420w\" srcset=\"https:\/\/www.infobae.com\/new-resizer\/tuMsQ3l3wdfdCbWmIzlXO7u2zy4=\/420x315\/filters:format(webp):quality(85)\/cloudfront-us-east-1.images.arcpublishing.com\/infobae\/VQSWA3RCWVFRRONC6KFSTBLMTU.jfif 420w,https:\/\/www.infobae.com\/new-resizer\/W9MIE8mZkdpxvOcyRBSxNgxeNQA=\/768x576\/filters:format(webp):quality(85)\/cloudfront-us-east-1.images.arcpublishing.com\/infobae\/VQSWA3RCWVFRRONC6KFSTBLMTU.jfif 768w,https:\/\/www.infobae.com\/new-resizer\/nIazRVQpl8-VLda4bKYFREIAZss=\/992x744\/filters:format(webp):quality(85)\/cloudfront-us-east-1.images.arcpublishing.com\/infobae\/VQSWA3RCWVFRRONC6KFSTBLMTU.jfif 992w,https:\/\/www.infobae.com\/new-resizer\/SXJ6Z3J5rkzo5GQewuQbi7xLcSM=\/1200x900\/filters:format(webp):quality(85)\/cloudfront-us-east-1.images.arcpublishing.com\/infobae\/VQSWA3RCWVFRRONC6KFSTBLMTU.jfif 1200w,https:\/\/www.infobae.com\/new-resizer\/PuijslJLSZ-tjTaygAmdTJiKroU=\/1440x1080\/filters:format(webp):quality(85)\/cloudfront-us-east-1.images.arcpublishing.com\/infobae\/VQSWA3RCWVFRRONC6KFSTBLMTU.jfif 1440w\">Varios autos y tachos de basura fueron arrastrados por la corriente de la tormenta (Fuente X)<\/p>\n\n\n\n<p>Va disminuyendo la cantidad de luz solar que llega a la superficie de la Tierra y la duraci\u00f3n de los d\u00edas, lo que a su vez lleva a una reducci\u00f3n en la temperatura ambiente.<\/p>\n\n\n\n<p>Adem\u00e1s, en muchas \u00e1reas, el oto\u00f1o est\u00e1 asociado con cambios en los patrones de viento y la llegada de m\u00e1s sistemas meteorol\u00f3gicos, como frentes fr\u00edos, que contribuyen a la variabilidad del clima durante esta temporada.<\/p>\n\n\n\n<p>En cuanto a&nbsp;<strong>c\u00f3mo impactar\u00e1 en Argentina<\/strong>, seg\u00fan Osman, se\u00f1al\u00f3 que se trata de una&nbsp;<strong>estaci\u00f3n poco predictible<\/strong>. \u201cSuele ser el momento en que hay una transici\u00f3n de los fen\u00f3menos que ocurren en el oc\u00e9ano Pac\u00edfico. Este a\u00f1o podr\u00eda haber una transici\u00f3n del fen\u00f3meno de El Ni\u00f1o a condiciones neutrales o al fen\u00f3meno de La Ni\u00f1a, a partir de septiembre\u201d.<\/p>\n\n\n\n<p>Es posible que se produzcan\u00a0<strong>m\u00e1s lluvias durante el oto\u00f1o<\/strong>. Se est\u00e1 siguiendo con preocupaci\u00f3n la probabilidad de que se desarrolle La Ni\u00f1a.<\/p>\n\n\n\n<p>Fuente: https:\/\/www.infobae.com\/america\/medio-ambiente\/2024\/03\/20\/por-que-las-tormentas-intensas-son-frecuentes-en-el-amba-y-que-podria-pasar-en-el-los-proximos-tres-meses\/<\/p>\n","protected":false},"excerpt":{"rendered":"<p>Se hab\u00eda pronosticado la probabilidad de m\u00e1s lluvias que las habituales en marzo por El Ni\u00f1o. Qu\u00e9 pasar\u00e1 ma\u00f1ana con el estado del tiempo y c\u00f3mo ser\u00e1 el oto\u00f1o Para la ciudad de\u00a0Buenos Aires, gran parte de la provincia de Buenos, el sur de Entre R\u00edos, y de Santa Fe, y el este y el [&hellip;]<\/p>\n","protected":false},"author":3,"featured_media":1028,"comment_status":"open","ping_status":"open","sticky":false,"template":"","format":"standard","meta":{"footnotes":""},"categories":[8,3],"tags":[523,19,526],"class_list":["post-1027","post","type-post","status-publish","format-standard","has-post-thumbnail","hentry","category-medio-ambiente","category-principal","tag-amba","tag-cambio-climatico","tag-tormentas"],"_links":{"self":[{"href":"https:\/\/noticiassaludables.com.ar\/index.php?rest_route=\/wp\/v2\/posts\/1027","targetHints":{"allow":["GET"]}}],"collection":[{"href":"https:\/\/noticiassaludables.com.ar\/index.php?rest_route=\/wp\/v2\/posts"}],"about":[{"href":"https:\/\/noticiassaludables.com.ar\/index.php?rest_route=\/wp\/v2\/types\/post"}],"author":[{"embeddable":true,"href":"https:\/\/noticiassaludables.com.ar\/index.php?rest_route=\/wp\/v2\/users\/3"}],"replies":[{"embeddable":true,"href":"https:\/\/noticiassaludables.com.ar\/index.php?rest_route=%2Fwp%2Fv2%2Fcomments&post=1027"}],"version-history":[{"count":1,"href":"https:\/\/noticiassaludables.com.ar\/index.php?rest_route=\/wp\/v2\/posts\/1027\/revisions"}],"predecessor-version":[{"id":1029,"href":"https:\/\/noticiassaludables.com.ar\/index.php?rest_route=\/wp\/v2\/posts\/1027\/revisions\/1029"}],"wp:featuredmedia":[{"embeddable":true,"href":"https:\/\/noticiassaludables.com.ar\/index.php?rest_route=\/wp\/v2\/media\/1028"}],"wp:attachment":[{"href":"https:\/\/noticiassaludables.com.ar\/index.php?rest_route=%2Fwp%2Fv2%2Fmedia&parent=1027"}],"wp:term":[{"taxonomy":"category","embeddable":true,"href":"https:\/\/noticiassaludables.com.ar\/index.php?rest_route=%2Fwp%2Fv2%2Fcategories&post=1027"},{"taxonomy":"post_tag","embeddable":true,"href":"https:\/\/noticiassaludables.com.ar\/index.php?rest_route=%2Fwp%2Fv2%2Ftags&post=1027"}],"curies":[{"name":"wp","href":"https:\/\/api.w.org\/{rel}","templated":true}]}}