{"id":1030,"date":"2024-03-20T11:05:59","date_gmt":"2024-03-20T14:05:59","guid":{"rendered":"https:\/\/noticiassaludables.com.ar\/?p=1030"},"modified":"2024-03-20T11:05:59","modified_gmt":"2024-03-20T14:05:59","slug":"la-campana-que-impulsa-la-inclusion-social-de-las-personas-con-sindrome-de-down","status":"publish","type":"post","link":"https:\/\/noticiassaludables.com.ar\/?p=1030","title":{"rendered":"La campa\u00f1a que impulsa la inclusi\u00f3n social de las personas con s\u00edndrome de Down"},"content":{"rendered":"\n<p>La Asociaci\u00f3n S\u00edndrome de Down de la Rep\u00fablica Argentina dio a conocer varias maneras para generar actitudes inclusivas y concientizar. Desde charlas educativas hasta el uso de \u201cmedias disparejas\u201d, todos los detalles<\/p>\n\n\n\n<p>El\u00a0<strong>s\u00edndrome de Down\u00a0<\/strong>es una alteraci\u00f3n gen\u00e9tica cromos\u00f3mica y, seg\u00fan la Organizaci\u00f3n de las Naciones Unidas (ONU), su incidencia a nivel mundial \u201cse sit\u00faa entre 1 de cada 1.000 y 1 de cada 1.100 reci\u00e9n nacidos\u201d. La fecha para su conmemoraci\u00f3n,\u00a0<strong>21 de marzo<\/strong>, fue elegida por la ONU para simbolizar la\u00a0<strong>trisom\u00eda en el par 21<\/strong>\u00a0de los cromosomas.<a href=\"https:\/\/www.infobae.com\/salud\/2024\/03\/20\/cancer-de-colon-cuales-son-las-senales-de-advertencia-para-prestar-atencion\/\" target=\"_blank\" rel=\"noreferrer noopener\"><\/a><\/p>\n\n\n\n<p>Este s\u00edndrome tiene<strong>&nbsp;distintos tipos&nbsp;<\/strong>seg\u00fan su origen gen\u00e9tico: Trisom\u00eda 21, S\u00edndrome de Down por translocaci\u00f3n y S\u00edndrome de Down con mosaicismo. La&nbsp;<strong>trisom\u00eda 21<\/strong>, seg\u00fan los Centros para el Control y la Prevenci\u00f3n de Enfermedades de Estados Unidos, es el m\u00e1s com\u00fan. Durante el desarrollo embrionario, los cromosomas, que contienen el material gen\u00e9tico que va a determinar las caracter\u00edsticas f\u00edsicas y de formaci\u00f3n del individuo,&nbsp;<strong>mutan<\/strong>&nbsp;de tal manera que se genera un&nbsp;<strong>cromosoma extra<\/strong>&nbsp;en un grupo que, sin la alteraci\u00f3n, ser\u00eda conformado por solamente dos.<\/p>\n\n\n\n<p>Las otras dos formas son menos comunes. La&nbsp;<strong>traslocaci\u00f3n<\/strong>&nbsp;se presenta cuando ese cromosoma extra, o una parte del mismo, est\u00e1 ligado a otro cromosoma distinto a los del par 21. En el caso del&nbsp;<strong>mosaicismo<\/strong>&nbsp;algunas c\u00e9lulas tienen 3 cromosomas en el par 21, y otras no lo presentan.<\/p>\n\n\n\n<p><a href=\"https:\/\/www.infobae.com\/salud\/2023\/03\/31\/dengue-cuales-son-las-tres-fases-de-la-infeccion-y-cuando-acercarse-a-la-guardia-medica\/\" target=\"_blank\" rel=\"noreferrer noopener\"><\/a><\/p>\n\n\n\n<p>Desde la Organizaci\u00f3n Panamericana de la Salud (OPS) aclaran que el s\u00edndrome de Down \u201ces una condici\u00f3n de salud por una&nbsp;<strong>afecci\u00f3n gen\u00e9tica<\/strong>&nbsp;que puede o no tener otras afecciones o enfermedades, que va a depender de cada individuo con s\u00edndrome de Down\u201d.<\/p>\n\n\n\n<p><img loading=\"lazy\" decoding=\"async\" alt=\"Las tareas de ASDRA comprenden tambi\u00e9n la inclusi\u00f3n de las personas con s\u00edndrome de Down en el \u00e1mbito laboral (EFE)\" height=\"3368\" width=\"5000\" class=\"\" src=\"https:\/\/www.infobae.com\/new-resizer\/SBgAEdtOi2pGvMs0Y9r5X3w5mH0=\/420x280\/filters:format(webp):quality(85)\/cloudfront-us-east-1.images.arcpublishing.com\/infobae\/XRLQOZMWRNHATPG2V35U64LMGI.jpg%20420w\" srcset=\"https:\/\/www.infobae.com\/new-resizer\/SBgAEdtOi2pGvMs0Y9r5X3w5mH0=\/420x280\/filters:format(webp):quality(85)\/cloudfront-us-east-1.images.arcpublishing.com\/infobae\/XRLQOZMWRNHATPG2V35U64LMGI.jpg 420w,https:\/\/www.infobae.com\/new-resizer\/b-nZz27fo8wtUkm383ru7jURVZ0=\/768x512\/filters:format(webp):quality(85)\/cloudfront-us-east-1.images.arcpublishing.com\/infobae\/XRLQOZMWRNHATPG2V35U64LMGI.jpg 768w,https:\/\/www.infobae.com\/new-resizer\/y1myTWBxQCMXef831YD5neCFnGc=\/992x661\/filters:format(webp):quality(85)\/cloudfront-us-east-1.images.arcpublishing.com\/infobae\/XRLQOZMWRNHATPG2V35U64LMGI.jpg 992w,https:\/\/www.infobae.com\/new-resizer\/l0x_OxJCEluIOdsPd5Zb2g22Qdg=\/1200x800\/filters:format(webp):quality(85)\/cloudfront-us-east-1.images.arcpublishing.com\/infobae\/XRLQOZMWRNHATPG2V35U64LMGI.jpg 1200w,https:\/\/www.infobae.com\/new-resizer\/MiYgp3gBbFiGRMkYXUDK-DN1hb4=\/1440x960\/filters:format(webp):quality(85)\/cloudfront-us-east-1.images.arcpublishing.com\/infobae\/XRLQOZMWRNHATPG2V35U64LMGI.jpg 1440w\">Las tareas de ASDRA comprenden tambi\u00e9n la inclusi\u00f3n de las personas con s\u00edndrome de Down en el \u00e1mbito laboral (EFE)<\/p>\n\n\n\n<p>Las personas con esta condici\u00f3n sufren de\u00a0<strong>discriminaci\u00f3n\u00a0<\/strong>a diario, proveniente de la falta de entendimiento y comprensi\u00f3n. Francisco Bulit, presidente del Consejo Asesor de Personas con S\u00edndrome de Down de la Asociaci\u00f3n S\u00edndrome de Down de la Rep\u00fablica Argentina (ASDRA), sostiene: \u201c<strong>Tenemos los mismos derechos<\/strong>\u201d.<a href=\"https:\/\/www.infobae.com\/salud\/2024\/03\/20\/cual-era-el-superalimento-de-los-aztecas-rico-en-magnesio-que-ayuda-a-prevenir-el-envejecimiento\/\" target=\"_blank\" rel=\"noreferrer noopener\"><\/a><\/p>\n\n\n\n<p><strong>ASDRA&nbsp;<\/strong>est\u00e1 impulsando este a\u00f1o la campa\u00f1a \u201c<strong>Hagamos de la inclusi\u00f3n algo de todos los d\u00edas<\/strong>\u201d, para resaltar lo importante que es generar conciencia sobre esta condici\u00f3n en todo momento y en todos los \u00e1mbitos.<\/p>\n\n\n\n<p>Desde la asociaci\u00f3n explican los prop\u00f3sitos de las actividades: \u201cLlevamos adelante durante este mes distintas acciones para alentar a la comunidad a asumir conductas y actitudes que contribuyan a que las personas con s\u00edndrome de Down&nbsp;<strong>puedan vivir en igualdad de condiciones&nbsp;<\/strong>y con los apoyos necesarios\u201d. Las actividades incluyen tareas de inclusi\u00f3n laboral en empresas, charlas educativas en escuelas, y acciones en las canchas de f\u00fatbol, con la colaboraci\u00f3n de la Liga de F\u00fatbol.<\/p>\n\n\n\n<p><img loading=\"lazy\" decoding=\"async\" alt=\"La propuesta de utilizar dos medias de distinto color el 21 de marzo fue realizada por una ni\u00f1a con s\u00edndrome de Down en el a\u00f1o 2018\" height=\"1079\" width=\"1920\" class=\"\" src=\"https:\/\/www.infobae.com\/new-resizer\/BV9TcWc9cTpGKuiG5KE5OQn_peI=\/420x236\/filters:format(webp):quality(85)\/cloudfront-us-east-1.images.arcpublishing.com\/infobae\/VYZTQDFPOJCGPP6Y7XTVMQRPJM.jpg%20420w\" srcset=\"https:\/\/www.infobae.com\/new-resizer\/BV9TcWc9cTpGKuiG5KE5OQn_peI=\/420x236\/filters:format(webp):quality(85)\/cloudfront-us-east-1.images.arcpublishing.com\/infobae\/VYZTQDFPOJCGPP6Y7XTVMQRPJM.jpg 420w,https:\/\/www.infobae.com\/new-resizer\/2AFHRqZOv2pdziRxtAeuqyjTpFc=\/768x432\/filters:format(webp):quality(85)\/cloudfront-us-east-1.images.arcpublishing.com\/infobae\/VYZTQDFPOJCGPP6Y7XTVMQRPJM.jpg 768w,https:\/\/www.infobae.com\/new-resizer\/yb3xayaRrYqiHn0kWsNbHsTfm8A=\/992x558\/filters:format(webp):quality(85)\/cloudfront-us-east-1.images.arcpublishing.com\/infobae\/VYZTQDFPOJCGPP6Y7XTVMQRPJM.jpg 992w,https:\/\/www.infobae.com\/new-resizer\/EZ-ZKxLFHwq3jjlzXYI8HiVNArM=\/1200x675\/filters:format(webp):quality(85)\/cloudfront-us-east-1.images.arcpublishing.com\/infobae\/VYZTQDFPOJCGPP6Y7XTVMQRPJM.jpg 1200w,https:\/\/www.infobae.com\/new-resizer\/s0EWS9zXr1cbx2T5oQG2sf_4elA=\/1440x810\/filters:format(webp):quality(85)\/cloudfront-us-east-1.images.arcpublishing.com\/infobae\/VYZTQDFPOJCGPP6Y7XTVMQRPJM.jpg 1440w\">La propuesta de utilizar dos medias de distinto color el 21 de marzo fue realizada por una ni\u00f1a con s\u00edndrome de Down en el a\u00f1o 2018<\/p>\n\n\n\n<p>Tambi\u00e9n se realizar\u00e1 un evento en el&nbsp;<strong>Obelisco<\/strong>. Las personas que quieran postularse como voluntarias deber\u00e1n ir con una remera blanca alrededor de las 18:00hs del 21 de marzo. El monumento de la Ciudad de Buenos Aires se iluminar\u00e1 con el verde caracter\u00edstico que representa a la asociaci\u00f3n.<\/p>\n\n\n\n<p>En v\u00edsperas del&nbsp;<strong>d\u00eda Mundial del S\u00edndrome de Down<\/strong>&nbsp;es importante reflexionar sobre la&nbsp;<strong>inclusi\u00f3n social<\/strong>&nbsp;y tomar conciencia acerca de las medidas que se pueden adoptar para hacerlo. En 2018 una ni\u00f1a de tan solo cinco a\u00f1os, Chloe Lennon, hizo un video comentando distintas maneras de conmemorar. El enfoque de su discurso fue el impulsar que las personas usen \u201c<strong>medias disparejas<\/strong>\u201d con el fin de visibilizar el prop\u00f3sito de esta fecha. \u201cNuestras actitudes son fundamentales para la construcci\u00f3n de una&nbsp;<strong>sociedad inclusiva<\/strong>\u201d destac\u00f3 Valeria Follonier, presidente de ASDRA.<\/p>\n\n\n\n<p>A ra\u00edz de esto, la marca de medias y seamless Ciudadela se sum\u00f3 a promover la propuesta de usar dos medias de distinto color. Adem\u00e1s, de todas las ventas realizadas desde su p\u00e1gina web desde el 19 hasta el 21 de marzo&nbsp;<strong>donar\u00e1n el 40% a ASDRA<\/strong>&nbsp;para que puedan continuar con sus tareas de inclusi\u00f3n y concientizaci\u00f3n.<\/p>\n\n\n\n<p>Lucas Karagozian, director de Estrategia de la empresa due\u00f1a de Ciudadela, TN PLATEX, afirm\u00f3: \u201cEstamos muy contentos de acompa\u00f1ar a ASDRA desde esta acci\u00f3n y ayudar a concientizar en\u00a0<strong>la importancia de la inclusi\u00f3n<\/strong>\u201d.<\/p>\n\n\n\n<p>Fuente: https:\/\/www.infobae.com\/salud\/2024\/03\/20\/la-campana-que-impulsa-la-inclusion-social-de-las-personas-con-sindrome-de-down\/<\/p>\n","protected":false},"excerpt":{"rendered":"<p>La Asociaci\u00f3n S\u00edndrome de Down de la Rep\u00fablica Argentina dio a conocer varias maneras para generar actitudes inclusivas y concientizar. Desde charlas educativas hasta el uso de \u201cmedias disparejas\u201d, todos los detalles El\u00a0s\u00edndrome de Down\u00a0es una alteraci\u00f3n gen\u00e9tica cromos\u00f3mica y, seg\u00fan la Organizaci\u00f3n de las Naciones Unidas (ONU), su incidencia a nivel mundial \u201cse sit\u00faa [&hellip;]<\/p>\n","protected":false},"author":3,"featured_media":1031,"comment_status":"open","ping_status":"open","sticky":false,"template":"","format":"standard","meta":{"footnotes":""},"categories":[3,12],"tags":[427,527,464],"class_list":["post-1030","post","type-post","status-publish","format-standard","has-post-thumbnail","hentry","category-principal","category-sociedad","tag-campana","tag-inclusion-social","tag-sindrome-de-down"],"_links":{"self":[{"href":"https:\/\/noticiassaludables.com.ar\/index.php?rest_route=\/wp\/v2\/posts\/1030","targetHints":{"allow":["GET"]}}],"collection":[{"href":"https:\/\/noticiassaludables.com.ar\/index.php?rest_route=\/wp\/v2\/posts"}],"about":[{"href":"https:\/\/noticiassaludables.com.ar\/index.php?rest_route=\/wp\/v2\/types\/post"}],"author":[{"embeddable":true,"href":"https:\/\/noticiassaludables.com.ar\/index.php?rest_route=\/wp\/v2\/users\/3"}],"replies":[{"embeddable":true,"href":"https:\/\/noticiassaludables.com.ar\/index.php?rest_route=%2Fwp%2Fv2%2Fcomments&post=1030"}],"version-history":[{"count":1,"href":"https:\/\/noticiassaludables.com.ar\/index.php?rest_route=\/wp\/v2\/posts\/1030\/revisions"}],"predecessor-version":[{"id":1032,"href":"https:\/\/noticiassaludables.com.ar\/index.php?rest_route=\/wp\/v2\/posts\/1030\/revisions\/1032"}],"wp:featuredmedia":[{"embeddable":true,"href":"https:\/\/noticiassaludables.com.ar\/index.php?rest_route=\/wp\/v2\/media\/1031"}],"wp:attachment":[{"href":"https:\/\/noticiassaludables.com.ar\/index.php?rest_route=%2Fwp%2Fv2%2Fmedia&parent=1030"}],"wp:term":[{"taxonomy":"category","embeddable":true,"href":"https:\/\/noticiassaludables.com.ar\/index.php?rest_route=%2Fwp%2Fv2%2Fcategories&post=1030"},{"taxonomy":"post_tag","embeddable":true,"href":"https:\/\/noticiassaludables.com.ar\/index.php?rest_route=%2Fwp%2Fv2%2Ftags&post=1030"}],"curies":[{"name":"wp","href":"https:\/\/api.w.org\/{rel}","templated":true}]}}