{"id":1054,"date":"2024-03-22T12:06:22","date_gmt":"2024-03-22T15:06:22","guid":{"rendered":"https:\/\/noticiassaludables.com.ar\/?p=1054"},"modified":"2024-03-22T12:06:22","modified_gmt":"2024-03-22T15:06:22","slug":"lisboa-desembarca-en-la-feria-del-libro-de-buenos-aires","status":"publish","type":"post","link":"https:\/\/noticiassaludables.com.ar\/?p=1054","title":{"rendered":"Lisboa desembarca en la Feria del Libro de Buenos Aires"},"content":{"rendered":"\n<p>La capital portuguesa present\u00f3 su programaci\u00f3n de arte, m\u00fasica y literatura como \u201cciudad invitada\u201d al gran encuentro literario porte\u00f1o, que se realizar\u00e1 del 23 de abril al 13 de mayo en La Rural<\/p>\n\n\n\n<p>Este a\u00f1o, la Ciudad de Honor de la Feria del Libro de Buenos Aires ser\u00e1 Lisboa. \u00bfY qu\u00e9 sabemos de la capital portuguesa? Situada en la desembocadura del r\u00edo Tajo de la Europa continental, tiene poco m\u00e1s de medio mill\u00f3n de habitantes y una densidad cultural enorme.<\/p>\n\n\n\n<p><a href=\"https:\/\/www.infobae.com\/cultura\/2024\/03\/22\/lo-que-la-noche-le-cuenta-al-dia-una-muestra-colectiva-armonica-y-peligrosa\/\" target=\"_blank\" rel=\"noreferrer noopener\"><\/a><\/p>\n\n\n\n<figure class=\"wp-block-image\"><a href=\"https:\/\/www.infobae.com\/cultura\/2024\/03\/22\/lo-que-la-noche-le-cuenta-al-dia-una-muestra-colectiva-armonica-y-peligrosa\/\" target=\"_blank\" rel=\"noreferrer noopener\"><img decoding=\"async\" src=\"https:\/\/www.infobae.com\/new-resizer\/BNpi-RE-8QDjVCZ7dYJgkxO-SHY=\/1200x675\/filters:format(webp):quality(85)\/cloudfront-us-east-1.images.arcpublishing.com\/infobae\/SXPMIQEFIZDX5GRFKO5R5XUF7I.jpg\" alt=\"Fundaci\u00f3n Proa presenta una muestra arm\u00f3nica y peligrosa, como el arte mismo\"\/><\/a><\/figure>\n\n\n\n<p><a href=\"https:\/\/www.infobae.com\/cultura\/2024\/03\/22\/lo-que-la-noche-le-cuenta-al-dia-una-muestra-colectiva-armonica-y-peligrosa\/\" target=\"_blank\" rel=\"noreferrer noopener\">Te puede interesar:<strong>Fundaci\u00f3n Proa presenta una muestra arm\u00f3nica y peligrosa, como el arte mismo<\/strong><\/a><a href=\"https:\/\/www.infobae.com\/cultura\/2024\/03\/22\/lo-que-la-noche-le-cuenta-al-dia-una-muestra-colectiva-armonica-y-peligrosa\/\" target=\"_blank\" rel=\"noreferrer noopener\"><\/a><\/p>\n\n\n\n<p>\u201cAqu\u00ed acaba el mar y empieza la tierra\u201d, escribi\u00f3&nbsp;<strong>Jos\u00e9 Saramago&nbsp;<\/strong>en&nbsp;<em><strong>El a\u00f1o de la muerte de Ricardo Reis<\/strong><\/em>. Y&nbsp;<strong>Enrique Vila-Matas<\/strong>&nbsp;en&nbsp;<em><strong>El viaje vertical<\/strong><\/em>&nbsp;dijo: \u201cLaber\u00edntica, con miradores que ofrecen vistas extenuantes y con la eterna verdad vac\u00eda de su cielo, triste y cautivadora como ninguna, Lisboa es airosa en su serpentear, es una ciudad que a veces parece surgir como una serpiente surge de su piel (&#8230;) la ciudad blanca para algunos, la ciudad azul Atl\u00e1ntico para m\u00ed\u201d. A partir del 25 de abril tendremos una peque\u00f1a sede literaria de Lisboa en La Rural.<\/p>\n\n\n\n<p><img loading=\"lazy\" decoding=\"async\" alt=\"Jos\u00e9 Saramago ser\u00e1 homenajeado en la Feria del Libro de Buenos Aires\" height=\"440\" width=\"800\" class=\"\" src=\"https:\/\/www.infobae.com\/new-resizer\/Gy5XfigFvoxBhK7PI2801Kf51Hw=\/420x236\/filters:format(webp):quality(85)\/cloudfront-us-east-1.images.arcpublishing.com\/infobae\/GQ727XU2NFEXPGHLVR7TFDOCNI.jpg%20420w\" srcset=\"https:\/\/www.infobae.com\/new-resizer\/Gy5XfigFvoxBhK7PI2801Kf51Hw=\/420x236\/filters:format(webp):quality(85)\/cloudfront-us-east-1.images.arcpublishing.com\/infobae\/GQ727XU2NFEXPGHLVR7TFDOCNI.jpg 420w,https:\/\/www.infobae.com\/new-resizer\/fGLBbjJ4wOJIipPTECXxqY4CzDg=\/768x432\/filters:format(webp):quality(85)\/cloudfront-us-east-1.images.arcpublishing.com\/infobae\/GQ727XU2NFEXPGHLVR7TFDOCNI.jpg 768w,https:\/\/www.infobae.com\/new-resizer\/yTH9uDOSIgSUUPJoFmmxOc2DVhg=\/992x558\/filters:format(webp):quality(85)\/cloudfront-us-east-1.images.arcpublishing.com\/infobae\/GQ727XU2NFEXPGHLVR7TFDOCNI.jpg 992w,https:\/\/www.infobae.com\/new-resizer\/vs3BJbiQWqqbip9ILOl6gzure2Y=\/1200x675\/filters:format(webp):quality(85)\/cloudfront-us-east-1.images.arcpublishing.com\/infobae\/GQ727XU2NFEXPGHLVR7TFDOCNI.jpg 1200w,https:\/\/www.infobae.com\/new-resizer\/H6jR4-TQGaUU90cMgqPKynXLzvg=\/1440x810\/filters:format(webp):quality(85)\/cloudfront-us-east-1.images.arcpublishing.com\/infobae\/GQ727XU2NFEXPGHLVR7TFDOCNI.jpg 1440w\">Jos\u00e9 Saramago ser\u00e1 homenajeado en la Feria del Libro de Buenos Aires<\/p>\n\n\n\n<p>La programaci\u00f3n de Lisboa en la Feria del Libro de Buenos Aires 2024 fue presentada en un acto en el Sal\u00f3n Dorado del Ministerio de Cultura porte\u00f1a.&nbsp;<strong>Alejandro Vaccaro<\/strong>, presidente de la Fundaci\u00f3n El Libro, destac\u00f3 \u201cel compromiso de&nbsp;<strong>Carlos<\/strong>&nbsp;<strong>Moedas<\/strong>, Presidente de la C\u00e1mara Municipal de Lisboa, y de todo el excelente equipo profesional que hace posible el gran despliegue que tendr\u00e1 Lisboa como Ciudad Invitada\u201d, y subray\u00f3 \u201cla importancia de la enorme comitiva de escritores que formar\u00e1 parte de la programaci\u00f3n cultural de nuestra Feria\u201d.<\/p>\n\n\n\n<p><a href=\"https:\/\/www.infobae.com\/cultura\/2024\/03\/21\/lectores-de-editoriales-independientes-quienes-son-que-leen-y-como-eligen-los-libros\/\" target=\"_blank\" rel=\"noreferrer noopener\"><\/a><\/p>\n\n\n\n<figure class=\"wp-block-image\"><a href=\"https:\/\/www.infobae.com\/cultura\/2024\/03\/21\/lectores-de-editoriales-independientes-quienes-son-que-leen-y-como-eligen-los-libros\/\" target=\"_blank\" rel=\"noreferrer noopener\"><img decoding=\"async\" src=\"https:\/\/www.infobae.com\/new-resizer\/OJOEPEY6OHZl_L9zG5tm21l-tWI=\/1200x675\/filters:format(webp):quality(85)\/cloudfront-us-east-1.images.arcpublishing.com\/infobae\/IT6HBGTSCRHJDDZU5DWQTI2KZU.jpg\" alt=\"Lectores de editoriales independientes: qui\u00e9nes son, qu\u00e9 leen y c\u00f3mo eligen los libros\"\/><\/a><\/figure>\n\n\n\n<p><a href=\"https:\/\/www.infobae.com\/cultura\/2024\/03\/21\/lectores-de-editoriales-independientes-quienes-son-que-leen-y-como-eligen-los-libros\/\" target=\"_blank\" rel=\"noreferrer noopener\">Te puede interesar:<strong>Lectores de editoriales independientes: qui\u00e9nes son, qu\u00e9 leen y c\u00f3mo eligen los libros<\/strong><\/a><a href=\"https:\/\/www.infobae.com\/cultura\/2024\/03\/21\/lectores-de-editoriales-independientes-quienes-son-que-leen-y-como-eligen-los-libros\/\" target=\"_blank\" rel=\"noreferrer noopener\"><\/a><\/p>\n\n\n\n<p>\u201cEsta invitaci\u00f3n que mucho nos honra constituye una oportunidad \u00fanica para promover un ba\u00f1o de cultura entre las ciudades de Lisboa y Buenos Aires, y quiz\u00e1 entre Portugal y Argentina\u201d, agreg\u00f3&nbsp;<strong>Jos\u00e9 Frederico Ludovice<\/strong>, Embajador de Portugal en Argentina.<\/p>\n\n\n\n<p>\u201cLos v\u00ednculos literarios entre Buenos Aires y Lisboa son enormes\u201d, expres\u00f3&nbsp;<strong>Gabriela Ricardes<\/strong>, ministra de Cultura de la Ciudad. Y agreg\u00f3: \u201cCreo que es maravilloso que en esta edici\u00f3n 48 de la Feria del Libro se ponga en relieve, se ponga en valor, que son dos ciudades hermanadas por sus librer\u00edas. A Buenos Aires y Lisboa las identifica esta calidad de acercamiento que tienen con respecto a sus lectores, a sus escritores y librer\u00edas, al acceso a su red de bibliotecas, a la posibilidad que dan ambas ciudades, llenas de puertas de entrada para que la gente se acerque a los libros\u201d.<\/p>\n\n\n\n<p><a href=\"https:\/\/www.infobae.com\/cultura\/2024\/03\/20\/el-festival-de-canes-combina-el-amor-por-el-cine-y-los-perros\/\" target=\"_blank\" rel=\"noreferrer noopener\"><\/a><\/p>\n\n\n\n<p><a href=\"https:\/\/www.infobae.com\/cultura\/2024\/03\/20\/el-festival-de-canes-combina-el-amor-por-el-cine-y-los-perros\/\" target=\"_blank\" rel=\"noreferrer noopener\">Te puede interesar:<strong>El \u201cFestival de Canes\u201d combina el amor por el cine y los perros<\/strong><\/a><a href=\"https:\/\/www.infobae.com\/cultura\/2024\/03\/20\/el-festival-de-canes-combina-el-amor-por-el-cine-y-los-perros\/\" target=\"_blank\" rel=\"noreferrer noopener\"><\/a><\/p>\n\n\n\n<p><img loading=\"lazy\" decoding=\"async\" alt=\"Lisboa es la Ciudad Invitada en la Feria del Libro de Buenos Aires\" height=\"1079\" width=\"1920\" class=\"\" src=\"https:\/\/www.infobae.com\/new-resizer\/A6bbAU3t8gAVFxAEI1LSH40J3wM=\/420x236\/filters:format(webp):quality(85)\/cloudfront-us-east-1.images.arcpublishing.com\/infobae\/JXNJI6M3IVF3LGYEOO7IJW55M4.JPG%20420w\" srcset=\"https:\/\/www.infobae.com\/new-resizer\/A6bbAU3t8gAVFxAEI1LSH40J3wM=\/420x236\/filters:format(webp):quality(85)\/cloudfront-us-east-1.images.arcpublishing.com\/infobae\/JXNJI6M3IVF3LGYEOO7IJW55M4.JPG 420w,https:\/\/www.infobae.com\/new-resizer\/2bTatQ_9xTUYPv2rwbCkxvYLmrI=\/768x432\/filters:format(webp):quality(85)\/cloudfront-us-east-1.images.arcpublishing.com\/infobae\/JXNJI6M3IVF3LGYEOO7IJW55M4.JPG 768w,https:\/\/www.infobae.com\/new-resizer\/3_lfv8F9ByiVqeIRr9PnGM5U7SU=\/992x558\/filters:format(webp):quality(85)\/cloudfront-us-east-1.images.arcpublishing.com\/infobae\/JXNJI6M3IVF3LGYEOO7IJW55M4.JPG 992w,https:\/\/www.infobae.com\/new-resizer\/4L6sqPxUYnHwSsEwX57N33QtWrQ=\/1200x675\/filters:format(webp):quality(85)\/cloudfront-us-east-1.images.arcpublishing.com\/infobae\/JXNJI6M3IVF3LGYEOO7IJW55M4.JPG 1200w,https:\/\/www.infobae.com\/new-resizer\/1SiW3xuy1PfUatUXbNu7wFHLE5A=\/1440x810\/filters:format(webp):quality(85)\/cloudfront-us-east-1.images.arcpublishing.com\/infobae\/JXNJI6M3IVF3LGYEOO7IJW55M4.JPG 1440w\">Lisboa es la Ciudad Invitada en la Feria del Libro de Buenos Aires<\/p>\n\n\n\n<p>Cuando la gran Feria inicie \u2014se llevar\u00e1 a cabo del 25 de abril al 13 de mayo\u2014, los asistentes ingresen al predio por el cl\u00e1sico t\u00fanel notar\u00e1n el color portugu\u00e9s. Los ilustradores&nbsp;<strong>Andr\u00e9 Letria&nbsp;<\/strong>y&nbsp;<strong>Sara Feio&nbsp;<\/strong>lo intervendr\u00e1n de forma art\u00edstica con diez im\u00e1genes de Lisboa. La curadur\u00eda a cargo de las acciones de Lisboa es la escritora y actriz&nbsp;<strong>Carla Quevedo<\/strong>.<\/p>\n\n\n\n<p>Entre sus hitos culturales, Lisboa tiene a la librer\u00eda m\u00e1s antigua del mundo: se llama Bertrand, est\u00e1 ubicada en el barrio de Chiado y fue fundada en el a\u00f1o 1732 por el librero franc\u00e9s&nbsp;<strong>Pedro Faure<\/strong>. Lisboa tiene tambi\u00e9n dos de los grandes escritores de nuestra historia:&nbsp;<strong>Fernando<\/strong>&nbsp;<strong>Pessoa<\/strong>, poeta, dramaturgo y fil\u00f3sofo \u2014<strong>Harold Bloom<\/strong>&nbsp;lo llam\u00f3 el \u201cWhitman renacido\u201d\u2014, y&nbsp;<strong>Jos\u00e9 Saramago<\/strong>, que si bien naci\u00f3 en un pueblito llamado Ribatejo, se mud\u00f3 a la capital con su familia cuando ten\u00eda tres a\u00f1os y all\u00ed pas\u00f3 la mayor parte de su vida. Ambos autores ser\u00e1n homenajeados en esta edici\u00f3n.<\/p>\n\n\n\n<p><img loading=\"lazy\" decoding=\"async\" alt=\"Fernando Pessoa, poeta, dramaturgo y fil\u00f3sofo. Harold Bloom lo llam\u00f3 el \u201cWhitman renacido\u201d \" height=\"1279\" width=\"1080\" class=\"\" src=\"https:\/\/www.infobae.com\/new-resizer\/EfWSMSXcOhiiD6dfnB8hKr6zvCI=\/420x560\/filters:format(webp):quality(85)\/cloudfront-us-east-1.images.arcpublishing.com\/infobae\/4NEZFDRNTVF5PHYMTKY7GTS2R4.jpg%20420w\" srcset=\"https:\/\/www.infobae.com\/new-resizer\/EfWSMSXcOhiiD6dfnB8hKr6zvCI=\/420x560\/filters:format(webp):quality(85)\/cloudfront-us-east-1.images.arcpublishing.com\/infobae\/4NEZFDRNTVF5PHYMTKY7GTS2R4.jpg 420w,https:\/\/www.infobae.com\/new-resizer\/oHsXVKy5D6JxBRYIFE58NPCO0nE=\/768x1024\/filters:format(webp):quality(85)\/cloudfront-us-east-1.images.arcpublishing.com\/infobae\/4NEZFDRNTVF5PHYMTKY7GTS2R4.jpg 768w,https:\/\/www.infobae.com\/new-resizer\/S4EyMMIgMzSlbrZPJz_cNl_w4Ss=\/992x1323\/filters:format(webp):quality(85)\/cloudfront-us-east-1.images.arcpublishing.com\/infobae\/4NEZFDRNTVF5PHYMTKY7GTS2R4.jpg 992w,https:\/\/www.infobae.com\/new-resizer\/VufU5PsDodN9mUEqEowbHpG3U3I=\/1200x1600\/filters:format(webp):quality(85)\/cloudfront-us-east-1.images.arcpublishing.com\/infobae\/4NEZFDRNTVF5PHYMTKY7GTS2R4.jpg 1200w\">Fernando Pessoa, poeta, dramaturgo y fil\u00f3sofo. Harold Bloom lo llam\u00f3 el \u201cWhitman renacido\u201d<\/p>\n\n\n\n<p>Entre las actividades habr\u00e1 varias conversaciones: entre&nbsp;<strong>Mart\u00edn Kohan&nbsp;<\/strong>y<strong>&nbsp;Bruno Vieira Amaral&nbsp;<\/strong>sobre f\u00fatbol y literatura, entre&nbsp;<strong>Claudia Pi\u00f1eiro<\/strong>&nbsp;y&nbsp;<strong>Francisco Jos\u00e9 Viegas<\/strong>&nbsp;sobre la novela policial, entre&nbsp;<strong>Florencia Canale&nbsp;<\/strong>e&nbsp;<strong>Isabel Stilwell&nbsp;<\/strong>sobre la novela hist\u00f3rica, entre&nbsp;<strong>Yara Nakahanda Monteiro&nbsp;<\/strong>y&nbsp;<strong>Ana Wajszcuk&nbsp;<\/strong>sobre la influencia art\u00edstica, entre&nbsp;<strong>Dar\u00edo Sztajnszrajber, Bruno Vieira Amaral&nbsp;<\/strong>y&nbsp;<strong>Pedro Mexia<\/strong>&nbsp;sobre los v\u00ednculos entre lisboetas y porte\u00f1os, entre<strong>&nbsp;Lidia Jorge<\/strong>&nbsp;y&nbsp;<strong>Jorge Sigal<\/strong>&nbsp;sobre literatura y poder, y entre&nbsp;<strong>Paula Bombara&nbsp;<\/strong>y<strong>&nbsp;Andr\u00e9 Letria<\/strong>&nbsp;sobre los libros de la infancia.<\/p>\n\n\n\n<p>Tambi\u00e9n habr\u00e1 un encuentro a cargo de&nbsp;<strong>Ana Barata<\/strong>&nbsp;bajo la pregunta \u201c\u00bfCu\u00e1ntas lecturas caben en un libro de artista?\u201d, y otro de&nbsp;<strong>Sonia Casqui\u00e7o<\/strong>&nbsp;sobre el oficio de la conservaci\u00f3n y la preservaci\u00f3n de obras. Adem\u00e1s del enorme stand que se montar\u00e1 en La Rural, Lisboa tambi\u00e9n ser\u00e1 tema en las actividades que realicen otros espacios, como la Biblioteca Nacional Mariano Moreno, que presentar\u00e1 la Colecci\u00f3n de libros de artista de la Biblioteca de Arte de la Fundaci\u00f3n Calouste Gulbenkian donde se incluyen obras de&nbsp;<strong>Lourdes Castro, Ren\u00e9 Bertholo, Carlos Bunga, Isabel Baraona, Catarina Leit\u00e3o<\/strong>&nbsp;y<strong>&nbsp;Alberto Picco<\/strong>.<\/p>\n\n\n\n<p>Como Lisboa es una ciudad musical, hay actividades para escucha: el pianista Artur Pizarro se presentar\u00e1 en el Teatro Col\u00f3n el 6 de mayo, la Lisbon Poetry Orchestra presentar\u00e1&nbsp;<em><strong>Los surrealistas<\/strong><\/em>&nbsp;en la sala Hern\u00e1ndez el 27 de abril, y Rodrigo Le\u00e3o har\u00e1 lo suyo en La Usina del Arte.<\/p>\n\n\n\n<p><img loading=\"lazy\" decoding=\"async\" alt=\"Alejandro Vaccaro, Gabriela Ricardes, y Jos\u00e9 Frederico Ludovice\" height=\"1279\" width=\"1920\" class=\"\" src=\"https:\/\/www.infobae.com\/new-resizer\/G-WWFrFfoB7KNRZFWng96u6ubVE=\/420x280\/filters:format(webp):quality(85)\/cloudfront-us-east-1.images.arcpublishing.com\/infobae\/XPJVMORTGRGQLDK4YCCCQURBGQ.jpg%20420w\" srcset=\"https:\/\/www.infobae.com\/new-resizer\/G-WWFrFfoB7KNRZFWng96u6ubVE=\/420x280\/filters:format(webp):quality(85)\/cloudfront-us-east-1.images.arcpublishing.com\/infobae\/XPJVMORTGRGQLDK4YCCCQURBGQ.jpg 420w,https:\/\/www.infobae.com\/new-resizer\/BnBH33p04Khpb8LLBqtcAiBxEmc=\/768x512\/filters:format(webp):quality(85)\/cloudfront-us-east-1.images.arcpublishing.com\/infobae\/XPJVMORTGRGQLDK4YCCCQURBGQ.jpg 768w,https:\/\/www.infobae.com\/new-resizer\/VfjOvjfAajfmsOHVuBgiRWAi--I=\/992x661\/filters:format(webp):quality(85)\/cloudfront-us-east-1.images.arcpublishing.com\/infobae\/XPJVMORTGRGQLDK4YCCCQURBGQ.jpg 992w,https:\/\/www.infobae.com\/new-resizer\/uVCJcAmxkKR-9Lk1lBM8yDdL98Q=\/1200x800\/filters:format(webp):quality(85)\/cloudfront-us-east-1.images.arcpublishing.com\/infobae\/XPJVMORTGRGQLDK4YCCCQURBGQ.jpg 1200w,https:\/\/www.infobae.com\/new-resizer\/PxJElkQUcJ2pHWE5TyrQGulvT8w=\/1440x960\/filters:format(webp):quality(85)\/cloudfront-us-east-1.images.arcpublishing.com\/infobae\/XPJVMORTGRGQLDK4YCCCQURBGQ.jpg 1440w\">Alejandro Vaccaro, Gabriela Ricardes, y Jos\u00e9 Frederico Ludovice<\/p>\n\n\n\n<p><em><strong>Tomemos la palabra y la iniciativa los ciudadanos de a pie<\/strong><\/em>&nbsp;es el nombre de la exposici\u00f3n que la Fundaci\u00f3n Jos\u00e9 Saramago y la Organizaci\u00f3n de Estados Iberoamericanos presentar\u00e1n en la Biblioteca del Congreso, con fotograf\u00edas de&nbsp;<strong>Gervasio S\u00e1nchez<\/strong>, a 75 a\u00f1os de la Declaraci\u00f3n Universal de los Derechos Humanos y 25 de la concesi\u00f3n del Premio Nobel a Jos\u00e9 Saramago.<\/p>\n\n\n\n<p>El cl\u00e1sico de Pessoa,&nbsp;<em><strong>Libro de desasosiego<\/strong><\/em>, ser\u00e1 celebrado en la Casa Fernando Pessoa desde el 25 de abril con una gran muestra. Dos d\u00edas despu\u00e9s, el 27, dialogar\u00e1n&nbsp;<strong>Jer\u00f3nimo Pizarro, Caio Gagliardi, Antonio S\u00e1ez Delgado&nbsp;<\/strong>y<strong>&nbsp;Santiago Kovadloff<\/strong>&nbsp;en la sala Carlos Gorostiza de la Feria. Otra perla portuguesa ser\u00e1&nbsp;<em><strong>Palavras en Movimento<\/strong><\/em>, la muestra dedicada a Lisboa que se inaugurar\u00e1 el 30 de abril en la sala Leopoldo Lugones.<\/p>\n\n\n\n<p>Fuente: https:\/\/www.infobae.com\/cultura\/2024\/03\/22\/lisboa-arte-y-literatura-de-la-ciudad-invitada-en-la-feria-del-libro-de-buenos-aires\/<\/p>\n","protected":false},"excerpt":{"rendered":"<p>La capital portuguesa present\u00f3 su programaci\u00f3n de arte, m\u00fasica y literatura como \u201cciudad invitada\u201d al gran encuentro literario porte\u00f1o, que se realizar\u00e1 del 23 de abril al 13 de mayo en La Rural Este a\u00f1o, la Ciudad de Honor de la Feria del Libro de Buenos Aires ser\u00e1 Lisboa. \u00bfY qu\u00e9 sabemos de la capital [&hellip;]<\/p>\n","protected":false},"author":3,"featured_media":1055,"comment_status":"open","ping_status":"open","sticky":false,"template":"","format":"standard","meta":{"footnotes":""},"categories":[11,12,10],"tags":[540,539],"class_list":["post-1054","post","type-post","status-publish","format-standard","has-post-thumbnail","hentry","category-agenda","category-sociedad","category-tendencia","tag-feria-del-libro-de-buenos-aires","tag-lisboa"],"_links":{"self":[{"href":"https:\/\/noticiassaludables.com.ar\/index.php?rest_route=\/wp\/v2\/posts\/1054","targetHints":{"allow":["GET"]}}],"collection":[{"href":"https:\/\/noticiassaludables.com.ar\/index.php?rest_route=\/wp\/v2\/posts"}],"about":[{"href":"https:\/\/noticiassaludables.com.ar\/index.php?rest_route=\/wp\/v2\/types\/post"}],"author":[{"embeddable":true,"href":"https:\/\/noticiassaludables.com.ar\/index.php?rest_route=\/wp\/v2\/users\/3"}],"replies":[{"embeddable":true,"href":"https:\/\/noticiassaludables.com.ar\/index.php?rest_route=%2Fwp%2Fv2%2Fcomments&post=1054"}],"version-history":[{"count":1,"href":"https:\/\/noticiassaludables.com.ar\/index.php?rest_route=\/wp\/v2\/posts\/1054\/revisions"}],"predecessor-version":[{"id":1056,"href":"https:\/\/noticiassaludables.com.ar\/index.php?rest_route=\/wp\/v2\/posts\/1054\/revisions\/1056"}],"wp:featuredmedia":[{"embeddable":true,"href":"https:\/\/noticiassaludables.com.ar\/index.php?rest_route=\/wp\/v2\/media\/1055"}],"wp:attachment":[{"href":"https:\/\/noticiassaludables.com.ar\/index.php?rest_route=%2Fwp%2Fv2%2Fmedia&parent=1054"}],"wp:term":[{"taxonomy":"category","embeddable":true,"href":"https:\/\/noticiassaludables.com.ar\/index.php?rest_route=%2Fwp%2Fv2%2Fcategories&post=1054"},{"taxonomy":"post_tag","embeddable":true,"href":"https:\/\/noticiassaludables.com.ar\/index.php?rest_route=%2Fwp%2Fv2%2Ftags&post=1054"}],"curies":[{"name":"wp","href":"https:\/\/api.w.org\/{rel}","templated":true}]}}