{"id":106,"date":"2022-11-27T21:19:57","date_gmt":"2022-11-28T00:19:57","guid":{"rendered":"https:\/\/noticiassaludables.com.ar\/?p=106"},"modified":"2022-11-27T21:57:30","modified_gmt":"2022-11-28T00:57:30","slug":"el-ministerio-de-salud-convoco-mesa-de-trabajo-para-avanzar-con-la-ley-de-promocion-de-la-alimentacion-saludable","status":"publish","type":"post","link":"https:\/\/noticiassaludables.com.ar\/?p=106","title":{"rendered":"El Ministerio de Salud convoc\u00f3 mesa de trabajo para avanzar con la Ley de Promoci\u00f3n de la Alimentaci\u00f3n Saludable"},"content":{"rendered":"\n<p>Luego de la sanci\u00f3n de la Ley de Promoci\u00f3n de la Alimentaci\u00f3n Saludable, tambi\u00e9n conocida como Ley de Etiquetado Frontal, Carla Vizzotti, ministra de Salud de la Naci\u00f3n, convoco a la primera reuni\u00f3n de la mesa de trabajo de la que surgir\u00e1 la reglamentaci\u00f3n, en la que participaron distintos organismos gubernamentales y organizaciones internacionales.<\/p>\n\n\n\n<p>\u201cEs muy importante esta reuni\u00f3n de trabajo, de puesta en com\u00fan, para poder avanzar de manera consensuada y lograr una reglamentaci\u00f3n oportuna para su pronta implementaci\u00f3n\u201d, afirm\u00f3 la ministra.<\/p>\n\n\n\n<p>Vizzotti hizo menci\u00f3n la importancia de contar con esta mesa de trabajo diversa e interdisciplinaria y destac\u00f3 que \u201chay tres ministerios representados: Agricultura, Ganader\u00eda y Pesca; Desarrollo Productivo; y Salud\u201d, como as\u00ed tambi\u00e9n representantes de la Administraci\u00f3n Nacional de Medicamentos, Alimentos y Tecnolog\u00eda M\u00e9dica (ANMAT), del Instituto Nacional de Alimentos (INAL), de la Organizaci\u00f3n Panamericana de Salud (OPS\/OMS) y de UNICEF. Adem\u00e1s, se incluir\u00e1 al Ministerio de Educaci\u00f3n de la Naci\u00f3n y a un representante de la sociedad civil.<\/p>\n\n\n\n<p>Durante la reuni\u00f3n, el secretario de Alimentos, Bioeconom\u00eda y Desarrollo Regional del Ministerio de Agricultura, Ganader\u00eda y Pesca, Marcelo Al\u00f3s, propuso para la reglamentaci\u00f3n tener en cuenta el trabajo que se llev\u00f3 adelante durante m\u00e1s de un a\u00f1o en la Comisi\u00f3n Nacional de Alimentos (CONAL) \u201cya que tiene una mirada federal y el consenso de las provincias\u201d.<\/p>\n\n\n\n<p>A su vez, la ministra Vizzotti subray\u00f3 la importancia de la CONAL por la participaci\u00f3n de las distintas jurisdicciones y adem\u00e1s propuso llevar el tema a las reuniones del Consejo Federal de Salud.<\/p>\n\n\n\n<p>En este sentido, el titular de la ANMAT, Manuel Limeres, insisti\u00f3 en el car\u00e1cter federal de la CONAL y en la importancia de pensar en las cuestiones operativas con el objetivo de que la ley se cumpla.<\/p>\n","protected":false},"excerpt":{"rendered":"<p>Luego de la sanci\u00f3n de la Ley de Promoci\u00f3n de la Alimentaci\u00f3n Saludable, tambi\u00e9n conocida como Ley de Etiquetado Frontal, Carla Vizzotti, ministra de Salud de la Naci\u00f3n, convoco a la primera reuni\u00f3n de la mesa de trabajo de la que surgir\u00e1 la reglamentaci\u00f3n, en la que participaron distintos organismos gubernamentales y organizaciones internacionales. \u201cEs [&hellip;]<\/p>\n","protected":false},"author":2,"featured_media":107,"comment_status":"open","ping_status":"open","sticky":false,"template":"","format":"standard","meta":{"footnotes":""},"categories":[6,4],"tags":[28],"class_list":["post-106","post","type-post","status-publish","format-standard","has-post-thumbnail","hentry","category-alimentacion","category-bienestar","tag-ministerio-de-salud"],"_links":{"self":[{"href":"https:\/\/noticiassaludables.com.ar\/index.php?rest_route=\/wp\/v2\/posts\/106","targetHints":{"allow":["GET"]}}],"collection":[{"href":"https:\/\/noticiassaludables.com.ar\/index.php?rest_route=\/wp\/v2\/posts"}],"about":[{"href":"https:\/\/noticiassaludables.com.ar\/index.php?rest_route=\/wp\/v2\/types\/post"}],"author":[{"embeddable":true,"href":"https:\/\/noticiassaludables.com.ar\/index.php?rest_route=\/wp\/v2\/users\/2"}],"replies":[{"embeddable":true,"href":"https:\/\/noticiassaludables.com.ar\/index.php?rest_route=%2Fwp%2Fv2%2Fcomments&post=106"}],"version-history":[{"count":1,"href":"https:\/\/noticiassaludables.com.ar\/index.php?rest_route=\/wp\/v2\/posts\/106\/revisions"}],"predecessor-version":[{"id":108,"href":"https:\/\/noticiassaludables.com.ar\/index.php?rest_route=\/wp\/v2\/posts\/106\/revisions\/108"}],"wp:featuredmedia":[{"embeddable":true,"href":"https:\/\/noticiassaludables.com.ar\/index.php?rest_route=\/wp\/v2\/media\/107"}],"wp:attachment":[{"href":"https:\/\/noticiassaludables.com.ar\/index.php?rest_route=%2Fwp%2Fv2%2Fmedia&parent=106"}],"wp:term":[{"taxonomy":"category","embeddable":true,"href":"https:\/\/noticiassaludables.com.ar\/index.php?rest_route=%2Fwp%2Fv2%2Fcategories&post=106"},{"taxonomy":"post_tag","embeddable":true,"href":"https:\/\/noticiassaludables.com.ar\/index.php?rest_route=%2Fwp%2Fv2%2Ftags&post=106"}],"curies":[{"name":"wp","href":"https:\/\/api.w.org\/{rel}","templated":true}]}}