{"id":1068,"date":"2024-03-26T11:23:07","date_gmt":"2024-03-26T14:23:07","guid":{"rendered":"https:\/\/noticiassaludables.com.ar\/?p=1068"},"modified":"2024-03-26T11:23:08","modified_gmt":"2024-03-26T14:23:08","slug":"dia-mundial-de-prevencion-del-cancer-de-cuello-uterino","status":"publish","type":"post","link":"https:\/\/noticiassaludables.com.ar\/?p=1068","title":{"rendered":"D\u00eda Mundial de Prevenci\u00f3n del C\u00e1ncer de Cuello Uterino"},"content":{"rendered":"\n<p>En esta efem\u00e9ride internacional los expertos llaman a hacer consultas profesionales a tiempo para abordar correctamente la patolog\u00eda. Cu\u00e1les son los signos y s\u00edntomas de alerta, y los tests que mostraron mayor efectividad<\/p>\n\n\n\n<p>Este\u00a0<strong>martes 26 de marzo\u00a0<\/strong>es el\u00a0<strong>D\u00eda Mundial de Prevenci\u00f3n del C\u00e1ncer de Cuello Uterino.<\/strong>\u00a0La\u00a0<strong>Organizaci\u00f3n Mundial de la Salud (OMS)<\/strong>\u00a0registra que este es \u201cel\u00a0<strong>cuarto tipo de c\u00e1ncer m\u00e1s frecuente en las mujeres\u00a0<\/strong>de todo el mundo, con una incidencia estimada de\u00a0<strong>604.000 nuevos casos\u00a0<\/strong>y\u00a0<strong>342.000 muertes<\/strong>\u201d al a\u00f1o.<a href=\"https:\/\/www.infobae.com\/salud\/2024\/03\/26\/epilepsia-cuales-son-los-mitos-y-verdades-sobre-la-enfermedad-neurologica-mas-frecuente-en-los-ninos\/\" target=\"_blank\" rel=\"noreferrer noopener\"><\/a><\/p>\n\n\n\n<p>Esta enfermedad es causada por el&nbsp;<strong>crecimiento descontrolado de las c\u00e9lulas del cuello del \u00fatero.<\/strong>&nbsp;\u201cTiene su origen en una&nbsp;<strong>infecci\u00f3n persistente por el virus del papiloma humano (VPH)<\/strong>, que es una infecci\u00f3n com\u00fan de<strong>&nbsp;transmisi\u00f3n sexual&nbsp;<\/strong>que puede afectar a la piel, la zona genital y la garganta\u201d, agregan desde la OMS. Y remarcan que este c\u00e1ncer puede curarse \u201csi se diagnostica en un estadio temprano y se trata con prontitud\u201d.<\/p>\n\n\n\n<p>Por lo tanto, en esta efem\u00e9ride, los expertos hacen hincapi\u00e9 en realizar<strong>&nbsp;las consultas profesionales a tiempo para abordar correctamente la patolog\u00eda<\/strong>. \u201cCuando se presentan<strong>&nbsp;s\u00edntomas o preocupaciones<\/strong>&nbsp;a cualquier edad, la detecci\u00f3n precoz seguida de un tratamiento r\u00e1pido y de calidad puede curar el c\u00e1ncer de cuello uterino\u201d, dice la OMS.<\/p>\n\n\n\n<p><a href=\"https:\/\/www.infobae.com\/salud\/2024\/03\/26\/cual-es-el-habito-menos-pensado-que-puede-ayudar-a-superar-una-ruptura-de-pareja\/\" target=\"_blank\" rel=\"noreferrer noopener\"><\/a><\/p>\n\n\n\n<p><img loading=\"lazy\" decoding=\"async\" alt=\"Causado por el VPH, el c\u00e1ncer de cuello uterino representa el cuarto tipo de c\u00e1ncer m\u00e1s frecuente entre las mujeres a nivel global, con un impacto significativo en la salud femenina (Getty)\" height=\"3159\" width=\"5616\" class=\"\" src=\"https:\/\/www.infobae.com\/new-resizer\/p4afa3hbqY9ZBuEfHMQ6RP-upLE=\/420x236\/filters:format(webp):quality(85)\/cloudfront-us-east-1.images.arcpublishing.com\/infobae\/ZXJXFGZRDBBMHJJHDHWKVMPKTQ.jpg%20420w\" srcset=\"https:\/\/www.infobae.com\/new-resizer\/p4afa3hbqY9ZBuEfHMQ6RP-upLE=\/420x236\/filters:format(webp):quality(85)\/cloudfront-us-east-1.images.arcpublishing.com\/infobae\/ZXJXFGZRDBBMHJJHDHWKVMPKTQ.jpg 420w,https:\/\/www.infobae.com\/new-resizer\/_HpN040tI8SKXM85VrutqxX5xRk=\/768x432\/filters:format(webp):quality(85)\/cloudfront-us-east-1.images.arcpublishing.com\/infobae\/ZXJXFGZRDBBMHJJHDHWKVMPKTQ.jpg 768w,https:\/\/www.infobae.com\/new-resizer\/ejGI5q84U0gP3srmT4PsI_jVHOk=\/992x558\/filters:format(webp):quality(85)\/cloudfront-us-east-1.images.arcpublishing.com\/infobae\/ZXJXFGZRDBBMHJJHDHWKVMPKTQ.jpg 992w,https:\/\/www.infobae.com\/new-resizer\/WiFEiYg6QgAb3KAH53fauv42sb4=\/1200x675\/filters:format(webp):quality(85)\/cloudfront-us-east-1.images.arcpublishing.com\/infobae\/ZXJXFGZRDBBMHJJHDHWKVMPKTQ.jpg 1200w,https:\/\/www.infobae.com\/new-resizer\/5og3KiH5bmo7LUneKkdapOqRJfA=\/1440x810\/filters:format(webp):quality(85)\/cloudfront-us-east-1.images.arcpublishing.com\/infobae\/ZXJXFGZRDBBMHJJHDHWKVMPKTQ.jpg 1440w\">Causado por el VPH, el c\u00e1ncer de cuello uterino representa el cuarto tipo de c\u00e1ncer m\u00e1s frecuente entre las mujeres a nivel global, con un impacto significativo en la salud femenina (Getty)<\/p>\n\n\n\n<p>Para el doctor<strong>&nbsp;Andr\u00e9s Humphreys<\/strong>&nbsp;(MN 8796), jefe de la secci\u00f3n de Patolog\u00eda del Tracto Genital Inferior del servicio de Ginecolog\u00eda del Hospital Brit\u00e1nico de Buenos Aires, plantea que el c\u00e1ncer del cuello uterino \u201ces una enfermedad casi completamente prevenible. El culpable de este c\u00e1ncer es un virus llamado VPH, una infecci\u00f3n que casi todos quienes somos sexualmente activos, hemos contra\u00eddo o vamos a contraer en alg\u00fan momento de nuestras vidas y que, generalmente, nuestro sistema inmune resolver\u00e1\u201d.<\/p>\n\n\n\n<p>La&nbsp;<strong>OMS<\/strong>&nbsp;advierte que hasta un&nbsp;<strong>95% de los casos de c\u00e1ncer de cuello uterino<\/strong>&nbsp;se asocian a una infecci\u00f3n persistente por el&nbsp;<strong>Virus del Papiloma Humano (VPH)<\/strong>, que no ha sido debidamente tratada en el tracto genital inferior femenino. Esta patolog\u00eda puede tardar entre&nbsp;<strong>15 y 20 a\u00f1os<\/strong>&nbsp;en desarrollarse en c\u00e9lulas cancer\u00edgenas, pero este per\u00edodo puede reducirse a entre&nbsp;<strong>5 y 10 a\u00f1os<\/strong>&nbsp;en individuos con sistemas inmunol\u00f3gicos comprometidos, como aquellos que padecen de&nbsp;<strong>VIH<\/strong>&nbsp;sin tratamiento.<\/p>\n\n\n\n<p><a href=\"https:\/\/www.infobae.com\/salud\/2024\/03\/25\/es-posible-que-tu-perro-relacione-ciertas-palabras-con-objetos\/\" target=\"_blank\" rel=\"noreferrer noopener\"><\/a><\/p>\n\n\n\n<p>Entre los factores de riesgo se encuentran el grado de oncogenicidad del tipo de VPH, la presencia de otras infecciones de transmisi\u00f3n sexual, un primer embarazo a una edad temprana, el uso de anticonceptivos hormonales y el tabaquismo, de acuerdo a la OMS.<\/p>\n\n\n\n<p><img loading=\"lazy\" decoding=\"async\" alt=\"Los s\u00edntomas del c\u00e1ncer de cuello uterino pueden incluir sangrados anormales, flujo vaginal con sangre de olor f\u00e9tido y dolor p\u00e9lvico (Getty)\" height=\"1085\" width=\"1920\" class=\"\" src=\"https:\/\/www.infobae.com\/new-resizer\/xdUdHZlJ7HQFbeSEALwfOFwyZek=\/420x236\/filters:format(webp):quality(85)\/cloudfront-us-east-1.images.arcpublishing.com\/infobae\/ZBLO6YZW75HSTE6OAN4A5DK6WI.jpg%20420w\" srcset=\"https:\/\/www.infobae.com\/new-resizer\/xdUdHZlJ7HQFbeSEALwfOFwyZek=\/420x236\/filters:format(webp):quality(85)\/cloudfront-us-east-1.images.arcpublishing.com\/infobae\/ZBLO6YZW75HSTE6OAN4A5DK6WI.jpg 420w,https:\/\/www.infobae.com\/new-resizer\/WEB-WgtO8PFqHOp0FVohc91rzSI=\/768x432\/filters:format(webp):quality(85)\/cloudfront-us-east-1.images.arcpublishing.com\/infobae\/ZBLO6YZW75HSTE6OAN4A5DK6WI.jpg 768w,https:\/\/www.infobae.com\/new-resizer\/oZIUnbRm2D-Q_bJA3dZpQ2nGId8=\/992x558\/filters:format(webp):quality(85)\/cloudfront-us-east-1.images.arcpublishing.com\/infobae\/ZBLO6YZW75HSTE6OAN4A5DK6WI.jpg 992w,https:\/\/www.infobae.com\/new-resizer\/I0RrPq0XHboUNhSWbd9KVysEKls=\/1200x675\/filters:format(webp):quality(85)\/cloudfront-us-east-1.images.arcpublishing.com\/infobae\/ZBLO6YZW75HSTE6OAN4A5DK6WI.jpg 1200w,https:\/\/www.infobae.com\/new-resizer\/h-q8hc7_uFvlEnwDjmfzVFJKD78=\/1440x810\/filters:format(webp):quality(85)\/cloudfront-us-east-1.images.arcpublishing.com\/infobae\/ZBLO6YZW75HSTE6OAN4A5DK6WI.jpg 1440w\">Los s\u00edntomas del c\u00e1ncer de cuello uterino pueden incluir sangrados anormales, flujo vaginal con sangre de olor f\u00e9tido y dolor p\u00e9lvico (Getty)<\/p>\n\n\n\n<p>En tanto, los expertos de&nbsp;<em>Mayo Clinic<\/em>&nbsp;postulan: \u201cCuando empieza, el c\u00e1ncer del cuello del \u00fatero puede no presentar ning\u00fan&nbsp;<strong>s\u00edntoma<\/strong>. A medida que avanza puede causar<strong>&nbsp;signos&nbsp;<\/strong>y s\u00edntomas como sangrado vaginal despu\u00e9s de las relaciones sexuales, entre per\u00edodos menstruales o despu\u00e9s de la menopausia; sangrado menstrual m\u00e1s abundante y de mayor duraci\u00f3n de lo habitual; flujo vaginal acuoso y con sangre que puede ser abundante y tener un olor f\u00e9tido; dolor p\u00e9lvico o dolor durante las relaciones sexuales\u201d.<\/p>\n\n\n\n<p>En esa l\u00ednea, el doctor Humphreys, quien adem\u00e1s es vicepresidente de la Sociedad Argentina de Patolog\u00eda del Tracto Genital y Colposcopia, enfatiz\u00f3: \u201cHoy en d\u00eda contamos con una&nbsp;<strong>vacuna altamente eficaz<\/strong>&nbsp;para prevenir la infecci\u00f3n por VPH, y est\u00e1 incluida en el Calendario Nacional de Vacunaci\u00f3n para ni\u00f1os y ni\u00f1as a partir de los 11 a\u00f1os. Es obligatoria y gratuita. A su vez, existen hoy pruebas de VPH que nos permiten detectar la enfermedad precozmente, con alta sensibilidad. Y finalmente, tratamientos altamente efectivos para estas lesiones precursoras del c\u00e1ncer. Con la vacuna, detecci\u00f3n precoz y tratamiento oportuno, est\u00e1n dadas todas las condiciones para que este c\u00e1ncer, que se cobra la vida de alrededor de 2000 mujeres por a\u00f1o en nuestro pa\u00eds, pueda ser pr\u00e1cticamente erradicado. Es imprescindible mancomunar esfuerzos para que esta anhelada meta se pueda alcanzar\u201d.<\/p>\n\n\n\n<h2 class=\"wp-block-heading\">Tests efectivos<\/h2>\n\n\n\n<p><img loading=\"lazy\" decoding=\"async\" alt=\"Seg\u00fan el doctor Andr\u00e9s Humphreys, el c\u00e1ncer del cuello uterino es casi completamente prevenible, destacando el papel crucial del sistema inmune y la prevenci\u00f3n a trav\u00e9s de la vacunaci\u00f3n contra el VPH (Imagen Ilustrativa Infobae)\" height=\"816\" width=\"1456\" class=\"\" src=\"https:\/\/www.infobae.com\/new-resizer\/_5N-ThZF4geYc0hdmOn1AdTspRQ=\/420x236\/filters:format(webp):quality(85)\/cloudfront-us-east-1.images.arcpublishing.com\/infobae\/EHUWVFIFYBDVRB65IO3QZCRD4I.jpg%20420w\" srcset=\"https:\/\/www.infobae.com\/new-resizer\/_5N-ThZF4geYc0hdmOn1AdTspRQ=\/420x236\/filters:format(webp):quality(85)\/cloudfront-us-east-1.images.arcpublishing.com\/infobae\/EHUWVFIFYBDVRB65IO3QZCRD4I.jpg 420w,https:\/\/www.infobae.com\/new-resizer\/ehawXXjbWNRRzg9vYc5VOeTs3xw=\/768x432\/filters:format(webp):quality(85)\/cloudfront-us-east-1.images.arcpublishing.com\/infobae\/EHUWVFIFYBDVRB65IO3QZCRD4I.jpg 768w,https:\/\/www.infobae.com\/new-resizer\/xD8sQ81JD3QUQ3rC4k1MSPTjUIE=\/992x558\/filters:format(webp):quality(85)\/cloudfront-us-east-1.images.arcpublishing.com\/infobae\/EHUWVFIFYBDVRB65IO3QZCRD4I.jpg 992w,https:\/\/www.infobae.com\/new-resizer\/1JL3V9-aBylTwOb8eW1Ce0VraLk=\/1200x675\/filters:format(webp):quality(85)\/cloudfront-us-east-1.images.arcpublishing.com\/infobae\/EHUWVFIFYBDVRB65IO3QZCRD4I.jpg 1200w,https:\/\/www.infobae.com\/new-resizer\/RIoHVe_EY-k21unLUYkyV6SCCMg=\/1440x810\/filters:format(webp):quality(85)\/cloudfront-us-east-1.images.arcpublishing.com\/infobae\/EHUWVFIFYBDVRB65IO3QZCRD4I.jpg 1440w\">Seg\u00fan el doctor Andr\u00e9s Humphreys, el c\u00e1ncer del cuello uterino es casi completamente prevenible, destacando el papel crucial del sistema inmune y la prevenci\u00f3n a trav\u00e9s de la vacunaci\u00f3n contra el VPH (Imagen Ilustrativa Infobae)<\/p>\n\n\n\n<p>La detecci\u00f3n temprana de las c\u00e9lulas anormales o de la presencia del VPH ayuda a prevenir el desarrollo del c\u00e1ncer de cuello uterino. Dentro de los distintos m\u00e9todos de diagn\u00f3stico es importante distinguir entre el Papanicolau (PAP), que detecta las variaciones celulares que genera el VPH y que se recomienda a partir de los 3 a\u00f1os de iniciadas las relaciones sexuales; la colposcop\u00eda, que permite visualizar las alteraciones que genera el virus en el tejido del cuello uterino; y el test de VPH, que detecta la presencia de infecci\u00f3n por genotipos de VPH capaces de causar lesiones precancerosas.<\/p>\n\n\n\n<p>En tanto, las pruebas de VPH tienen una alta sensibilidad y son efectivas para detectar mujeres en riesgo de tener lesiones precancerosas. El test de VPH es muy sencillo: se extrae una muestra de las c\u00e9lulas del cuello uterino que luego se env\u00eda al laboratorio. All\u00ed, la t\u00e9cnica de PCR en tiempo real permite detectar la presencia y los genotipos de VPH de alto riesgo. Esta identificaci\u00f3n ayuda al m\u00e9dico a tomar una mejor decisi\u00f3n de seguimiento y\/o tratamiento, seg\u00fan corresponda.<\/p>\n\n\n\n<p>Actualmente, es posible adem\u00e1s realizarse una autotoma de la muestra para an\u00e1lisis de VPH. A trav\u00e9s de este m\u00e9todo, es la mujer quien toma su propia muestra vaginal, en lugar de que lo haga un m\u00e9dico; lo que posibilita que m\u00e1s pacientes accedan al tamizaje para la prevenci\u00f3n del c\u00e1ncer cervicouterino ya que elimina dificultades en el acceso a la atenci\u00f3n cl\u00ednica como barreras geogr\u00e1ficas, culturales o religiosas, y alivia la saturaci\u00f3n de las consultas en los servicios de salud.<\/p>\n\n\n\n<p>Fuente: https:\/\/www.infobae.com\/salud\/2024\/03\/26\/dia-mundial-de-prevencion-del-cancer-de-cuello-uterino-por-que-la-deteccion-precoz-puede-llegar-a-curar-la-enfermedad\/<\/p>\n","protected":false},"excerpt":{"rendered":"<p>En esta efem\u00e9ride internacional los expertos llaman a hacer consultas profesionales a tiempo para abordar correctamente la patolog\u00eda. Cu\u00e1les son los signos y s\u00edntomas de alerta, y los tests que mostraron mayor efectividad Este\u00a0martes 26 de marzo\u00a0es el\u00a0D\u00eda Mundial de Prevenci\u00f3n del C\u00e1ncer de Cuello Uterino.\u00a0La\u00a0Organizaci\u00f3n Mundial de la Salud (OMS)\u00a0registra que este es \u201cel\u00a0cuarto [&hellip;]<\/p>\n","protected":false},"author":3,"featured_media":1069,"comment_status":"open","ping_status":"open","sticky":false,"template":"","format":"standard","meta":{"footnotes":""},"categories":[11,3,5],"tags":[546],"class_list":["post-1068","post","type-post","status-publish","format-standard","has-post-thumbnail","hentry","category-agenda","category-principal","category-salud","tag-dia-mundial-de-prevencion-del-cancer-de-cuello-uterino"],"_links":{"self":[{"href":"https:\/\/noticiassaludables.com.ar\/index.php?rest_route=\/wp\/v2\/posts\/1068","targetHints":{"allow":["GET"]}}],"collection":[{"href":"https:\/\/noticiassaludables.com.ar\/index.php?rest_route=\/wp\/v2\/posts"}],"about":[{"href":"https:\/\/noticiassaludables.com.ar\/index.php?rest_route=\/wp\/v2\/types\/post"}],"author":[{"embeddable":true,"href":"https:\/\/noticiassaludables.com.ar\/index.php?rest_route=\/wp\/v2\/users\/3"}],"replies":[{"embeddable":true,"href":"https:\/\/noticiassaludables.com.ar\/index.php?rest_route=%2Fwp%2Fv2%2Fcomments&post=1068"}],"version-history":[{"count":1,"href":"https:\/\/noticiassaludables.com.ar\/index.php?rest_route=\/wp\/v2\/posts\/1068\/revisions"}],"predecessor-version":[{"id":1070,"href":"https:\/\/noticiassaludables.com.ar\/index.php?rest_route=\/wp\/v2\/posts\/1068\/revisions\/1070"}],"wp:featuredmedia":[{"embeddable":true,"href":"https:\/\/noticiassaludables.com.ar\/index.php?rest_route=\/wp\/v2\/media\/1069"}],"wp:attachment":[{"href":"https:\/\/noticiassaludables.com.ar\/index.php?rest_route=%2Fwp%2Fv2%2Fmedia&parent=1068"}],"wp:term":[{"taxonomy":"category","embeddable":true,"href":"https:\/\/noticiassaludables.com.ar\/index.php?rest_route=%2Fwp%2Fv2%2Fcategories&post=1068"},{"taxonomy":"post_tag","embeddable":true,"href":"https:\/\/noticiassaludables.com.ar\/index.php?rest_route=%2Fwp%2Fv2%2Ftags&post=1068"}],"curies":[{"name":"wp","href":"https:\/\/api.w.org\/{rel}","templated":true}]}}