{"id":1071,"date":"2024-03-26T11:48:02","date_gmt":"2024-03-26T14:48:02","guid":{"rendered":"https:\/\/noticiassaludables.com.ar\/?p=1071"},"modified":"2024-03-26T11:48:03","modified_gmt":"2024-03-26T14:48:03","slug":"consejos-para-reforzar-la-memoria","status":"publish","type":"post","link":"https:\/\/noticiassaludables.com.ar\/?p=1071","title":{"rendered":"Consejos para reforzar la memoria"},"content":{"rendered":"\n<p>Una gu\u00eda de t\u00e9cnicas sencillas para mejorar la atenci\u00f3n, fortalecer la capacidad de recordar y as\u00ed prevenir el envejecimiento cerebral<\/p>\n\n\n\n<p>La\u00a0<a href=\"https:\/\/www.infobae.com\/tag\/memoria\/\" target=\"_blank\" rel=\"noreferrer noopener\">memoria\u00a0<\/a>es la capacidad de los seres humanos para\u00a0<strong>aprender, evocar y almacenar<\/strong>\u00a0la informaci\u00f3n aprendida. Sin advertirlo, se la usa constantemente para\u00a0<strong>registrar\u00a0<\/strong>o\u00a0<strong>recordar informaci\u00f3n\u00a0<\/strong>de todo tipo, por eso cuando falla, produce cierta\u00a0<strong>angustia\u00a0<\/strong>y\u00a0<strong>preocupaci\u00f3n<\/strong>.<a href=\"https:\/\/www.infobae.com\/salud\/2024\/03\/26\/cual-es-el-habito-menos-pensado-que-puede-ayudar-a-superar-una-ruptura-de-pareja\/\" target=\"_blank\" rel=\"noreferrer noopener\"><\/a><\/p>\n\n\n\n<p>\u201cLos&nbsp;<strong>problemas de memoria&nbsp;<\/strong>son un motivo de consulta frecuente en el consultorio. En esos casos, las personas suelen manifestar que ya no pueden recordar cosas como lo hac\u00edan antes, que se&nbsp;<strong>olvidan de compromisos&nbsp;<\/strong>importantes o que ya no recuerdan lo que otras personas les dicen\u201d, dijo a&nbsp;<a rel=\"noreferrer noopener\" href=\"https:\/\/www.infobae.com\/tendencias\/2023\/07\/28\/6-estrategias-mnemotecnicas-de-la-neurociencia-para-potenciar-la-memoria\/\" target=\"_blank\">Infobae&nbsp;<\/a>la licenciada&nbsp;<strong>Marina Dolmatzian<\/strong>, miembro del Departamento de Neuropsicolog\u00eda de INECO.<\/p>\n\n\n\n<p>Y explic\u00f3 que muchas veces esas fallas de la memoria aparecen como una manifestaci\u00f3n de\u00a0<strong>problemas atencionales o de evocaci\u00f3n de la informaci\u00f3n<\/strong>. \u201cSi no prestamos atenci\u00f3n a la informaci\u00f3n que debemos adquirir, probablemente esa informaci\u00f3n no sea almacenada en nuestra memoria y no podamos recordarla luego de manera adecuada\u201d, agreg\u00f3 la experta de INECO.<a href=\"https:\/\/www.infobae.com\/salud\/2024\/03\/26\/epilepsia-cuales-son-los-mitos-y-verdades-sobre-la-enfermedad-neurologica-mas-frecuente-en-los-ninos\/\" target=\"_blank\" rel=\"noreferrer noopener\"><\/a><\/p>\n\n\n\n<p><img loading=\"lazy\" decoding=\"async\" alt=\"Si no se presta debida atenci\u00f3n a la informaci\u00f3n que se desea recordar no ser\u00e1 almacenada en la memoria y no ser\u00e1 posible recordarla luego de manera adecuada (Getty)\" height=\"1080\" width=\"1920\" class=\"\" src=\"https:\/\/www.infobae.com\/new-resizer\/kd7SR_eghYEx2kRo4Kp380X5N9A=\/420x236\/filters:format(webp):quality(85)\/cloudfront-us-east-1.images.arcpublishing.com\/infobae\/DB3GQHU6HZCCRFPBB2QYZNJWF4.jpg%20420w\" srcset=\"https:\/\/www.infobae.com\/new-resizer\/kd7SR_eghYEx2kRo4Kp380X5N9A=\/420x236\/filters:format(webp):quality(85)\/cloudfront-us-east-1.images.arcpublishing.com\/infobae\/DB3GQHU6HZCCRFPBB2QYZNJWF4.jpg 420w,https:\/\/www.infobae.com\/new-resizer\/rdnKFdh0KdYPfwdiVFaFXwsV2LM=\/768x432\/filters:format(webp):quality(85)\/cloudfront-us-east-1.images.arcpublishing.com\/infobae\/DB3GQHU6HZCCRFPBB2QYZNJWF4.jpg 768w,https:\/\/www.infobae.com\/new-resizer\/RQE84iwmK7Pj46h0WMJXAvLxqfQ=\/992x558\/filters:format(webp):quality(85)\/cloudfront-us-east-1.images.arcpublishing.com\/infobae\/DB3GQHU6HZCCRFPBB2QYZNJWF4.jpg 992w,https:\/\/www.infobae.com\/new-resizer\/IEmKM39yoAeTAzSEr1ceJWopCTY=\/1200x675\/filters:format(webp):quality(85)\/cloudfront-us-east-1.images.arcpublishing.com\/infobae\/DB3GQHU6HZCCRFPBB2QYZNJWF4.jpg 1200w,https:\/\/www.infobae.com\/new-resizer\/KUUi_0TKJ3xZ6F-9yK18tVYBct4=\/1440x810\/filters:format(webp):quality(85)\/cloudfront-us-east-1.images.arcpublishing.com\/infobae\/DB3GQHU6HZCCRFPBB2QYZNJWF4.jpg 1440w\">Si no se presta debida atenci\u00f3n a la informaci\u00f3n que se desea recordar no ser\u00e1 almacenada en la memoria y no ser\u00e1 posible recordarla luego de manera adecuada (Getty)<\/p>\n\n\n\n<p><strong>Lisa Genova<\/strong>, licenciada en biopsicolog\u00eda y doctora en&nbsp;<strong>Neurociencia de la Universidad de Harvard,<\/strong>&nbsp;autora de \u201cRecordar: la ciencia de la memoria y el arte de olvidar\u201d, expres\u00f3 que puede resultar m\u00e1s dif\u00edcil acceder a los recuerdos con el&nbsp;<strong>tiempo y la edad<\/strong>.<\/p>\n\n\n\n<p>\u201cEs perfectamente normal y no necesariamente indica enfermedad o dolencia, pero aun as\u00ed puede resultar inquietante. Sin embargo, hay cosas que puedes hacer ahora mismo para volverte m\u00e1s resistente al olvido\u201d, se\u00f1al\u00f3 en un art\u00edculo en<em>\u00a0CNBC News.<\/em><a href=\"https:\/\/www.infobae.com\/salud\/2024\/03\/25\/es-posible-que-tu-perro-relacione-ciertas-palabras-con-objetos\/\" target=\"_blank\" rel=\"noreferrer noopener\"><\/a><\/p>\n\n\n\n<p>Y a\u00f1adi\u00f3: \u201cComo&nbsp;<strong>neurocient\u00edfica formada en Harvard<\/strong>&nbsp;con m\u00e1s de 20 a\u00f1os de experiencia, cuando la gente me pregunta c\u00f3mo puede mejorar su capacidad de recordar, me gusta compartir mis estrategias\u201d, dijo. Los siguientes son sus consejos.<\/p>\n\n\n\n<h2 class=\"wp-block-heading\">C\u00f3mo mejorar la memoria<\/h2>\n\n\n\n<p><img loading=\"lazy\" decoding=\"async\" alt=\"Las im\u00e1genes mentales e imaginativas ayudan a crear m\u00e1s conexiones neuronales y esto favorece la memoria - (Imagen Ilustrativa Infobae)\" height=\"816\" width=\"1456\" class=\"\" src=\"https:\/\/www.infobae.com\/new-resizer\/OZideV3oNH2BHTeN0sbwFAp6jpc=\/420x236\/filters:format(webp):quality(85)\/cloudfront-us-east-1.images.arcpublishing.com\/infobae\/MDJUTX3BDNHADD3YUFCZ4D6T3Q.png%20420w\" srcset=\"https:\/\/www.infobae.com\/new-resizer\/OZideV3oNH2BHTeN0sbwFAp6jpc=\/420x236\/filters:format(webp):quality(85)\/cloudfront-us-east-1.images.arcpublishing.com\/infobae\/MDJUTX3BDNHADD3YUFCZ4D6T3Q.png 420w,https:\/\/www.infobae.com\/new-resizer\/9bNQrWd8EQDTLyoycBT-YXj919s=\/768x432\/filters:format(webp):quality(85)\/cloudfront-us-east-1.images.arcpublishing.com\/infobae\/MDJUTX3BDNHADD3YUFCZ4D6T3Q.png 768w,https:\/\/www.infobae.com\/new-resizer\/t3pdI7Q0tvwODYue-w5i5PzUCLY=\/992x558\/filters:format(webp):quality(85)\/cloudfront-us-east-1.images.arcpublishing.com\/infobae\/MDJUTX3BDNHADD3YUFCZ4D6T3Q.png 992w,https:\/\/www.infobae.com\/new-resizer\/KiqYNsby4zoL5vxICJ1a0vSRK-A=\/1200x675\/filters:format(webp):quality(85)\/cloudfront-us-east-1.images.arcpublishing.com\/infobae\/MDJUTX3BDNHADD3YUFCZ4D6T3Q.png 1200w,https:\/\/www.infobae.com\/new-resizer\/SO8QyrueKBYTNXfHS8yc-MxLkvU=\/1440x810\/filters:format(webp):quality(85)\/cloudfront-us-east-1.images.arcpublishing.com\/infobae\/MDJUTX3BDNHADD3YUFCZ4D6T3Q.png 1440w\">Las im\u00e1genes mentales e imaginativas ayudan a crear m\u00e1s conexiones neuronales y esto favorece la memoria &#8211; (Imagen Ilustrativa Infobae)<\/p>\n\n\n\n<h2 class=\"wp-block-heading\">1 &#8211; Visualizar la imagen en la mente<\/h2>\n\n\n\n<p>\u201cCuando creas una imagen mental de lo que est\u00e1s tratando de recordar, le agregas m\u00e1s conexiones neuronales. Est\u00e1s profundizando las asociaciones, haciendo que la formaci\u00f3n de esa memoria sea m\u00e1s s\u00f3lida, y sea posible recordarla m\u00e1s tarde\u201d, explic\u00f3 Genova y recomend\u00f3 escribir&nbsp;<strong>recordatorios<\/strong>&nbsp;en may\u00fasculas, resaltarlos con un marcador o con un c\u00edrculo, todos recursos para grabarlos en la mente.<\/p>\n\n\n\n<p>Por su parte, la licenciada Dolmatzian aconsej\u00f3 \u201dtomarse el tiempo de&nbsp;<strong>organizar&nbsp;<\/strong>es una estrategia efectiva para mejorar nuestra memoria. Por ejemplo, si quiero ir a la verduler\u00eda y recordar las frutas y verduras que necesito comprar podr\u00eda agruparlas por color o por la letra con la que comienzan. Ser\u00e1 mucho m\u00e1s f\u00e1cil recordar dos o tres listas m\u00e1s cortas y ordenadas que una gran lista sin criterio alguno\u201d.<\/p>\n\n\n\n<p><img loading=\"lazy\" decoding=\"async\" alt=\"La asociaci\u00f3n de nueva informaci\u00f3n con experiencias personales y la creaci\u00f3n de reglas mnemot\u00e9cnicas son recomendadas para una mejor retenci\u00f3n  (Imagen Ilustrativa Infobae)\" height=\"816\" width=\"1456\" class=\"\" src=\"https:\/\/www.infobae.com\/new-resizer\/uCmjd1yHc-V4Gn8p70alw0uDpx0=\/420x236\/filters:format(webp):quality(85)\/cloudfront-us-east-1.images.arcpublishing.com\/infobae\/3Z4FIZCAD5HQ7ACE4BVI5JX3PU.jpg%20420w\" srcset=\"https:\/\/www.infobae.com\/new-resizer\/uCmjd1yHc-V4Gn8p70alw0uDpx0=\/420x236\/filters:format(webp):quality(85)\/cloudfront-us-east-1.images.arcpublishing.com\/infobae\/3Z4FIZCAD5HQ7ACE4BVI5JX3PU.jpg 420w,https:\/\/www.infobae.com\/new-resizer\/q8lGClRQJJ5D4Zg9wz7M6kV8c1E=\/768x432\/filters:format(webp):quality(85)\/cloudfront-us-east-1.images.arcpublishing.com\/infobae\/3Z4FIZCAD5HQ7ACE4BVI5JX3PU.jpg 768w,https:\/\/www.infobae.com\/new-resizer\/As7reGCYH9C9IaTDYctBNT9Vrt0=\/992x558\/filters:format(webp):quality(85)\/cloudfront-us-east-1.images.arcpublishing.com\/infobae\/3Z4FIZCAD5HQ7ACE4BVI5JX3PU.jpg 992w,https:\/\/www.infobae.com\/new-resizer\/FkVE0Na_q1uoNkw0dH5JG0kMOyA=\/1200x675\/filters:format(webp):quality(85)\/cloudfront-us-east-1.images.arcpublishing.com\/infobae\/3Z4FIZCAD5HQ7ACE4BVI5JX3PU.jpg 1200w,https:\/\/www.infobae.com\/new-resizer\/fMKand4K7TTfB9539ufayIH5XWs=\/1440x810\/filters:format(webp):quality(85)\/cloudfront-us-east-1.images.arcpublishing.com\/infobae\/3Z4FIZCAD5HQ7ACE4BVI5JX3PU.jpg 1440w\">La asociaci\u00f3n de nueva informaci\u00f3n con experiencias personales y la creaci\u00f3n de reglas mnemot\u00e9cnicas son recomendadas para una mejor retenci\u00f3n (Imagen Ilustrativa Infobae)<\/p>\n\n\n\n<h2 class=\"wp-block-heading\">2 &#8211; Usar la imaginaci\u00f3n<\/h2>\n\n\n\n<p>Las personas con buena memoria tienen la mejor imaginaci\u00f3n, afirm\u00f3 Genova. \u201cPara ayudar a que un recuerdo sea inolvidable, utilice&nbsp;<strong>im\u00e1genes creativas<\/strong>. Vaya m\u00e1s all\u00e1 de lo obvio y agregue elementos extra\u00f1os, sorprendentes, v\u00edvidos, divertidos, f\u00edsicamente imposibles e interactivos a lo que est\u00e1 tratando de recordar, y as\u00ed el recuerdo se mantendr\u00e1\u201d.<\/p>\n\n\n\n<h2 class=\"wp-block-heading\">3- Hacer asociaciones con la vida personal<\/h2>\n\n\n\n<p>\u201cHaz que lo que est\u00e1s aprendiendo sea exclusivo para ti. As\u00f3cialo con&nbsp;<strong>tu historia<\/strong>&nbsp;y opiniones personales y fortalecer\u00e1s tu memoria\u201d, dijo Genova.<\/p>\n\n\n\n<p>A su vez la experta de INECO recomend\u00f3 crear&nbsp;<strong>reglas mnemot\u00e9cnicas<\/strong>: \u201cArmar una frase o palabra m\u00e1s simple que contenga las iniciales de la informaci\u00f3n que queremos recordar puede ser de gran ayuda. Esta palabra nueva ser\u00e1 la clave o pista para que se pueda evocar la informaci\u00f3n\u201d.<\/p>\n\n\n\n<h2 class=\"wp-block-heading\">4- Buscar la emoci\u00f3n<\/h2>\n\n\n\n<p>Se tienden a recordar experiencias llenas de&nbsp;<strong>emoci\u00f3n&nbsp;<\/strong>o sorpresa: \u00e9xitos, humillaciones, fracasos, bodas, nacimientos, divorcios, muertes, afirm\u00f3 Genova.<\/p>\n\n\n\n<p>\u201cLa emoci\u00f3n y la sorpresa activan tu am\u00edgdala, que luego env\u00eda un mensaje alto y claro a tu hipocampo, en el&nbsp;<strong>cerebro<\/strong>: \u2018\u00a1Oye! Lo que est\u00e1 pasando ahora es extremadamente importante. \u00a1Recuerda esto!\u2019\u201d, dijo la neurocient\u00edfica.<\/p>\n\n\n\n<p><img loading=\"lazy\" decoding=\"async\" alt=\"El uso de m\u00faltiples se\u00f1ales de recuperaci\u00f3n, como olores e im\u00e1genes, fortalecen los recuerdos y la memoria (Imagen Ilustrativa Infobae)\" height=\"1024\" width=\"1792\" class=\"\" src=\"https:\/\/www.infobae.com\/new-resizer\/faxQ5c72zl0-xoZYy--oOQmmbpY=\/992x606\/filters:format(webp):quality(85)\/cloudfront-us-east-1.images.arcpublishing.com\/infobae\/I2F6LC4Z55AWDIUGIMZQ332VR4.jpg%20992w\" srcset=\"https:\/\/www.infobae.com\/new-resizer\/faxQ5c72zl0-xoZYy--oOQmmbpY=\/992x606\/filters:format(webp):quality(85)\/cloudfront-us-east-1.images.arcpublishing.com\/infobae\/I2F6LC4Z55AWDIUGIMZQ332VR4.jpg 992w\">El uso de m\u00faltiples se\u00f1ales de recuperaci\u00f3n, como olores e im\u00e1genes, fortalecen los recuerdos y la memoria (Imagen Ilustrativa Infobae)<\/p>\n\n\n\n<h2 class=\"wp-block-heading\">5 &#8211; La pr\u00e1ctica hace la perfecci\u00f3n<\/h2>\n\n\n\n<p>La repetici\u00f3n y el ensayo fortalecen los recuerdos. \u201cLos recuerdos musculares se vuelven m\u00e1s fuertes y se recuperan de manera m\u00e1s eficiente cuanto m\u00e1s ensayas una habilidad. Debido a que estos recuerdos le dicen al cuerpo qu\u00e9 hacer, este mejora en la realizaci\u00f3n de estas tareas f\u00edsicas con la pr\u00e1ctica\u201d, dijo Genova.<\/p>\n\n\n\n<h2 class=\"wp-block-heading\">6 &#8211; Utilizar muchas se\u00f1ales de recuperaci\u00f3n<\/h2>\n\n\n\n<p>Las se\u00f1ales son cruciales para recuperar recuerdos, dijo la experta. Las se\u00f1ales pueden ser cualquier cosa asociada con lo que se est\u00e1 tratando de recordar: la hora del d\u00eda, una canci\u00f3n o un olor.<\/p>\n\n\n\n<p>\u201cLos&nbsp;<strong>olores&nbsp;<\/strong>son se\u00f1ales de memoria especialmente poderosas porque el bulbo olfatorio, donde se perciben los olores (se huele en el cerebro, no en la nariz), env\u00eda fuertes entradas neuronales a la am\u00edgdala y el hipocampo, las partes del cerebro que consolidan los recuerdos\u201d, explic\u00f3 la cient\u00edfica.<\/p>\n\n\n\n<h2 class=\"wp-block-heading\">7 &#8211; Exteriorizar la memoria<\/h2>\n\n\n\n<p>Las personas con mejores recuerdos utilizan ayudas como listas, calendarios, notas adhesivas y otros recordatorios.<\/p>\n\n\n\n<p>\u201cEs posible que le preocupe que esto sea de alguna manera una trampa o que empeore las capacidades de su memoria si conf\u00eda demasiado en estas \u2018muletas\u2019 externas en lugar de usar su cerebro. Nuestros cerebros no est\u00e1n dise\u00f1ados para recordar hacer cosas m\u00e1s tarde. Escr\u00edbalos\u201d, recomend\u00f3 la experta.<\/p>\n\n\n\n<p><img loading=\"lazy\" decoding=\"async\" alt=\"La actividad f\u00edsica favorece una buena memoria, en especial la pr\u00e1ctica de ejercicios aer\u00f3bicos como el running, ciclismo o remo - (Imagen Ilustrativa Infobae)\" height=\"816\" width=\"1456\" class=\"\" src=\"https:\/\/www.infobae.com\/new-resizer\/xCz50gRPVejq876A-X_DWAjzp9Y=\/420x236\/filters:format(webp):quality(85)\/cloudfront-us-east-1.images.arcpublishing.com\/infobae\/4KL54YLJW5CEFCW6JCDIG5DKJ4.jpg%20420w\" srcset=\"https:\/\/www.infobae.com\/new-resizer\/xCz50gRPVejq876A-X_DWAjzp9Y=\/420x236\/filters:format(webp):quality(85)\/cloudfront-us-east-1.images.arcpublishing.com\/infobae\/4KL54YLJW5CEFCW6JCDIG5DKJ4.jpg 420w,https:\/\/www.infobae.com\/new-resizer\/_X6-qko_pWWzwXGHDfoXUAfDcac=\/768x432\/filters:format(webp):quality(85)\/cloudfront-us-east-1.images.arcpublishing.com\/infobae\/4KL54YLJW5CEFCW6JCDIG5DKJ4.jpg 768w,https:\/\/www.infobae.com\/new-resizer\/3FI3Rs57re6r4Kw6zK57awys1oQ=\/992x558\/filters:format(webp):quality(85)\/cloudfront-us-east-1.images.arcpublishing.com\/infobae\/4KL54YLJW5CEFCW6JCDIG5DKJ4.jpg 992w,https:\/\/www.infobae.com\/new-resizer\/LXrjK1XzN4tO90yifMfB1Z2BnJw=\/1200x675\/filters:format(webp):quality(85)\/cloudfront-us-east-1.images.arcpublishing.com\/infobae\/4KL54YLJW5CEFCW6JCDIG5DKJ4.jpg 1200w,https:\/\/www.infobae.com\/new-resizer\/3AIqq6j29lW_kTpvJRUuJA16MCE=\/1440x810\/filters:format(webp):quality(85)\/cloudfront-us-east-1.images.arcpublishing.com\/infobae\/4KL54YLJW5CEFCW6JCDIG5DKJ4.jpg 1440w\">La actividad f\u00edsica favorece una buena memoria, en especial la pr\u00e1ctica de ejercicios aer\u00f3bicos como el running, ciclismo o remo &#8211; (Imagen Ilustrativa Infobae)<\/p>\n\n\n\n<p>Algunos recordatorios \u00fatiles, seg\u00fan Genova son:<\/p>\n\n\n\n<ul class=\"wp-block-list\">\n<li><strong>Tener en cuenta el contexto.<\/strong>&nbsp;La recuperaci\u00f3n de la memoria es mucho m\u00e1s f\u00e1cil y r\u00e1pida cuando las condiciones internas y externas coinciden con las que eran cuando se form\u00f3 esa memoria. Las circunstancias de&nbsp;<strong>aprendizaje&nbsp;<\/strong>tambi\u00e9n importan. \u201cPor ejemplo, si te gusta beber un Frappuccino de moca mientras estudias para un examen, t\u00f3mate otro cuando lo hagas para que tu cerebro vuelva a esa mentalidad\u201d, dijo Genova.<\/li>\n\n\n\n<li><strong>Dormir lo suficiente.<\/strong>&nbsp;\u201cNecesitas dormir de siete a nueve horas para consolidar de manera \u00f3ptima los nuevos recuerdos que creaste hoy\u201d. La experta dijo que si no se duerme lo suficiente, algunos de los recuerdos pueden ser borrosos, inexactos o incluso faltantes. \u201cDormir lo suficiente es fundamental para guardar todo lo que haya aprendido y experimentado en su memoria a largo plazo, y reduce el riesgo de desarrollar Alzheimer\u201d, afirm\u00f3 Genova.<\/li>\n\n\n\n<li><strong>Relajarse.<\/strong>&nbsp;\u201cEl estr\u00e9s cr\u00f3nico es una mala noticia para nuestra capacidad de recordar. Adem\u00e1s de hacerte m\u00e1s vulnerable a una gran cantidad de enfermedades, perjudica la memoria y reduce el tama\u00f1o del hipocampo\u201d, expres\u00f3 Genova. Y recomend\u00f3 practicar yoga, meditaci\u00f3n, ejercicio y las pr\u00e1cticas de atenci\u00f3n plena, gratitud y compasi\u00f3n, para entrenar al cerebro para que sea menos reactivo, frenar la respuesta al estr\u00e9s y mantenerse saludable frente al estr\u00e9s t\u00f3xico cr\u00f3nico.<\/li>\n<\/ul>\n\n\n\n<p><img loading=\"lazy\" decoding=\"async\" alt=\"Dormir de siete a nueve horas permite consolidar de manera \u00f3ptima los nuevos recuerdos del d\u00eda (Imagen Ilustrativa Infobae)\" height=\"816\" width=\"1456\" class=\"\" src=\"https:\/\/www.infobae.com\/new-resizer\/THDXfPtO4gSDyNNGUcF3Z100zi4=\/420x236\/filters:format(webp):quality(85)\/cloudfront-us-east-1.images.arcpublishing.com\/infobae\/N3Z4NFI3QNAOTATVFWMVFMTTUY.jpg%20420w\" srcset=\"https:\/\/www.infobae.com\/new-resizer\/THDXfPtO4gSDyNNGUcF3Z100zi4=\/420x236\/filters:format(webp):quality(85)\/cloudfront-us-east-1.images.arcpublishing.com\/infobae\/N3Z4NFI3QNAOTATVFWMVFMTTUY.jpg 420w,https:\/\/www.infobae.com\/new-resizer\/6iByQqzsCHrqR6rjHPdp4SZZWpU=\/768x432\/filters:format(webp):quality(85)\/cloudfront-us-east-1.images.arcpublishing.com\/infobae\/N3Z4NFI3QNAOTATVFWMVFMTTUY.jpg 768w,https:\/\/www.infobae.com\/new-resizer\/NNdIn5nJgdgKBvPopCBVYceCyQk=\/992x558\/filters:format(webp):quality(85)\/cloudfront-us-east-1.images.arcpublishing.com\/infobae\/N3Z4NFI3QNAOTATVFWMVFMTTUY.jpg 992w,https:\/\/www.infobae.com\/new-resizer\/U-mofJ_mnF0XavJ7Jz592E7y_wA=\/1200x675\/filters:format(webp):quality(85)\/cloudfront-us-east-1.images.arcpublishing.com\/infobae\/N3Z4NFI3QNAOTATVFWMVFMTTUY.jpg 1200w,https:\/\/www.infobae.com\/new-resizer\/CZs5WikBrkxB8sp9N2Bk6EWhY0M=\/1440x810\/filters:format(webp):quality(85)\/cloudfront-us-east-1.images.arcpublishing.com\/infobae\/N3Z4NFI3QNAOTATVFWMVFMTTUY.jpg 1440w\">Dormir de siete a nueve horas permite consolidar de manera \u00f3ptima los nuevos recuerdos del d\u00eda (Imagen Ilustrativa Infobae)<\/p>\n\n\n\n<p><strong>La actividad f\u00edsica es esencial para una buena memoria.<\/strong>&nbsp;Un&nbsp;<a rel=\"noreferrer noopener\" href=\"https:\/\/www.health.harvard.edu\/mind-and-mood\/exercise-can-boost-your-memory-and-thinking-skills\" target=\"_blank\">estudio&nbsp;<\/a>de la Universidad de Harvard comprob\u00f3 que siguiendo un programa de ejercicio f\u00edsico moderado durante seis meses, mejor\u00f3 sus memorias y habilidades de pensamiento.<\/p>\n\n\n\n<p>En otro\u00a0<a href=\"https:\/\/www.sciencedirect.com\/science\/article\/pii\/S1568163723002751?via%3Dihub#bib36\">estudio<\/a>, se present\u00f3 que los perfiles de las personas que con m\u00e1s frecuencia desarrollan actividades f\u00edsicas fuertes como correr, nadar, andar en bicicleta, jugar partidos individuales de tenis, el baile aer\u00f3bico o esquiar eran los que hab\u00edan logrado\u00a0<strong>pausar los efectos del envejecimiento en el cerebro<\/strong>.<\/p>\n\n\n\n<p>Fuente: https:\/\/www.infobae.com\/salud\/2024\/03\/25\/7-consejos-para-reforzar-la-memoria-segun-una-neurocientifica-de-harvard\/<\/p>\n","protected":false},"excerpt":{"rendered":"<p>Una gu\u00eda de t\u00e9cnicas sencillas para mejorar la atenci\u00f3n, fortalecer la capacidad de recordar y as\u00ed prevenir el envejecimiento cerebral La\u00a0memoria\u00a0es la capacidad de los seres humanos para\u00a0aprender, evocar y almacenar\u00a0la informaci\u00f3n aprendida. Sin advertirlo, se la usa constantemente para\u00a0registrar\u00a0o\u00a0recordar informaci\u00f3n\u00a0de todo tipo, por eso cuando falla, produce cierta\u00a0angustia\u00a0y\u00a0preocupaci\u00f3n. \u201cLos&nbsp;problemas de memoria&nbsp;son un motivo de [&hellip;]<\/p>\n","protected":false},"author":3,"featured_media":1072,"comment_status":"open","ping_status":"open","sticky":false,"template":"","format":"standard","meta":{"footnotes":""},"categories":[11,3],"tags":[547],"class_list":["post-1071","post","type-post","status-publish","format-standard","has-post-thumbnail","hentry","category-agenda","category-principal","tag-reforzar-la-memoria"],"_links":{"self":[{"href":"https:\/\/noticiassaludables.com.ar\/index.php?rest_route=\/wp\/v2\/posts\/1071","targetHints":{"allow":["GET"]}}],"collection":[{"href":"https:\/\/noticiassaludables.com.ar\/index.php?rest_route=\/wp\/v2\/posts"}],"about":[{"href":"https:\/\/noticiassaludables.com.ar\/index.php?rest_route=\/wp\/v2\/types\/post"}],"author":[{"embeddable":true,"href":"https:\/\/noticiassaludables.com.ar\/index.php?rest_route=\/wp\/v2\/users\/3"}],"replies":[{"embeddable":true,"href":"https:\/\/noticiassaludables.com.ar\/index.php?rest_route=%2Fwp%2Fv2%2Fcomments&post=1071"}],"version-history":[{"count":1,"href":"https:\/\/noticiassaludables.com.ar\/index.php?rest_route=\/wp\/v2\/posts\/1071\/revisions"}],"predecessor-version":[{"id":1073,"href":"https:\/\/noticiassaludables.com.ar\/index.php?rest_route=\/wp\/v2\/posts\/1071\/revisions\/1073"}],"wp:featuredmedia":[{"embeddable":true,"href":"https:\/\/noticiassaludables.com.ar\/index.php?rest_route=\/wp\/v2\/media\/1072"}],"wp:attachment":[{"href":"https:\/\/noticiassaludables.com.ar\/index.php?rest_route=%2Fwp%2Fv2%2Fmedia&parent=1071"}],"wp:term":[{"taxonomy":"category","embeddable":true,"href":"https:\/\/noticiassaludables.com.ar\/index.php?rest_route=%2Fwp%2Fv2%2Fcategories&post=1071"},{"taxonomy":"post_tag","embeddable":true,"href":"https:\/\/noticiassaludables.com.ar\/index.php?rest_route=%2Fwp%2Fv2%2Ftags&post=1071"}],"curies":[{"name":"wp","href":"https:\/\/api.w.org\/{rel}","templated":true}]}}