{"id":1079,"date":"2024-03-27T10:45:37","date_gmt":"2024-03-27T13:45:37","guid":{"rendered":"https:\/\/noticiassaludables.com.ar\/?p=1079"},"modified":"2024-03-27T10:45:38","modified_gmt":"2024-03-27T13:45:38","slug":"quiros-recomienda-la-vacunacion-contra-el-dengue-en-zonas-endemicas","status":"publish","type":"post","link":"https:\/\/noticiassaludables.com.ar\/?p=1079","title":{"rendered":"Quir\u00f3s recomienda la vacunaci\u00f3n contra el dengue en zonas end\u00e9micas"},"content":{"rendered":"\n<p>El ministro de Salud de la Ciudad de Buenos Aires se\u00f1al\u00f3 que los expertos en inmunizaci\u00f3n coinciden en una estrategia segmentada en zonas de alta circulaci\u00f3n del virus, como algunas localidades del norte argentino<\/p>\n\n\n\n<p><strong>Argentina&nbsp;<\/strong>est\u00e1 atravesando un brote hist\u00f3rico de&nbsp;<a rel=\"noreferrer noopener\" href=\"https:\/\/www.infobae.com\/tag\/dengue\/\" target=\"_blank\"><strong>dengue&nbsp;<\/strong><\/a>con 106 muertos y m\u00e1s de 151.000 casos en la actual temporada. Las infecciones registradas son r\u00e9cord y por primera vez, los expertos advierten que<strong>&nbsp;se notificaron casos&nbsp;<\/strong><a rel=\"noreferrer noopener\" href=\"https:\/\/www.infobae.com\/salud\/2024\/03\/26\/dengue-todo-el-ano-en-argentina-la-epidemia-llego-para-quedarse-segun-los-expertos\/\" target=\"_blank\"><strong>durante todo el a\u00f1o<\/strong><\/a>, cuando lo habitual era que en los meses fr\u00edos de invierno no hubiera contagios, y esto se debe al impacto del<strong>&nbsp;cambio clim\u00e1tico&nbsp;<\/strong>en el comportamiento del mosquito.<\/p>\n\n\n\n<p><a href=\"https:\/\/www.infobae.com\/salud\/2024\/03\/27\/las-preguntas-mas-relevantes-alrededor-de-la-vacuna-contra-el-dengue-y-las-respuestas-de-los-tres-expertos-que-mas-saben\/\" target=\"_blank\" rel=\"noreferrer noopener\"><\/a><\/p>\n\n\n\n<figure class=\"wp-block-image\"><a href=\"https:\/\/www.infobae.com\/salud\/2024\/03\/27\/las-preguntas-mas-relevantes-alrededor-de-la-vacuna-contra-el-dengue-y-las-respuestas-de-los-tres-expertos-que-mas-saben\/\" target=\"_blank\" rel=\"noreferrer noopener\"><img decoding=\"async\" src=\"https:\/\/www.infobae.com\/new-resizer\/LH543jsXtOCo_6PH4yPyGNeNZgE=\/1200x675\/filters:format(webp):quality(85)\/cloudfront-us-east-1.images.arcpublishing.com\/infobae\/L2ULV4PXGMT4BMW7MYHM3P5ZRQ.jpg\" alt=\"Las preguntas m\u00e1s relevantes alrededor de la vacuna contra el dengue y las respuestas de los tres expertos que m\u00e1s saben\"\/><\/a><\/figure>\n\n\n\n<p><a href=\"https:\/\/www.infobae.com\/salud\/2024\/03\/27\/las-preguntas-mas-relevantes-alrededor-de-la-vacuna-contra-el-dengue-y-las-respuestas-de-los-tres-expertos-que-mas-saben\/\" target=\"_blank\" rel=\"noreferrer noopener\"><\/a><\/p>\n\n\n\n<p>Respecto a la&nbsp;<a rel=\"noreferrer noopener\" href=\"https:\/\/www.infobae.com\/salud\/2024\/03\/27\/las-preguntas-mas-relevantes-alrededor-de-la-vacuna-contra-el-dengue-y-las-respuestas-de-los-tres-expertos-que-mas-saben\/\" target=\"_blank\">vacunaci\u00f3n&nbsp;<\/a>contra el dengue para prevenir el avance del brote, el&nbsp;<strong>ministro de Salud de la Ciudad de Buenos Aires, Fern\u00e1n Quir\u00f3s<\/strong>, consider\u00f3que \u201cla&nbsp;<strong>vacuna es segura y eficaz<\/strong>, por eso la&nbsp;<strong>ANMAT&nbsp;<\/strong>la aprob\u00f3 en la Argentina. Lo que nos falta a\u00fan es informaci\u00f3n precisa para<strong>&nbsp;determinar con claridad a qui\u00e9nes, d\u00f3nde y cu\u00e1ndo\u201d.<\/strong><\/p>\n\n\n\n<p>El titular de la cartera sanitaria porte\u00f1a se\u00f1al\u00f3 que \u201cla recomendaci\u00f3n de la mayor\u00eda de los expertos es hacer una&nbsp;<strong>vacunaci\u00f3n focalizada y segmentada.&nbsp;<\/strong>El principal lugar donde poner el foco es en (zonas) donde hay&nbsp;<strong>circulaci\u00f3n intensiva<\/strong>, con&nbsp;<strong>alt\u00edsimas tasas de enfermedad en forma end\u00e9mica<\/strong>\u201d, es decir, aquellos lugares del pa\u00eds donde la notificaci\u00f3n de casos \u201cno corta en ning\u00fan momento del a\u00f1o\u201d, seg\u00fan dijo Quir\u00f3s en declaraciones a&nbsp;<em>Radio Mitre<\/em>. En cuanto al&nbsp;<strong>grupo etario que deber\u00eda ser priorizado,<\/strong>&nbsp;consider\u00f3 que la mejor edad para recibir la vacuna es el grupo formado por \u201c<strong>adolescentes o adultos j\u00f3venes<\/strong>\u201d.<\/p>\n\n\n\n<p><a href=\"https:\/\/www.infobae.com\/salud\/2024\/03\/27\/brote-historico-de-dengue-la-comision-nacional-de-inmunizaciones-le-recomendo-al-gobierno-delinear-una-estrategia-de-vacunacion\/\" target=\"_blank\" rel=\"noreferrer noopener\"><\/a><\/p>\n\n\n\n<figure class=\"wp-block-image\"><a href=\"https:\/\/www.infobae.com\/salud\/2024\/03\/27\/brote-historico-de-dengue-la-comision-nacional-de-inmunizaciones-le-recomendo-al-gobierno-delinear-una-estrategia-de-vacunacion\/\" target=\"_blank\" rel=\"noreferrer noopener\"><img decoding=\"async\" src=\"https:\/\/www.infobae.com\/new-resizer\/U3p0K6cceQT70Ixyd8IVkjlvYt4=\/1200x675\/filters:format(webp):quality(85)\/cloudfront-us-east-1.images.arcpublishing.com\/infobae\/2NGS44HCZRDPRCBPANTLWALKO4.jpg\" alt=\"Brote hist\u00f3rico de dengue: la Comisi\u00f3n Nacional de Inmunizaciones le recomend\u00f3 al Gobierno delinear una estrategia de vacunaci\u00f3n\"\/><\/a><\/figure>\n\n\n\n<p><a href=\"https:\/\/www.infobae.com\/salud\/2024\/03\/27\/brote-historico-de-dengue-la-comision-nacional-de-inmunizaciones-le-recomendo-al-gobierno-delinear-una-estrategia-de-vacunacion\/\" target=\"_blank\" rel=\"noreferrer noopener\"><\/a><\/p>\n\n\n\n<p>La&nbsp;<strong>vacuna tetravalente contra el dengue Qdenga (TAK-003)<\/strong>, elaborada por el laboratorio Takeda, fue aprobada por la ANMAT en abril de 2023 y est\u00e1 disponible para su aplicaci\u00f3n desde noviembre pasando. Recientemente, la<a rel=\"noreferrer noopener\" href=\"https:\/\/www.infobae.com\/salud\/2024\/03\/27\/brote-historico-de-dengue-la-comision-nacional-de-inmunizaciones-le-recomendo-al-gobierno-delinear-una-estrategia-de-vacunacion\/\" target=\"_blank\">&nbsp;<strong>Comisi\u00f3n Nacional de Inmunizaciones (CoNaIn)&nbsp;<\/strong><\/a>recomend\u00f3 al&nbsp;<strong>Ministerio de Salud de la Naci\u00f3n&nbsp;<\/strong>comenzar a delinear una estrategia de vacunaci\u00f3n \u201cfocalizada\u201d, definiendo \u201ccomo criterio de selecci\u00f3n la priorizaci\u00f3n de los departamentos seg\u00fan incidencia acumulada y el aporte total de casos\u201d.<\/p>\n\n\n\n<p><img loading=\"lazy\" decoding=\"async\" alt=\"Argentina enfrenta el peor brote de dengue de su historia (EFE)\" height=\"1080\" width=\"1920\" class=\"\" src=\"https:\/\/www.infobae.com\/new-resizer\/Im3ZZ6IW-r-uESRdMyX0NoP41ZE=\/420x236\/filters:format(webp):quality(85)\/cloudfront-us-east-1.images.arcpublishing.com\/infobae\/2BY3OMNX5RAJDATAUMT2LRK3PA.png%20420w\" srcset=\"https:\/\/www.infobae.com\/new-resizer\/Im3ZZ6IW-r-uESRdMyX0NoP41ZE=\/420x236\/filters:format(webp):quality(85)\/cloudfront-us-east-1.images.arcpublishing.com\/infobae\/2BY3OMNX5RAJDATAUMT2LRK3PA.png 420w,https:\/\/www.infobae.com\/new-resizer\/Kam6BMxIOaU_Bj6s1AB5Ff_Nydo=\/768x432\/filters:format(webp):quality(85)\/cloudfront-us-east-1.images.arcpublishing.com\/infobae\/2BY3OMNX5RAJDATAUMT2LRK3PA.png 768w,https:\/\/www.infobae.com\/new-resizer\/ifoF-OXBDZE6AVpXWAuHdkGA0f8=\/992x558\/filters:format(webp):quality(85)\/cloudfront-us-east-1.images.arcpublishing.com\/infobae\/2BY3OMNX5RAJDATAUMT2LRK3PA.png 992w,https:\/\/www.infobae.com\/new-resizer\/9HOU9sJvDC46E4Vq3PCGlm87e3o=\/1200x675\/filters:format(webp):quality(85)\/cloudfront-us-east-1.images.arcpublishing.com\/infobae\/2BY3OMNX5RAJDATAUMT2LRK3PA.png 1200w,https:\/\/www.infobae.com\/new-resizer\/5zyBaep_PRT4Wp4FD2bnqQym_tI=\/1440x810\/filters:format(webp):quality(85)\/cloudfront-us-east-1.images.arcpublishing.com\/infobae\/2BY3OMNX5RAJDATAUMT2LRK3PA.png 1440w\">Argentina enfrenta el peor brote de dengue de su historia (EFE)<\/p>\n\n\n\n<p>En ese mismo sentido, Quir\u00f3s precis\u00f3 que, hasta el momento,<strong>\u00a0la estrategia m\u00e1s acertada de vacunaci\u00f3n\u00a0<\/strong>debe apuntar a<strong>\u00a0\u201clugares como el norte argentino, donde hay todo el a\u00f1o una cantidad importante de casos\u201d<\/strong>.<a href=\"https:\/\/www.infobae.com\/salud\/2024\/03\/27\/empieza-la-semana-azul-siete-dias-para-concientizar-y-hablar-sobre-el-autismo\/\" target=\"_blank\" rel=\"noreferrer noopener\"><\/a><\/p>\n\n\n\n<p>Quir\u00f3s&nbsp;<strong>descart\u00f3 la vacunaci\u00f3n masiva contra el dengue en la Ciudad de Buenos Aires<\/strong>, m\u00e1s a\u00fan considerando que en territorio porte\u00f1o m\u00e1s de un tercio de la poblaci\u00f3n son adultos mayores: \u201cEn ese grupo, en los&nbsp;<strong>mayores de 60 a\u00f1os<\/strong>, todav\u00eda no hay informaci\u00f3n cient\u00edfica v\u00e1lida para saber verdaderamente la eficacia y la seguridad de la vacuna\u201d.<\/p>\n\n\n\n<p>Respecto a las causas detr\u00e1s del brote hist\u00f3rico de dengue que atraviesa el pa\u00eds, Quir\u00f3s dijo que se debe a m\u00faltiples factores, entre ellos,<strong>&nbsp;dos dimensiones principales<\/strong>, una es el&nbsp;<strong>cambio clim\u00e1tico&nbsp;<\/strong>y el efecto que esto tiene en las condiciones propicias para la reproducci\u00f3n del mosquito; y por otro lado, las caracter\u00edsticas propias de la vida urbana y \u201clo que se llama t\u00e9cnicamente el&nbsp;<strong>desorden socioambiental<\/strong>, el mosquito se aprovecha de las urbes y de los lugares donde hay desorden socioambiental\u201d.<\/p>\n\n\n\n<h2 class=\"wp-block-heading\">Guardias y atenci\u00f3n en unidades febriles<\/h2>\n\n\n\n<p><img loading=\"lazy\" decoding=\"async\" alt=\"Las unidades de atenci\u00f3n de febriles para dengue habilitadas cuentan con protocolos de atenci\u00f3n espec\u00edficos y est\u00e1n dedicados \u00edntegramente a atender a personas con sospecha de haber contra\u00eddo la infecci\u00f3n, adem\u00e1s de confirmados (Maximiliano Luna)\" height=\"1080\" width=\"1920\" class=\"\" src=\"https:\/\/www.infobae.com\/new-resizer\/LSrbgQrT6P6vfheVaA5q1WPO_OA=\/420x236\/filters:format(webp):quality(85)\/cloudfront-us-east-1.images.arcpublishing.com\/infobae\/UJCMNZAO7ZE2LA5YGIU3XMMWQA.jpg%20420w\" srcset=\"https:\/\/www.infobae.com\/new-resizer\/LSrbgQrT6P6vfheVaA5q1WPO_OA=\/420x236\/filters:format(webp):quality(85)\/cloudfront-us-east-1.images.arcpublishing.com\/infobae\/UJCMNZAO7ZE2LA5YGIU3XMMWQA.jpg 420w,https:\/\/www.infobae.com\/new-resizer\/m3pEjHAXdyCN_JF_Yw1utddMnBc=\/768x432\/filters:format(webp):quality(85)\/cloudfront-us-east-1.images.arcpublishing.com\/infobae\/UJCMNZAO7ZE2LA5YGIU3XMMWQA.jpg 768w,https:\/\/www.infobae.com\/new-resizer\/dhhaUaoY5OV9WMOpBkHL7Q1ZdrU=\/992x558\/filters:format(webp):quality(85)\/cloudfront-us-east-1.images.arcpublishing.com\/infobae\/UJCMNZAO7ZE2LA5YGIU3XMMWQA.jpg 992w,https:\/\/www.infobae.com\/new-resizer\/ENNalKSVyCK_rvZ6YlD3BaQIArs=\/1200x675\/filters:format(webp):quality(85)\/cloudfront-us-east-1.images.arcpublishing.com\/infobae\/UJCMNZAO7ZE2LA5YGIU3XMMWQA.jpg 1200w,https:\/\/www.infobae.com\/new-resizer\/gLtgMbMsYX4I-veo2QQsII0Zjmo=\/1440x810\/filters:format(webp):quality(85)\/cloudfront-us-east-1.images.arcpublishing.com\/infobae\/UJCMNZAO7ZE2LA5YGIU3XMMWQA.jpg 1440w\">Las unidades de atenci\u00f3n de febriles para dengue habilitadas cuentan con protocolos de atenci\u00f3n espec\u00edficos y est\u00e1n dedicados \u00edntegramente a atender a personas con sospecha de haber contra\u00eddo la infecci\u00f3n, adem\u00e1s de confirmados (Maximiliano Luna)<\/p>\n\n\n\n<p>Consultado sobre la alta concurrencia de personas con s\u00edntomas a las guardias,&nbsp;<strong>Quir\u00f3s&nbsp;<\/strong>explic\u00f3 que, as\u00ed como ocurri\u00f3 con la pandemia del COVID-19, cuando se instalaron las UFU (unidades febriles de urgencia) en los hospitales p\u00fablicos para agilizar la atenci\u00f3n,<strong>&nbsp;para enfrentar el brote actual de dengue se montaron \u201c18 unidades febriles, pero adentro de las estructuras de los hospitales, no en esos dispositivos externos\u201d<\/strong>.<\/p>\n\n\n\n<p>\u201cAtendemos a todas las personas con s\u00edndrome febril en las unidades febriles, no en las guardias\u201d, dijo el ministro y detall\u00f3 que la particularidad del dengue es que las personas realizan la primera consulta en la que se les realiza \u201cun interrogatorio, un examen f\u00edsico y se les toma una&nbsp;<strong>muestra de sangre para evaluar las plaquetas\u201d<\/strong>&nbsp;y luego, para esperar el resultado pueden permanecer en el centro de salud \u201ctres o cuatro horas\u201d.<\/p>\n\n\n\n<p>El funcionario atribuy\u00f3 las aglomeraciones que pueden verse en algunos hospitales de la ciudad responde a esta din\u00e1mica. \u201cEl volumen de gente esperando es muy grande\u201d, pero aclar\u00f3 que no se trata de personas sin atenci\u00f3n, sino de aquellos que \u201cest\u00e1n esperando que est\u00e9 listo el an\u00e1lisis\u201d, explic\u00f3.<\/p>\n\n\n\n<h2 class=\"wp-block-heading\">Cu\u00e1ndo podr\u00eda ocurrir el pico de casos<\/h2>\n\n\n\n<p><img loading=\"lazy\" decoding=\"async\" alt=\"Quir\u00f3s dijo que al mosquito que transmite el dengue se lo llama &quot;mosquito mascota&quot; porque su h\u00e1bitat es los domicilios urbanos (Imagen Ilustrativa Infobae)\" height=\"816\" width=\"1456\" class=\"\" src=\"https:\/\/www.infobae.com\/new-resizer\/nBZQ-A6ZFJW2gRVaQbfZ5CmJ9Lk=\/420x236\/filters:format(webp):quality(85)\/cloudfront-us-east-1.images.arcpublishing.com\/infobae\/UUUE2SUKM5CPZJC77QEXPIXZFQ.jpg%20420w\" srcset=\"https:\/\/www.infobae.com\/new-resizer\/nBZQ-A6ZFJW2gRVaQbfZ5CmJ9Lk=\/420x236\/filters:format(webp):quality(85)\/cloudfront-us-east-1.images.arcpublishing.com\/infobae\/UUUE2SUKM5CPZJC77QEXPIXZFQ.jpg 420w,https:\/\/www.infobae.com\/new-resizer\/4ye7m0w6zCJA2zwtIZhrkRCSy1I=\/768x432\/filters:format(webp):quality(85)\/cloudfront-us-east-1.images.arcpublishing.com\/infobae\/UUUE2SUKM5CPZJC77QEXPIXZFQ.jpg 768w,https:\/\/www.infobae.com\/new-resizer\/1ttiHYXL5Q0dJC8yKll8hPdetqc=\/992x558\/filters:format(webp):quality(85)\/cloudfront-us-east-1.images.arcpublishing.com\/infobae\/UUUE2SUKM5CPZJC77QEXPIXZFQ.jpg 992w,https:\/\/www.infobae.com\/new-resizer\/5Ew9RXfplQTaOu4Af83q63z5n4I=\/1200x675\/filters:format(webp):quality(85)\/cloudfront-us-east-1.images.arcpublishing.com\/infobae\/UUUE2SUKM5CPZJC77QEXPIXZFQ.jpg 1200w,https:\/\/www.infobae.com\/new-resizer\/jh54b2GS4_XOxaRnGIG116VEeFQ=\/1440x810\/filters:format(webp):quality(85)\/cloudfront-us-east-1.images.arcpublishing.com\/infobae\/UUUE2SUKM5CPZJC77QEXPIXZFQ.jpg 1440w\">Quir\u00f3s dijo que al mosquito que transmite el dengue se lo llama &#8220;mosquito mascota&#8221; porque su h\u00e1bitat es los domicilios urbanos (Imagen Ilustrativa Infobae)<\/p>\n\n\n\n<p>Respecto a qu\u00e9 puede ocurrir con los casos en las pr\u00f3ximas semanas y cu\u00e1ndo podr\u00eda darse el pico de infecciones por dengue, Quir\u00f3s describi\u00f3 que la ciudad tiene un&nbsp;<strong>sistema de registro<\/strong>&nbsp;de&nbsp;<strong>ovitrampas<\/strong>, que es una malla ubicada en distintos puntos de la ciudad estrat\u00e9gicos donde el mosquito Aedes aegypti pone huevos, para seguir la evoluci\u00f3n durante todas las semanas del a\u00f1o.<\/p>\n\n\n\n<p>En estos registros ,\u201csiempre aparece en peque\u00f1as proporciones en octubre y alcanza intensidad una m\u00e1xima en esta \u00e9poca del a\u00f1o (que transcurre entre) final de marzo y principios de abril.&nbsp;<strong>A partir de mediados mediados de abril empieza a descender\u201d<\/strong>, detall\u00f3 el funcionario y dijo que si bien, esto tambi\u00e9n depende del clima, esa es la din\u00e1mica habitual del mosquito en los \u00faltimos tres a\u00f1os.<\/p>\n\n\n\n<p>\u201cLuego, por supuesto, empieza a descender (la poblaci\u00f3n) del mosquito adulto y todav\u00eda queda una semana m\u00e1s de las personas que est\u00e1n haciendo la incubaci\u00f3n y expresan la enfermedad una semana despu\u00e9s. Pero<strong>&nbsp;seguramente estamos en las \u00faltimas semanas de casos de dengue en la ciudad<\/strong>\u201d, afirm\u00f3 Quir\u00f3s.<\/p>\n\n\n\n<p>El ministro de Salud enfatiz\u00f3 en dos cuidados fundamentales ante los s\u00edntomas de dengue y el estado febril caracter\u00edstico de la infecci\u00f3n: \u201cSi ten\u00e9s fiebre, primero tom\u00e1s solo\u00a0<strong>paracetamol<\/strong>. Segundo, hidr\u00e1tate mucho de manera persistente, poner una cantidad de l\u00edquido por hora y tomarla, porque\u00a0<strong>la hidrataci\u00f3n intensiva es el principal protector para evitar que la enfermedad sea grave<\/strong>\u201d.<\/p>\n\n\n\n<p>Fuente: https:\/\/www.infobae.com\/salud\/2024\/03\/27\/quiros-explico-por-que-se-recomienda-focalizar-la-vacunacion-contra-el-dengue-en-zonas-endemicas\/<\/p>\n","protected":false},"excerpt":{"rendered":"<p>El ministro de Salud de la Ciudad de Buenos Aires se\u00f1al\u00f3 que los expertos en inmunizaci\u00f3n coinciden en una estrategia segmentada en zonas de alta circulaci\u00f3n del virus, como algunas localidades del norte argentino Argentina&nbsp;est\u00e1 atravesando un brote hist\u00f3rico de&nbsp;dengue&nbsp;con 106 muertos y m\u00e1s de 151.000 casos en la actual temporada. Las infecciones registradas son [&hellip;]<\/p>\n","protected":false},"author":3,"featured_media":1080,"comment_status":"open","ping_status":"open","sticky":false,"template":"","format":"standard","meta":{"footnotes":""},"categories":[7,3,5],"tags":[313,550,471],"class_list":["post-1079","post","type-post","status-publish","format-standard","has-post-thumbnail","hentry","category-ciencia","category-principal","category-salud","tag-dengue","tag-quiros","tag-vacunas"],"_links":{"self":[{"href":"https:\/\/noticiassaludables.com.ar\/index.php?rest_route=\/wp\/v2\/posts\/1079","targetHints":{"allow":["GET"]}}],"collection":[{"href":"https:\/\/noticiassaludables.com.ar\/index.php?rest_route=\/wp\/v2\/posts"}],"about":[{"href":"https:\/\/noticiassaludables.com.ar\/index.php?rest_route=\/wp\/v2\/types\/post"}],"author":[{"embeddable":true,"href":"https:\/\/noticiassaludables.com.ar\/index.php?rest_route=\/wp\/v2\/users\/3"}],"replies":[{"embeddable":true,"href":"https:\/\/noticiassaludables.com.ar\/index.php?rest_route=%2Fwp%2Fv2%2Fcomments&post=1079"}],"version-history":[{"count":1,"href":"https:\/\/noticiassaludables.com.ar\/index.php?rest_route=\/wp\/v2\/posts\/1079\/revisions"}],"predecessor-version":[{"id":1081,"href":"https:\/\/noticiassaludables.com.ar\/index.php?rest_route=\/wp\/v2\/posts\/1079\/revisions\/1081"}],"wp:featuredmedia":[{"embeddable":true,"href":"https:\/\/noticiassaludables.com.ar\/index.php?rest_route=\/wp\/v2\/media\/1080"}],"wp:attachment":[{"href":"https:\/\/noticiassaludables.com.ar\/index.php?rest_route=%2Fwp%2Fv2%2Fmedia&parent=1079"}],"wp:term":[{"taxonomy":"category","embeddable":true,"href":"https:\/\/noticiassaludables.com.ar\/index.php?rest_route=%2Fwp%2Fv2%2Fcategories&post=1079"},{"taxonomy":"post_tag","embeddable":true,"href":"https:\/\/noticiassaludables.com.ar\/index.php?rest_route=%2Fwp%2Fv2%2Ftags&post=1079"}],"curies":[{"name":"wp","href":"https:\/\/api.w.org\/{rel}","templated":true}]}}