{"id":1082,"date":"2024-03-27T10:53:34","date_gmt":"2024-03-27T13:53:34","guid":{"rendered":"https:\/\/noticiassaludables.com.ar\/?p=1082"},"modified":"2024-03-27T10:53:34","modified_gmt":"2024-03-27T13:53:34","slug":"siete-dias-para-concientizar-y-hablar-sobre-el-autismo","status":"publish","type":"post","link":"https:\/\/noticiassaludables.com.ar\/?p=1082","title":{"rendered":"Siete d\u00edas para concientizar y hablar sobre el autismo"},"content":{"rendered":"\n<p>Se inicia hoy y finalizar\u00e1 el 2 de abril, d\u00eda mundial de concientizaci\u00f3n sobre esta condici\u00f3n. El objetivo es derribar mitos y combatir estigmas para construir una sociedad m\u00e1s inclusiva<\/p>\n\n\n\n<p>Seg\u00fan la&nbsp;<strong>Organizaci\u00f3n Mundial de la Salud<\/strong>, (OMS), 1 de cada 100 ni\u00f1os tienen&nbsp;<a rel=\"noreferrer noopener\" href=\"https:\/\/www.infobae.com\/tag\/autismo\/\" target=\"_blank\">Trastorno del Espectro Autista (TEA)<\/a>. Se trata de \u201cuna afecci\u00f3n relacionada con el<strong>&nbsp;desarrollo del cerebro&nbsp;<\/strong>que afecta la manera en la que una persona percibe y socializa con otras personas\u201d, seg\u00fan define la Cl\u00ednica Mayo de EEUU. Las personas con TEA puede presentar dificultades en la&nbsp;<strong>interacci\u00f3n social y la comunicaci\u00f3n<\/strong>.<\/p>\n\n\n\n<p><a href=\"https:\/\/www.infobae.com\/salud\/2024\/03\/26\/encuentran-gripe-aviar-en-vacas-lecheras-de-texas-kansas-y-nuevo-mexico\/\" target=\"_blank\" rel=\"noreferrer noopener\"><\/a><\/p>\n\n\n\n<p>El<strong>&nbsp;2 de abril es el D\u00eda Mundial de Concientizaci\u00f3n sobre el Autismo<\/strong>, y para conmemorarlo, cientos de voluntarios y representantes de distintas&nbsp;<strong>ONGs&nbsp;<\/strong>lanzaron la \u201c<strong>Semana Azul\u201d<\/strong>, una iniciativa que se extender\u00e1 por 7 d\u00edas bajo la consigna&nbsp;<strong>#hablemosdeautismo<\/strong>.<\/p>\n\n\n\n<p>El objetivo de esta iniciativa sin fines de lucro, que empieza hoy y finalizar\u00e1 el 2 de abril, es tratar de aprovechar la coyuntura de seis feriados consecutivos para ganar espacios y&nbsp;<strong>hablar de autismo.<\/strong><\/p>\n\n\n\n<p><a href=\"https:\/\/www.infobae.com\/salud\/2024\/03\/27\/las-preguntas-mas-relevantes-alrededor-de-la-vacuna-contra-el-dengue-y-las-respuestas-de-los-tres-expertos-que-mas-saben\/\" target=\"_blank\" rel=\"noreferrer noopener\"><\/a><\/p>\n\n\n\n<p>Las&nbsp;<strong>familias<\/strong>&nbsp;de personas con condici\u00f3n del espectro autista enfrentan&nbsp;<strong>desaf\u00edos<\/strong>&nbsp;\u00fanicos, desde el dif\u00edcil proceso de obtener un&nbsp;<strong>diagn\u00f3stico<\/strong>&nbsp;hasta la&nbsp;<strong>incertidumbre<\/strong>&nbsp;y estigma social. Estos obst\u00e1culos se ven agravados por la falta de informaci\u00f3n sobre las distintas formas de neurodivergencia y las limitaciones en el&nbsp;<strong>acceso<\/strong>&nbsp;a especialistas, especialmente en \u00e1reas m\u00e1s alejadas de los centros urbanos.<\/p>\n\n\n\n<p><strong>Paulo Morales<\/strong>, presidente de la\u00a0<strong>ONG\u00a0<\/strong><a href=\"https:\/\/www.infobae.com\/salud\/2023\/11\/11\/crean-la-asociacion-civil-teactiva-una-ong-que-trabaja-por-la-concientizacion-sobre-el-autismo\/\" target=\"_blank\" rel=\"noreferrer noopener\"><strong>TEActiva\u00a0<\/strong><\/a>explic\u00f3 a\u00a0<strong>Infobae<\/strong>: \u201cLa semana azul es muy importante para decir \u2018<strong>ac\u00e1 estamos<\/strong>\u2019, para llamar la atenci\u00f3n y para ocupar espacios en los medios y tambi\u00e9n en la sociedad porque al estar todos m\u00e1s relajados en estos d\u00edas libres, es un momento ideal para\u00a0<strong>reflexionar\u00a0<\/strong>y\u00a0<strong>hablar de autismo<\/strong>\u201d.<a href=\"https:\/\/www.infobae.com\/salud\/2024\/03\/27\/que-son-las-fobias-especificas-y-cuando-se-necesita-ayuda-psicologica\/\" target=\"_blank\" rel=\"noreferrer noopener\"><\/a><\/p>\n\n\n\n<p>\u201cSemana Azul es de todos y al mismo tiempo de nadie. Lo importante es llamar la atenci\u00f3n, medi\u00e1tica y social, para&nbsp;<strong>concientizar sobre el TEA<\/strong>. Y promover que todos&nbsp;<strong>#hablemosdeautismo<\/strong>&nbsp;un poco m\u00e1s durante esos d\u00edas\u201d, dijeron los organizadores.<\/p>\n\n\n\n<p>Esta es una problem\u00e1tica que crece a\u00f1o tras a\u00f1o ya que, seg\u00fan prevalencias internacionales,<strong>1 de cada 36 ni\u00f1os tiene diagn\u00f3stico TEA<\/strong>&nbsp;(Trastorno del Espectro Autista).<\/p>\n\n\n\n<p><img loading=\"lazy\" decoding=\"async\" alt=\"Hacer poco contacto visual o hacerlo de manera inconsistente es uno de los s\u00edntomas del autismo (Freepik)\" height=\"1080\" width=\"1920\" class=\"\" src=\"https:\/\/www.infobae.com\/new-resizer\/ywC0CrTt4p8q7tYnS1LvP9JdIo8=\/420x236\/filters:format(webp):quality(85)\/cloudfront-us-east-1.images.arcpublishing.com\/infobae\/3BO5S72NIBHCNL2LCD5NKX42TQ.jpg%20420w\" srcset=\"https:\/\/www.infobae.com\/new-resizer\/ywC0CrTt4p8q7tYnS1LvP9JdIo8=\/420x236\/filters:format(webp):quality(85)\/cloudfront-us-east-1.images.arcpublishing.com\/infobae\/3BO5S72NIBHCNL2LCD5NKX42TQ.jpg 420w,https:\/\/www.infobae.com\/new-resizer\/gf1YcTeI_yJJlJJGAsDSboyXK-Y=\/768x432\/filters:format(webp):quality(85)\/cloudfront-us-east-1.images.arcpublishing.com\/infobae\/3BO5S72NIBHCNL2LCD5NKX42TQ.jpg 768w,https:\/\/www.infobae.com\/new-resizer\/Dg-F5GcdLnblrAS44zlhE9sDql4=\/992x558\/filters:format(webp):quality(85)\/cloudfront-us-east-1.images.arcpublishing.com\/infobae\/3BO5S72NIBHCNL2LCD5NKX42TQ.jpg 992w,https:\/\/www.infobae.com\/new-resizer\/9VJeq8TEbiV87AvdOlRDXx2s3YY=\/1200x675\/filters:format(webp):quality(85)\/cloudfront-us-east-1.images.arcpublishing.com\/infobae\/3BO5S72NIBHCNL2LCD5NKX42TQ.jpg 1200w,https:\/\/www.infobae.com\/new-resizer\/fQu6i6gdv7Q-c1jvf7ItSNcgO9c=\/1440x810\/filters:format(webp):quality(85)\/cloudfront-us-east-1.images.arcpublishing.com\/infobae\/3BO5S72NIBHCNL2LCD5NKX42TQ.jpg 1440w\">Hacer poco contacto visual o hacerlo de manera inconsistente es uno de los s\u00edntomas del autismo (Freepik)<\/p>\n\n\n\n<h2 class=\"wp-block-heading\">Las actividades de la Semana Azul<\/h2>\n\n\n\n<p>Semana Azul cuenta con una&nbsp;<strong>multiplataforma digital&nbsp;<\/strong>con<a rel=\"noreferrer noopener\" href=\"https:\/\/semanaazul.org\/\" target=\"_blank\">&nbsp;p\u00e1gina web&nbsp;<\/a>y redes sociales cuyo objetivo es potenciar todas las actividades que tradicionalmente moviliza el autismo en estos d\u00edas.<\/p>\n\n\n\n<p>La novedad es que permitir\u00e1 que cada ONG, gobierno, empresa o ciudadano pueda<strong>&nbsp;cargar su propia actividad y darla a conocer&nbsp;<\/strong>a toda la ciudadan\u00eda para que puedan participar de las mismas o hasta generar propias.<\/p>\n\n\n\n<p><strong>Semana Azul<\/strong>&nbsp;pone a disposici\u00f3n su tecnolog\u00eda digital para potenciar las que ya existen, y promover que se hagan muchas m\u00e1s, y al mismo tiempo las m\u00e1s relevantes o llamativas puedan contar con cobertura medi\u00e1tica y participaci\u00f3n ciudadana.<\/p>\n\n\n\n<p><img loading=\"lazy\" decoding=\"async\" alt=\"Se suele utilizar el t\u00e9rmino \u201cespectro\u201d para describir el autismo porque existe una amplia variaci\u00f3n en el tipo y la gravedad de los s\u00edntomas que padecen las personas afectadas\" height=\"1080\" width=\"1920\" class=\"\" src=\"https:\/\/www.infobae.com\/new-resizer\/OoKTSB9o3unuk4fGtAkuKu5WvLE=\/420x236\/filters:format(webp):quality(85)\/cloudfront-us-east-1.images.arcpublishing.com\/infobae\/SOPAPX76B5GMHACQXVKQFE526Y.jpg%20420w\" srcset=\"https:\/\/www.infobae.com\/new-resizer\/OoKTSB9o3unuk4fGtAkuKu5WvLE=\/420x236\/filters:format(webp):quality(85)\/cloudfront-us-east-1.images.arcpublishing.com\/infobae\/SOPAPX76B5GMHACQXVKQFE526Y.jpg 420w,https:\/\/www.infobae.com\/new-resizer\/JK-7LB31_7xDQZmoHFHhFjMOYW0=\/768x432\/filters:format(webp):quality(85)\/cloudfront-us-east-1.images.arcpublishing.com\/infobae\/SOPAPX76B5GMHACQXVKQFE526Y.jpg 768w,https:\/\/www.infobae.com\/new-resizer\/sb9b8iOS3FkOADaBIblo2JIAGTM=\/992x558\/filters:format(webp):quality(85)\/cloudfront-us-east-1.images.arcpublishing.com\/infobae\/SOPAPX76B5GMHACQXVKQFE526Y.jpg 992w,https:\/\/www.infobae.com\/new-resizer\/NIxEjd-FaxZ85vDTcQAtIVsEn4c=\/1200x675\/filters:format(webp):quality(85)\/cloudfront-us-east-1.images.arcpublishing.com\/infobae\/SOPAPX76B5GMHACQXVKQFE526Y.jpg 1200w,https:\/\/www.infobae.com\/new-resizer\/-udXBwvsV1GjxLkwyX6bwisKTng=\/1440x810\/filters:format(webp):quality(85)\/cloudfront-us-east-1.images.arcpublishing.com\/infobae\/SOPAPX76B5GMHACQXVKQFE526Y.jpg 1440w\">Se suele utilizar el t\u00e9rmino \u201cespectro\u201d para describir el autismo porque existe una amplia variaci\u00f3n en el tipo y la gravedad de los s\u00edntomas que padecen las personas afectadas<\/p>\n\n\n\n<p>Las actividades se pueden consultar a trav\u00e9s de la web&nbsp;<a rel=\"noreferrer noopener\" href=\"http:\/\/semanaazul.org\/\" target=\"_blank\">semanaazul.org<\/a>, aqu\u00ed un listado de algunas de ellas:<\/p>\n\n\n\n<ul class=\"wp-block-list\">\n<li><strong>Bicicleteada \u201cTour Azul\u201d.<\/strong>&nbsp;Organiza la<strong>&nbsp;ONG Empujando L\u00edmites<\/strong>. Se presentar\u00e1 el jueves 28 a las 18 en el Patin\u00f3dromo Municipal de&nbsp;<strong>Mar Del Plata<\/strong>. Se larga al d\u00eda siguiente, har\u00e1n distintas etapas y llegar\u00e1n a Buenos Aires el martes 2 de abril para participar y apoyar los actos que tradicionalmente se realizan ese d\u00eda.<\/li>\n\n\n\n<li><strong>Acto de TGD Padres TEA Grupo Promotor.<\/strong>&nbsp;Tradicional e hist\u00f3rico acto que representa a muchas familias del autismo. Este a\u00f1o ser\u00e1 en Plaza Vaticano (al lado del Teatro Col\u00f3n). Ser\u00e1 el 2 de abril y comenzar\u00e1 a las 15 h. Participan otras ONGs como&nbsp;<strong>Empujando L\u00edmites, TEActiva y APAdeA<\/strong>. Y dar\u00e1 un recital la banda \u201cIv\u00e1n y sus amigos\u201d liderada por Iv\u00e1n Demirci, un joven con autismo, entre muchas otras actividades.<\/li>\n<\/ul>\n\n\n\n<p><img loading=\"lazy\" decoding=\"async\" alt=\"&quot;En 2000 la prevalencia era 1 en 150, mostrando un crecimiento del 317% en 20 a\u00f1os&quot;, se\u00f1alaron desde la ONG TEActiva\" height=\"1278\" width=\"1920\" class=\"\" src=\"https:\/\/www.infobae.com\/new-resizer\/ZpG54nIpPIEIPGMyjZjqHPYYjJY=\/420x280\/filters:format(webp):quality(85)\/cloudfront-us-east-1.images.arcpublishing.com\/infobae\/7SXHA4O3RVFWZLDI3VAL3N7TWU.jpg%20420w\" srcset=\"https:\/\/www.infobae.com\/new-resizer\/ZpG54nIpPIEIPGMyjZjqHPYYjJY=\/420x280\/filters:format(webp):quality(85)\/cloudfront-us-east-1.images.arcpublishing.com\/infobae\/7SXHA4O3RVFWZLDI3VAL3N7TWU.jpg 420w,https:\/\/www.infobae.com\/new-resizer\/zOASiZ0jq9Q_PhTTCBg19HBGSCs=\/768x512\/filters:format(webp):quality(85)\/cloudfront-us-east-1.images.arcpublishing.com\/infobae\/7SXHA4O3RVFWZLDI3VAL3N7TWU.jpg 768w,https:\/\/www.infobae.com\/new-resizer\/pGj1Xm5cskD-ZC8SyE9unJYzhMM=\/992x661\/filters:format(webp):quality(85)\/cloudfront-us-east-1.images.arcpublishing.com\/infobae\/7SXHA4O3RVFWZLDI3VAL3N7TWU.jpg 992w,https:\/\/www.infobae.com\/new-resizer\/l1UtEmZfKqoYbDky3mpaG6atzqY=\/1200x800\/filters:format(webp):quality(85)\/cloudfront-us-east-1.images.arcpublishing.com\/infobae\/7SXHA4O3RVFWZLDI3VAL3N7TWU.jpg 1200w,https:\/\/www.infobae.com\/new-resizer\/OuzvwdDh4Citf8-UqMm4o43C2rE=\/1440x960\/filters:format(webp):quality(85)\/cloudfront-us-east-1.images.arcpublishing.com\/infobae\/7SXHA4O3RVFWZLDI3VAL3N7TWU.jpg 1440w\">&#8220;En 2000 la prevalencia era 1 en 150, mostrando un crecimiento del 317% en 20 a\u00f1os&#8221;, se\u00f1alaron desde la ONG TEActiva<\/p>\n\n\n\n<ul class=\"wp-block-list\">\n<li><strong>Iluminaci\u00f3n de edificios hist\u00f3ricos y emblem\u00e1ticos<\/strong>, tanto gubernamentales como privados.<\/li>\n\n\n\n<li><strong>Actos simb\u00f3licos en estadios de f\u00fatbol<\/strong><\/li>\n\n\n\n<li><strong>Cambios del color de los logos de las empresas que participen a azul.<\/strong><\/li>\n<\/ul>\n\n\n\n<p>A esta lista se sumar\u00e1n actividades en todo el pa\u00eds (con el correr de los d\u00edas se ir\u00e1n cargando en la p\u00e1gina) de m\u00e1s de 100 organizaciones (entre ONGs, empresas y gobiernos) que participan de la iniciativa.<\/p>\n\n\n\n<p>Fuente: https:\/\/www.infobae.com\/salud\/2024\/03\/27\/empieza-la-semana-azul-siete-dias-para-concientizar-y-hablar-sobre-el-autismo\/<\/p>\n","protected":false},"excerpt":{"rendered":"<p>Se inicia hoy y finalizar\u00e1 el 2 de abril, d\u00eda mundial de concientizaci\u00f3n sobre esta condici\u00f3n. El objetivo es derribar mitos y combatir estigmas para construir una sociedad m\u00e1s inclusiva Seg\u00fan la&nbsp;Organizaci\u00f3n Mundial de la Salud, (OMS), 1 de cada 100 ni\u00f1os tienen&nbsp;Trastorno del Espectro Autista (TEA). Se trata de \u201cuna afecci\u00f3n relacionada con el&nbsp;desarrollo [&hellip;]<\/p>\n","protected":false},"author":3,"featured_media":1083,"comment_status":"open","ping_status":"open","sticky":false,"template":"","format":"standard","meta":{"footnotes":""},"categories":[3,5],"tags":[551],"class_list":["post-1082","post","type-post","status-publish","format-standard","has-post-thumbnail","hentry","category-principal","category-salud","tag-dia-mundial-de-concientizacion-sobre-el-autismo"],"_links":{"self":[{"href":"https:\/\/noticiassaludables.com.ar\/index.php?rest_route=\/wp\/v2\/posts\/1082","targetHints":{"allow":["GET"]}}],"collection":[{"href":"https:\/\/noticiassaludables.com.ar\/index.php?rest_route=\/wp\/v2\/posts"}],"about":[{"href":"https:\/\/noticiassaludables.com.ar\/index.php?rest_route=\/wp\/v2\/types\/post"}],"author":[{"embeddable":true,"href":"https:\/\/noticiassaludables.com.ar\/index.php?rest_route=\/wp\/v2\/users\/3"}],"replies":[{"embeddable":true,"href":"https:\/\/noticiassaludables.com.ar\/index.php?rest_route=%2Fwp%2Fv2%2Fcomments&post=1082"}],"version-history":[{"count":1,"href":"https:\/\/noticiassaludables.com.ar\/index.php?rest_route=\/wp\/v2\/posts\/1082\/revisions"}],"predecessor-version":[{"id":1084,"href":"https:\/\/noticiassaludables.com.ar\/index.php?rest_route=\/wp\/v2\/posts\/1082\/revisions\/1084"}],"wp:featuredmedia":[{"embeddable":true,"href":"https:\/\/noticiassaludables.com.ar\/index.php?rest_route=\/wp\/v2\/media\/1083"}],"wp:attachment":[{"href":"https:\/\/noticiassaludables.com.ar\/index.php?rest_route=%2Fwp%2Fv2%2Fmedia&parent=1082"}],"wp:term":[{"taxonomy":"category","embeddable":true,"href":"https:\/\/noticiassaludables.com.ar\/index.php?rest_route=%2Fwp%2Fv2%2Fcategories&post=1082"},{"taxonomy":"post_tag","embeddable":true,"href":"https:\/\/noticiassaludables.com.ar\/index.php?rest_route=%2Fwp%2Fv2%2Ftags&post=1082"}],"curies":[{"name":"wp","href":"https:\/\/api.w.org\/{rel}","templated":true}]}}