{"id":1085,"date":"2024-03-27T12:42:55","date_gmt":"2024-03-27T15:42:55","guid":{"rendered":"https:\/\/noticiassaludables.com.ar\/?p=1085"},"modified":"2024-03-27T12:42:55","modified_gmt":"2024-03-27T15:42:55","slug":"a-las-playas-de-la-costa-atlantica-por-la-ruta-11","status":"publish","type":"post","link":"https:\/\/noticiassaludables.com.ar\/?p=1085","title":{"rendered":"A las playas de la Costa Atl\u00e1ntica por la ruta 11"},"content":{"rendered":"\n<h2 class=\"wp-block-heading\">Un recorrido paralelo al corredor de playas bonaerenses.Conectando con otras rutas, se llega hasta Necochea, Claromec\u00f3, Monte Hermoso y Pehu\u00e9n C\u00f3.<\/h2>\n\n\n\n<figure class=\"wp-block-image\"><img decoding=\"async\" src=\"https:\/\/www.clarin.com\/img\/2021\/12\/22\/dgRRaVDPK_360x240__1.jpg\" alt=\"A las playas de la Costa Atl\u00e1ntica por la ruta 11: el estado del camino, servicios y lugares para visitar\"\/><\/figure>\n\n\n\n<p>Desde su punto de partida en&nbsp;<strong>San Clemente del Tuy\u00fa<\/strong>, la larga&nbsp;<strong>secuencia de playas del sur<\/strong>&nbsp;de la&nbsp;<a href=\"https:\/\/www.clarin.com\/viajes\/escapadas-12-pueblos-bonaerenses-conocer-fin-semana_0_YMj5PP5Is.html\" target=\"_blank\" rel=\"noreferrer noopener\">provincia de Buenos Aires<\/a>&nbsp;se puede recorrer sin apuro y a velocidad moderada a trav\u00e9s de la ruta interbalnearia.<\/p>\n\n\n\n<p>Desde all\u00ed hasta&nbsp;<a href=\"https:\/\/www.clarin.com\/viajes\/pasos-darwin-playa-bosque-pehuen-co_0_On6ez6_fr.html\" target=\"_blank\" rel=\"noreferrer noopener\">Pehu\u00e9n C\u00f3<\/a>, el camino atraviesa unos cuarenta puntos a tener en cuenta, entre ciudades, localidades y parajes costeros alineados a lo largo de m\u00e1s de 500 kil\u00f3metros.<\/p>\n\n\n\n<p>De ese itinerario completo,&nbsp;<strong>la ruta 11 cubre los primeros 270 kil\u00f3metros hasta Mar del Sud<\/strong>, a 16 kil\u00f3metros hacia el sudoeste de Miramar.<\/p>\n\n\n\n<p>Si bien el kil\u00f3metro 0 de esta senda provincial de 583 kil\u00f3metros est\u00e1 localizado en Punta Lara -partido de Ensenada-, mayoritariamente los automovilistas que se dirigen al Partido de la Costa, Pinamar o Villa Gesell desde la ciudad de Buenos Aires transitan la Autopista a La Plata, siguen viaje por la ruta 2 desde Hudson y la ruta 63 desde Dolores, para abordar la ruta 11 en el paraje Esquina de Crotto, ya en el kil\u00f3metro 225.<\/p>\n\n\n\n<p>Atr\u00e1s, en&nbsp;<strong>el tramo menos renombrado de la ruta 11<\/strong>&nbsp;queda la impactante belleza&nbsp;<a href=\"https:\/\/www.clarin.com\/viajes\/8-reservas-naturales-escapada-primavera_0_lamFNFTwOt.html\" target=\"_blank\" rel=\"noreferrer noopener\">natural<\/a>&nbsp;del Parque Costero del Sur, una franja de conchilla y bosques de tala de 80 kil\u00f3metros de tierra desde Magdalena hasta el empalme con la ruta 36, a 8 kil\u00f3metros de Pipinas.<\/p>\n\n\n\n<p>Tambi\u00e9n hacia el sur, m\u00e1s cerca del mar, aparecen lugares poco conocidos, como el muy bien preservado Sitio de Memoria del Cementerio de General Lavalle, el Parque Nacional Campos del Tuy\u00fa -creado en 2009-, un coto de pesca en la laguna Salada Grande y opciones de turismo rural que surgen m\u00e1s all\u00e1 de la banquina derecha, en General Madariaga y los parajes Pav\u00f3n (a 8 kil\u00f3metros de Mar de Aj\u00f3) y Macedo, cerca de Villa Gesell.<img loading=\"lazy\" decoding=\"async\" alt=\"La ruta 11 tendr\u00e1 un nuevo tramo de doble v\u00eda entre Villa Gesell y Mar Chiquita. Foto: AUBASA.\" src=\"https:\/\/www.clarin.com\/img\/2023\/12\/27\/XERgtvXMl_720x0__1.jpg\" width=\"720\" height=\"480\">La ruta 11 tendr\u00e1 un nuevo tramo de doble v\u00eda entre Villa Gesell y Mar Chiquita. Foto: AUBASA.<\/p>\n\n\n\n<h2 class=\"wp-block-heading\">\u00bfC\u00f3mo est\u00e1 la ruta 11? El estado del camino<\/h2>\n\n\n\n<p>En l\u00edneas generales, la ruta 11 luce en impecable estado y&nbsp;<strong>bien se\u00f1alizada<\/strong>, especialmente en el tramo de doble v\u00eda de 100 kil\u00f3metros habilitado a fines de 2021 desde General Conesa hasta Mar de Aj\u00f3.<\/p>\n\n\n\n<p>De todas maneras conviene tomar las mayores precauciones en la&nbsp;<strong>seguidilla de largas curvas cerradas<\/strong>&nbsp;con puentes sobre canales y arroyos que aparecen en la zona de ba\u00f1ados antes de llegar a General Lavalle y vuelvan a demandar mucha atenci\u00f3n hasta poco antes de alcanzar la pronunciada curva hacia la derecha de la rotonda de ingreso a San Clemente del Tuy\u00fa.<\/p>\n\n\n\n<p><strong>Antes del peaje de La Huella<\/strong>, en los 20 kil\u00f3metros de la antigua traza de autov\u00eda de la ruta 11 desde Esquina de Crotto, se transita sobre una&nbsp;<strong>capa deteriorada del asfalto<\/strong>, con desniveles por parches, pozos que tienden a ensancharse, lomadas y \u201cserruchos\u201d.<\/p>\n\n\n\n<p>El m\u00e1ximo cuidado tambi\u00e9n es pertinente en el&nbsp;<strong>recorte de un solo carril por mano comprendido entre Villa Gesell y Mar Chiquita<\/strong>. La obra para convertir en autov\u00eda esa franja angosta de 72 kil\u00f3metros acaba de ser licitada y ya arrancaron los trabajos de estudio del suelo, para dar forma al primer tramo de casi 40 kil\u00f3metros de Gesell al cruce del canal 5.<\/p>\n\n\n\n<h2 class=\"wp-block-heading\">Precauciones a tener en cuenta en la ruta 11<\/h2>\n\n\n\n<p>En la&nbsp;<strong>temporada de verano<\/strong>&nbsp;se multiplican en la banquina los puestos de control vehicular instalados por la Subsecretar\u00eda de Transporte bonaerense, por lo cual es fundamental contar con la documentaci\u00f3n obligatoria del conductor y el veh\u00edculo y la oblea de Verificaci\u00f3n T\u00e9cnica Vehicular.<\/p>\n\n\n\n<p>Los que viajan al volante tambi\u00e9n tienen que tener presente la posibilidad de ser sometidos al control de alcoholemia.<img loading=\"lazy\" decoding=\"async\" alt=\"Control vehicular en la ruta 11, a la altura del acceso a General Lavalle.\" src=\"https:\/\/www.clarin.com\/img\/2023\/12\/27\/AQsagAC2W_720x0__1.jpg\" width=\"720\" height=\"480\">Control vehicular en la ruta 11, a la altura del acceso a General Lavalle.<\/p>\n\n\n\n<p>La<strong>&nbsp;velocidad m\u00e1xima<\/strong>&nbsp;de 110 kil\u00f3metros por hora en la ruta 11 se reduce a 40 km\/h en General Lavalle (del km 290 al km 295) y a la altura de Villa Gesell (km 405 a km 415).<\/p>\n\n\n\n<p>Tambi\u00e9n hay carteles indicadores de reducci\u00f3n de la velocidad en Las Toninas (km 315 a km 320), en el ingreso a Santa Teresita (no m\u00e1s de 60 km\/h), Mar del Tuy\u00fa a Mar de Aj\u00f3 (m\u00e1xima, 80 km\/h), Pinamar (km 390 a km 396) y Camet (km 495 a km 505).<\/p>\n\n\n\n<p>En General Conesa (km 250), una&nbsp;<strong>c\u00e1mara vigila<\/strong>&nbsp;el cumplimiento del tope de la velocidad reducido en la rotonda donde se cruzan las rutas 11 (al Partido de la Costa) y 56 (hacia Pinamar y Villa Gesell). All\u00ed, adem\u00e1s, ya est\u00e1 en marcha un futuro puente distribuidor de ese empalme.<\/p>\n\n\n\n<p>Una vez traspuesto Mar del Plata desde Punta Mogotes en direcci\u00f3n a Miramar y Mar del Sud, la ruta 11<strong>&nbsp;vuelve a angostarse y exhibir desgaste en el pavimento<\/strong>, especialmente en el tramo m\u00e1s transitado en verano, extendido hasta las concurridas playas del sur del partido de General Pueyrred\u00f3n, como Luna Roja, San Eduardo, La Escondida y El Marquesado.<\/p>\n\n\n\n<p>A un costado de la ruta, en General Lavalle, Villa Gesell y Mar de Aj\u00f3, los viajeros en veh\u00edculo disponen de los servicios de ambulancias equipadas con cardiodesfibrilador. Tambi\u00e9n fueron instalados puestos sanitarios en Pinamar, Mar del Plata y Miramar.<\/p>\n\n\n\n<p>Aqu\u00ed van algunos puntos salientes de este recorrido junto al mar.<\/p>\n\n\n\n<h2 class=\"wp-block-heading\">KM 308: San Clemente del Tuy\u00fa<\/h2>\n\n\n\n<p>\u200bEn el balneario de la Costa Atl\u00e1ntica m\u00e1s cercano a la ciudad de Buenos Aires-, la actividad tur\u00edstica se mantiene todo el a\u00f1o en los&nbsp;complejos Mundo Marino y Termas Marinas, la base para subir al mirador del faro San Antonio y realizar una caminata guiada por la Reserva Natural Punta Rasa, donde las aguas del R\u00edo de la Plata se vuelcan en el mar y se pesca corvina negra.<\/p>\n\n\n\n<p>El puerto de San Clemente es ideal para comprar pescado fresco y comer platos a base de pescado, rabas y calamares en sencillas cantinas.<\/p>\n\n\n\n<p>Otros atractivos son una colonia de lobos marinos, el Parque Tem\u00e1tico Costa Salvaje (ruta 11 km 314) y, en Las Toninas (a 10 km), el Parque Tem\u00e1tico del Laberinto y un nuevo parque acu\u00e1tico.<img loading=\"lazy\" decoding=\"async\" alt=\"Termas Marinas, en San Clemente del Tuy\u00fa.\" src=\"https:\/\/www.clarin.com\/img\/2022\/01\/12\/KCY28Pjt5_720x0__1.jpg\" width=\"720\" height=\"480\">Termas Marinas, en San Clemente del Tuy\u00fa.<\/p>\n\n\n\n<p>San Clemente es tambi\u00e9n el&nbsp;<strong>primer eslab\u00f3n de la cadena de doce balnearios del Partido de la Costa<\/strong>&nbsp;extendidos a lo largo de 100 km, hasta Nueva Atlantis.<\/p>\n\n\n\n<p>La movida de la noche para los j\u00f3venes se enciende en Santa Teresita -donde funcionan dos parques acu\u00e1ticos-, San Bernardo, Mar del Tuy\u00fa y Mar de Aj\u00f3, en notorio contraste con la atm\u00f3sfera serena y familiar que impera en Costa Azul, La Lucila del Mar, Aguas Verdes, Las Toninas y Costa del Este.<\/p>\n\n\n\n<h2 class=\"wp-block-heading\">KM 393: Pinamar<\/h2>\n\n\n\n<p>La magn\u00edfica conjunci\u00f3n de playas y bosques del partido de Pinamar -extendidos entre la localidad cabecera y Caril\u00f3, la zona m\u00e1s cara y exclusiva- mantienen su tradicional atm\u00f3sfera, familiar y muy tranquila.<\/p>\n\n\n\n<p>En verano se despliega una abundante oferta de cabalgatas, alquiler de cuatriciclos, excursiones en 4&#215;4, clases de surf, golf, tenis y polo.<img loading=\"lazy\" decoding=\"async\" alt=\"Caminata por un sendero del bosque de Caril\u00f3. Foto: Fernando de la Orden.\" src=\"https:\/\/www.clarin.com\/img\/2023\/01\/28\/enuiPF6yK_720x0__1.jpg\" width=\"720\" height=\"480\">Caminata por un sendero del bosque de Caril\u00f3. Foto: Fernando de la Orden.<\/p>\n\n\n\n<p>En Ostende es interesante rastrear la&nbsp;<strong>historia de la creaci\u00f3n del balneario<\/strong>, atribuida a dos pioneros belgas. De esa \u00e9poca fundacional se mantiene en pie el Viejo Hotel Ostende. Adem\u00e1s, sobre la playa de Ostende se levanta el chal\u00e9 La Elenita, que perteneci\u00f3 al ex presidente de la Naci\u00f3n Arturo Frondizi.<\/p>\n\n\n\n<h2 class=\"wp-block-heading\">KM 411: Villa Gesell<\/h2>\n\n\n\n<p>\u200bLa larga&nbsp;pasarela de madera que recorre parte del frente costero de Villa Gesell&nbsp;proporciona<strong>&nbsp;amplias panor\u00e1micas<\/strong>&nbsp;del mar, la playa, los paradores y los edificios c\u00e9ntricos, hasta que esas im\u00e1genes urbanas quedan atr\u00e1s y aparece en primer plano la tupida arboleda del Pinar del Norte, donde se conservan los chal\u00e9s -reconvertidos en museos- que pertenecieron al pionero Carlos Gesell.<img loading=\"lazy\" decoding=\"async\" alt=\"Reserva Natural Faro Querand\u00ed, punto final de una excursi\u00f3n en veh\u00edculo todoterreno que se inicia en Villa Gesell. Foto: Prensa de la Municipalidad de Villa Gesell.\" src=\"https:\/\/www.clarin.com\/img\/2021\/05\/16\/HGdHr90II_720x0__1.jpg\" width=\"720\" height=\"480\">Reserva Natural Faro Querand\u00ed, punto final de una excursi\u00f3n en veh\u00edculo todoterreno que se inicia en Villa Gesell. Foto: Prensa de la Municipalidad de Villa Gesell.<\/p>\n\n\n\n<p>La&nbsp;<strong>reserva natural&nbsp;<\/strong>es un gran lugar para caminar por senderos de tierra y arena, hacer picnic y sumarse a una visita guiada que recree la historia fundacional del balneario.<\/p>\n\n\n\n<p>Desde el centro de la ciudad micros &#8220;todoterreno&#8221; adaptados y cuatriciclos que atraviesan el sur de Villa Gesell y el bosque extendido sobre Mar de las Pampas, Las Gaviotas y Mar Azul, para seguir camino por la playa y alcanzar el faro Querand\u00ed, punto final de una fascinante excursi\u00f3n para compartir en familia.<\/p>\n\n\n\n<p>En Villa Gesell tambi\u00e9n conviene agendarse el&nbsp;<strong>Circuito de Casas de T\u00e9 y Cervecer\u00edas<\/strong>&nbsp;y la cartelera de espect\u00e1culos programados para el verano.<\/p>\n\n\n\n<h2 class=\"wp-block-heading\">KM 483: Mar Chiquita<\/h2>\n\n\n\n<p><strong>Albufera, playas poco concurridas, zonas agr\u00edcolas<\/strong>&nbsp;y la atractiva combinaci\u00f3n de arena y bosque en Mar Chiquita, Mar de Cobo, Camet Norte y Playa Dorada y Santa Clara del Mar, el popular balneario donde Maradona es homenajeado a trav\u00e9s de un monumento y el parque recreativo municipal y polideportivo El Diego.<\/p>\n\n\n\n<p>En Santa Clara tambi\u00e9n atraen el complejo y balneario Mirador Beach Club y las&nbsp;<strong>salidas de pesca embarcada<\/strong>&nbsp;que organiza el experimentado gu\u00eda Hern\u00e1n Soto.<img loading=\"lazy\" decoding=\"async\" alt=\"Santa Clara del Mar, en el partido de Mar Chiquita. Foto: Lorena Lucca.\" src=\"https:\/\/www.clarin.com\/img\/2023\/12\/26\/i4HxfsKGz_720x0__1.jpg\" width=\"720\" height=\"480\">Santa Clara del Mar, en el partido de Mar Chiquita. Foto: Lorena Lucca.<\/p>\n\n\n\n<p>Sin embargo, la gran novedad en el partido de Mar Chiquita es el desarrollo alcanzado por La Caleta. Todo luce nuevo en este lugar de moda entre el p\u00fablico joven, que ofrece un kil\u00f3metro de playa virgen, pesca y kitesurf a la altura del km 488 de la ruta 11 y a 29 km de Mar del Plata.<\/p>\n\n\n\n<h2 class=\"wp-block-heading\">KM 504: Mar del Plata<\/h2>\n\n\n\n<p>El largo corredor de playas&nbsp;<strong>desde La Perla hasta Chapadmalal&nbsp;<\/strong>y la nutrida cartelera de espect\u00e1culos captan el mayor inter\u00e9s de los turistas que visitan el principal destino de verano del pa\u00eds.<img loading=\"lazy\" decoding=\"async\" alt=\"Turistas disfrutan la playa. Foto Turismo de Mar del Plata\" src=\"https:\/\/www.clarin.com\/img\/2023\/01\/05\/6ih0spca7_720x0__1.jpg\" width=\"720\" height=\"480\">Turistas disfrutan la playa. Foto Turismo de Mar del Plata<\/p>\n\n\n\n<p>Pero la interminable oferta de paseos por la ciudad tambi\u00e9n contempla la cl\u00e1sica caminata por el Puerto para observar lobos marinos y barcos pesqueros antes de deleitarse con los platos de pescados y mariscos en las cantinas, las muestras de arte exhibidas en el Museo del Mar y un recorrido guiado por las se\u00f1oriales mansiones de los barrios Stella Maris, Los Troncos, Playa Grande y Divino Rostro.<\/p>\n\n\n\n<p>Otras buenas opciones para una caminata son el microcentro desde la&nbsp;<strong>plaza San Mart\u00edn<\/strong>&nbsp;y un itinerario que vincula La Perla con la avenida Constituci\u00f3n y el parque Camet.<\/p>\n\n\n\n<p>M\u00e1s lejos de la ciudad atraen&nbsp;<strong>Laguna y Sierra de los Padres<\/strong>, adem\u00e1s de las quintas y canteras de Bat\u00e1n. Por otro lado, la actividad deportiva cobr\u00f3 un nuevo impulso en los \u00faltimos a\u00f1os con las variadas propuestas que ofrece el club Mar del Plata Polo, en medio de la atm\u00f3sfera eminentemente familiar del Parque Camet.<\/p>\n\n\n\n<h2 class=\"wp-block-heading\">KM 562: Miramar<\/h2>\n\n\n\n<p>En&nbsp;Miramar, la localidad cabecera del partido de General Alvarado, abundan las&nbsp;<strong>actividades dise\u00f1adas para los chicos y los paseos guiados&nbsp;<\/strong>que llevan desde el casco hist\u00f3rico hasta la costa y el perfumado bosque del Vivero Dun\u00edcola Florentino Ameghino.<img loading=\"lazy\" decoding=\"async\" alt=\"Pat\u00edn, bicicletas y playa, una t\u00edpica postal de Miramar.\" src=\"https:\/\/www.clarin.com\/img\/2018\/10\/26\/S2tNa61Hx_720x0__1.jpg\" width=\"720\" height=\"480\">Pat\u00edn, bicicletas y playa, una t\u00edpica postal de Miramar.<\/p>\n\n\n\n<p>Una de las m\u00e1s divertidas formas de conocer los rincones de Miramar es a trav\u00e9s del Motorino, un llamativo coche para tres pasajeros, que Omar Charch\u00fa conduce a menos de 20 km por hora.<\/p>\n\n\n\n<p>La amplia variedad de propuestas culturales se concentra en el Teatro Municipal Abel Santa Cruz, la Casa de la Historia y la Cultura del Bicentenario, la Biblioteca Municipal y, en el pueblo Otamendi, el Centro Cultural Dima Sp\u00f3sito de Parodi y el Museo de la Vida Rural.<\/p>\n\n\n\n<p>Desde un costado del&nbsp;<strong>Vivero Dun\u00edcola<\/strong>, la ruta 11 toma distancia de Miramar para languidecer de la mejor manera, ofreciendo un&nbsp;<strong>\u00faltimo tramo de 16 kil\u00f3metros muy relajado hasta las playas agrestes de Mar del Sud<\/strong>, el balneario con pretensiones de villa veraniega para turistas de clase alta creado en 1889.<\/p>\n\n\n\n<p>De esos tiempos de gloria ef\u00edmera queda en pie el monumental edificio del&nbsp;<strong>hotel Boulevard Atlantic<\/strong>. Pese a las reducidas dimensiones del casco urbano, no son pocos los sitios de inter\u00e9s, entre los que se destacan una cervecer\u00eda artesanal, el Teatro del Sur, La Casa de las Caracolas y las esculturas instaladas al aire libre que don\u00f3 el artista napolitano Gennaro de Tommaso.<\/p>\n\n\n\n<h2 class=\"wp-block-heading\">Ruta 88 KM 65: Necochea<\/h2>\n\n\n\n<p>\u200bLa gran ciudad-balneario del sur bonaerense vive una fiesta permanente en el&nbsp;<strong>parque Miguel Lillo<\/strong>, que abarca el Lago de los Cisnes, los jardines Japon\u00e9s y Franc\u00e9s, un circuito aer\u00f3bico, la plaza Neptuno, un vivero, el Jard\u00edn de Rocas, el Paseo del Sol, Juegos Infantiles, el Museo Hist\u00f3rico Regional y paseos en un trencito ecol\u00f3gico, bicicletas y \u201ccarrilindos\u201d de alquiler y caballos.<img loading=\"lazy\" decoding=\"async\" alt=\"Tren del Parque, en el Parque Lillo de Necochea.\" src=\"https:\/\/www.clarin.com\/img\/2016\/12\/28\/r12O5t-Sx_720x0.jpg\" width=\"720\" height=\"480\">Tren del Parque, en el Parque Lillo de Necochea.<\/p>\n\n\n\n<p><strong>Otros circuitos recomendables<\/strong>&nbsp;los proporcionan el Camino de la Ribera -que despega de la zona de los clubes n\u00e1uticos y llega hasta las cascadas del r\u00edo Quequ\u00e9n-, el recorrido costero que vincula Quequ\u00e9n con el paraje Bah\u00eda de los Vientos y el balneario Costa Bonita y el complejo Termas del Campo, a 45 kil\u00f3metros de Necochea.<\/p>\n\n\n\n<h2 class=\"wp-block-heading\">Ruta 228 KM 49: Claromec\u00f3<\/h2>\n\n\n\n<p>Desde Energ\u00eda (en el km 49 de la ruta 228), las&nbsp;<strong>rutas 72 y 73 recorren un total de 80 kil\u00f3metros para llegar al paisaje natural de&nbsp;Claromec\u00f3<\/strong>.<\/p>\n\n\n\n<p>El principal balneario del partido de Tres Arroyos combina el bosque del Vivero Dun\u00edcola con lagunas, pantanos, dunas y arroyos-, ideal para recorrer en 4&#215;4, cuatriciclo o a trav\u00e9s de una cabalgata guiada. Es imperdible una visita a Dunamar, el barrio separado del centro por el arroyo Tres Arroyos o Claromec\u00f3 donde abundan vistosos chal\u00e9s con jardines cubiertos de flores.<img loading=\"lazy\" decoding=\"async\" alt=\"Faro de Claromec\u00f3. Foto: Andrea Gherbi\/Turismo de Tres Arroyos\" src=\"https:\/\/www.clarin.com\/img\/2020\/12\/27\/d9GxdXV5c_720x0__1.jpg\" width=\"720\" height=\"480\">Faro de Claromec\u00f3. Foto: Andrea Gherbi\/Turismo de Tres Arroyos<\/p>\n\n\n\n<p>Ese cuadro de tranquilidad que reina a toda hora se replica en las playas de&nbsp;<strong>Reta, Orense y Marisol<\/strong>&nbsp;-el balneario de Oriente-, bastiones de la pesca embarcada o desde la costa.<\/p>\n\n\n\n<p>La temporada ya empieza a perfilarse en noviembre, cuando Reta celebra el Concurso de Pesca a la Corvina de Mayor Peso. Con entrada gratis, en Reta se pueden visitar el Museo de la Yerba Mate y la Fototeca. El circuito rural abarca la estancia San Joaqu\u00edn y los pueblos Copetonas -donde funciona el Museo Regional-, Cascallares y San Francisco de Belloq.<\/p>\n\n\n\n<h2 class=\"wp-block-heading\">Ruta 3 KM 605: Monte Hermoso<\/h2>\n\n\n\n<p>Para poner pie en Monte Hermoso hay que llegar al kil\u00f3metro 605 de la ruta 3 y desviar 27 kil\u00f3metros hacia la izquierda por la ruta 78, pavinetntada en toda su traza.<\/p>\n\n\n\n<p>Tres discos, bares y restaurantes dan cuenta de la intensa actividad nocturna que sigue a las largas jornadas de playa sugeridas por el frente costero de Monte Hermoso y el balneario agreste Sauce Grande, a 7 km de la localidad principal.<\/p>\n\n\n\n<p>La pesca de pejerrey, los safaris fotogr\u00e1ficos y observaciones de aves tienen su lugar indicado alrededor de la laguna Sauce Grande, donde los turistas disponen de una confiter\u00eda, un restaurante, venta de carnada, botes y lanchas para alquilar, parrillas y juegos para chicos.<img loading=\"lazy\" decoding=\"async\" alt=\"Vista panor\u00e1mica del extenso litoral de playas de Monte Hermoso.\" src=\"https:\/\/www.clarin.com\/img\/2022\/01\/05\/81JFv8w_1_720x0__1.jpg\" width=\"720\" height=\"480\">Vista panor\u00e1mica del extenso litoral de playas de Monte Hermoso.<\/p>\n\n\n\n<p>Otro gran atractivo cercano a Monte Hermoso (a 3 km) es el&nbsp;faro Recalada, una torre met\u00e1lica de 67 metros de altura inaugurada en 1906. El mirador de la parte superior brinda una inmejorable vista panor\u00e1mica del balneario, la interminable franja de playas y el mar. La visita a Monte Hermoso tampoco deber\u00eda pasar por alto el Observatorio Astron\u00f3mico, la feria de artesanos y los museos de Ciencias Naturales, de Historia y Naval.<\/p>\n\n\n\n<h2 class=\"wp-block-heading\">Ruta 3 KM 640: Pehu\u00e9n C\u00f3<\/h2>\n\n\n\n<p>Un&nbsp;<strong>desv\u00edo pavimentado de 38 kil\u00f3metros por la ruta 113<\/strong>&nbsp;-que se desprende de la ruta 3- conduce hasta las calles de tierra y arena de Pehu\u00e9n C\u00f3.&nbsp;<\/p>\n\n\n\n<p>El principal balneario del partido de Coronel Rosales presenta un magn\u00edfico espect\u00e1culo natural, conformado por playas muy tranquilas, humedales, bosques y una amplia variedad de aves playeras y mam\u00edferos marinos.<img loading=\"lazy\" decoding=\"async\" alt=\"Atardecer en las playas de Pehu\u00e9n C\u00f3, a mitad de camino de Monte Hermoso a Bah\u00eda Blanca.\" src=\"https:\/\/www.clarin.com\/img\/2021\/03\/14\/VE9RZWgca_720x0__1.jpg\" width=\"720\" height=\"480\">Atardecer en las playas de Pehu\u00e9n C\u00f3, a mitad de camino de Monte Hermoso a Bah\u00eda Blanca.<\/p>\n\n\n\n<p>La&nbsp;Reserva Provincial Pehu\u00e9n C\u00f3&nbsp;resguarda los sitios que recorri\u00f3 el bi\u00f3logo y explorador&nbsp;<strong>Charles Darwin en el siglo XIX<\/strong>, el fr\u00e1gil ecosistema costero y afloraciones de rocas arcillosas con huellas de animales extinguidos hace 12 mil a\u00f1os y pisadas de humanos cuya antig\u00fcedad se calcula en 7 mil a\u00f1os.<\/p>\n\n\n\n<p>Entre las calles arboladas, diagonales y curvas del peque\u00f1o casco urbano de Pehu\u00e9n C\u00f3 atraen las casas Barco y Molino, una capilla y la Sala de Interpretaci\u00f3n Paleontol\u00f3gica Ameghino.<\/p>\n\n\n\n<h2 class=\"wp-block-heading\">D\u00f3nde alojarse<\/h2>\n\n\n\n<ul class=\"wp-block-list\">\n<li>En Las Toninas, departamentos Armenian Play: departamento para 4 personas con TV cable, wi-fi, cocina, vajilla y ventilador, $ 210.000 la semana; para 6, $ 240.000 la semana (4636-3709 \/ 0221- 155631392 \/ ikeunchkarian@hotmail.com).<\/li>\n<\/ul>\n\n\n\n<ul class=\"wp-block-list\">\n<li>En Santa Teresita, hotel Solyma: habitaci\u00f3n doble con desayuno buffet, dos piletas climatizadas, TV cable, wi-fi y entradas al complejo Costa Acu\u00e1tica, $ 50.000 (152- 1844711 \/ 02246- 420-160 \/ 02246- 15444698 \/ hotelsolyma@gmail.com \/ www.hotelsolyma.com).<\/li>\n<\/ul>\n\n\n\n<ul class=\"wp-block-list\">\n<li>Hotel Golf Internacional: habitaci\u00f3n doble Est\u00e1ndar con desayuno, TV cable, wi-fi y vista lateral al mar, $ 51.000; con vista frente al mar, $ 55.300; triple, $ 62.400; cu\u00e1druple, $ 78.700; qu\u00edntuple, $ 94.800; doble Superior con vista al mar, $ 68.400; cu\u00e1druple Superior, $ 92.400; suite doble, $ 109.000 (156- 1518146 \/ 02246- 521-000\/524-160\/024\/555 \/ info@hotelgolfinternacional.com \/ www.hotelgolfinternacional.com).<\/li>\n<\/ul>\n\n\n\n<ul class=\"wp-block-list\">\n<li>En Villa Gesell, hotel Coliseo: habitaci\u00f3n doble con desayuno, pileta climatizada, TV cable, wi-fi, ping pong, juegos de sal\u00f3n y estacionamiento, $ 48.000 en enero; triple, $ 53.000 (02255- 463-420\/165\/462-955 \/ hotelcoliseovg@gmail.com \/ www.hotelcoliseo.com.ar).<\/li>\n<\/ul>\n\n\n\n<ul class=\"wp-block-list\">\n<li>En Mar del Plata, hotel Cocoa: habitaci\u00f3n doble con wi-fi, TV cable,&nbsp;aire acondicionado y asistencia m\u00e9dica, $ 40.000; habitaci\u00f3n doble tipo apart con miniheladera, microondas y desayuno continental seco, $ 50.000; apart para 2 con desayuno continental seco, $ 70.000 (0223- 484-1361 \/ consultas@hotelcocoa.com.ar \/ www.hotelcocoa.com.ar).<\/li>\n<\/ul>\n\n\n\n<ul class=\"wp-block-list\">\n<li>En Miramar, resort y spa Alto Miramar: apart de dos ambientes para 2 personas con desayuno, spa, piscina climatizada, TV cable, wi-fi. gimnasio y ropa blanca, $ 119.500; para 4, $ 134.500; de tres ambientes para 6, $ 165.500 (02291- 15402877 \/ 02291- 421-130\/423-346 \/ consultas@altomiramar.com.ar \/ www.altomiramar.com.ar).<\/li>\n<\/ul>\n\n\n\n<ul class=\"wp-block-list\">\n<li>En Necochea, caba\u00f1as R\u00edo Quequ\u00e9n: para dos personas con TV cable, wi-fi, pileta, parrilla kitchinette, vajilla, heladera, microondas y estacionamiento, $ 75.000; camping para 2, $ 10.300 (incluye la carpa y el veh\u00edculo); para 4, $ 15.500; casa rodante, motorhome o combi, $ 14.400 con dos personas y $ 18.600 con 4 (02262- 428-068 \/ 02262- 15620000 \/ 02262- 15337557 \/ admcabaniasrioquequen@gmail.com \/ www.cabaniasrioquequen.com.ar).<\/li>\n<\/ul>\n\n\n\n<ul class=\"wp-block-list\">\n<li>En Claromec\u00f3, hotel Suyay: habitaci\u00f3n doble 45.000; apart para dos personas con desayuno, TV cable, wi-fi, ropa blanca y estacionamiento, $ 50.000; habitaci\u00f3n para 4, $ 70.000 (02982- 480-319 \/ hostal.suyay@gmail.com \/ www.hostalsuyay.com.ar).<\/li>\n<\/ul>\n\n\n\n<ul class=\"wp-block-list\">\n<li>En Monte Hermoso, hotel Las Dunas:&nbsp;habitaci\u00f3n doble en verano con desayuno, TV cable, wi-fi y estacionamiento, $ 50.000; cu\u00e1druple, $ 75.000 m\u00e1s IVA (0291- 155753958 \/ 02921- 482-782 \/ www.hotellasdunas.com.ar).<\/li>\n<\/ul>\n\n\n\n<p>Fuente: https:\/\/www.clarin.com\/viajes\/playas-costa-atlantica-ruta-11-camino-servicios-lugares-visitar_0_WKswujr8iN.html<\/p>\n","protected":false},"excerpt":{"rendered":"<p>Un recorrido paralelo al corredor de playas bonaerenses.Conectando con otras rutas, se llega hasta Necochea, Claromec\u00f3, Monte Hermoso y Pehu\u00e9n C\u00f3. Desde su punto de partida en&nbsp;San Clemente del Tuy\u00fa, la larga&nbsp;secuencia de playas del sur&nbsp;de la&nbsp;provincia de Buenos Aires&nbsp;se puede recorrer sin apuro y a velocidad moderada a trav\u00e9s de la ruta interbalnearia. Desde [&hellip;]<\/p>\n","protected":false},"author":3,"featured_media":1086,"comment_status":"open","ping_status":"open","sticky":false,"template":"","format":"standard","meta":{"footnotes":""},"categories":[11,12,10],"tags":[552],"class_list":["post-1085","post","type-post","status-publish","format-standard","has-post-thumbnail","hentry","category-agenda","category-sociedad","category-tendencia","tag-ruta-11"],"_links":{"self":[{"href":"https:\/\/noticiassaludables.com.ar\/index.php?rest_route=\/wp\/v2\/posts\/1085","targetHints":{"allow":["GET"]}}],"collection":[{"href":"https:\/\/noticiassaludables.com.ar\/index.php?rest_route=\/wp\/v2\/posts"}],"about":[{"href":"https:\/\/noticiassaludables.com.ar\/index.php?rest_route=\/wp\/v2\/types\/post"}],"author":[{"embeddable":true,"href":"https:\/\/noticiassaludables.com.ar\/index.php?rest_route=\/wp\/v2\/users\/3"}],"replies":[{"embeddable":true,"href":"https:\/\/noticiassaludables.com.ar\/index.php?rest_route=%2Fwp%2Fv2%2Fcomments&post=1085"}],"version-history":[{"count":1,"href":"https:\/\/noticiassaludables.com.ar\/index.php?rest_route=\/wp\/v2\/posts\/1085\/revisions"}],"predecessor-version":[{"id":1087,"href":"https:\/\/noticiassaludables.com.ar\/index.php?rest_route=\/wp\/v2\/posts\/1085\/revisions\/1087"}],"wp:featuredmedia":[{"embeddable":true,"href":"https:\/\/noticiassaludables.com.ar\/index.php?rest_route=\/wp\/v2\/media\/1086"}],"wp:attachment":[{"href":"https:\/\/noticiassaludables.com.ar\/index.php?rest_route=%2Fwp%2Fv2%2Fmedia&parent=1085"}],"wp:term":[{"taxonomy":"category","embeddable":true,"href":"https:\/\/noticiassaludables.com.ar\/index.php?rest_route=%2Fwp%2Fv2%2Fcategories&post=1085"},{"taxonomy":"post_tag","embeddable":true,"href":"https:\/\/noticiassaludables.com.ar\/index.php?rest_route=%2Fwp%2Fv2%2Ftags&post=1085"}],"curies":[{"name":"wp","href":"https:\/\/api.w.org\/{rel}","templated":true}]}}