{"id":1091,"date":"2024-04-03T11:07:48","date_gmt":"2024-04-03T14:07:48","guid":{"rendered":"https:\/\/noticiassaludables.com.ar\/?p=1091"},"modified":"2024-04-03T11:07:49","modified_gmt":"2024-04-03T14:07:49","slug":"el-ministro-de-salud-confunden-trabajar-con-perfil-bajo-con-inaccion","status":"publish","type":"post","link":"https:\/\/noticiassaludables.com.ar\/?p=1091","title":{"rendered":"El ministro de Salud: \u201cConfunden trabajar con perfil bajo con inacci\u00f3n\u201d"},"content":{"rendered":"\n<p>Mario Russo sali\u00f3 al cruce de las acusaciones que se\u00f1alan que el Gobierno est\u00e1 paralizado. Qu\u00e9 dijo sobre la vacunaci\u00f3n. \u201cArgentina, junto a Brasil y Paraguay, re\u00fane la mayor cantidad de casos de dengue de Am\u00e9rica del Sur\u201d, afirm\u00f3<\/p>\n\n\n\n<p>As\u00ed como el mantra favorito de&nbsp;<strong>Javier Milei&nbsp;<\/strong>sobre el que resume parte de su estrategia pol\u00edtica es \u201c<strong>No hay plata<\/strong>\u201d, para el ministro de Salud de la Naci\u00f3n, el m\u00e9dico cardi\u00f3logo&nbsp;<strong>Mario Russo<\/strong>, su mantra de cabecera es \u201c<strong>Hay que descentralizar la salud<\/strong>\u201d.<\/p>\n\n\n\n<p><a href=\"https:\/\/www.infobae.com\/salud\/2024\/04\/03\/quiros-dijo-que-esperan-mas-datos-cientificos-para-definir-la-estrategia-de-vacunacion-contra-el-dengue-en-caba\/\" target=\"_blank\" rel=\"noreferrer noopener\"><\/a><\/p>\n\n\n\n<p><a href=\"https:\/\/www.infobae.com\/salud\/2024\/04\/03\/quiros-dijo-que-esperan-mas-datos-cientificos-para-definir-la-estrategia-de-vacunacion-contra-el-dengue-en-caba\/\" target=\"_blank\" rel=\"noreferrer noopener\"><\/a><\/p>\n\n\n\n<p>Ser\u00e1 que Russo maneja como pocos el haber transitado<strong>&nbsp;tanto la gesti\u00f3n p\u00fablica y la privada en Salud<\/strong>, como titular de la cartera sanitaria de los municipios de San Miguel y Mor\u00f3n, as\u00ed como distintos cargos en la coordinaci\u00f3n de pol\u00edticas sanitarias bonaerenses. Y, tambi\u00e9n, cuenta con varios a\u00f1os de trayectoria en el Instituto Fleni y en el Hospital Italiano, adem\u00e1s de dirigir programas de formaci\u00f3n directiva en gesti\u00f3n y econom\u00eda de la salud en la Universidad Austral y el Instituto Tecnol\u00f3gico de Buenos Aires (ITBA).<\/p>\n\n\n\n<p>Hoy, el ministro Russo sum\u00f3 otro desaf\u00edo en salud p\u00fablica: administrar el brote hist\u00f3rico de\u00a0<a href=\"https:\/\/www.infobae.com\/tag\/dengue\/\" target=\"_blank\" rel=\"noreferrer noopener\">dengue\u00a0<\/a>que atraviesa la Argentina ante una situaci\u00f3n que la incluye en el sombr\u00edo panorama regional, donde el pa\u00eds representa el 3,4% de los casos de todo Am\u00e9rica del sur.<a href=\"https:\/\/www.infobae.com\/salud\/2024\/04\/03\/cual-es-el-sintoma-poco-habitual-que-puede-indicar-cancer-de-colon\/\" target=\"_blank\" rel=\"noreferrer noopener\"><\/a><\/p>\n\n\n\n<p>Estamos inmersos en un brote que no solo afecta a Argentina, que afecta fundamentalmente a Am\u00e9rica del Sur. De hecho, nuestro pa\u00eds representa el 3,4% de los pacientes infectados en la regi\u00f3n (Imagen ilustrativa Infobae)<\/p>\n\n\n\n<p><strong>\u2014 \u00bfQu\u00e9 est\u00e1 haciendo hoy el Gobierno Nacional para mitigar y para realizar una estrategia futura respecto a este brote hist\u00f3rico de dengue que vive Argentina en todo el territorio?<\/strong><\/p>\n\n\n\n<p>\u2014 Creo que existe una<strong>&nbsp;mala interpretaci\u00f3n de lo que es la acci\u00f3n o la inacci\u00f3n<\/strong>&nbsp;en esta nueva etapa de la Argentina. Desde mi cartera, visualizamos&nbsp;<strong>y dise\u00f1amos un ministerio con una funci\u00f3n rectora, no con una funci\u00f3n de prestador de servicios<\/strong>. Estamos muy concentrados en la<strong>&nbsp;vigilancia epidemiol\u00f3gica<\/strong>&nbsp;muy espec\u00edfica, porque somos los responsables de determinar cu\u00e1les son los serotipos que est\u00e1n circulando a trav\u00e9s de 33 lugares vig\u00edas, esa informaci\u00f3n nosotros se la transmitimos a las provincias. Hemos hecho una reuni\u00f3n con 22 ministros de las 24 jurisdicciones que asistieron a la reuni\u00f3n del<strong>&nbsp;Consejo Federal de Salud (Cofesa). En ese lugar discutimos las estrategias, nos pusimos de acuerdo en que lo fundamental es la prevenci\u00f3n y el control del mosquito vector<\/strong>, porque<strong>&nbsp;sin mosquitos no hay dengue.<\/strong>&nbsp;Y teniendo en cuenta que el manejo integral est\u00e1 asociado al descacharrado, la eliminaci\u00f3n de los huevos del Aedes aegypti durante todo el a\u00f1o.<\/p>\n\n\n\n<p>Armamos una red de referentes cl\u00ednicos junto con la Organizaci\u00f3n Panamericana de la Salud (OPS) y las 24 provincias, para bajar una l\u00ednea del manejo del paciente febril sospechoso de dengue, para que sea homog\u00e9nea la mirada y nos manejemos en una forma similar en todo el pa\u00eds.<\/p>\n\n\n\n<p><img loading=\"lazy\" decoding=\"async\" alt=\"El mosquito Aedes aegypti, se reproduce en agua estancada o acumulada (REUTERS)\" height=\"533\" width=\"800\" class=\"\" src=\"https:\/\/www.infobae.com\/new-resizer\/lytSQ3kqo8zr_t4cnU4hXBo_MQs=\/420x280\/filters:format(webp):quality(85)\/cloudfront-us-east-1.images.arcpublishing.com\/infobae\/L2ULV4PXGMT4BMW7MYHM3P5ZRQ.jpg%20420w\" srcset=\"https:\/\/www.infobae.com\/new-resizer\/lytSQ3kqo8zr_t4cnU4hXBo_MQs=\/420x280\/filters:format(webp):quality(85)\/cloudfront-us-east-1.images.arcpublishing.com\/infobae\/L2ULV4PXGMT4BMW7MYHM3P5ZRQ.jpg 420w,https:\/\/www.infobae.com\/new-resizer\/GAQsRAraNb_0AVtd4oeVti7NxMk=\/768x512\/filters:format(webp):quality(85)\/cloudfront-us-east-1.images.arcpublishing.com\/infobae\/L2ULV4PXGMT4BMW7MYHM3P5ZRQ.jpg 768w,https:\/\/www.infobae.com\/new-resizer\/z8jpPjIfIuUFfDZHged7LBvsNy8=\/992x661\/filters:format(webp):quality(85)\/cloudfront-us-east-1.images.arcpublishing.com\/infobae\/L2ULV4PXGMT4BMW7MYHM3P5ZRQ.jpg 992w,https:\/\/www.infobae.com\/new-resizer\/g7kPYH5RUO5GabIHOGxVsf8jjvQ=\/1200x800\/filters:format(webp):quality(85)\/cloudfront-us-east-1.images.arcpublishing.com\/infobae\/L2ULV4PXGMT4BMW7MYHM3P5ZRQ.jpg 1200w,https:\/\/www.infobae.com\/new-resizer\/dQJngRfyDPvQ5vk3uRkX8cZkGdY=\/1440x960\/filters:format(webp):quality(85)\/cloudfront-us-east-1.images.arcpublishing.com\/infobae\/L2ULV4PXGMT4BMW7MYHM3P5ZRQ.jpg 1440w\">El mosquito Aedes aegypti, se reproduce en agua estancada o acumulada (REUTERS)<\/p>\n\n\n\n<p><strong>\u2014 \u00bfC\u00f3mo se instrumenta ese papel rector que usted le quiere imprimir al Ministerio de Salud de la Naci\u00f3n en el v\u00ednculo con las provincias y los organismos internacionales, con un pa\u00eds donde la pobreza trep\u00f3 al 57,4% -porcentaje que representa a 27 millones de personas- durante el primer mes de 2024; y con el sistema de salud en quebranto?<\/strong><\/p>\n\n\n\n<p>\u2014 El ministerio ejerce una especie de rector\u00eda, junto con la OPS, la CoNain y los expertos que nosotros hemos convocado. Estamos inmersos en un brote que no solo afecta a Argentina, que afecta fundamentalmente a Am\u00e9rica del Sur. De hecho, nuestro pa\u00eds representa el 3,4% de los pacientes infectados en la regi\u00f3n. Estamos convencidos sobre redefinir las competencias de cada una de las jurisdicciones, tenemos que ejercer esa autoridad, tener el tablero de control de qu\u00e9 es lo que est\u00e1 pasando en tiempo real y tenemos que seguir interactuando con las organizaciones que m\u00e1s saben de este tipo de de enfermedades que son la OPS y la OMS. De hecho, la semana pasada el director de la OPS ha difundido un comunicado muy extenso que&nbsp;<strong>va en l\u00ednea con lo que nosotros estamos haciendo.<\/strong><\/p>\n\n\n\n<p>Muchas veces, se mezclan el modo de comunicar las cosas con la inacci\u00f3n. A m\u00ed no me interesa dar una conferencia con 25 infect\u00f3logos o que me saquen una foto en un barrio vulnerable descacharrando. Creo que lo que suma (como estrategia) es que bajemos un lineamiento concreto, que hablemos con los responsables de salud de las provincias, y que ellos a su vez hablen con los responsables municipales, \u00e9sa es la forma de trabajar. El resto es una mirada de c\u00f3mo se comunica. Pero cr\u00e9ame que desde el d\u00eda que llegamos ac\u00e1 estamos ocupados en el tema dengue.<\/p>\n\n\n\n<p><img loading=\"lazy\" decoding=\"async\" alt=\"La eliminaci\u00f3n de objetos y cacharros que puedan acumular agua es una de las medidas m\u00e1s importantes para frenar la propagaci\u00f3n del vector de contagio (Imagen ilustrativa Infobae)\" height=\"1112\" width=\"1968\" class=\"\" src=\"https:\/\/www.infobae.com\/new-resizer\/fgBEZBeB6rCJmE8wK9oOlFLPDTU=\/420x236\/filters:format(webp):quality(85)\/cloudfront-us-east-1.images.arcpublishing.com\/infobae\/EFXQCFVZDJH6DGZVSMKU2XYYD4.jpg%20420w\" srcset=\"https:\/\/www.infobae.com\/new-resizer\/fgBEZBeB6rCJmE8wK9oOlFLPDTU=\/420x236\/filters:format(webp):quality(85)\/cloudfront-us-east-1.images.arcpublishing.com\/infobae\/EFXQCFVZDJH6DGZVSMKU2XYYD4.jpg 420w,https:\/\/www.infobae.com\/new-resizer\/3n2eMhfVbvneNZWNgqkwKzwdPGg=\/768x432\/filters:format(webp):quality(85)\/cloudfront-us-east-1.images.arcpublishing.com\/infobae\/EFXQCFVZDJH6DGZVSMKU2XYYD4.jpg 768w,https:\/\/www.infobae.com\/new-resizer\/QcxDOSsqwia_xtZcdqefU5Adog8=\/992x558\/filters:format(webp):quality(85)\/cloudfront-us-east-1.images.arcpublishing.com\/infobae\/EFXQCFVZDJH6DGZVSMKU2XYYD4.jpg 992w,https:\/\/www.infobae.com\/new-resizer\/Zqbid-CgiegVzlwf8wKvdKYuyQ4=\/1200x675\/filters:format(webp):quality(85)\/cloudfront-us-east-1.images.arcpublishing.com\/infobae\/EFXQCFVZDJH6DGZVSMKU2XYYD4.jpg 1200w,https:\/\/www.infobae.com\/new-resizer\/QuiitjAtI5yWymnUoJBjZjmddAs=\/1440x810\/filters:format(webp):quality(85)\/cloudfront-us-east-1.images.arcpublishing.com\/infobae\/EFXQCFVZDJH6DGZVSMKU2XYYD4.jpg 1440w\">La eliminaci\u00f3n de objetos y cacharros que puedan acumular agua es una de las medidas m\u00e1s importantes para frenar la propagaci\u00f3n del vector de contagio (Imagen ilustrativa Infobae)<\/p>\n\n\n\n<p><strong>\u2014 Entonces, usted frente a las medidas de salud p\u00fablica ante el brote epid\u00e9mico de dengue en el pa\u00eds, ya est\u00e1 aplicando el concepto de descentralizaci\u00f3n.<\/strong><\/p>\n\n\n\n<p>\u2014 Absolutamente. Con una&nbsp;<strong>mirada rectora muy clara, que el Ministerio hab\u00eda perdido. Es decir, nosotros creemos en la utilizaci\u00f3n de los datos, en bajar gu\u00edas de est\u00e1ndares de calidad para todas las patolog\u00eda<\/strong>s. En este Ministerio tenemos que tomar&nbsp;<strong>las decisiones estrat\u00e9gicas de la salud de Argentina<\/strong>, fundamentalmente en el calendario de inmunizaciones y eso nada tiene que ver con la pol\u00edtica. De hecho, nosotros llegamos y el primer acto administrativo que hice fue firmar (la inclusi\u00f3n en el calendario nacional de vacunaci\u00f3n de) la vacuna del virus Sincicial Respiratorio que fue desarrollada por el gobierno anterior, porque nosotros creemos que es positiva. En ese<strong>&nbsp;perfil bajo tambi\u00e9n est\u00e1 la idea que el Ministerio vuelva a tener una rector\u00eda, pero en la medicina basada en la evidencia<\/strong>, no en factores externos que puedan condicionarnos en las decisiones, sean simp\u00e1ticas o no.<\/p>\n\n\n\n<h2 class=\"wp-block-heading\">Cifras sustanciales<\/h2>\n\n\n\n<p>Seg\u00fan el \u00faltimo reporte del Ministerio de Salud de la Naci\u00f3n, en lo que va de la temporada 2023\/2024 se registraron&nbsp;<a rel=\"noreferrer noopener\" href=\"https:\/\/www.infobae.com\/salud\/2024\/03\/31\/brote-historico-de-dengue-en-argentina-ya-son-129-los-muertos-y-hay-mas-de-180-mil-casos-registrados\/\" target=\"_blank\"><strong>129 muertes y 180.529 casos de dengue<\/strong><\/a>, de los cuales 163.419 se notificaron desde la semana 1 a la semana 12 de 2024. La incidencia acumulada hasta el momento para el total pa\u00eds es de<strong>&nbsp;384 casos cada cien mil habitantes<\/strong>. En el mismo per\u00edodo, 398 casos fueron clasificados como dengue grave y la&nbsp;<strong>enfermedad mostr\u00f3 una letalidad del 0,071%.<\/strong><\/p>\n\n\n\n<p><img loading=\"lazy\" decoding=\"async\" alt=\"El dengue est\u00e1 viviendo un brote hist\u00f3rico en la regi\u00f3n de Am\u00e9rica Latina en 2024  (Imagen ilustrativa Infobae)\" height=\"816\" width=\"1456\" class=\"\" src=\"https:\/\/www.infobae.com\/new-resizer\/fwywbwXstKvPOV5BNHhKgr5rNbo=\/420x236\/filters:format(webp):quality(85)\/cloudfront-us-east-1.images.arcpublishing.com\/infobae\/HUMYPQOHO5HT5PLP265ZQKCZDU.jpg%20420w\" srcset=\"https:\/\/www.infobae.com\/new-resizer\/fwywbwXstKvPOV5BNHhKgr5rNbo=\/420x236\/filters:format(webp):quality(85)\/cloudfront-us-east-1.images.arcpublishing.com\/infobae\/HUMYPQOHO5HT5PLP265ZQKCZDU.jpg 420w,https:\/\/www.infobae.com\/new-resizer\/kl956ohNwsafPPi3VYUilHZeSGI=\/768x432\/filters:format(webp):quality(85)\/cloudfront-us-east-1.images.arcpublishing.com\/infobae\/HUMYPQOHO5HT5PLP265ZQKCZDU.jpg 768w,https:\/\/www.infobae.com\/new-resizer\/8zfNuPS7YTJ49gHu5NuETuFXeTs=\/992x558\/filters:format(webp):quality(85)\/cloudfront-us-east-1.images.arcpublishing.com\/infobae\/HUMYPQOHO5HT5PLP265ZQKCZDU.jpg 992w,https:\/\/www.infobae.com\/new-resizer\/BbYslSYkNiMoKyGKf7PQfOlk7bo=\/1200x675\/filters:format(webp):quality(85)\/cloudfront-us-east-1.images.arcpublishing.com\/infobae\/HUMYPQOHO5HT5PLP265ZQKCZDU.jpg 1200w,https:\/\/www.infobae.com\/new-resizer\/ZUujhXbAVJtrZ8HWCOy8mNQiM2Q=\/1440x810\/filters:format(webp):quality(85)\/cloudfront-us-east-1.images.arcpublishing.com\/infobae\/HUMYPQOHO5HT5PLP265ZQKCZDU.jpg 1440w\">El dengue est\u00e1 viviendo un brote hist\u00f3rico en la regi\u00f3n de Am\u00e9rica Latina en 2024 (Imagen ilustrativa Infobae)<\/p>\n\n\n\n<p>En la mirada del cardi\u00f3logo, el Ministerio de Salud Nacional est\u00e1 para \u201ctomar<strong>&nbsp;decisiones estrat\u00e9gicas<\/strong>\u201d, y en ese camino uno de los instrumentos fundamentales son las&nbsp;<strong>cifras<\/strong>, por eso la importancia a mantener muy actualizado el&nbsp;<strong>Bolet\u00edn Epidemiol\u00f3gico Nacional<\/strong>&nbsp;que permite, por ejemplo, \u201cconocer&nbsp;<strong>cu\u00e1l es el serotipo del virus del dengue que m\u00e1s circula en el pa\u00eds<\/strong>, siendo el serotipo 1 hoy el m\u00e1s prevalente\u201d.<\/p>\n\n\n\n<p>Una s\u00edntesis de su pensamiento es&nbsp;<strong>hacer, m\u00e1s que aparecer<\/strong>. Y as\u00ed se lo relat\u00f3 a&nbsp;<strong>Infobae<\/strong>: \u201cHace pocos d\u00edas&nbsp;<a rel=\"noreferrer noopener\" href=\"https:\/\/www.infobae.com\/salud\/2024\/03\/25\/con-el-dengue-como-eje-principal-los-detalles-de-la-primera-reunion-de-los-ministros-de-salud-del-pais\/\" target=\"_blank\">reun\u00ed al Consejo Federal de Salud (COFESA)&nbsp;<\/a>y junto a los ministros de Salud del pa\u00eds hemos&nbsp;<strong>trazado medidas de prevenci\u00f3n y estrategia<\/strong>&nbsp;futura contra el mosquito vector del dengue -Aedes aegypti- muy importantes. Pero como a m\u00ed&nbsp;<strong>no me gusta aparecer en la televisi\u00f3n cortando una cinta<\/strong>, algunos medios y la gente confunden<strong>&nbsp;trabajar con perfil bajo con inacci\u00f3n<\/strong>\u201d.<\/p>\n\n\n\n<p>En consonancia con el ministro Russo, el director de la OPS,<strong>&nbsp;Jarbas Barbosa,<\/strong>&nbsp;comunic\u00f3 en lo que va del a\u00f1o los casos de dengue&nbsp;<strong>se triplicaron<\/strong>&nbsp;en Am\u00e9rica Latina respecto al 2023. En una conferencia regional de la que particip\u00f3&nbsp;<a rel=\"noreferrer noopener\" href=\"https:\/\/www.infobae.com\/salud\/2024\/03\/28\/la-ops-alerto-que-se-triplicaron-los-casos-de-dengue-en-la-region-y-pidio-fortalecer-la-eliminacion-de-las-larvas\/#:~:text=Seg%C3%BAn%20datos%20de%20la%20Organizaci%C3%B3n,casos%20graves%20y%202363%20muertes.\" target=\"_blank\"><strong>Infobae<\/strong>&nbsp;<\/a>detall\u00f3 que la gran mayor\u00eda de las infecciones se notificaron en Brasil (81%), seguido por Paraguay (6%), Argentina (3,4%), Per\u00fa (2,6%) y Colombia (2,2%), que concentran el 92% de los casos y el 87% de las muertes.<\/p>\n\n\n\n<h2 class=\"wp-block-heading\">Estrategia frente a la vacuna<\/h2>\n\n\n\n<p><img loading=\"lazy\" decoding=\"async\" alt=\"La vacunaci\u00f3n contra el dengue es una herramienta para protegerse de la propagaci\u00f3n de la enfermedad y est\u00e1 recomendada para ciertos grupos etarios en zonas end\u00e9micas (Imagen ilustrativa Infobae)\" height=\"1008\" width=\"1792\" class=\"\" src=\"https:\/\/www.infobae.com\/new-resizer\/0aGE-GlDLjh3aFQsZQJeWHzCevI=\/420x236\/filters:format(webp):quality(85)\/cloudfront-us-east-1.images.arcpublishing.com\/infobae\/UPO34QDV5RAXLEWXT74ON4RY2U.jpg%20420w\" srcset=\"https:\/\/www.infobae.com\/new-resizer\/0aGE-GlDLjh3aFQsZQJeWHzCevI=\/420x236\/filters:format(webp):quality(85)\/cloudfront-us-east-1.images.arcpublishing.com\/infobae\/UPO34QDV5RAXLEWXT74ON4RY2U.jpg 420w,https:\/\/www.infobae.com\/new-resizer\/UbVMMFxMxdTa5sv1rISWMcU3NjU=\/768x432\/filters:format(webp):quality(85)\/cloudfront-us-east-1.images.arcpublishing.com\/infobae\/UPO34QDV5RAXLEWXT74ON4RY2U.jpg 768w,https:\/\/www.infobae.com\/new-resizer\/_PYrAvPtHFVV7OldOpDEXNBSuC8=\/992x558\/filters:format(webp):quality(85)\/cloudfront-us-east-1.images.arcpublishing.com\/infobae\/UPO34QDV5RAXLEWXT74ON4RY2U.jpg 992w,https:\/\/www.infobae.com\/new-resizer\/_wrGAO6-CImduqdNKcM-_2xVT74=\/1200x675\/filters:format(webp):quality(85)\/cloudfront-us-east-1.images.arcpublishing.com\/infobae\/UPO34QDV5RAXLEWXT74ON4RY2U.jpg 1200w,https:\/\/www.infobae.com\/new-resizer\/1TXaV8Foda6bzoESykBtNCHnsCw=\/1440x810\/filters:format(webp):quality(85)\/cloudfront-us-east-1.images.arcpublishing.com\/infobae\/UPO34QDV5RAXLEWXT74ON4RY2U.jpg 1440w\">La vacunaci\u00f3n contra el dengue es una herramienta para protegerse de la propagaci\u00f3n de la enfermedad y est\u00e1 recomendada para ciertos grupos etarios en zonas end\u00e9micas (Imagen ilustrativa Infobae)<\/p>\n\n\n\n<p><strong>\u2014 En cuanto a la estrategia respecto a la&nbsp;<\/strong><a rel=\"noreferrer noopener\" href=\"https:\/\/www.infobae.com\/salud\/2024\/03\/27\/las-preguntas-mas-relevantes-alrededor-de-la-vacuna-contra-el-dengue-y-las-respuestas-de-los-tres-expertos-que-mas-saben\/\" target=\"_blank\"><strong>vacuna disponible y aprobada del laboratorio Takeda (Qdenga)&nbsp;<\/strong><\/a><strong>contra los cuatro serotipos del dengue, podemos decir que hasta hoy existen dos bibliotecas, una que dice \u201cvacunemos a todos\u201d -la ciencia ya se pronunci\u00f3 y dijo que esto no es efectivo contra este brote actual- . Y la otra postura que sostiene que se debe vacunar por jurisdicciones en funci\u00f3n de la endemia de cada distrito. En ese marco, \u00bfcu\u00e1les son los pasos que va a tomar el Gobierno Nacional al respecto de la vacuna?<\/strong><\/p>\n\n\n\n<p>\u2014La vacuna de Takeda ha demostrado seguridad y eficacia en un grupo de pacientes que han sido los estudiados en una Fase III en 20.000 pacientes. Reci\u00e9n esa vacuna est\u00e1 empezando a recorrer un cap\u00edtulo en la Fase IV, en el mundo real. Por eso, necesitamos recabar la informaci\u00f3n de qu\u00e9 es lo que ha ocurrido con los pacientes que han sido vacunados en un brote en el mundo real para sacar las conclusiones y terminar de definir cu\u00e1l es el grupo etario a vacunar y cu\u00e1les son las regiones a vacunar. Probablemente sea en las regiones end\u00e9micas, pero todav\u00eda necesitamos informaci\u00f3n.<\/p>\n\n\n\n<p>Lo que corresponde es que tomemos este tema con seriedad y con solidez cient\u00edfica, porque en definitiva somos los que vamos a determinar el calendario de vacunaci\u00f3n. Entendemos la ansiedad, pero necesitamos todav\u00eda unos meses para recibir esa informaci\u00f3n y a partir de ah\u00ed tomar una decisi\u00f3n en forma conjunta con la CoNain y con la OPS.<\/p>\n\n\n\n<p><strong>\u2014 \u00bfEntonces en el corto a mediano plazo la vacuna contra el dengue no entrar\u00e1 al Calendario Nacional de Vacunaci\u00f3n?<\/strong><\/p>\n\n\n\n<p>\u2014 No, no entrar\u00e1 por ahora en el Calendario Nacional de Vacunaci\u00f3n, pero lo que s\u00ed se est\u00e1 evaluando es la aplicaci\u00f3n de la vacuna de forma segmentada y por regiones. Y falta determinar cu\u00e1l es el grupo etario que se va a vacunar.<\/p>\n\n\n\n<p>Hay que recordar que la vacuna (Qdenga) est\u00e1 aprobada por la reguladora local ANMAT,&nbsp;<strong>no es una herramienta que est\u00e9 validada&nbsp;<\/strong>para controlar la transmisi\u00f3n de la enfermedad en el contexto del brote. La adopci\u00f3n de la vacunaci\u00f3n como estrategia de salud conlleva una enorme responsabilidad y no puede quedar sometida al inter\u00e9s de determinados sectores que desinforman y generan preocupaci\u00f3n.<\/p>\n\n\n\n<p><img loading=\"lazy\" decoding=\"async\" alt=\"&quot;Lo que corresponde es que tomemos este tema con seriedad y con solidez cient\u00edfica, porque en definitiva somos los que vamos a determinar el calendario de vacunaci\u00f3n&quot; (Imagen ilustrativa Infobae)\" height=\"1112\" width=\"1968\" class=\"\" src=\"https:\/\/www.infobae.com\/new-resizer\/zMpTF2bXVlCzrpuEM_W-MIlxXMg=\/420x236\/filters:format(webp):quality(85)\/cloudfront-us-east-1.images.arcpublishing.com\/infobae\/CKWJDJR43NDJPCYHAFWTX4TUHI.jpg%20420w\" srcset=\"https:\/\/www.infobae.com\/new-resizer\/zMpTF2bXVlCzrpuEM_W-MIlxXMg=\/420x236\/filters:format(webp):quality(85)\/cloudfront-us-east-1.images.arcpublishing.com\/infobae\/CKWJDJR43NDJPCYHAFWTX4TUHI.jpg 420w,https:\/\/www.infobae.com\/new-resizer\/8bDwAD0Tw0OvQuPe-cRP_wml3NY=\/768x432\/filters:format(webp):quality(85)\/cloudfront-us-east-1.images.arcpublishing.com\/infobae\/CKWJDJR43NDJPCYHAFWTX4TUHI.jpg 768w,https:\/\/www.infobae.com\/new-resizer\/5fNksO6QhC7N1BKtFCQA3-M-Be4=\/992x558\/filters:format(webp):quality(85)\/cloudfront-us-east-1.images.arcpublishing.com\/infobae\/CKWJDJR43NDJPCYHAFWTX4TUHI.jpg 992w,https:\/\/www.infobae.com\/new-resizer\/f3F2rkoaATJg31Z3IL3e3V3YmXg=\/1200x675\/filters:format(webp):quality(85)\/cloudfront-us-east-1.images.arcpublishing.com\/infobae\/CKWJDJR43NDJPCYHAFWTX4TUHI.jpg 1200w,https:\/\/www.infobae.com\/new-resizer\/bO4qxRHVW_AX5jity02Mgs4s1rs=\/1440x810\/filters:format(webp):quality(85)\/cloudfront-us-east-1.images.arcpublishing.com\/infobae\/CKWJDJR43NDJPCYHAFWTX4TUHI.jpg 1440w\">&#8220;Lo que corresponde es que tomemos este tema con seriedad y con solidez cient\u00edfica, porque en definitiva somos los que vamos a determinar el calendario de vacunaci\u00f3n&#8221; (Imagen ilustrativa Infobae)<\/p>\n\n\n\n<p><strong>\u2014 Estamos ante un brote epid\u00e9mico y esto implica tensi\u00f3n y colapso del sistema de salud. Y en este lineamiento que usted mencion\u00f3, se est\u00e1 trabajando con los diferentes eslabones de la cadena de salud, especialmente los que est\u00e1n en la l\u00ednea de fuego con pacientes en guardias l\u00f3gicamente colapsadas por consultas y gente con s\u00edntomas. \u00bfC\u00f3mo se gestionan las pruebas PCR para poder llegar al diagn\u00f3stico de dengue y no que todo sea presuntivo?<\/strong><\/p>\n\n\n\n<p>\u2014 Hicimos una jornada con OPS y con 24 referentes de cada una de las provincias y bajamos una gu\u00eda como si fuera un triage, que implica que si el paciente tiene tal edad, tiene fiebre u otro s\u00edntoma, siga un camino en el sistema p\u00fablico. As\u00ed estamos tratando de homogeneizar la forma de tratar al paciente sospechoso de dengue.&nbsp;<a rel=\"noreferrer noopener\" href=\"https:\/\/www.infobae.com\/salud\/2024\/03\/28\/la-ops-alerto-que-se-triplicaron-los-casos-de-dengue-en-la-region-y-pidio-fortalecer-la-eliminacion-de-las-larvas\/\" target=\"_blank\">Es una iniciativa que tomamos en conjunto con OPS.<\/a><\/p>\n\n\n\n<p><strong>\u2014 Pero seguimos antes un escenario de suposiciones, el paciente se va del centro de salud con un cuadro de dengue presuntivo, que puede agravarse, pero no tiene diagn\u00f3stico confirmado, por eso un gran porcentaje de la gente est\u00e1 como a ciegas ante qu\u00e9 hacer y qu\u00e9 conducta m\u00e9dica seguir ante el diagn\u00f3stico.<\/strong><\/p>\n\n\n\n<p>\u2014Como m\u00e9dico puedo decirle que la mortalidad del dengue es muy baja, del 0,05%. Pero eso no importa cuando toca desde lo individual. Esto tiene m\u00e1s que ver con el sistema que no reconoce al paciente, en especial los j\u00f3venes. Es lo que hab\u00eda sucedido con el COVID al inicio de la pandemia, por eso estamos haciendo mucho hincapi\u00e9 en transmitir a las jurisdicciones gu\u00edas de pr\u00e1ctica cl\u00ednica para actuar. Creemos en eso en el Ministerio de Salud, nos parece que van a tener m\u00e1s impacto este tipo de cosas, que cortar tanta cinta.<\/p>\n\n\n\n<p><img loading=\"lazy\" decoding=\"async\" alt=\"Primera reuni\u00f3n del a\u00f1o 2024, convocada por ministro Russo, con el COFESA\" height=\"1080\" width=\"1920\" class=\"\" src=\"https:\/\/www.infobae.com\/new-resizer\/grcnJ5xJVU_nIfdI5x7rwN-FOYM=\/420x236\/filters:format(webp):quality(85)\/cloudfront-us-east-1.images.arcpublishing.com\/infobae\/NJZ6VCRENBCFDKBCMG7KCPSIQM.jpg%20420w\" srcset=\"https:\/\/www.infobae.com\/new-resizer\/grcnJ5xJVU_nIfdI5x7rwN-FOYM=\/420x236\/filters:format(webp):quality(85)\/cloudfront-us-east-1.images.arcpublishing.com\/infobae\/NJZ6VCRENBCFDKBCMG7KCPSIQM.jpg 420w,https:\/\/www.infobae.com\/new-resizer\/dTyk8Qj99G0WrE8_zCPcdSVuqVg=\/768x432\/filters:format(webp):quality(85)\/cloudfront-us-east-1.images.arcpublishing.com\/infobae\/NJZ6VCRENBCFDKBCMG7KCPSIQM.jpg 768w,https:\/\/www.infobae.com\/new-resizer\/fWMm2x9wYZRXCLiqLdMwk9bCpI8=\/992x558\/filters:format(webp):quality(85)\/cloudfront-us-east-1.images.arcpublishing.com\/infobae\/NJZ6VCRENBCFDKBCMG7KCPSIQM.jpg 992w,https:\/\/www.infobae.com\/new-resizer\/zFVnWuG6G1uaDAA2tytNkIJAgDo=\/1200x675\/filters:format(webp):quality(85)\/cloudfront-us-east-1.images.arcpublishing.com\/infobae\/NJZ6VCRENBCFDKBCMG7KCPSIQM.jpg 1200w,https:\/\/www.infobae.com\/new-resizer\/F9oSmtqlonFHR9nAOWER3Xb-5-Y=\/1440x810\/filters:format(webp):quality(85)\/cloudfront-us-east-1.images.arcpublishing.com\/infobae\/NJZ6VCRENBCFDKBCMG7KCPSIQM.jpg 1440w\">Primera reuni\u00f3n del a\u00f1o 2024, convocada por ministro Russo, con el COFESA<\/p>\n\n\n\n<p>Russo remarc\u00f3 que se encuentra en&nbsp;<strong>constante vigilancia<\/strong>&nbsp;de la situaci\u00f3n epidemiol\u00f3gica del pa\u00eds, en especial en lo que se refiere al brote de dengue que atraviesan las regiones norte y centro, y asegur\u00f3 que est\u00e1 realizando un<strong>&nbsp;monitoreo exhaustivo<\/strong>&nbsp;en colaboraci\u00f3n con las diferentes jurisdicciones.<\/p>\n\n\n\n<h2 class=\"wp-block-heading\">Seguimiento permanente<\/h2>\n\n\n\n<p>En torno de las acciones actuales para encarar el combate, tanto contra el dengue como contra otras patolog\u00edas, la cartera garantiz\u00f3 que est\u00e1 poniendo en pr\u00e1ctica un proceso de<strong>&nbsp;\u201cseguimiento epidemiol\u00f3gico permanente\u201d<\/strong>&nbsp;que le permite tanto al Ministerio como a las autoridades sanitarias locales \u201cidentificar de manera precoz cualquier cambio o anomal\u00eda en el patr\u00f3n de enfermedades en el territorio nacional\u201d.<\/p>\n\n\n\n<p>En la mesa del COFESA, dijo Russo, todos los ministros \u201ccoincidieron\u201d en que la \u201celiminaci\u00f3n del mosquito en el territorio es la primera l\u00ednea de defensa para frenar el dengue, y que la clave es el trabajo local y peridomiciliario para combatirlo. Esta es una tarea que debe realizarse continuamente, no solo debido al contexto actual sino anticip\u00e1ndonos a la pr\u00f3xima temporada para llegar con menor poblaci\u00f3n de mosquitos\u201d.<\/p>\n\n\n\n<p>Fuente: <a href=\"https:\/\/www.infobae.com\/salud\/2024\/04\/02\/el-ministro-de-salud-respondio-las-criticas-ante-el-brote-historico-de-dengue-confunden-trabajar-con-perfil-bajo-con-inaccion\/\">https:\/\/www.infobae.com\/salud\/2024\/04\/02\/el-ministro-de-salud-respondio-las-criticas-ante-el-brote-historico-de-dengue-confunden-trabajar-con-perfil-bajo-con-inaccion\/<\/a><\/p>\n","protected":false},"excerpt":{"rendered":"<p>Mario Russo sali\u00f3 al cruce de las acusaciones que se\u00f1alan que el Gobierno est\u00e1 paralizado. Qu\u00e9 dijo sobre la vacunaci\u00f3n. \u201cArgentina, junto a Brasil y Paraguay, re\u00fane la mayor cantidad de casos de dengue de Am\u00e9rica del Sur\u201d, afirm\u00f3 As\u00ed como el mantra favorito de&nbsp;Javier Milei&nbsp;sobre el que resume parte de su estrategia pol\u00edtica es [&hellip;]<\/p>\n","protected":false},"author":3,"featured_media":1092,"comment_status":"open","ping_status":"open","sticky":false,"template":"","format":"standard","meta":{"footnotes":""},"categories":[13,3,5],"tags":[313,265,555],"class_list":["post-1091","post","type-post","status-publish","format-standard","has-post-thumbnail","hentry","category-politica","category-principal","category-salud","tag-dengue","tag-mario-russo","tag-ministro-de-salud"],"_links":{"self":[{"href":"https:\/\/noticiassaludables.com.ar\/index.php?rest_route=\/wp\/v2\/posts\/1091","targetHints":{"allow":["GET"]}}],"collection":[{"href":"https:\/\/noticiassaludables.com.ar\/index.php?rest_route=\/wp\/v2\/posts"}],"about":[{"href":"https:\/\/noticiassaludables.com.ar\/index.php?rest_route=\/wp\/v2\/types\/post"}],"author":[{"embeddable":true,"href":"https:\/\/noticiassaludables.com.ar\/index.php?rest_route=\/wp\/v2\/users\/3"}],"replies":[{"embeddable":true,"href":"https:\/\/noticiassaludables.com.ar\/index.php?rest_route=%2Fwp%2Fv2%2Fcomments&post=1091"}],"version-history":[{"count":1,"href":"https:\/\/noticiassaludables.com.ar\/index.php?rest_route=\/wp\/v2\/posts\/1091\/revisions"}],"predecessor-version":[{"id":1093,"href":"https:\/\/noticiassaludables.com.ar\/index.php?rest_route=\/wp\/v2\/posts\/1091\/revisions\/1093"}],"wp:featuredmedia":[{"embeddable":true,"href":"https:\/\/noticiassaludables.com.ar\/index.php?rest_route=\/wp\/v2\/media\/1092"}],"wp:attachment":[{"href":"https:\/\/noticiassaludables.com.ar\/index.php?rest_route=%2Fwp%2Fv2%2Fmedia&parent=1091"}],"wp:term":[{"taxonomy":"category","embeddable":true,"href":"https:\/\/noticiassaludables.com.ar\/index.php?rest_route=%2Fwp%2Fv2%2Fcategories&post=1091"},{"taxonomy":"post_tag","embeddable":true,"href":"https:\/\/noticiassaludables.com.ar\/index.php?rest_route=%2Fwp%2Fv2%2Ftags&post=1091"}],"curies":[{"name":"wp","href":"https:\/\/api.w.org\/{rel}","templated":true}]}}