{"id":1104,"date":"2024-04-04T10:26:37","date_gmt":"2024-04-04T13:26:37","guid":{"rendered":"https:\/\/noticiassaludables.com.ar\/?p=1104"},"modified":"2024-04-04T10:26:37","modified_gmt":"2024-04-04T13:26:37","slug":"dengue-y-falta-de-repelente","status":"publish","type":"post","link":"https:\/\/noticiassaludables.com.ar\/?p=1104","title":{"rendered":"Dengue y falta de repelente"},"content":{"rendered":"\n<h2 class=\"wp-block-heading\">Ni el laboratorio que tiene la mayor\u00eda del mercado, ni el Gobierno, explican c\u00f3mo resolver la falta de repelente.Mientras la gente lo padece, al no tener manera de protegerse de los mosquitos, el tema es eje de chicanas pol\u00edticas<\/h2>\n\n\n\n<figure class=\"wp-block-image\"><img decoding=\"async\" src=\"https:\/\/www.clarin.com\/img\/2024\/03\/27\/yCwro8Aqs_360x240__1.jpg\" alt=\"Dengue y falta de repelente: crece la pobreza informativa y por qu\u00e9 no lo importan\"\/><\/figure>\n\n\n\n<p>El Gobierno abri\u00f3 la&nbsp;<a href=\"https:\/\/www.clarin.com\/economia\/gobierno-anuncio-apertura-importaciones-alimentos-canasta-basica_0_i43Fpz1oJX.html\">importaci\u00f3n de alimentos de la canasta b\u00e1sica<\/a>&nbsp;porque conf\u00eda en que con m\u00e1s competidores los precios bajar\u00e1n. La decisi\u00f3n es discutible, pero se bas\u00f3 en una mirada pragm\u00e1tica sobre los efectos de ensanchar el mercado y, como dijo el Gobierno, de hacer que los precios sean \u201cm\u00e1s competitivos\u201d. Sin embargo,<a href=\"https:\/\/www.clarin.com\/sociedad\/dengue-confirman-100-muertos-argentina-2024_0_bGJIKPG6bv.html\">&nbsp;el mayor brote epid\u00e9mico de dengue<\/a>&nbsp;y la desesperante escasez de repelente de mosquitos, en un contexto que de competitivo no tiene nada porque o no hay producto o su precio es abusivo, no parecen despertar ni el mismo inter\u00e9s ni la misma celeridad.<\/p>\n\n\n\n<p>Basta de ejemplo que este martes, el Ministerio de Salud de la Naci\u00f3n difundi\u00f3 un comunicado titulado \u201c<em>Sobre la situaci\u00f3n epidemiol\u00f3gica del dengue y las medidas de prevenci\u00f3n<\/em>\u201d en el que&nbsp;<strong>el t\u00e9rmino repelente no figura ni una sola vez<\/strong>.<\/p>\n\n\n\n<p>Una de las voces que viene denunciando esta situaci\u00f3n es&nbsp;<a href=\"https:\/\/www.clarin.com\/politica\/falla-mercado-martin-lousteau-vinculo-falta-repelente-combatir-dengue-reduccion-impulsa-milei_0_5Dg6YBP86D.html\">el senador del radicalismo Mart\u00edn Lousteau<\/a>, en duras acusaciones contra el Gobierno de Javier Milei, que no tardaron en ser respondidas por distintos actores de la escena pol\u00edtica. Una de ellas, quien conduce la C\u00e1mara de Diputados, Mart\u00edn Menem.<\/p>\n\n\n\n<p>La respuesta de Menem simboliza bien las sensaciones de estos d\u00edas de parte de muchos periodistas que vienen cubriendo las pol\u00edticas de salud del ya no tan flamante pero s\u00ed bastante desconocido ministro Mario Russo.<\/p>\n\n\n\n<p>Y es que, por m\u00e1s que las consultas period\u00edsticas son enviadas a las empresas fabricantes de repelente y a las autoridades nacionales y provinciales, las respuestas que llegan son pobres, de esas que recortan variables sin dar realmente con el meollo de la cuesti\u00f3n. Veamos algunas.<img loading=\"lazy\" decoding=\"async\" alt=\"El bien m\u00e1s preciado e imposible de conseguir por estos d\u00edas en los comercios. Foto: Fernando de la Orden\" src=\"https:\/\/www.clarin.com\/img\/2024\/01\/04\/g8zIgJUrs_720x0__1.jpg\" width=\"720\" height=\"480\">El bien m\u00e1s preciado e imposible de conseguir por estos d\u00edas en los comercios. Foto: Fernando de la Orden<\/p>\n\n\n\n<p>1. Ante la consulta por la posibilidad de importar producto de otros pa\u00edses, fuentes del Gobierno comunicaron algunos conceptos que no dejan de ser generalidades: que estamos transitando un pico de dengue y que como la demanda se incrementa en este momento del a\u00f1o, surgen&nbsp;<strong>cuellos de botella<\/strong>.<\/p>\n\n\n\n<p>Lejos de hablar de repelente, plantean la necesidad de enfocar los cuidados en la&nbsp;<strong>eliminaci\u00f3n de los criaderos<\/strong>, aspecto que por supuesto tiene una importancia may\u00fascula, pero no resuelve &#8220;la cotidiana&#8221;.<\/p>\n\n\n\n<p>2. La empresa SC Johnson, que produce la marca Off, reenv\u00eda una y otra vez&nbsp;<a href=\"https:\/\/www.clarin.com\/sociedad\/dengue-laboratorio-repelentes-vende-pais-dijo-faltan-suma-problema_0_e5jTfXr4pQ.html\">versiones similares del mismo \u201cstatement\u201d corporativo<\/a>, hace meses.<\/p>\n\n\n\n<p>Para decirlo sin eufemismos, explican de un modo proactivo que hacen lo que pueden, pero&nbsp;<strong>no dan abasto<\/strong>. Es una respuesta en piloto autom\u00e1tico, al margen de que la pregunta concreta haya sido si, por ejemplo, hay alguna posibilidad de que importen el producto desde alg\u00fan otro pa\u00eds.<\/p>\n\n\n\n<p>3. Con distintos grados de delicadeza, en el entorno de las jurisdicciones metropolitanas se le echa la culpa a Naci\u00f3n, que no importa repelente de otros pa\u00edses. Tambi\u00e9n se habla de la opci\u00f3n de abrir la importaciones de este rubro, como se hizo con los alimentos de la canasta b\u00e1sica.<\/p>\n\n\n\n<p>4. Hay voces del mundillo farmac\u00e9utico que hablan de los problemas para importar el componente &#8220;m\u00e1gico&#8221; de algunos repelentes llamado DEET, que parece que falta en todas partes, pero no es f\u00e1cil encontrar una voz solvente que de verdad sepa algo de esta cuesti\u00f3n.<img loading=\"lazy\" decoding=\"async\" alt=\"El repelente es un insumo clave para protegerse de los mosquitos y sin embargo no est\u00e1 disponible. Foto: Shutterstock.\" src=\"https:\/\/www.clarin.com\/img\/2024\/01\/04\/JZUckdEEN_720x0__1.jpg\" width=\"720\" height=\"480\">El repelente es un insumo clave para protegerse de los mosquitos y sin embargo no est\u00e1 disponible. Foto: Shutterstock.<\/p>\n\n\n\n<p>S\u00ed es claro que por m\u00e1s que provincias como Buenos Aires, Santa Fe y Formosa tienen laboratorios nacionales de repelente, la cosa no tracciona. O no logran escalar la producci\u00f3n o hay obst\u00e1culos bien a la Argentina, como la falta de aquello m\u00e1s elemental: envases.<\/p>\n\n\n\n<p>El sentimiento que se deriva de todas estas conversaciones es que&nbsp;<strong>nadie parece estar a la altura de las circunstancias<\/strong>.<\/p>\n\n\n\n<p>Esa altura es la del vuelo del mosquito&nbsp;<em>Aedes aegypti<\/em>. A contrapelo, hay quienes por estas horas apuntan de lleno a la bajeza comunicacional.<\/p>\n\n\n\n<h2 class=\"wp-block-heading\">Dengue sin repelente, en un comunicado del Ministerio de Salud<\/h2>\n\n\n\n<p>\u201c<em>Martincho<\/em>\u201d, arranca, ir\u00f3nico, el mensaje de Mart\u00edn Menem dirigido a Mart\u00edn Lousteau, en la ex red Twitter.<\/p>\n\n\n\n<p>Quien es abogado, mont\u00f3 una empresa de suplementos dietarios y arranc\u00f3 su vida pol\u00edtica hace muy poco, en 2021, contin\u00faa su no tan elaborado mensaje as\u00ed (las may\u00fasculas est\u00e1n en el original):<\/p>\n\n\n\n<p>\u201c<em>Como ECONOMISTA ya te hemos padecido cuando fuiste parte del KIRCHNERISMO. (La 125 y dem\u00e1s..). Ahora como &#8216;sanitarista&#8217; claramente observamos el grado de improvisaci\u00f3n que manej\u00e1s en materia desconocida para vos. Asesorate mejor y consult\u00e1 c\u00f3mo funciona el dengue<\/em>\u201d.<\/p>\n\n\n\n<p>A pesar de todo, parece importante el final de ese posteo. \u00bfTienen idea las autoridades de&nbsp;<strong>c\u00f3mo funciona el dengue<\/strong>? O mejor, \u00bftienen alg\u00fan plan sobre c\u00f3mo frenarlo?<\/p>\n\n\n\n<p>En otro ejemplo de vuelo comunicacional mediano, el mensaje del Ministerio de Salud que no habla de repelente se\u00f1ala (sin ninguna originalidad) que \u201choy estamos sufriendo las consecuencias de la falta de prevenci\u00f3n que hubo el a\u00f1o pasado, donde no se hizo el trabajo correspondiente. Lo mismo ocurri\u00f3 por parte del ejecutivo nacional, que no compr\u00f3 los larvicidas para las provincias desde el a\u00f1o 2022\u201d.<\/p>\n\n\n\n<p>Y, en alusi\u00f3n a la informaci\u00f3n sobre la&nbsp;<a href=\"https:\/\/www.clarin.com\/sociedad\/vacuna-dengue-dudas-comision-oficial-expertos-respuestas-da-laboratorio_0_7Q7NbE58MF.html\">vacuna contra el dengue<\/a>, l\u00edneas abajo dedican un infaltable p\u00e1rrafo a criticar la labor period\u00edstica: \u201cDesde el Gobierno Nacional no se avalar\u00e1 que la pol\u00edtica o los medios de comunicaci\u00f3n sumen&nbsp;<strong>miedo y confusi\u00f3n<\/strong>\u201d.<\/p>\n\n\n\n<p>Cerrando esta larga tanda de feriados, este martes hay adultos que verdaderamente tienen esos sentimientos. No tanto por lo que digan los medios sino de cara a ese \u201cculito\u201d de repelente que se r\u00ede de ellos mismos desde el aparador.<\/p>\n\n\n\n<p>Algunos barajan mandar a los chicos<strong>&nbsp;sin repelente a la escuela<\/strong>. O ellos mismos salir al trabajo sin cobertura en la piel. Todos con mangas largas y holgadas, haga fr\u00edo o haga calor, una barrera mec\u00e1nica paliativa, pero completamente imperfecta.<\/p>\n\n\n\n<p>Afortunadamente, el comunicado de Salud ofrece un pasaje m\u00e1s que vale la pena citar.<\/p>\n\n\n\n<p>Utiliza un tipo de pronombre que en gram\u00e1tica se llama \u201c<strong>nosotros inclusivo<\/strong>\u201d. Su sentido es ancho y, en este caso, valioso. Al que enuncia le permite interpelar a los dem\u00e1s al mismo tiempo que se interpela a s\u00ed mismo.<\/p>\n\n\n\n<p>El imperativo no podr\u00eda ser m\u00e1s adecuado: \u201cNo podemos repetir los errores del pasado\u201d.<\/p>\n\n\n\n<p>Fuente: <a href=\"https:\/\/www.clarin.com\/sociedad\/dengue-falta-repelente-crece-pobreza-informativa-importan_0_VJW1GBmqdp.html\">https:\/\/www.clarin.com\/sociedad\/dengue-falta-repelente-crece-pobreza-informativa-importan_0_VJW1GBmqdp.html<\/a><\/p>\n","protected":false},"excerpt":{"rendered":"<p>Ni el laboratorio que tiene la mayor\u00eda del mercado, ni el Gobierno, explican c\u00f3mo resolver la falta de repelente.Mientras la gente lo padece, al no tener manera de protegerse de los mosquitos, el tema es eje de chicanas pol\u00edticas El Gobierno abri\u00f3 la&nbsp;importaci\u00f3n de alimentos de la canasta b\u00e1sica&nbsp;porque conf\u00eda en que con m\u00e1s competidores [&hellip;]<\/p>\n","protected":false},"author":3,"featured_media":1105,"comment_status":"open","ping_status":"open","sticky":false,"template":"","format":"standard","meta":{"footnotes":""},"categories":[3,5,12],"tags":[560],"class_list":["post-1104","post","type-post","status-publish","format-standard","has-post-thumbnail","hentry","category-principal","category-salud","category-sociedad","tag-dengue-y-falta-de-repelente"],"_links":{"self":[{"href":"https:\/\/noticiassaludables.com.ar\/index.php?rest_route=\/wp\/v2\/posts\/1104","targetHints":{"allow":["GET"]}}],"collection":[{"href":"https:\/\/noticiassaludables.com.ar\/index.php?rest_route=\/wp\/v2\/posts"}],"about":[{"href":"https:\/\/noticiassaludables.com.ar\/index.php?rest_route=\/wp\/v2\/types\/post"}],"author":[{"embeddable":true,"href":"https:\/\/noticiassaludables.com.ar\/index.php?rest_route=\/wp\/v2\/users\/3"}],"replies":[{"embeddable":true,"href":"https:\/\/noticiassaludables.com.ar\/index.php?rest_route=%2Fwp%2Fv2%2Fcomments&post=1104"}],"version-history":[{"count":1,"href":"https:\/\/noticiassaludables.com.ar\/index.php?rest_route=\/wp\/v2\/posts\/1104\/revisions"}],"predecessor-version":[{"id":1106,"href":"https:\/\/noticiassaludables.com.ar\/index.php?rest_route=\/wp\/v2\/posts\/1104\/revisions\/1106"}],"wp:featuredmedia":[{"embeddable":true,"href":"https:\/\/noticiassaludables.com.ar\/index.php?rest_route=\/wp\/v2\/media\/1105"}],"wp:attachment":[{"href":"https:\/\/noticiassaludables.com.ar\/index.php?rest_route=%2Fwp%2Fv2%2Fmedia&parent=1104"}],"wp:term":[{"taxonomy":"category","embeddable":true,"href":"https:\/\/noticiassaludables.com.ar\/index.php?rest_route=%2Fwp%2Fv2%2Fcategories&post=1104"},{"taxonomy":"post_tag","embeddable":true,"href":"https:\/\/noticiassaludables.com.ar\/index.php?rest_route=%2Fwp%2Fv2%2Ftags&post=1104"}],"curies":[{"name":"wp","href":"https:\/\/api.w.org\/{rel}","templated":true}]}}