{"id":112,"date":"2022-11-27T21:47:54","date_gmt":"2022-11-28T00:47:54","guid":{"rendered":"https:\/\/noticiassaludables.com.ar\/?p=112"},"modified":"2022-11-27T21:47:54","modified_gmt":"2022-11-28T00:47:54","slug":"pruebas-que-demuestran-que-el-cambio-climatico-es-producido-por-humanos","status":"publish","type":"post","link":"https:\/\/noticiassaludables.com.ar\/?p=112","title":{"rendered":"Pruebas que demuestran que el cambio clim\u00e1tico es producido por humanos"},"content":{"rendered":"\n<p>Dejando de lado a los grupos &#8220;esc\u00e9pticos&#8221; sobre cambio clima, nos encontramos en un punto en que tanto los cient\u00edficos como los pol\u00edticos afirman que enfrentamos una crisis planetaria causada por el cambio clim\u00e1tico.<\/p>\n\n\n\n<p>Hace poco tiempo, la ONU public\u00f3 un informe del Grupo Intergubernamental de Expertos sobre el Cambio Clim\u00e1tico (IPCC) con &#8220;una alerta roja para la humanidad&#8221;.<\/p>\n\n\n\n<h3 class=\"wp-block-heading\">\u00bfC\u00f3mo sabemos que el mundo se est\u00e1 calentando?<\/h3>\n\n\n\n<p>El planeta Tierra se ha calentado cada vez m\u00e1s r\u00e1pido desde el comienzo de la Revoluci\u00f3n Industrial.<\/p>\n\n\n\n<p>La temperatura promedio de la superficie de nuestro planeta ha aumentado unos 1,1 C desde el a\u00f1o 1850. A su vez, desde mitad del siglo XIX, cada una de las cuatro d\u00e9cadas \u00faltimas ha sido m\u00e1s caliente que la anterior.<\/p>\n\n\n\n<p>Se pudo llegar a estos resultados a partir del an\u00e1lisis de millones de medidas tomadas en diferentes sitios del mundo. Los registros de temperatura fueron recopilados por estaciones meteorol\u00f3gicas en tierra, barcos y por sat\u00e9lites.<\/p>\n\n\n\n<p><em>(Fuente: BBC)<\/em><\/p>\n","protected":false},"excerpt":{"rendered":"<p>Dejando de lado a los grupos &#8220;esc\u00e9pticos&#8221; sobre cambio clima, nos encontramos en un punto en que tanto los cient\u00edficos como los pol\u00edticos afirman que enfrentamos una crisis planetaria causada por el cambio clim\u00e1tico. Hace poco tiempo, la ONU public\u00f3 un informe del Grupo Intergubernamental de Expertos sobre el Cambio Clim\u00e1tico (IPCC) con &#8220;una alerta [&hellip;]<\/p>\n","protected":false},"author":2,"featured_media":113,"comment_status":"open","ping_status":"open","sticky":false,"template":"","format":"standard","meta":{"footnotes":""},"categories":[4,8],"tags":[19,20,21],"class_list":["post-112","post","type-post","status-publish","format-standard","has-post-thumbnail","hentry","category-bienestar","category-medio-ambiente","tag-cambio-climatico","tag-clima","tag-onu"],"_links":{"self":[{"href":"https:\/\/noticiassaludables.com.ar\/index.php?rest_route=\/wp\/v2\/posts\/112","targetHints":{"allow":["GET"]}}],"collection":[{"href":"https:\/\/noticiassaludables.com.ar\/index.php?rest_route=\/wp\/v2\/posts"}],"about":[{"href":"https:\/\/noticiassaludables.com.ar\/index.php?rest_route=\/wp\/v2\/types\/post"}],"author":[{"embeddable":true,"href":"https:\/\/noticiassaludables.com.ar\/index.php?rest_route=\/wp\/v2\/users\/2"}],"replies":[{"embeddable":true,"href":"https:\/\/noticiassaludables.com.ar\/index.php?rest_route=%2Fwp%2Fv2%2Fcomments&post=112"}],"version-history":[{"count":1,"href":"https:\/\/noticiassaludables.com.ar\/index.php?rest_route=\/wp\/v2\/posts\/112\/revisions"}],"predecessor-version":[{"id":114,"href":"https:\/\/noticiassaludables.com.ar\/index.php?rest_route=\/wp\/v2\/posts\/112\/revisions\/114"}],"wp:featuredmedia":[{"embeddable":true,"href":"https:\/\/noticiassaludables.com.ar\/index.php?rest_route=\/wp\/v2\/media\/113"}],"wp:attachment":[{"href":"https:\/\/noticiassaludables.com.ar\/index.php?rest_route=%2Fwp%2Fv2%2Fmedia&parent=112"}],"wp:term":[{"taxonomy":"category","embeddable":true,"href":"https:\/\/noticiassaludables.com.ar\/index.php?rest_route=%2Fwp%2Fv2%2Fcategories&post=112"},{"taxonomy":"post_tag","embeddable":true,"href":"https:\/\/noticiassaludables.com.ar\/index.php?rest_route=%2Fwp%2Fv2%2Ftags&post=112"}],"curies":[{"name":"wp","href":"https:\/\/api.w.org\/{rel}","templated":true}]}}