{"id":1122,"date":"2024-04-08T12:40:16","date_gmt":"2024-04-08T15:40:16","guid":{"rendered":"https:\/\/noticiassaludables.com.ar\/?p=1122"},"modified":"2024-04-08T12:40:17","modified_gmt":"2024-04-08T15:40:17","slug":"sube-se-podra-abonar-el-boleto-con-tarjetas-o-el-telefono","status":"publish","type":"post","link":"https:\/\/noticiassaludables.com.ar\/?p=1122","title":{"rendered":"SUBE : se podr\u00e1 abonar el boleto con tarjetas o el tel\u00e9fono"},"content":{"rendered":"\n<ul class=\"wp-block-list\">\n<li>As\u00ed lo ratific\u00f3 el vocero presidencial Manuel Adorni esta ma\u00f1ana en conferencia de prensa.<\/li>\n\n\n\n<li>A\u00fan no se inform\u00f3 cu\u00e1ndo entrar\u00e1 en vigencia.<\/li>\n\n\n\n<li>La tarjeta SUBE seguir\u00e1 vigente, pero convivir\u00e1 con las nuevas opciones.<\/li>\n<\/ul>\n\n\n\n<p>El Gobierno de&nbsp;<strong>Javier Milei&nbsp;<\/strong>confirm\u00f3 este lunes que<strong>&nbsp;liberar\u00e1 el sistema de pago en el transporte p\u00fablico,<\/strong>&nbsp;para permitir que se abone el boleto con tarjeta de cr\u00e9dito o el celular, adem\u00e1s de la SUBE donde est\u00e1 vigente. En el anuncio no se precis\u00f3 desde cu\u00e1ndo estar\u00e1 disponible ni c\u00f3mo se implementar\u00e1 el nuevo sistema.<\/p>\n\n\n\n<p><strong><a href=\"https:\/\/www.clarin.com\/economia\/gobierno-quiere-abrir-decreto-competencia-sube-podra-pagar-transporte_0_7AYOQirSKq.html\">Tal como inform\u00f3 Clar\u00edn, el Gobierno trabaja en un decreto<\/a><\/strong><a href=\"https:\/\/www.clarin.com\/economia\/gobierno-quiere-abrir-decreto-competencia-sube-podra-pagar-transporte_0_7AYOQirSKq.html\">&nbsp;<\/a>para derogar la exclusividad que hasta ahora tiene Naci\u00f3n Servicios en la administraci\u00f3n del sistema SUBE.<strong>&nbsp;&#8220;El Gobierno tom\u00f3 la decisi\u00f3n de liberar el sistema de pago en el transporte p\u00fablico<\/strong>. Esto ocurre en todas las ciudades del mundo, donde se puede abonar con tarjeta, con el celular, con el medio que crea m\u00e1s conveniente&#8221;, confirm\u00f3 el vocero presidencial Manuel Adorni, en su conferencia de prensa de este lunes.<\/p>\n\n\n\n<p>El portavoz anticip\u00f3 que la actual tarjeta SUBE no dejar\u00e1 de existir, sino que convivir\u00e1 con las nuevas opciones de pago.&nbsp;<strong>&#8220;Esto significa simplificar un sistema que se cre\u00f3 hace 15 a\u00f1os&nbsp;<\/strong>y todav\u00eda segu\u00eda dependiendo de la carga en un kiosco o en una estaci\u00f3n de pago&#8221;, continu\u00f3 al enumerar los potenciales beneficios de las modalidades que se pondr\u00e1n en marcha.<\/p>\n\n\n\n<p>Durante el anuncio, al que Adorni clasific\u00f3 como la<strong>&nbsp;&#8220;federalizaci\u00f3n total del sistema&#8221;,&nbsp;<\/strong>el portavoz no dio precisiones respecto de a partir de qu\u00e9 fecha se implementar\u00e1 ni si ser\u00e1 necesario adaptar los dispositivos de pago que actualmente est\u00e1n instalados en colectivos, estaciones de subte y en trenes. Tampoco se inform\u00f3 si continuar\u00e1n vigentes los beneficios que tiene la SUBE al otorgar descuentos cuando se combinar distintos transportes en un plazo de dos horas.<\/p>\n\n\n\n<p>&#8220;<strong>Cuando haya m\u00e1s precisiones<\/strong>&nbsp;y novedades sobre este punto tan relevante para todos los argentinos, o para buena parte de los argentinos,&nbsp;<strong>lo estaremos comunicando&#8221;<\/strong>, dijo el vocero de Milei.<\/p>\n\n\n\n<p>Tal como inform\u00f3&nbsp;<strong>Clar\u00edn<\/strong>, el Gobierno trabaja para&nbsp;<a href=\"https:\/\/www.clarin.com\/economia\/gobierno-quiere-abrir-decreto-competencia-sube-podra-pagar-transporte_0_7AYOQirSKq.html\">derogar v\u00eda decreto<\/a>&nbsp;presidencial la &#8220;exclusividad&#8221; que hasta ahora mantiene la tarjeta SUBE, y su administradora Naci\u00f3n Servicios, de manera de permitirles a los usuarios del transporte p\u00fablico de todo el pa\u00eds abonar con otros medios de pago.<\/p>\n\n\n\n<p>Aunque&nbsp;<strong>la apertura del sistema SUBE<\/strong>&nbsp;est\u00e1&nbsp;<strong>sobre la mesa<\/strong>&nbsp;desde hace a\u00f1os, con el cambio de gobierno se aceleraron las conversaciones, a la par de que crecieron las quejas de los usuarios por la falta de pl\u00e1sticos para pagar el transporte y las dificultades para registrar las tarjetas. De hecho, el Gobierno tuvo que correr la fecha l\u00edmite que hab\u00eda puesto para registrar la SUBE, que es un requisito para que los pasajeros puedan mantener una tarifa m\u00e1s baja y no recibir los aumentos que se aplican desde este mes.<\/p>\n\n\n\n<p>Hace un mes, un diputado del PRO, Dami\u00e1n Arabia, hab\u00eda presentado un proyecto de Ley para que el Congreso elimine la obligatoriedad para las empresas de transporte de cobrar con este sistema y permitir la&nbsp;<strong>&#8220;universalizaci\u00f3n de los medios de pagos&#8221;.<\/strong><\/p>\n\n\n\n<p>El tema est\u00e1 en carpeta de varias dependencias:<strong>&nbsp;las Secretar\u00edas de Transporte y Comercio y el Banco Central,<\/strong>&nbsp;redactan la letra chica de los&nbsp;<strong>cambios que se har\u00e1n para abrir la competencia&nbsp;<\/strong>a diferentes jugadores. El director del organismo Pedro Inchauspe es el que lleva centraliza las negociaciones con el sector privado.&nbsp;<strong>Consultado por Clar\u00edn, no quiso hacer declaraciones al respecto.<\/strong><\/p>\n\n\n\n<p>La propuesta del sector privado, que fue bien recibida por el Gobierno, es apalancarse en la tecnolog\u00eda NFC (Near Field Communication, lo que traducido ser\u00eda algo as\u00ed como comunicaci\u00f3n de campo cercano) que utiliza la SUBE y que est\u00e1 presente en la mayor\u00eda de los pl\u00e1sticos contactless que ofrecen bancos y fintech a sus clientes, se pueda pagar directamente con estas tarjetas.&nbsp;<strong>Seg\u00fan datos de VISA , el 85% de los pl\u00e1sticos&nbsp;<\/strong>que la marca tiene activos en el pa\u00eds<strong>&nbsp;poseen la tecnolog\u00eda contactless.<\/strong><\/p>\n\n\n\n<p><strong>Esto, en una primera instancia permitir\u00eda pagar con el tel\u00e9fono, pero excluir\u00eda al c\u00f3digo QR, que utilizan apps como Mercado Pago<\/strong>. La C\u00e1mara Argentina de Fintech emiti\u00f3 un documento en el que destaca la apertura de la SUBE como &#8220;el pr\u00f3ximo hito materia de inclusi\u00f3n financiera del pa\u00eds&#8221;, pero pide que entre las soluciones que se introduzcan se abran opciones de pago para todos los medios: tarjetas de cr\u00e9dito, d\u00e9bito y prepagas, m\u00e1s QR y pagos NFC con celulares, de manera que los usuarios de billeteras digitales puedan pagar desde sus tel\u00e9fonos.<\/p>\n\n\n\n<p>Fuente: <a href=\"https:\/\/www.clarin.com\/ciudades\/gobierno-javier-milei-confirmo-liberara-sistema-pago-transporte-publico-podra-abonar-boleto-tarjeta-credito-celular_0_Az7PZs2CvX.html\">https:\/\/www.clarin.com\/ciudades\/gobierno-javier-milei-confirmo-liberara-sistema-pago-transporte-publico-podra-abonar-boleto-tarjeta-credito-celular_0_Az7PZs2CvX.html<\/a><\/p>\n","protected":false},"excerpt":{"rendered":"<p>El Gobierno de&nbsp;Javier Milei&nbsp;confirm\u00f3 este lunes que&nbsp;liberar\u00e1 el sistema de pago en el transporte p\u00fablico,&nbsp;para permitir que se abone el boleto con tarjeta de cr\u00e9dito o el celular, adem\u00e1s de la SUBE donde est\u00e1 vigente. En el anuncio no se precis\u00f3 desde cu\u00e1ndo estar\u00e1 disponible ni c\u00f3mo se implementar\u00e1 el nuevo sistema. Tal como inform\u00f3 [&hellip;]<\/p>\n","protected":false},"author":3,"featured_media":1123,"comment_status":"open","ping_status":"open","sticky":false,"template":"","format":"standard","meta":{"footnotes":""},"categories":[11,13,12],"tags":[566,565],"class_list":["post-1122","post","type-post","status-publish","format-standard","has-post-thumbnail","hentry","category-agenda","category-politica","category-sociedad","tag-pagos","tag-sube"],"_links":{"self":[{"href":"https:\/\/noticiassaludables.com.ar\/index.php?rest_route=\/wp\/v2\/posts\/1122","targetHints":{"allow":["GET"]}}],"collection":[{"href":"https:\/\/noticiassaludables.com.ar\/index.php?rest_route=\/wp\/v2\/posts"}],"about":[{"href":"https:\/\/noticiassaludables.com.ar\/index.php?rest_route=\/wp\/v2\/types\/post"}],"author":[{"embeddable":true,"href":"https:\/\/noticiassaludables.com.ar\/index.php?rest_route=\/wp\/v2\/users\/3"}],"replies":[{"embeddable":true,"href":"https:\/\/noticiassaludables.com.ar\/index.php?rest_route=%2Fwp%2Fv2%2Fcomments&post=1122"}],"version-history":[{"count":1,"href":"https:\/\/noticiassaludables.com.ar\/index.php?rest_route=\/wp\/v2\/posts\/1122\/revisions"}],"predecessor-version":[{"id":1124,"href":"https:\/\/noticiassaludables.com.ar\/index.php?rest_route=\/wp\/v2\/posts\/1122\/revisions\/1124"}],"wp:featuredmedia":[{"embeddable":true,"href":"https:\/\/noticiassaludables.com.ar\/index.php?rest_route=\/wp\/v2\/media\/1123"}],"wp:attachment":[{"href":"https:\/\/noticiassaludables.com.ar\/index.php?rest_route=%2Fwp%2Fv2%2Fmedia&parent=1122"}],"wp:term":[{"taxonomy":"category","embeddable":true,"href":"https:\/\/noticiassaludables.com.ar\/index.php?rest_route=%2Fwp%2Fv2%2Fcategories&post=1122"},{"taxonomy":"post_tag","embeddable":true,"href":"https:\/\/noticiassaludables.com.ar\/index.php?rest_route=%2Fwp%2Fv2%2Ftags&post=1122"}],"curies":[{"name":"wp","href":"https:\/\/api.w.org\/{rel}","templated":true}]}}