{"id":1128,"date":"2024-04-09T10:52:47","date_gmt":"2024-04-09T13:52:47","guid":{"rendered":"https:\/\/noticiassaludables.com.ar\/?p=1128"},"modified":"2024-04-09T10:52:48","modified_gmt":"2024-04-09T13:52:48","slug":"la-decision-de-un-juzgado-por-la-ola-de-amparos-para-frenar-la-cuota-de-la-prepaga","status":"publish","type":"post","link":"https:\/\/noticiassaludables.com.ar\/?p=1128","title":{"rendered":"La decisi\u00f3n de un juzgado por la ola de amparos para frenar la cuota de la prepaga"},"content":{"rendered":"\n<h2 class=\"wp-block-heading\">Ocurri\u00f3 en un amparo colectivo de afiliados a al Hospital Italiano. El juez decidi\u00f3 cerrar las adhesiones por la catarata incontrolable que hubo.A la vez, otra medida similar contra OSDE sigue abierta y recibiendo afiliados.<\/h2>\n\n\n\n<figure class=\"wp-block-image\"><img decoding=\"async\" src=\"https:\/\/www.clarin.com\/img\/2024\/04\/08\/zTN5kI0Jx_360x240__1.jpg\" alt=\"La dr\u00e1stica decisi\u00f3n de un juzgado por la ola de amparos para frenar la cuota de la prepaga\"\/><\/figure>\n\n\n\n<p><em>\u201cSi sos afiliado al Hospital Italiano u OSDE pod\u00e9s adherirte a los amparos colectivos&nbsp;<\/em><strong><em>contra los incrementos excesivos de las cuotas mensuales<\/em><\/strong><em>. En el caso del resto de las empresas de medicina prepagas, podemos frenar los aumentos a trav\u00e9s de un Recurso de Amparo individual. Quedamos a tu disposici\u00f3n para brindarte la soluci\u00f3n legal que se adecue a tu necesidad\u201d<\/em>, es una de las tantas publicaciones de estudios jur\u00eddicos en redes ante&nbsp;<strong><a href=\"https:\/\/www.clarin.com\/sociedad\/reciben-300-reclamos-jubilados-dia-cuotas-prepagas-historias_0_kufuG98Jdj.html\">la catarata de amparos<\/a>&nbsp;<\/strong>que han surgido en los \u00faltimos meses, m\u00e1s precisamente luego de que entrara en vigencia el&nbsp;<strong>DNU 70\/23&nbsp;<\/strong>del Poder Ejecutivo Nacional, y cambiara la operatoria de la salud privada para todos, con cuotas que se ajustan sin mediaci\u00f3n oficial.<\/p>\n\n\n\n<p><strong>El desborde de demandas se torn\u00f3 un caos en los juzgados<\/strong>. El caso que sorprendi\u00f3 recientemente fue el del Juzgado Federal en lo Civil y Comercial y Contencioso Administrativo de San Mart\u00edn 2, que lleva adelante desde hace meses el amparo colectivo de afiliados contra el Hospital Italiano. En una resoluci\u00f3n del 3 de abril comunic\u00f3 que en la causa colectiva, que tiene aproximadamente cerca de 10.000 fojas,<strong>&nbsp;ya no se aceptan m\u00e1s adherentes<\/strong>. Hay 700 demandantes y otros 400 sin incorporar.<\/p>\n\n\n\n<p>En enero, la jueza Martina Isabel Forns de dicho juzgado hab\u00eda dispuesto una medida individual para&nbsp;<a href=\"https:\/\/www.clarin.com\/sociedad\/ordenan-prepagas-osde-covermed-frenar-aumentos-cuotas-jubilados-fijan-limite_0_0n672dCIQ1.html\">suspender los aumentos de la prepaga a Marta Cristina Brauchli<\/a>, una jubilada de 78 a\u00f1os, a quien le resultaba imposible pagar la cuota en el Italiano.<\/p>\n\n\n\n<p>De esta manera, todos los afiliados a la Sociedad Italiana de Beneficiencia con casos similares al de Brauchli, pod\u00edan acudir a la Justicia para&nbsp;<strong>hacer uso de esta medida cautelar<\/strong>: anular los aumentos y aplicar el \u00faltimo incremento de diciembre, del&nbsp;<strong>8,51%<\/strong>. Este es el proceso colectivo que a partir de ahora no recibir\u00e1 nuevos adherentes por el volumen de demandantes.<\/p>\n\n\n\n<p>\u201cSi hay un amparo colectivo en el cual tienen que ir todos los afectados del Italiano contra el aumento de las cuotas de las prepagas, no se puede limitar.&nbsp;<strong>Si son 11 millones, tienen que ir los 11 millones<\/strong>. Esta resoluci\u00f3n es bastante cuestionable desde el punto de vista jur\u00eddico. Adem\u00e1s, no es un da\u00f1o que se produjo hace un tiempo, sino que es un da\u00f1o emergente, actual y futuro que se da de mes a mes por los aumentos\u201d, explican a&nbsp;<strong>Clar\u00edn<\/strong>&nbsp;desde el Estudio Mouzo y Munuain, que representa a muchos de los afiliados que buscan adherirse a procesos colectivos o individuales contra prepagas.<img loading=\"lazy\" decoding=\"async\" alt=\"Las prepagas quedaron en el centro de las miradas del Gobierno por los aumentos reiterados. Foto: Luciano Thieberger\" src=\"https:\/\/www.clarin.com\/img\/2014\/08\/27\/B1zOZLKhmx_720x0.jpg\" width=\"720\" height=\"480\">Las prepagas quedaron en el centro de las miradas del Gobierno por los aumentos reiterados. Foto: Luciano Thieberger<\/p>\n\n\n\n<p>\u201cNo se puede limitar,&nbsp;<strong>puede haber consecuencias<\/strong>. Por ejemplo, hoy vino una se\u00f1ora a verme y le explicaba<em>&nbsp;&#8216;yo ahora le voy a subir su adhesi\u00f3n, la voy a digitalizar y subir al sistema, pero no s\u00e9 qu\u00e9 va a pasar&#8217;<\/em>&nbsp;\u00bfPodemos correr el riesgo de que me la rechacen? Supongamos que lo hagan. En ese caso, habr\u00eda que hacer un amparo individual, \u00bfqu\u00e9 me va a decir el juzgado?&nbsp;<em>&#8216;No,\u00bfme est\u00e1 haciendo un amparo contra el Hospital Italiano? Entonces lo mando al amparo colectivo&#8217;<\/em>.&nbsp;<strong>El problema no se resuelve<\/strong>. A la gente no se le resuelve el problema\u201d, a\u00f1aden al respecto.<\/p>\n\n\n\n<p>Se\u00f1alan que el Fuero Civil y Comercial Federal est\u00e1 muy frenado en el tema de&nbsp;<strong>dictar cautelares<\/strong>: \u201cEs complejo, es ca\u00f3tico. \u00bfQu\u00e9 hicimos los abogados? Empezamos a plantear, desde el punto de vista contractual, la cuesti\u00f3n,<strong>&nbsp;bas\u00e1ndonos en la Ley de Defensa del Consumidor<\/strong>, y empezamos ac\u00e1, en la Ciudad de Buenos Aires, a ingresar las causas en el fuero comercial, en la Justicia Ordinaria Comercial. El problema es que tambi\u00e9n se est\u00e1 declarando incompetente, salvo el juzgado 9, que s\u00ed se declara competente\u201d.<\/p>\n\n\n\n<p>En el Juzgado Federal de Concepci\u00f3n del Uruguay 2 se abri\u00f3 otro amparo colectivo que concentra&nbsp;<strong>todas las demandas<\/strong>&nbsp;contra la Organizaci\u00f3n de Servicios Directos Empresarios (OSDE).<\/p>\n\n\n\n<p>El Estudio consultado para la nota refiere sobre ese proceso colectivo que<strong>&nbsp;est\u00e1 funcionando bien<\/strong>&nbsp;por el momento, y est\u00e1n incorporando a todos sus adherentes, inclusive est\u00e1 pendiente una apelaci\u00f3n de OSDE. Remarcan: \u201cSi bien en el Hospital Italiano dicen que hay que aplicar el 8,51%, en OSDE dice que retrotraigan a diciembre, y que depende de lo que autorice la autoridad de aplicaci\u00f3n. O sea, no hay un porcentaje a aplicar para la refacturaci\u00f3n\u201d.<\/p>\n\n\n\n<p>Explican que el proceso de la demanda colectiva est\u00e1 organiz\u00e1ndose a trav\u00e9s de expedientes ordenados por fecha para la recepci\u00f3n de la cautelar de cada uno de los adherentes que se van presentando.<img loading=\"lazy\" decoding=\"async\" alt=\"El ministro de Econom\u00eda, Luis Caputo, dijo que &quot;las prepagas le est\u00e1n declarando la guerra a la clase media&quot;. Foto: Mat\u00edas Campaya\" src=\"https:\/\/www.clarin.com\/img\/2024\/04\/01\/SSYXhGiRT_720x0__1.jpg\" width=\"720\" height=\"480\">El ministro de Econom\u00eda, Luis Caputo, dijo que &#8220;las prepagas le est\u00e1n declarando la guerra a la clase media&#8221;. Foto: Mat\u00edas Campaya<\/p>\n\n\n\n<p>\u201cLa gente que representamos present\u00f3 alguna nota como para decir que a partir de esta cautelar, y a partir de que est\u00e1n notificados de la cautelar, refacturen. Y OSDE dice no saber nada, no est\u00e1 cumpliendo. \u00bfQu\u00e9 le va a decir a la gente? Quiz\u00e1s denunciaremos alg\u00fan incumplimiento. Por ejemplo, en el Italiano denunciaron incumplimientos de la cautelar y el juzgado&nbsp;<strong>les fij\u00f3 multas de 450 mil pesos<\/strong>\u201d, cuentan.<\/p>\n\n\n\n<p>Hacen hincapi\u00e9 en que, pese a todo, los afiliados que reciben las cautelares no se sienten seguros. Siguen pagando la factura, tiene miedo de que les corten el servicio por morosidad.&nbsp;<strong>Sobre todo los jubilados<\/strong>, que son el grupo etario que queda m\u00e1s expuesto ante los altos valores de las cuotas de prepagas, pero que&nbsp;<strong>no puede arriesgarse a quedarse sin prestaciones<\/strong>.<\/p>\n\n\n\n<p>Precisamente, el ministro de Econom\u00eda de la Naci\u00f3n, Luis \u201cToto\u201d Caputo, se pronunci\u00f3 recientemente en sus redes sociales acerca de los incrementos de las cuotas de prepagas y enfatiz\u00f3:&nbsp;<em>\u201cLas prepagas le est\u00e1n declarando la guerra a la clase media. Nosotros desde el gobierno, vamos a hacer todo lo que est\u00e9 a nuestro alcance para defender a la clase media\u201d<\/em>.<\/p>\n\n\n\n<p>R\u00e1pidamente, las declaraciones del ministro fueron contestadas por cientos de usuarios que expresaron los porcentajes de incrementos que est\u00e1n recibiendo en sus facturas.<\/p>\n\n\n\n<p><em>\u201cEn el mes de Enero pagaba por la prepaga Swiss Medical la suma de 200 mil pesos. Hoy, tres meses despu\u00e9s, pagu\u00e9&nbsp;<\/em><strong><em>450 mil pesos<\/em><\/strong><em>\u201d<\/em>, comparti\u00f3 uno de los afiliados.<\/p>\n\n\n\n<p><em>\u201cEn mi caso Omint me lo llev\u00f3 de 300 mil pesos en diciembre a&nbsp;<\/em><strong><em>759 mil pesos<\/em><\/strong><em>&nbsp;hoy. La \u00fanica opci\u00f3n de cambio de plan que me dan es de 600 mil. No me dan alternativas. Adem\u00e1s acaban de dormir la opci\u00f3n de pago con tarjeta. No permiten pagar saldos con tarjeta, solo medios de pago en efectivo\u201d<\/em>, explic\u00f3 otro. Uno m\u00e1s, con prepaga Accord Salud, cont\u00f3&nbsp;<em>: \u201cDe 242 mil en marzo a&nbsp;<\/em><strong><em>360 mil&nbsp;<\/em><\/strong><em>en abril\u201d.<\/em><\/p>\n\n\n\n<p>Mientras contin\u00faan los reclamos y enojos por los mails con aumentos mensuales, en redes sociales como Facebook, los afiliados buscan respuestas y asesoramiento legal para unirse a las causas colectivas.\u00a0<strong>Las consultas son infinitas<\/strong>.<\/p>\n\n\n\n<p>Fuente:n <a href=\"https:\/\/www.clarin.com\/sociedad\/drastica-decision-juzgado-ola-amparos-frenar-cuota-prepaga_0_HJgn5GsSRP.html\">https:\/\/www.clarin.com\/sociedad\/drastica-decision-juzgado-ola-amparos-frenar-cuota-prepaga_0_HJgn5GsSRP.html<\/a><\/p>\n","protected":false},"excerpt":{"rendered":"<p>Ocurri\u00f3 en un amparo colectivo de afiliados a al Hospital Italiano. El juez decidi\u00f3 cerrar las adhesiones por la catarata incontrolable que hubo.A la vez, otra medida similar contra OSDE sigue abierta y recibiendo afiliados. \u201cSi sos afiliado al Hospital Italiano u OSDE pod\u00e9s adherirte a los amparos colectivos&nbsp;contra los incrementos excesivos de las cuotas [&hellip;]<\/p>\n","protected":false},"author":3,"featured_media":1129,"comment_status":"open","ping_status":"open","sticky":false,"template":"","format":"standard","meta":{"footnotes":""},"categories":[13,3,5,12],"tags":[568,569],"class_list":["post-1128","post","type-post","status-publish","format-standard","has-post-thumbnail","hentry","category-politica","category-principal","category-salud","category-sociedad","tag-amparo","tag-cuotas-de-prepagas"],"_links":{"self":[{"href":"https:\/\/noticiassaludables.com.ar\/index.php?rest_route=\/wp\/v2\/posts\/1128","targetHints":{"allow":["GET"]}}],"collection":[{"href":"https:\/\/noticiassaludables.com.ar\/index.php?rest_route=\/wp\/v2\/posts"}],"about":[{"href":"https:\/\/noticiassaludables.com.ar\/index.php?rest_route=\/wp\/v2\/types\/post"}],"author":[{"embeddable":true,"href":"https:\/\/noticiassaludables.com.ar\/index.php?rest_route=\/wp\/v2\/users\/3"}],"replies":[{"embeddable":true,"href":"https:\/\/noticiassaludables.com.ar\/index.php?rest_route=%2Fwp%2Fv2%2Fcomments&post=1128"}],"version-history":[{"count":1,"href":"https:\/\/noticiassaludables.com.ar\/index.php?rest_route=\/wp\/v2\/posts\/1128\/revisions"}],"predecessor-version":[{"id":1130,"href":"https:\/\/noticiassaludables.com.ar\/index.php?rest_route=\/wp\/v2\/posts\/1128\/revisions\/1130"}],"wp:featuredmedia":[{"embeddable":true,"href":"https:\/\/noticiassaludables.com.ar\/index.php?rest_route=\/wp\/v2\/media\/1129"}],"wp:attachment":[{"href":"https:\/\/noticiassaludables.com.ar\/index.php?rest_route=%2Fwp%2Fv2%2Fmedia&parent=1128"}],"wp:term":[{"taxonomy":"category","embeddable":true,"href":"https:\/\/noticiassaludables.com.ar\/index.php?rest_route=%2Fwp%2Fv2%2Fcategories&post=1128"},{"taxonomy":"post_tag","embeddable":true,"href":"https:\/\/noticiassaludables.com.ar\/index.php?rest_route=%2Fwp%2Fv2%2Ftags&post=1128"}],"curies":[{"name":"wp","href":"https:\/\/api.w.org\/{rel}","templated":true}]}}