{"id":1134,"date":"2024-04-10T10:19:39","date_gmt":"2024-04-10T13:19:39","guid":{"rendered":"https:\/\/noticiassaludables.com.ar\/?p=1134"},"modified":"2024-04-10T10:19:40","modified_gmt":"2024-04-10T13:19:40","slug":"jorge-macri-enfrentamos-el-pico-de-dengue-mas-grande-en-la-historia-de-la-ciudad","status":"publish","type":"post","link":"https:\/\/noticiassaludables.com.ar\/?p=1134","title":{"rendered":"Jorge Macri: \u201cEnfrentamos el pico de dengue m\u00e1s grande en la historia de la Ciudad\u201d"},"content":{"rendered":"\n<p>El jefe de Gobierno porte\u00f1o se\u00f1al\u00f3 que buscan trabajar en conjunto con el Ejecutivo nacional y las provincias \u201cen base a evidencia cient\u00edfica\u201d. El ministro de Salud, Fern\u00e1n Quir\u00f3s, afirm\u00f3 que CABA atraviesa la etapa final del brote<\/p>\n\n\n\n<p>l jefe de Gobierno porte\u00f1o,\u00a0<strong>Jorge Macri<\/strong>, se\u00f1al\u00f3 esta ma\u00f1ana que el brote hist\u00f3rico de\u00a0<a href=\"https:\/\/www.infobae.com\/tag\/dengue\/\" target=\"_blank\" rel=\"noreferrer noopener\">dengue\u00a0<\/a>\u201cfue el\u00a0<strong>pico m\u00e1s grande<\/strong>\u00a0(de la enfermedad) que hemos enfrentado en la historia de la Ciudad\u201d y anticip\u00f3 que, terminado este per\u00edodo de intensidad de infecciones,\u00a0<strong>en el invierno se definir\u00e1 la estrategia de vacunaci\u00f3n\u00a0<\/strong>para el a\u00f1o pr\u00f3ximo<a href=\"https:\/\/www.infobae.com\/salud\/2024\/04\/10\/que-le-sucede-al-cuerpo-cuando-comemos-semillas-de-chia-todos-los-dias\/\" target=\"_blank\" rel=\"noreferrer noopener\"><\/a><\/p>\n\n\n\n<p><a href=\"https:\/\/www.infobae.com\/salud\/2024\/04\/10\/que-le-sucede-al-cuerpo-cuando-comemos-semillas-de-chia-todos-los-dias\/\" target=\"_blank\" rel=\"noreferrer noopener\"><\/a><\/p>\n\n\n\n<p>\u201cVamos a aprovechar los meses de invierno para hacer un balance y enfrentar esta enfermedad en el futuro. Tenemos que tener claro que&nbsp;<strong>vamos a convivir con esta enfermedad<\/strong>\u201d, sostuvo Macri en una conferencia junto al ministro de Salud porte\u00f1o,&nbsp;<strong>Fern\u00e1n Quir\u00f3s<\/strong>, y la vicejefa de Gobierno,&nbsp;<strong>Clara Muzzio<\/strong>.<\/p>\n\n\n\n<p>Macri plante\u00f3 que a\u00fan hace falta reunir informaci\u00f3n sobre el desempe\u00f1o de la<strong>&nbsp;vacuna contra el dengue<\/strong>&nbsp;para definir la pol\u00edtica de inmunizaci\u00f3n p\u00fablica frente a la enfermedad transmitida por el mosquito&nbsp;<em><strong>Aedes aegypti.&nbsp;<\/strong><\/em>\u201cSi llegamos a una certeza cient\u00edfica que&nbsp;<strong>hace falta aplicar la vacuna de manera gratuita, a ciertos grupos o en ciertas zonas, lo haremos<\/strong>&nbsp;y deber\u00eda ser en el&nbsp;<strong>marco de una campa\u00f1a nacional de vacunaci\u00f3n<\/strong>\u201d, indic\u00f3 el jefe de Gobierno porte\u00f1o.<\/p>\n\n\n\n<p><a href=\"https:\/\/www.infobae.com\/salud\/2024\/04\/10\/coinfecciones-de-dengue-que-dicen-los-expertos-sobre-su-gravedad-y-cual-es-la-diferencia-con-el-cuadro-comun\/\" target=\"_blank\" rel=\"noreferrer noopener\"><\/a><\/p>\n\n\n\n<figure class=\"wp-block-image\"><a href=\"https:\/\/www.infobae.com\/salud\/2024\/04\/10\/coinfecciones-de-dengue-que-dicen-los-expertos-sobre-su-gravedad-y-cual-es-la-diferencia-con-el-cuadro-comun\/\" target=\"_blank\" rel=\"noreferrer noopener\"><img decoding=\"async\" src=\"https:\/\/www.infobae.com\/new-resizer\/1Na6lLPZwc7OvzxznVDbUgGPpoQ=\/1200x675\/filters:format(webp):quality(85)\/cloudfront-us-east-1.images.arcpublishing.com\/infobae\/6XSG3QCQWZFPZI7BIAQMSK2Z7U.jpg\" alt=\"Coinfecciones de dengue: qu\u00e9 dicen los expertos sobre su gravedad y cu\u00e1l es la diferencia con un cuadro com\u00fan\"\/><\/a><\/figure>\n\n\n\n<p><a href=\"https:\/\/www.infobae.com\/salud\/2024\/04\/10\/coinfecciones-de-dengue-que-dicen-los-expertos-sobre-su-gravedad-y-cual-es-la-diferencia-con-el-cuadro-comun\/\" target=\"_blank\" rel=\"noreferrer noopener\"><\/a><\/p>\n\n\n\n<p>\u201cPor eso invitamos a trabajar en conjunto al<strong>&nbsp;Gobierno nacional y a todas las provincias,<\/strong>&nbsp;como se hace en el Consejo Federal de ministros de Salud (CoFeSa), porque esto tiene que ser enfrentado en conjunto\u201d, postul\u00f3 Macri y agreg\u00f3 que el abordaje sanitario debe ser federal y nacional, porque \u201c<strong>las enfermedades no encuentran un l\u00edmite en la Av. General Paz o en el Riachuelo<\/strong>\u201d.<\/p>\n\n\n\n<p>Macri consider\u00f3 que es \u201chabitual\u201d que \u201chaya&nbsp;<strong>tensiones<\/strong>, conflictos de intereses, gente que est\u00e1 m\u00e1s a favor de avanzar r\u00e1pido con una vacuna, otros menos. Nuestra tarea como Gobierno es cuidar a la gente y tomar una<strong>&nbsp;decisi\u00f3n sanitaria en funci\u00f3n de evidencia cient\u00edfica, no de miradas parciales<\/strong>\u201d.<\/p>\n\n\n\n<p><a href=\"https:\/\/www.infobae.com\/salud\/2024\/04\/09\/bronquiolitis-como-es-el-estudio-en-argentina-de-una-vacuna-nasal-para-el-grupo-mas-afectado-por-el-virus\/\" target=\"_blank\" rel=\"noreferrer noopener\"><\/a><\/p>\n\n\n\n<p><img loading=\"lazy\" decoding=\"async\" alt=\"En la Ciudad se establecieron 18 unidades febriles en hospitales p\u00fablicos para la atenci\u00f3n de pacientes con s\u00edntomas de dengue (Maximiliano Luna)\" height=\"1080\" width=\"1920\" class=\"\" src=\"https:\/\/www.infobae.com\/new-resizer\/ZMCkns4E87RzAPArpaHDU5VBgp4=\/420x236\/filters:format(webp):quality(85)\/cloudfront-us-east-1.images.arcpublishing.com\/infobae\/GIZPVXT2SBBKFNKGWOC7WRBUTU.jpg%20420w\" srcset=\"https:\/\/www.infobae.com\/new-resizer\/ZMCkns4E87RzAPArpaHDU5VBgp4=\/420x236\/filters:format(webp):quality(85)\/cloudfront-us-east-1.images.arcpublishing.com\/infobae\/GIZPVXT2SBBKFNKGWOC7WRBUTU.jpg 420w,https:\/\/www.infobae.com\/new-resizer\/LnLKyGEOUXjZGXOU7Hq56KjLeLk=\/768x432\/filters:format(webp):quality(85)\/cloudfront-us-east-1.images.arcpublishing.com\/infobae\/GIZPVXT2SBBKFNKGWOC7WRBUTU.jpg 768w,https:\/\/www.infobae.com\/new-resizer\/JkN9ncwWkiHyGEMI6VDsvXVe_vk=\/992x558\/filters:format(webp):quality(85)\/cloudfront-us-east-1.images.arcpublishing.com\/infobae\/GIZPVXT2SBBKFNKGWOC7WRBUTU.jpg 992w,https:\/\/www.infobae.com\/new-resizer\/7p7QEkVYCzto6b2hKn2nYRQezho=\/1200x675\/filters:format(webp):quality(85)\/cloudfront-us-east-1.images.arcpublishing.com\/infobae\/GIZPVXT2SBBKFNKGWOC7WRBUTU.jpg 1200w,https:\/\/www.infobae.com\/new-resizer\/sc5VHgpyCnxU6G5i7Bc14l8DK_0=\/1440x810\/filters:format(webp):quality(85)\/cloudfront-us-east-1.images.arcpublishing.com\/infobae\/GIZPVXT2SBBKFNKGWOC7WRBUTU.jpg 1440w\">En la Ciudad se establecieron 18 unidades febriles en hospitales p\u00fablicos para la atenci\u00f3n de pacientes con s\u00edntomas de dengue (Maximiliano Luna)<\/p>\n\n\n\n<p><strong>Argentina&nbsp;<\/strong>atraviesa un&nbsp;<strong>brote hist\u00f3rico de&nbsp;<\/strong><a rel=\"noreferrer noopener\" href=\"https:\/\/www.infobae.com\/salud\/2024\/04\/07\/brote-historico-de-dengue-en-argentina-ya-son-161-los-muertos-y-mas-de-230-mil-casos-registrados\/#:~:text=En%20el%20mismo%20per%C3%ADodo%20512,por%20el%20mosquito%20Aedes%20aegypti.\" target=\"_blank\"><strong>dengue<\/strong><\/a>, con&nbsp;<strong>161 muertos<\/strong>&nbsp;y&nbsp;<strong>232.996<\/strong>&nbsp;<strong>casos&nbsp;<\/strong>en la temporada 2023\/2024, seg\u00fan los datos actualizados del bolet\u00edn epidemiol\u00f3gico del Ministerio de Salud de la Naci\u00f3n. S\u00f3lo en la \u00faltima semana, se notificaron m\u00e1s de 52 mil casos en todo el pa\u00eds.<\/p>\n\n\n\n<p>El jefe de Gobierno de la Ciudad se diferenci\u00f3 de otros distritos que, frente al aumento exponencial de infecciones, decidieron hacer el diagn\u00f3stico de dengue por sintomatolog\u00eda cl\u00ednica y resalt\u00f3 que la postura en CABA es \u201c<strong>testear a todos<\/strong>\u201d. Repas\u00f3 que 65.000 personas se hicieron la prueba de dengue en el distrito y 12.000 dieron positivos.<\/p>\n\n\n\n<p>\u201cHemos dado esa informaci\u00f3n r\u00e1pido a la gente para tambi\u00e9n darle&nbsp;<strong>certeza<\/strong>, para tener&nbsp;<strong>datos espec\u00edficos<\/strong>&nbsp;que nos permitan trabajar con esa&nbsp;<strong>informaci\u00f3n cient\u00edfica&nbsp;<\/strong>y cada vez que identificamos un caso positivo, se activa un&nbsp;<strong>protocolo&nbsp;<\/strong>espec\u00edfico\u201d, agreg\u00f3 Macri.<\/p>\n\n\n\n<p>Por su parte,&nbsp;<strong>Quir\u00f3s&nbsp;<\/strong>explic\u00f3 que \u201c<strong>hace dos semanas que el n\u00famero de casos en la Ciudad se ha estabilizado<\/strong>&nbsp;y esta \u00faltima semana hemos tenido un primer registro de que el mosquito ha empezado a descender su presencia. Tambi\u00e9n hemos tenido un&nbsp;<strong>descenso del n\u00famero de consultas y de internados<\/strong>. Es decir, que los tres indicadores de evoluci\u00f3n de la situaci\u00f3n mostraron un quiebre ya en la \u00faltima semana\u201d, detall\u00f3 Quir\u00f3s.<\/p>\n\n\n\n<p>Y remarc\u00f3 que en la Ciudad, se transita \u201c<strong>la etapa final de la pandemia<\/strong>\u201d.<\/p>\n\n\n\n<p><img loading=\"lazy\" decoding=\"async\" alt=\"La Ciudad de Buenos Aires  hizo 65 mil testeos de dengue (entre ant\u00edgenos y anticuerpos), 12.000 dieron positivos\" height=\"1080\" width=\"1920\" class=\"\" src=\"https:\/\/www.infobae.com\/new-resizer\/_Ua_wAkTHQ0a7WUat8MTneGLLzM=\/420x236\/filters:format(webp):quality(85)\/cloudfront-us-east-1.images.arcpublishing.com\/infobae\/FQ4YWH2XY5HLFOQ4ZAPEZVSJ3A.jpg%20420w\" srcset=\"https:\/\/www.infobae.com\/new-resizer\/_Ua_wAkTHQ0a7WUat8MTneGLLzM=\/420x236\/filters:format(webp):quality(85)\/cloudfront-us-east-1.images.arcpublishing.com\/infobae\/FQ4YWH2XY5HLFOQ4ZAPEZVSJ3A.jpg 420w,https:\/\/www.infobae.com\/new-resizer\/u1trRaYEhCmOzoWfqNP5JN2294Q=\/768x432\/filters:format(webp):quality(85)\/cloudfront-us-east-1.images.arcpublishing.com\/infobae\/FQ4YWH2XY5HLFOQ4ZAPEZVSJ3A.jpg 768w,https:\/\/www.infobae.com\/new-resizer\/MLzrek1-HhaQbWc9QT6tjSO4Riw=\/992x558\/filters:format(webp):quality(85)\/cloudfront-us-east-1.images.arcpublishing.com\/infobae\/FQ4YWH2XY5HLFOQ4ZAPEZVSJ3A.jpg 992w,https:\/\/www.infobae.com\/new-resizer\/Lq4Z_5GMP6U--WRFG9QXw4f3xNc=\/1200x675\/filters:format(webp):quality(85)\/cloudfront-us-east-1.images.arcpublishing.com\/infobae\/FQ4YWH2XY5HLFOQ4ZAPEZVSJ3A.jpg 1200w,https:\/\/www.infobae.com\/new-resizer\/ShHan4MbyzhykFKkAiOJdX-in2Q=\/1440x810\/filters:format(webp):quality(85)\/cloudfront-us-east-1.images.arcpublishing.com\/infobae\/FQ4YWH2XY5HLFOQ4ZAPEZVSJ3A.jpg 1440w\">La Ciudad de Buenos Aires hizo 65 mil testeos de dengue (entre ant\u00edgenos y anticuerpos), 12.000 dieron positivos<\/p>\n\n\n\n<p>Respecto a la&nbsp;<strong>vacunaci\u00f3n<\/strong>, el titular de la cartera sanitaria de Salud, precis\u00f3: \u201cSabemos que es una vacuna segura y eficaz para personas entre 4 y 60 a\u00f1os. Lo que estamos discutiendo es&nbsp;<strong>c\u00f3mo aplicar las recomendaciones de la mayor\u00eda de los expertos y de la Organizaci\u00f3n Panamericana de la Salud (OPS)\u201d.<\/strong><\/p>\n\n\n\n<p>\u201cEs una vacuna que inicialmente debiera usarse con prioridad de&nbsp;<strong>manera focalizada y segmentada<\/strong>, donde hay una circulaci\u00f3n muy intensiva del virus, es decir, que la tasa de enfermos es muy alta como se ha visto este a\u00f1o en el&nbsp;<strong>noreste y noroeste argentino<\/strong>. Y segmentar a los grupos de edad que m\u00e1s se enferman, como hizo Brasil a ni\u00f1os y ni\u00f1as de 10 a 14 a\u00f1os, o como hizo el norte argentino a j\u00f3venes de 20 a 40 a\u00f1os porque es el grupo que m\u00e1s tiene la enfermedad\u201d, describi\u00f3 Quir\u00f3s.<\/p>\n\n\n\n<p>Quir\u00f3s anticip\u00f3 que esperan \u201cpara&nbsp;<strong>mayo o junio<\/strong>, tener una evaluaci\u00f3n cient\u00edfica de c\u00f3mo evolucion\u00f3 (la vacunaci\u00f3n) en los lugares donde se focaliz\u00f3 y se segment\u00f3, y qu\u00e9 impacto social tuvo\u201d.<\/p>\n\n\n\n<p>\u201cUna vez que tengamos la\u00a0<strong>informaci\u00f3n cient\u00edfica sobre los mayores de 60 a\u00f1os y cu\u00e1l fue el impacto en la efectividad del cuidado de la vacuna en el terreno efectivo<\/strong>, es decir en\u00a0<strong>Brasil, Paraguay y en el norte argentino,\u00a0<\/strong>para los meses de invierno vamos a tener una\u00a0<strong>posici\u00f3n bien clara<\/strong>\u201d, concluy\u00f3 Quir\u00f3s.<\/p>\n\n\n\n<p>Fuente: <a href=\"https:\/\/www.infobae.com\/salud\/2024\/04\/10\/enfrentamos-el-pico-de-dengue-mas-grande-en-la-historia-de-la-ciudad-dijo-jorge-macri-y-anticipo-cuando-se-definira-la-estrategia-de-vacunacion\/\">https:\/\/www.infobae.com\/salud\/2024\/04\/10\/enfrentamos-el-pico-de-dengue-mas-grande-en-la-historia-de-la-ciudad-dijo-jorge-macri-y-anticipo-cuando-se-definira-la-estrategia-de-vacunacion\/<\/a><\/p>\n","protected":false},"excerpt":{"rendered":"<p>El jefe de Gobierno porte\u00f1o se\u00f1al\u00f3 que buscan trabajar en conjunto con el Ejecutivo nacional y las provincias \u201cen base a evidencia cient\u00edfica\u201d. El ministro de Salud, Fern\u00e1n Quir\u00f3s, afirm\u00f3 que CABA atraviesa la etapa final del brote l jefe de Gobierno porte\u00f1o,\u00a0Jorge Macri, se\u00f1al\u00f3 esta ma\u00f1ana que el brote hist\u00f3rico de\u00a0dengue\u00a0\u201cfue el\u00a0pico m\u00e1s grande\u00a0(de [&hellip;]<\/p>\n","protected":false},"author":3,"featured_media":1135,"comment_status":"open","ping_status":"open","sticky":false,"template":"","format":"standard","meta":{"footnotes":""},"categories":[3,5,12],"tags":[313,571],"class_list":["post-1134","post","type-post","status-publish","format-standard","has-post-thumbnail","hentry","category-principal","category-salud","category-sociedad","tag-dengue","tag-jorge-macri"],"_links":{"self":[{"href":"https:\/\/noticiassaludables.com.ar\/index.php?rest_route=\/wp\/v2\/posts\/1134","targetHints":{"allow":["GET"]}}],"collection":[{"href":"https:\/\/noticiassaludables.com.ar\/index.php?rest_route=\/wp\/v2\/posts"}],"about":[{"href":"https:\/\/noticiassaludables.com.ar\/index.php?rest_route=\/wp\/v2\/types\/post"}],"author":[{"embeddable":true,"href":"https:\/\/noticiassaludables.com.ar\/index.php?rest_route=\/wp\/v2\/users\/3"}],"replies":[{"embeddable":true,"href":"https:\/\/noticiassaludables.com.ar\/index.php?rest_route=%2Fwp%2Fv2%2Fcomments&post=1134"}],"version-history":[{"count":1,"href":"https:\/\/noticiassaludables.com.ar\/index.php?rest_route=\/wp\/v2\/posts\/1134\/revisions"}],"predecessor-version":[{"id":1136,"href":"https:\/\/noticiassaludables.com.ar\/index.php?rest_route=\/wp\/v2\/posts\/1134\/revisions\/1136"}],"wp:featuredmedia":[{"embeddable":true,"href":"https:\/\/noticiassaludables.com.ar\/index.php?rest_route=\/wp\/v2\/media\/1135"}],"wp:attachment":[{"href":"https:\/\/noticiassaludables.com.ar\/index.php?rest_route=%2Fwp%2Fv2%2Fmedia&parent=1134"}],"wp:term":[{"taxonomy":"category","embeddable":true,"href":"https:\/\/noticiassaludables.com.ar\/index.php?rest_route=%2Fwp%2Fv2%2Fcategories&post=1134"},{"taxonomy":"post_tag","embeddable":true,"href":"https:\/\/noticiassaludables.com.ar\/index.php?rest_route=%2Fwp%2Fv2%2Ftags&post=1134"}],"curies":[{"name":"wp","href":"https:\/\/api.w.org\/{rel}","templated":true}]}}