{"id":1146,"date":"2024-04-11T10:37:53","date_gmt":"2024-04-11T13:37:53","guid":{"rendered":"https:\/\/noticiassaludables.com.ar\/?p=1146"},"modified":"2024-04-11T10:37:54","modified_gmt":"2024-04-11T13:37:54","slug":"negrito-un-relato-de-inspiracion","status":"publish","type":"post","link":"https:\/\/noticiassaludables.com.ar\/?p=1146","title":{"rendered":"Negrito, un relato de inspiraci\u00f3n"},"content":{"rendered":"\n<p>El perro se convirti\u00f3 en un s\u00edmbolo de resiliencia y superaci\u00f3n, ya que no dej\u00f3 que la amputaci\u00f3n de una de sus pata delantera derecha le impidiera llevar una vida feliz y llena de alegr\u00eda<\/p>\n\n\n\n<p><strong>Negrito&nbsp;<\/strong>es un&nbsp;<strong>perro&nbsp;<\/strong>callejero que durante mucho tiempo deambul\u00f3 por los vecindarios del municipio de&nbsp;<strong>Um\u00e1n<\/strong>, en&nbsp;<strong>Yucat\u00e1n<\/strong>, M\u00e9xico. A finales de marzo, fue v\u00edctima de un cruel acto de<strong>&nbsp;maltrato animal,&nbsp;<\/strong>cuando un hombre, sin ning\u00fan motivo, lo atac\u00f3 con un machete, mutilando su pata delantera derecha.<\/p>\n\n\n\n<p><a href=\"https:\/\/www.infobae.com\/mascotas\/2024\/04\/09\/como-alita-kuki-y-su-equipo-canino-convierten-las-experiencias-de-los-viajeros-de-estambul-en-algo-inolvidable\/\" target=\"_blank\" rel=\"noreferrer noopener\"><\/a><\/p>\n\n\n\n<figure class=\"wp-block-image\"><a href=\"https:\/\/www.infobae.com\/mascotas\/2024\/04\/09\/como-alita-kuki-y-su-equipo-canino-convierten-las-experiencias-de-los-viajeros-de-estambul-en-algo-inolvidable\/\" target=\"_blank\" rel=\"noreferrer noopener\"><img decoding=\"async\" src=\"https:\/\/www.infobae.com\/new-resizer\/ShdPI8NwRxeOC9NqO9T2YbmZYAU=\/1200x675\/filters:format(webp):quality(85)\/cloudfront-us-east-1.images.arcpublishing.com\/infobae\/NC73UYATYJCLHONJT2AIBVUSBU.jpg\" alt=\"C\u00f3mo Alita, Kuki y su equipo canino convierten las experiencias de los viajeros de Estambul en algo inolvidable\"\/><\/a><\/figure>\n\n\n\n<p><a href=\"https:\/\/www.infobae.com\/mascotas\/2024\/04\/09\/como-alita-kuki-y-su-equipo-canino-convierten-las-experiencias-de-los-viajeros-de-estambul-en-algo-inolvidable\/\" target=\"_blank\" rel=\"noreferrer noopener\"><\/a><\/p>\n\n\n\n<p>Alrededor de las 11:00 horas de aquel d\u00eda, Mar\u00eda Bastarrachea report\u00f3 la situaci\u00f3n a&nbsp;<strong>Silvia Cort\u00e9s,&nbsp;<\/strong>directora y fundadora del santuario&nbsp;<strong>Evoluci\u00f3n Animal,&nbsp;<\/strong>quien se apresur\u00f3 para acudir al lugar de los hechos y trasladar a Negrito a un hospital veterinario con el objetivo de proporcionarle atenci\u00f3n m\u00e9dica urgente.<\/p>\n\n\n\n<p>Gracias a la r\u00e1pida intervenci\u00f3n de personas interesadas en el bienestar animal, Negrito recibi\u00f3 atenci\u00f3n m\u00e9dica oportuna y aunque su pata no pudo ser salvada, su agresor recibi\u00f3 tres meses de prisi\u00f3n preventiva en lo que espera a que la jueza decida si va a ser vinculado a proceso.<\/p>\n\n\n\n<p><a href=\"https:\/\/www.infobae.com\/mascotas\/2024\/04\/11\/como-es-el-kakarratul-una-mirada-detallada-al-diminuto-marsupial-dorado-australiano\/\" target=\"_blank\" rel=\"noreferrer noopener\"><\/a><\/p>\n\n\n\n<h2 class=\"wp-block-heading\">Ser s\u00edmbolo de resiliencia<\/h2>\n\n\n\n<p><img loading=\"lazy\" decoding=\"async\" alt=\"A pesar de sus heridas y de vivir un traum\u00e1tico episodio de maltrato animal, Negrito sali\u00f3 adelante y busca un hogar.\" height=\"1080\" width=\"1908\" class=\"\" src=\"https:\/\/www.infobae.com\/new-resizer\/D-t7vDw3RJnv-yQ0FclByymf4d0=\/420x236\/filters:format(webp):quality(85)\/cloudfront-us-east-1.images.arcpublishing.com\/infobae\/IIAQSFRPAZDMXJZ5I4BB45GCGA.jpg%20420w\" srcset=\"https:\/\/www.infobae.com\/new-resizer\/D-t7vDw3RJnv-yQ0FclByymf4d0=\/420x236\/filters:format(webp):quality(85)\/cloudfront-us-east-1.images.arcpublishing.com\/infobae\/IIAQSFRPAZDMXJZ5I4BB45GCGA.jpg 420w,https:\/\/www.infobae.com\/new-resizer\/94AokEDePCj3eJIUR51lFQx1_J8=\/768x432\/filters:format(webp):quality(85)\/cloudfront-us-east-1.images.arcpublishing.com\/infobae\/IIAQSFRPAZDMXJZ5I4BB45GCGA.jpg 768w,https:\/\/www.infobae.com\/new-resizer\/RL0t5kCXZhZU1erCm5xR8v7s58M=\/992x558\/filters:format(webp):quality(85)\/cloudfront-us-east-1.images.arcpublishing.com\/infobae\/IIAQSFRPAZDMXJZ5I4BB45GCGA.jpg 992w,https:\/\/www.infobae.com\/new-resizer\/baQrpGJ1SQup8mAE51ZPFZ1LlO4=\/1200x675\/filters:format(webp):quality(85)\/cloudfront-us-east-1.images.arcpublishing.com\/infobae\/IIAQSFRPAZDMXJZ5I4BB45GCGA.jpg 1200w,https:\/\/www.infobae.com\/new-resizer\/djayrFBjsUq23w5KlELVQtoFdjU=\/1440x810\/filters:format(webp):quality(85)\/cloudfront-us-east-1.images.arcpublishing.com\/infobae\/IIAQSFRPAZDMXJZ5I4BB45GCGA.jpg 1440w\">A pesar de sus heridas y de vivir un traum\u00e1tico episodio de maltrato animal, Negrito sali\u00f3 adelante y busca un hogar.<\/p>\n\n\n\n<p>En entrevista para&nbsp;<em>Infobae<\/em>, Cort\u00e9s declar\u00f3 que el refugio tiene una amiga que es rescatista y que se encarga de alimentar, desparasitar, vacunar y esterilizar a animales callejeros de su fraccionamiento. Negrito es uno de esos seres sintientes que reciben el apoyo de la mujer.<\/p>\n\n\n\n<p>\u201cEl 29 de marzo ella recibe una llamada alrededor de las 11:20 horas de una vecina con quien se apoyaba para alimentar a los \u2018animalitos\u2019 de la cuadra y le coment\u00f3 muy asustada que&nbsp;<a rel=\"noreferrer noopener\" href=\"https:\/\/www.infobae.com\/mascotas\/2024\/04\/10\/pixie-la-conmovedora-historia-de-la-perra-que-encontro-esperanza-en-medio-del-abandono\/\" target=\"_blank\">Negrito hab\u00eda sufrido una agresi\u00f3n<\/a>\u201d, record\u00f3 la directora de&nbsp;<strong>Evoluci\u00f3n Animal.<\/strong><\/p>\n\n\n\n<p><a href=\"https:\/\/www.infobae.com\/mascotas\/2024\/04\/09\/un-increible-acto-de-amor-el-emotivo-rescate-de-20-almas-caninas-condenadas-al-sacrificio\/\" target=\"_blank\" rel=\"noreferrer noopener\"><\/a><\/p>\n\n\n\n<p>La mujer se dirigi\u00f3 de inmediato a auxiliar al c\u00e1nido al mismo tiempo que contact\u00f3 con Cort\u00e9s, quien relat\u00f3 que dej\u00f3 lo que estaba haciendo y se prepar\u00f3 para trasladarlo inmediatamente a un hospital.<\/p>\n\n\n\n<p>\u201cEn el camino marco al hospital Arca de No\u00e9 que me comenta que s\u00ed est\u00e1n laburando, ya que era un d\u00eda inh\u00e1bil, y me dijeron que pod\u00edan recibir el caso\u201d, dijo Cort\u00e9s.<\/p>\n\n\n\n<p><img loading=\"lazy\" decoding=\"async\" alt=\"Un hombre atac\u00f3 con un machete a Negrito.\" height=\"1040\" width=\"780\" class=\"\" src=\"https:\/\/www.infobae.com\/new-resizer\/ncuNfy1UXwLZWZoQ5KkNelZu36g=\/420x560\/filters:format(webp):quality(85)\/cloudfront-us-east-1.images.arcpublishing.com\/infobae\/NIU32L6H55BHZJPUW6SSBBVW5Y.jpg%20420w\" srcset=\"https:\/\/www.infobae.com\/new-resizer\/ncuNfy1UXwLZWZoQ5KkNelZu36g=\/420x560\/filters:format(webp):quality(85)\/cloudfront-us-east-1.images.arcpublishing.com\/infobae\/NIU32L6H55BHZJPUW6SSBBVW5Y.jpg 420w,https:\/\/www.infobae.com\/new-resizer\/rhKrdy9EQoPoHAWr7gIWC35ni-M=\/768x1024\/filters:format(webp):quality(85)\/cloudfront-us-east-1.images.arcpublishing.com\/infobae\/NIU32L6H55BHZJPUW6SSBBVW5Y.jpg 768w,https:\/\/www.infobae.com\/new-resizer\/fwpUoJg43EesP7SQ-hT1MwzNThI=\/992x1323\/filters:format(webp):quality(85)\/cloudfront-us-east-1.images.arcpublishing.com\/infobae\/NIU32L6H55BHZJPUW6SSBBVW5Y.jpg 992w,https:\/\/www.infobae.com\/new-resizer\/inL-o_kP-Nh7CS3ZsehTHPiBZ50=\/1200x1600\/filters:format(webp):quality(85)\/cloudfront-us-east-1.images.arcpublishing.com\/infobae\/NIU32L6H55BHZJPUW6SSBBVW5Y.jpg 1200w\">Un hombre atac\u00f3 con un machete a Negrito.<\/p>\n\n\n\n<p>Al llegar al lugar del ataque, la fundadora del&nbsp;<strong>santuario animal&nbsp;<\/strong>dio sus datos a la polic\u00eda estatal, que ya se encontraba investigando el caso y se apresur\u00f3 a llevar a Negrito al hospital veterinario, donde fue admitido de inmediato.<\/p>\n\n\n\n<p>Los especialistas realizaron m\u00faltiples estudios como una&nbsp;<a rel=\"noreferrer noopener\" href=\"https:\/\/www.infobae.com\/mascotas\/2024\/04\/10\/valley-la-paloma-que-se-nego-a-partir-de-un-refugio-y-exigio-un-hogar-propio\/\" target=\"_blank\">biometr\u00eda hem\u00e1tica en la que detectaron que padec\u00eda&nbsp;<strong>anemia<\/strong>,<\/a>&nbsp;una enfermedad ven\u00e9rea conocida como tumor ven\u00e9reo transmisible (<strong>TVT<\/strong>) y su conteo de plaquetas era muy bajo \u201cno nada m\u00e1s producto de la p\u00e9rdida de sangre, sino porque sufre una afecci\u00f3n hep\u00e1tica\u201d, lament\u00f3 la fundadora del santuario animal.<\/p>\n\n\n\n<p>Los especialistas le indicaron a Cort\u00e9s que la pata de Negrito no podr\u00eda ser salvada, pues los cortes fueron tan profundos que lo que quedaba de la extremidad se sosten\u00eda al cuerpo \u00fanicamente por un colgajo de piel, por lo que la mejor opci\u00f3n para garantizar su bienestar era la amputaci\u00f3n.<\/p>\n\n\n\n<p>Con el perro en manos de especialistas veterinarios, Cort\u00e9s todav\u00eda ten\u00eda que hacer una cosa m\u00e1s: exigir justicia para Negrito, por lo que regres\u00f3 al lugar de los hechos. \u201cAl llegar encontramos a la polic\u00eda investigadora, los vecinos ya hab\u00edan llamado a la fiscal\u00eda y los uniformados estaban haciendo las averiguaciones\u201d, dijo.<\/p>\n\n\n\n<p><img loading=\"lazy\" decoding=\"async\" alt=\"Negrito recibi\u00f3 atenci\u00f3n m\u00e9dica oportuna gracias a la labor de Evoluci\u00f3n Animal y personas preocupadas por el bienestar animal.\" height=\"1600\" width=\"1200\" class=\"\" src=\"https:\/\/www.infobae.com\/new-resizer\/HlgbJjK_p4uYYWpO8fUPFLjXVL4=\/420x560\/filters:format(webp):quality(85)\/cloudfront-us-east-1.images.arcpublishing.com\/infobae\/X3K6SBDNFJCZLO37MZSM2TXQOA.jpg%20420w\" srcset=\"https:\/\/www.infobae.com\/new-resizer\/HlgbJjK_p4uYYWpO8fUPFLjXVL4=\/420x560\/filters:format(webp):quality(85)\/cloudfront-us-east-1.images.arcpublishing.com\/infobae\/X3K6SBDNFJCZLO37MZSM2TXQOA.jpg 420w,https:\/\/www.infobae.com\/new-resizer\/PtzZuJmCHBLl9rkx8RAxAJeybG0=\/768x1024\/filters:format(webp):quality(85)\/cloudfront-us-east-1.images.arcpublishing.com\/infobae\/X3K6SBDNFJCZLO37MZSM2TXQOA.jpg 768w,https:\/\/www.infobae.com\/new-resizer\/drfagkOTULOIi5vGHq6j1TRicoU=\/992x1323\/filters:format(webp):quality(85)\/cloudfront-us-east-1.images.arcpublishing.com\/infobae\/X3K6SBDNFJCZLO37MZSM2TXQOA.jpg 992w,https:\/\/www.infobae.com\/new-resizer\/hDtPgNjmkjxKu4tmOh539v-VKeo=\/1200x1600\/filters:format(webp):quality(85)\/cloudfront-us-east-1.images.arcpublishing.com\/infobae\/X3K6SBDNFJCZLO37MZSM2TXQOA.jpg 1200w\">Negrito recibi\u00f3 atenci\u00f3n m\u00e9dica oportuna gracias a la labor de Evoluci\u00f3n Animal y personas preocupadas por el bienestar animal.<\/p>\n\n\n\n<p>Durante las pesquisas, los agentes de la fiscal\u00eda dieron con un video captado por una de las c\u00e1maras de vigilancia de los vecinos, en el que se observa al hombre atacando a la&nbsp;<strong>mascota<\/strong>.<\/p>\n\n\n\n<p>\u201cAfortunadamente&nbsp;<a rel=\"noreferrer noopener\" href=\"https:\/\/www.infobae.com\/mexico\/2024\/04\/02\/hombre-mutila-pata-de-perrito-con-un-machete-en-uman-yucatan-vecinos-lo-buscan-e-intentan-linchar-a-su-esposa-y-hermano-video\/\" target=\"_blank\">la fiscal\u00eda se moviliz\u00f3 muy \u00e1gilmente&nbsp;<\/a>y ellos mismos motivaron a la gente para que denunciara, para que rindieran sus testimonios y entregaran pruebas\u201d, subray\u00f3 la fundadora de Evoluci\u00f3n Animal.<\/p>\n\n\n\n<p>Gracias al compromiso de los agentes del orden, tan s\u00f3lo dos d\u00edas despu\u00e9s de la agresi\u00f3n (el lunes 1 de abril), se llev\u00f3 a cabo la primera audiencia en contra del agresor de Negrito, durante la cual se encontraron suficientes argumentos legales para darle prisi\u00f3n preventiva al maltratador.<\/p>\n\n\n\n<p>\u201cLa jueza determin\u00f3 darle prisi\u00f3n preventiva por tres meses\u201d, indic\u00f3 Cort\u00e9s, antes de aclarar que se trata \u00fanicamente de una medida cautelar, pues a\u00fan no existe una sentencia.<\/p>\n\n\n\n<p><img loading=\"lazy\" decoding=\"async\" alt=\"Especialistas m\u00e9dicos tuvieron que amputar la pata lastimada. \" height=\"1600\" width=\"1200\" class=\"\" src=\"https:\/\/www.infobae.com\/new-resizer\/fRIX4nW-VQIxhyQdwNJClLp-igY=\/420x560\/filters:format(webp):quality(85)\/cloudfront-us-east-1.images.arcpublishing.com\/infobae\/2T6QX2AMAZEEJKHQVEZ64TNLXM.jpg%20420w\" srcset=\"https:\/\/www.infobae.com\/new-resizer\/fRIX4nW-VQIxhyQdwNJClLp-igY=\/420x560\/filters:format(webp):quality(85)\/cloudfront-us-east-1.images.arcpublishing.com\/infobae\/2T6QX2AMAZEEJKHQVEZ64TNLXM.jpg 420w,https:\/\/www.infobae.com\/new-resizer\/B21Ft_VDZCYBOWjDOJw2juYAubo=\/768x1024\/filters:format(webp):quality(85)\/cloudfront-us-east-1.images.arcpublishing.com\/infobae\/2T6QX2AMAZEEJKHQVEZ64TNLXM.jpg 768w,https:\/\/www.infobae.com\/new-resizer\/-yj-DIgoMZaoTjS5u58RgmlcOSM=\/992x1323\/filters:format(webp):quality(85)\/cloudfront-us-east-1.images.arcpublishing.com\/infobae\/2T6QX2AMAZEEJKHQVEZ64TNLXM.jpg 992w,https:\/\/www.infobae.com\/new-resizer\/FfyQ15lJt3sO-FKQWJyV7QWi3bU=\/1200x1600\/filters:format(webp):quality(85)\/cloudfront-us-east-1.images.arcpublishing.com\/infobae\/2T6QX2AMAZEEJKHQVEZ64TNLXM.jpg 1200w\">Especialistas m\u00e9dicos tuvieron que amputar la pata lastimada.<\/p>\n\n\n\n<p>Cort\u00e9s declar\u00f3 que la jueza encontr\u00f3 agravantes durante las audiencias, pues ocasion\u00f3 una lesi\u00f3n que dej\u00f3 incapacitado permanentemente a Negrito y, sumado a los argumentos presentados una semana antes tanto por la defensa como por la asesor\u00eda jur\u00eddica de los denunciantes, el domingo 7 de abril durante la segunda audiencia del caso se ratific\u00f3 la prisi\u00f3n preventiva.<\/p>\n\n\n\n<p>\u201cLa concesi\u00f3n de los tres meses que por ley se dan a ambas partes tanto a la defensa como a los denunciantes para reunir m\u00e1s elementos de prueba y que puedan ser anexados a la carpeta de investigaci\u00f3n\u201d, aclar\u00f3 Cort\u00e9s.<\/p>\n\n\n\n<p>La siguiente audiencia, es decir, la tercera, se llevar\u00e1 a cabo \u201calrededor\u201d del 7 de julio, aunque la fecha y hora exacta no han sido fijadas.<\/p>\n\n\n\n<p>El lunes de esta semana,&nbsp;<a rel=\"noreferrer noopener\" href=\"https:\/\/www.infobae.com\/mascotas\/2024\/04\/09\/un-increible-acto-de-amor-el-emotivo-rescate-de-20-almas-caninas-condenadas-al-sacrificio\/\" target=\"_blank\">Negrito fue dado de alta y Cort\u00e9s prepar\u00f3 todo lo necesario para recibirlo en su santuario.<\/a>&nbsp;\u201cEn este momento se encuentra muy bien, su \u00e1nimo es excelente. El suceso ocurri\u00f3 hace m\u00e1s de una semana y ya se adapt\u00f3 a su nueva vida con tres \u2018patitas\u2019; ya no intenta apoyarse en la extremidad que perdi\u00f3\u201d, celebr\u00f3 la fundadora del santuario.<\/p>\n\n\n\n<p>Cort\u00e9s se\u00f1al\u00f3 que el perro es muy alegre ante cualquier muestra de afecto, que siempre est\u00e1 de \u201cmuy buen humor\u201d y que no necesitar\u00e1 de una pr\u00f3tesis o silla de ruedas.<\/p>\n\n\n\n<h2 class=\"wp-block-heading\">Luchar por el bien de los seres sintientes<\/h2>\n\n\n\n<p><img loading=\"lazy\" decoding=\"async\" alt=\"A pesar de que su extremidad fue amputada, Negrito sali\u00f3 adelante. (Cortes\u00eda\/Silvia Cort\u00e9s)\" height=\"1600\" width=\"900\" class=\"\" src=\"https:\/\/www.infobae.com\/new-resizer\/vV5s6CBN6TgHuxYHlySPAJuTEsM=\/420x747\/filters:format(webp):quality(85)\/cloudfront-us-east-1.images.arcpublishing.com\/infobae\/T3XXKLEHM5DBJGULYH6F2TIASM.jpg%20420w\" srcset=\"https:\/\/www.infobae.com\/new-resizer\/vV5s6CBN6TgHuxYHlySPAJuTEsM=\/420x747\/filters:format(webp):quality(85)\/cloudfront-us-east-1.images.arcpublishing.com\/infobae\/T3XXKLEHM5DBJGULYH6F2TIASM.jpg 420w,https:\/\/www.infobae.com\/new-resizer\/JyOvf51zYnruXUVBgbUZYFw4B20=\/768x1365\/filters:format(webp):quality(85)\/cloudfront-us-east-1.images.arcpublishing.com\/infobae\/T3XXKLEHM5DBJGULYH6F2TIASM.jpg 768w,https:\/\/www.infobae.com\/new-resizer\/b3wym-J3hjxlgVnb0td8d5b-oTo=\/992x1764\/filters:format(webp):quality(85)\/cloudfront-us-east-1.images.arcpublishing.com\/infobae\/T3XXKLEHM5DBJGULYH6F2TIASM.jpg 992w,https:\/\/www.infobae.com\/new-resizer\/Vz_kZVY7KUx-Beb7i7E4Mn7hOfE=\/1200x2133\/filters:format(webp):quality(85)\/cloudfront-us-east-1.images.arcpublishing.com\/infobae\/T3XXKLEHM5DBJGULYH6F2TIASM.jpg 1200w\">A pesar de que su extremidad fue amputada, Negrito sali\u00f3 adelante. (Cortes\u00eda\/Silvia Cort\u00e9s)<\/p>\n\n\n\n<p>La directora declar\u00f3 que se dedica al activismo animal desde \u201chace ya un poquito menos de tres d\u00e9cadas\u201d cuando inici\u00f3 en solitario con una labor individual, pero con el objetivo de encontrar m\u00e1s personas preocupadas por el bienestar de los<a rel=\"noreferrer noopener\" href=\"https:\/\/www.infobae.com\/mascotas\/\" target=\"_blank\">&nbsp;seres sintientes&nbsp;<\/a>y, en sus palabras, buscar el respeto por la vida hacia otras especies, cre\u00f3 un equipo y fund\u00f3 Evoluci\u00f3n Animal.<\/p>\n\n\n\n<p>Gracias a su incansable labor y compromiso con los seres sintientes, Cort\u00e9s, de la mano de sus colaboradores, ha logrado la implementaci\u00f3n de leyes y el Cap\u00edtulo de Maltrato a Animales Dom\u00e9sticos en el C\u00f3digo Penal.<\/p>\n\n\n\n<p>\u201cSon herramientas para procurar justicia y protecci\u00f3n hacia los animales de otras especies, y es algo que nos tiene orgullosos en el sentido de que nuestra parte se est\u00e1 haciendo\u201d, subray\u00f3 Cort\u00e9s.<\/p>\n\n\n\n<p>Aunque admiti\u00f3 que su labor est\u00e1 lejos de terminar, pues todos los d\u00edas buscan que dicha procuraci\u00f3n de justicia hacia los animales sea atendida con la seriedad que se amerita.<\/p>\n\n\n\n<p>En el santuario habitan un promedio de 450 perros, 250 gatos y tres cerdos, aunque Cort\u00e9s admiti\u00f3 que por su refugio han pasado todo tipo de animales, desde patos, zarig\u00fceyas, ardillas y conejos hasta caballos, burros, b\u00fahos y otros animales silvestres.<\/p>\n\n\n\n<p><img loading=\"lazy\" decoding=\"async\" alt=\"Aprendi\u00f3 a dejar de apoyarse en la extremidad faltante y se convirti\u00f3 en s\u00edmbolo de resiliencia.\" height=\"1600\" width=\"1200\" class=\"\" src=\"https:\/\/www.infobae.com\/new-resizer\/SzYjdJORU4iWt1mX8PQmm1PZI4M=\/420x560\/filters:format(webp):quality(85)\/cloudfront-us-east-1.images.arcpublishing.com\/infobae\/JTIA5L4MZVBO7PH4U237NL22AM.jpg%20420w\" srcset=\"https:\/\/www.infobae.com\/new-resizer\/SzYjdJORU4iWt1mX8PQmm1PZI4M=\/420x560\/filters:format(webp):quality(85)\/cloudfront-us-east-1.images.arcpublishing.com\/infobae\/JTIA5L4MZVBO7PH4U237NL22AM.jpg 420w,https:\/\/www.infobae.com\/new-resizer\/fc5hTZXqrRaeIRjzSa6odS7_B2w=\/768x1024\/filters:format(webp):quality(85)\/cloudfront-us-east-1.images.arcpublishing.com\/infobae\/JTIA5L4MZVBO7PH4U237NL22AM.jpg 768w,https:\/\/www.infobae.com\/new-resizer\/CZ8vjktSBfbOgwFB2rg4sUFrf10=\/992x1323\/filters:format(webp):quality(85)\/cloudfront-us-east-1.images.arcpublishing.com\/infobae\/JTIA5L4MZVBO7PH4U237NL22AM.jpg 992w,https:\/\/www.infobae.com\/new-resizer\/rrTdx6aQLgjkiDxLzFkt7Jb62jc=\/1200x1600\/filters:format(webp):quality(85)\/cloudfront-us-east-1.images.arcpublishing.com\/infobae\/JTIA5L4MZVBO7PH4U237NL22AM.jpg 1200w\">Aprendi\u00f3 a dejar de apoyarse en la extremidad faltante y se convirti\u00f3 en s\u00edmbolo de resiliencia.<\/p>\n\n\n\n<p>Para mantener a todos los seres sintientes que viven bajo la protecci\u00f3n del santuario, Cort\u00e9s requiere del apoyo de los buenos samaritanos. Los interesados pueden contactar al refugio a trav\u00e9s de sus redes sociales como&nbsp;<strong>Instagram<\/strong>, donde se encuentran como&nbsp;<strong>Evoluci\u00f3nAnimalAC&nbsp;<\/strong>y&nbsp;<strong>Facebook<\/strong>, plataforma en la que publican bajo el nombre de&nbsp;<strong>Evoluci\u00f3n A.C.<\/strong><\/p>\n\n\n\n<p>El santuario recibe aportaciones monetarias y donaciones en especie pues, de acuerdo con una publicaci\u00f3n compartida por los encargados de las redes sociales de Evoluci\u00f3n Animal,&nbsp;<a rel=\"noreferrer noopener\" href=\"https:\/\/www.infobae.com\/mascotas\/2024\/04\/10\/valley-la-paloma-que-se-nego-a-partir-de-un-refugio-y-exigio-un-hogar-propio\/\" target=\"_blank\">en promedio utilizan 40 bultos de 25kg cada semana,&nbsp;<\/a>que conlleva un gasto aproximado de 22.400.00 pesos mexicanos cada siete d\u00edas.<\/p>\n\n\n\n<p>Cort\u00e9s espera que la gente entienda que trabajar por los animales no significa dejar de lado las necesidades e intereses humanos, pues implica \u201campliar nuestro c\u00edrculo de consideraciones y empat\u00eda para que los valores alcancen a otros seres sintientes como nosotros\u201d, dijo.<\/p>\n\n\n\n<p>\u201cCuando impugnamos porque existan leyes a favor de ellos (los animales), estamos trabajando tambi\u00e9n por el ser humano [&#8230;] Hay que recordar que los animales no se domesticaron y vivieron con el ser humano por su cuenta, nosotros los trajimos. Es una responsabilidad nuestra en general, nos gusten o no\u201d, concluy\u00f3 Cort\u00e9s.<\/p>\n\n\n\n<p>Fuente: <a href=\"https:\/\/www.infobae.com\/mascotas\/2024\/04\/10\/negrito-la-fuerza-del-alma-en-medio-de-la-crueldad-un-relato-de-inspiracion\/\">https:\/\/www.infobae.com\/mascotas\/2024\/04\/10\/negrito-la-fuerza-del-alma-en-medio-de-la-crueldad-un-relato-de-inspiracion\/<\/a><\/p>\n","protected":false},"excerpt":{"rendered":"<p>El perro se convirti\u00f3 en un s\u00edmbolo de resiliencia y superaci\u00f3n, ya que no dej\u00f3 que la amputaci\u00f3n de una de sus pata delantera derecha le impidiera llevar una vida feliz y llena de alegr\u00eda Negrito&nbsp;es un&nbsp;perro&nbsp;callejero que durante mucho tiempo deambul\u00f3 por los vecindarios del municipio de&nbsp;Um\u00e1n, en&nbsp;Yucat\u00e1n, M\u00e9xico. A finales de marzo, fue [&hellip;]<\/p>\n","protected":false},"author":3,"featured_media":1147,"comment_status":"open","ping_status":"open","sticky":false,"template":"","format":"standard","meta":{"footnotes":""},"categories":[4,12],"tags":[578,579],"class_list":["post-1146","post","type-post","status-publish","format-standard","has-post-thumbnail","hentry","category-bienestar","category-sociedad","tag-negrito","tag-perro-ejemplo"],"_links":{"self":[{"href":"https:\/\/noticiassaludables.com.ar\/index.php?rest_route=\/wp\/v2\/posts\/1146","targetHints":{"allow":["GET"]}}],"collection":[{"href":"https:\/\/noticiassaludables.com.ar\/index.php?rest_route=\/wp\/v2\/posts"}],"about":[{"href":"https:\/\/noticiassaludables.com.ar\/index.php?rest_route=\/wp\/v2\/types\/post"}],"author":[{"embeddable":true,"href":"https:\/\/noticiassaludables.com.ar\/index.php?rest_route=\/wp\/v2\/users\/3"}],"replies":[{"embeddable":true,"href":"https:\/\/noticiassaludables.com.ar\/index.php?rest_route=%2Fwp%2Fv2%2Fcomments&post=1146"}],"version-history":[{"count":1,"href":"https:\/\/noticiassaludables.com.ar\/index.php?rest_route=\/wp\/v2\/posts\/1146\/revisions"}],"predecessor-version":[{"id":1148,"href":"https:\/\/noticiassaludables.com.ar\/index.php?rest_route=\/wp\/v2\/posts\/1146\/revisions\/1148"}],"wp:featuredmedia":[{"embeddable":true,"href":"https:\/\/noticiassaludables.com.ar\/index.php?rest_route=\/wp\/v2\/media\/1147"}],"wp:attachment":[{"href":"https:\/\/noticiassaludables.com.ar\/index.php?rest_route=%2Fwp%2Fv2%2Fmedia&parent=1146"}],"wp:term":[{"taxonomy":"category","embeddable":true,"href":"https:\/\/noticiassaludables.com.ar\/index.php?rest_route=%2Fwp%2Fv2%2Fcategories&post=1146"},{"taxonomy":"post_tag","embeddable":true,"href":"https:\/\/noticiassaludables.com.ar\/index.php?rest_route=%2Fwp%2Fv2%2Ftags&post=1146"}],"curies":[{"name":"wp","href":"https:\/\/api.w.org\/{rel}","templated":true}]}}