{"id":1149,"date":"2024-04-11T10:43:15","date_gmt":"2024-04-11T13:43:15","guid":{"rendered":"https:\/\/noticiassaludables.com.ar\/?p=1149"},"modified":"2024-04-11T10:43:16","modified_gmt":"2024-04-11T13:43:16","slug":"a-10-anos-de-la-muerte-de-alfredo-alcon","status":"publish","type":"post","link":"https:\/\/noticiassaludables.com.ar\/?p=1149","title":{"rendered":"A 10 a\u00f1os de la muerte de Alfredo Alc\u00f3n"},"content":{"rendered":"\n<h2 class=\"wp-block-heading\">Figura indispensable del teatro y cine nacional, brill\u00f3 en obras emblem\u00e1ticas y trascendi\u00f3 generaciones con un talento \u00fanico<\/h2>\n\n\n\n<p><img loading=\"lazy\" decoding=\"async\" alt=\"Alfredo Alc\u00f3n brill\u00f3 en cine, teatro y televisi\u00f3n durante m\u00e1s de 6 d\u00e9cadas\" height=\"658\" width=\"1170\" class=\"\" src=\"https:\/\/www.infobae.com\/new-resizer\/VR4XowPBFxSAT7stoV6Gbu0o2M8=\/420x236\/filters:format(webp):quality(85)\/cloudfront-us-east-1.images.arcpublishing.com\/infobae\/3HHUXMWAEFAJRFZHIMASMRCT6I%20420w\" srcset=\"https:\/\/www.infobae.com\/new-resizer\/VR4XowPBFxSAT7stoV6Gbu0o2M8=\/420x236\/filters:format(webp):quality(85)\/cloudfront-us-east-1.images.arcpublishing.com\/infobae\/3HHUXMWAEFAJRFZHIMASMRCT6I 420w,https:\/\/www.infobae.com\/new-resizer\/uL5H8scV_gxt394LbMqvV8b6N5Q=\/768x432\/filters:format(webp):quality(85)\/cloudfront-us-east-1.images.arcpublishing.com\/infobae\/3HHUXMWAEFAJRFZHIMASMRCT6I 768w,https:\/\/www.infobae.com\/new-resizer\/KgFmUwQUu7jdqFuk6JB-Q8PmcJ0=\/992x558\/filters:format(webp):quality(85)\/cloudfront-us-east-1.images.arcpublishing.com\/infobae\/3HHUXMWAEFAJRFZHIMASMRCT6I 992w,https:\/\/www.infobae.com\/new-resizer\/Ga4ve_iuqFdlyFzP9vDgbBzBx9A=\/1200x675\/filters:format(webp):quality(85)\/cloudfront-us-east-1.images.arcpublishing.com\/infobae\/3HHUXMWAEFAJRFZHIMASMRCT6I 1200w,https:\/\/www.infobae.com\/new-resizer\/iV5TTKq3w5hBxrdhqmkQMpxW1vg=\/1440x810\/filters:format(webp):quality(85)\/cloudfront-us-east-1.images.arcpublishing.com\/infobae\/3HHUXMWAEFAJRFZHIMASMRCT6I 1440w\">Alfredo Alc\u00f3n brill\u00f3 en cine, teatro y televisi\u00f3n durante m\u00e1s de 6 d\u00e9cadas<\/p>\n\n\n\n<p>La instant\u00e1nea del a\u00f1o 2014 que\u00a0<a href=\"https:\/\/www.infobae.com\/tag\/graciela-borges\/\" target=\"_blank\" rel=\"noreferrer noopener\"><strong>Graciela Borges<\/strong><\/a>volvi\u00f3 a traer a la luz la muestra junto a\u00a0<a href=\"https:\/\/www.infobae.com\/tag\/alfredo-alcon\/\" target=\"_blank\" rel=\"noreferrer noopener\"><strong>Alfredo Alc\u00f3n<\/strong><\/a>\u00a0sonrientes, abrazados. Un amor que surc\u00f3 por todas las aguas, y que la primera actriz destac\u00f3 en las \u00faltimas horas: \u201c\u00daltima funci\u00f3n de Alfredo Alc\u00f3n,\u00a0<strong>nunca olvidar\u00e9 esa noche, su enorme talento y su profunda ternura.<\/strong>\u00a0No puedo dejar de extra\u00f1arlo nunca. Risas, poemas, comidas compartidas, trabajos apoy\u00e1ndonos en el cansancio, el esfuerzo y tambi\u00e9n la alegr\u00eda, las enfermedades, la soledad que nunca se conoce. En fin, la vida\u201d.<a href=\"https:\/\/www.infobae.com\/teleshow\/2024\/04\/11\/furia-revelo-su-plan-para-sacar-a-coty-romero-de-gran-hermano\/\" target=\"_blank\" rel=\"noreferrer noopener\"><\/a><\/p>\n\n\n\n<p>Nacido un 3 de marzo de 1930 en Ciudadela, provincia de Buenos Aires, bajo el nombre de Alfredo F\u00e9lix Alc\u00f3n Riesco, a los 3 a\u00f1os sufri\u00f3 la muerte de su padre. Fue criado por su madre y abuelos y gravit\u00f3 hacia la actuaci\u00f3n desde muy joven, cuando tom\u00f3 una decisi\u00f3n crucial: abandon\u00f3 su formaci\u00f3n secundaria en un colegio industrial para dedicarse por completo a su pasi\u00f3n e inscribirse en el&nbsp;<strong>Conservatorio Nacional de Arte Dram\u00e1tico<\/strong>.<\/p>\n\n\n\n<p><img loading=\"lazy\" decoding=\"async\" alt=\"Alfredo Alc\u00f3n en una escena de Un guapo del 900\" height=\"506\" width=\"900\" class=\"\" src=\"https:\/\/www.infobae.com\/new-resizer\/ygwXXpCv3PMdbOeWVz1asEmY3y4=\/420x236\/filters:format(webp):quality(85)\/cloudfront-us-east-1.images.arcpublishing.com\/infobae\/3PTHRWYTIRAKRLLYHFB7NOTCVE.jpg%20420w\" srcset=\"https:\/\/www.infobae.com\/new-resizer\/ygwXXpCv3PMdbOeWVz1asEmY3y4=\/420x236\/filters:format(webp):quality(85)\/cloudfront-us-east-1.images.arcpublishing.com\/infobae\/3PTHRWYTIRAKRLLYHFB7NOTCVE.jpg 420w,https:\/\/www.infobae.com\/new-resizer\/cwH8qXFD473jbET0AX-vu4z5gKQ=\/768x432\/filters:format(webp):quality(85)\/cloudfront-us-east-1.images.arcpublishing.com\/infobae\/3PTHRWYTIRAKRLLYHFB7NOTCVE.jpg 768w,https:\/\/www.infobae.com\/new-resizer\/wltNt2eQ7VOg4jRY4uVGSZwt-2A=\/992x558\/filters:format(webp):quality(85)\/cloudfront-us-east-1.images.arcpublishing.com\/infobae\/3PTHRWYTIRAKRLLYHFB7NOTCVE.jpg 992w,https:\/\/www.infobae.com\/new-resizer\/wG24czQliw_158MfM_XI5KJT9HU=\/1200x675\/filters:format(webp):quality(85)\/cloudfront-us-east-1.images.arcpublishing.com\/infobae\/3PTHRWYTIRAKRLLYHFB7NOTCVE.jpg 1200w,https:\/\/www.infobae.com\/new-resizer\/0iQtjbsO5CZ-UADWBJ1a3QwQ7Lo=\/1440x810\/filters:format(webp):quality(85)\/cloudfront-us-east-1.images.arcpublishing.com\/infobae\/3PTHRWYTIRAKRLLYHFB7NOTCVE.jpg 1440w\">Alfredo Alc\u00f3n en una escena de Un guapo del 900<\/p>\n\n\n\n<p>Esta temprana inclinaci\u00f3n le abri\u00f3 las puertas a un sinf\u00edn de oportunidades que marcaron su destino como uno de los actores m\u00e1s respetados y queridos en el \u00e1mbito cultural argentino. Su talento le permiti\u00f3 abordar una vasta variedad de roles que demostraron su versatilidad y profundidad interpretativa, gan\u00e1ndose el cari\u00f1o y la admiraci\u00f3n del p\u00fablico y la cr\u00edtica.<\/p>\n\n\n\n<p><a href=\"https:\/\/www.infobae.com\/teleshow\/2024\/04\/11\/andy-kusnetzoff-le-pidio-disculpas-a-raquel-mancini-nos-reiamos-de-otras-cosas-en-los-90\/\" target=\"_blank\" rel=\"noreferrer noopener\"><\/a><\/p>\n\n\n\n<p>Tras un debut en Radio Nacional, lleg\u00f3 el tiempo de la pantalla grande all\u00e1 por 1955, cuando form\u00f3 parte de&nbsp;<em>El amor nunca muere<\/em>, junto a&nbsp;<strong>Mirtha Legrand<\/strong>&nbsp;y&nbsp;<strong>Tita Merello<\/strong>, bajo la direcci\u00f3n de Luis C\u00e9sar Amadori. As\u00ed comenz\u00f3 una carrera en la que construy\u00f3 puentes entre generaciones de artistas y se destac\u00f3 por su participaci\u00f3n en obras significativas, tanto en la Argentina como en Espa\u00f1a.<\/p>\n\n\n\n<p><img loading=\"lazy\" decoding=\"async\" alt=\"Alfredo Alc\u00f3n en el programa de Mirtha Legrand, junto a Carlos Monz\u00f3n y Andr\u00e9s Percivale\n\" height=\"1276\" width=\"1920\" class=\"\" src=\"https:\/\/www.infobae.com\/new-resizer\/_FTzzX3Tm5Dn6JOIZV0i2q-GD1g=\/420x280\/filters:format(webp):quality(85)\/cloudfront-us-east-1.images.arcpublishing.com\/infobae\/2E7DHW26SJFIHEFPMOHXUDZXE4.jpg%20420w\" srcset=\"https:\/\/www.infobae.com\/new-resizer\/_FTzzX3Tm5Dn6JOIZV0i2q-GD1g=\/420x280\/filters:format(webp):quality(85)\/cloudfront-us-east-1.images.arcpublishing.com\/infobae\/2E7DHW26SJFIHEFPMOHXUDZXE4.jpg 420w,https:\/\/www.infobae.com\/new-resizer\/0XFghD-XuusAjYMAvZh7nJVDKyY=\/768x512\/filters:format(webp):quality(85)\/cloudfront-us-east-1.images.arcpublishing.com\/infobae\/2E7DHW26SJFIHEFPMOHXUDZXE4.jpg 768w,https:\/\/www.infobae.com\/new-resizer\/7ESWaH1Tu_qDNmyCfec6HVhvOfo=\/992x661\/filters:format(webp):quality(85)\/cloudfront-us-east-1.images.arcpublishing.com\/infobae\/2E7DHW26SJFIHEFPMOHXUDZXE4.jpg 992w,https:\/\/www.infobae.com\/new-resizer\/n-wPPUIqwTX_DtCxApIFZzzs0r0=\/1200x800\/filters:format(webp):quality(85)\/cloudfront-us-east-1.images.arcpublishing.com\/infobae\/2E7DHW26SJFIHEFPMOHXUDZXE4.jpg 1200w,https:\/\/www.infobae.com\/new-resizer\/7eYMVsHw5F4Q-oPrqfGvibQKPhg=\/1440x960\/filters:format(webp):quality(85)\/cloudfront-us-east-1.images.arcpublishing.com\/infobae\/2E7DHW26SJFIHEFPMOHXUDZXE4.jpg 1440w\">Alfredo Alc\u00f3n en el programa de Mirtha Legrand, junto a Carlos Monz\u00f3n y Andr\u00e9s Percivale<\/p>\n\n\n\n<p>Form\u00f3 una recordada dupla con el director\u00a0<strong>Leopoldo Torres Nilson<\/strong>, destac\u00e1ndose en obras emblem\u00e1ticas como<em>\u00a0Un guapo del 900, Mart\u00edn Fierro, El santo de la espada, La Maffia\u00a0<\/em>y<em>\u00a0Boquitas pintadas.<\/em>\u00a0Asimismo, su talento fue clave en\u00a0<em>Nazareno Cruz y el lobo<\/em>, dirigida por\u00a0<strong>Leonardo Favio<\/strong>, y en proyectos conjuntos con Espa\u00f1a tales como\u00a0<em>Los inocentes<\/em>\u00a0y\u00a0<em>\u00daltimas im\u00e1genes del naufragio<\/em>. La versatilidad de su carrera se vio reflejada tambi\u00e9n al conmover al p\u00fablico bajo la direcci\u00f3n de\u00a0<strong>Juan Jos\u00e9 Campanella<\/strong>\u00a0en\u00a0<em>El hijo de la novia<\/em>\u00a0y, sorpresivamente, al aceptar un papel desafiante en la pel\u00edcula\u00a0<em>Cohen vs Rosi<\/em>\u00a0por propuesta de\u00a0<strong>Adri\u00e1n Suar<\/strong>, donde interpret\u00f3 a una travesti, decisi\u00f3n que destaca la osad\u00eda y el compromiso del actor con el arte de la actuaci\u00f3n, as\u00ed como su inter\u00e9s en explorar todas las facetas de la condici\u00f3n humana a trav\u00e9s del cine.<a href=\"https:\/\/www.infobae.com\/deportes\/2024\/04\/11\/el-blooper-del-arquero-del-inter-miami-que-le-regalo-la-apertura-del-marcador-a-rayados-el-gesto-de-messi-con-su-companero-en-desgracia\/\" target=\"_blank\" rel=\"noreferrer noopener\"><\/a><\/p>\n\n\n\n<p>A su m\u00e1s de medio centenar de apariciones en la pantalla grande se le sumaron sus excelentes trabajos en teatro. Y, como todo actor de raza, all\u00ed, sobre las tablas, era d\u00f3nde Alc\u00f3n encontraba la esencia de su vocaci\u00f3n. Protagoniz\u00f3 obras como<em>&nbsp;Rey Lear<\/em>&nbsp;y&nbsp;<em>Hamlet<\/em>, de&nbsp;<strong>William Shakespeare<\/strong>,&nbsp;<em>Los caminos de Federico<\/em>&nbsp;y&nbsp;<em>Yerma<\/em>, de&nbsp;<strong>Federico Garc\u00eda Lorca<\/strong>,&nbsp;<em>Las Brujas de Salem<\/em>&nbsp;y&nbsp;<em>La muerte de un viajante<\/em>, de&nbsp;<strong>Arthur Miller<\/strong>,&nbsp;<em>Escenas de la vida conyugal<\/em>, de<strong>&nbsp;Ingmar Bergman<\/strong>, y&nbsp;<em>Orfeo desciende<\/em>, de&nbsp;<em>Tennessee Williams<\/em>, entre muchas otras.<\/p>\n\n\n\n<p><img loading=\"lazy\" decoding=\"async\" alt=\"En 1991 Alfredo Alc\u00f3n incursion\u00f3 en la direcci\u00f3n teatral con Final de partida. La repiti\u00f3 en 2013 en el Teatro San Mart\u00edn con Joaqu\u00edn Furriel\" height=\"658\" width=\"1170\" class=\"\" src=\"https:\/\/www.infobae.com\/new-resizer\/E0qkU_-DqJxFmiDI-geir-Gew4E=\/420x236\/filters:format(webp):quality(85)\/arc-anglerfish-arc2-prod-infobae.s3.amazonaws.com\/public\/FSS3VRQSIFEQHD6MKTRZAS3SBQ%20420w\" srcset=\"https:\/\/www.infobae.com\/new-resizer\/E0qkU_-DqJxFmiDI-geir-Gew4E=\/420x236\/filters:format(webp):quality(85)\/arc-anglerfish-arc2-prod-infobae.s3.amazonaws.com\/public\/FSS3VRQSIFEQHD6MKTRZAS3SBQ 420w,https:\/\/www.infobae.com\/new-resizer\/IjyIYDt_uDb7uZHX09alb8B7QTE=\/768x432\/filters:format(webp):quality(85)\/arc-anglerfish-arc2-prod-infobae.s3.amazonaws.com\/public\/FSS3VRQSIFEQHD6MKTRZAS3SBQ 768w,https:\/\/www.infobae.com\/new-resizer\/YXe0zFPH8ibMA1aJEDvdnEbCCcA=\/992x558\/filters:format(webp):quality(85)\/arc-anglerfish-arc2-prod-infobae.s3.amazonaws.com\/public\/FSS3VRQSIFEQHD6MKTRZAS3SBQ 992w,https:\/\/www.infobae.com\/new-resizer\/9nbRqVVLY9rFrjZwkoHEs4TtBMs=\/1200x675\/filters:format(webp):quality(85)\/arc-anglerfish-arc2-prod-infobae.s3.amazonaws.com\/public\/FSS3VRQSIFEQHD6MKTRZAS3SBQ 1200w,https:\/\/www.infobae.com\/new-resizer\/cbNMciGU5m9T3Af5m31rfZO0AfY=\/1440x810\/filters:format(webp):quality(85)\/arc-anglerfish-arc2-prod-infobae.s3.amazonaws.com\/public\/FSS3VRQSIFEQHD6MKTRZAS3SBQ 1440w\">En 1991 Alfredo Alc\u00f3n incursion\u00f3 en la direcci\u00f3n teatral con Final de partida. La repiti\u00f3 en 2013 en el Teatro San Mart\u00edn con Joaqu\u00edn Furriel<\/p>\n\n\n\n<p>Aunque su paso por la televisi\u00f3n fue menos frecuente, sorprendi\u00f3 en la \u00faltima etapa de su carrera con participaciones en series de&nbsp;<strong>Polka<\/strong>, como&nbsp;<em>Por el nombre de Dios<\/em>,&nbsp;<em>Vulnerables<\/em>,&nbsp;<em>Locas de amor<\/em>&nbsp;y&nbsp;<em>Herederos de una venganza<\/em>. Estas actuaciones demostraron su capacidad para adaptarse a distintos g\u00e9neros y formatos, reafirmando su versatilidad como actor y su entrega a la profesi\u00f3n hasta los \u00faltimos d\u00edas.<\/p>\n\n\n\n<p>\u201c<strong>Jam\u00e1s volv\u00ed a encontrar alguien as\u00ed de excepcional e \u00edntegro.<\/strong>&nbsp;Alguien al que no le daba importancia a la fama, que jam\u00e1s alardeaba de lo que ganaba y era amigo de todo el mundo\u201d, expresar\u00eda&nbsp;<strong>Mirtha Legrand<\/strong>. Y el concepto que ella ten\u00eda del int\u00e9rprete era el mismo que ten\u00edan todos los que lo conocieron, desde las figuras m\u00e1s consagradas hasta los actores m\u00e1s j\u00f3venes.<\/p>\n\n\n\n<p><img loading=\"lazy\" decoding=\"async\" alt=\"&quot;La \u00faltima funci\u00f3n de Alfredo Alc\u00f3n, nunca olvidar\u00e9 esa noche, su enorme talento y su profunda ternura&quot;, destac\u00f3 Norma Aleandro sobre la imagen\" height=\"260\" width=\"320\" class=\"\" src=\"https:\/\/www.infobae.com\/new-resizer\/-adPwhKW8F4lMF8gGsDyZ8OGtnY=\/420x315\/filters:format(webp):quality(85)\/cloudfront-us-east-1.images.arcpublishing.com\/infobae\/K3HSWBWTINC3XCPQ2HI7YWOCAA.jpg%20420w\" srcset=\"https:\/\/www.infobae.com\/new-resizer\/-adPwhKW8F4lMF8gGsDyZ8OGtnY=\/420x315\/filters:format(webp):quality(85)\/cloudfront-us-east-1.images.arcpublishing.com\/infobae\/K3HSWBWTINC3XCPQ2HI7YWOCAA.jpg 420w,https:\/\/www.infobae.com\/new-resizer\/49KD3g_EGyNpZKKKwvZLMxNtRv8=\/768x576\/filters:format(webp):quality(85)\/cloudfront-us-east-1.images.arcpublishing.com\/infobae\/K3HSWBWTINC3XCPQ2HI7YWOCAA.jpg 768w,https:\/\/www.infobae.com\/new-resizer\/vpbF0T702yOeCdwEpjdA-laRxOQ=\/992x744\/filters:format(webp):quality(85)\/cloudfront-us-east-1.images.arcpublishing.com\/infobae\/K3HSWBWTINC3XCPQ2HI7YWOCAA.jpg 992w,https:\/\/www.infobae.com\/new-resizer\/4Qg_6FBTMpmOxGugI1YWNYNxzNQ=\/1200x900\/filters:format(webp):quality(85)\/cloudfront-us-east-1.images.arcpublishing.com\/infobae\/K3HSWBWTINC3XCPQ2HI7YWOCAA.jpg 1200w,https:\/\/www.infobae.com\/new-resizer\/hcSw3YOn3JJNHyJk89V8xNQ5Px4=\/1440x1080\/filters:format(webp):quality(85)\/cloudfront-us-east-1.images.arcpublishing.com\/infobae\/K3HSWBWTINC3XCPQ2HI7YWOCAA.jpg 1440w\">&#8220;La \u00faltima funci\u00f3n de Alfredo Alc\u00f3n, nunca olvidar\u00e9 esa noche, su enorme talento y su profunda ternura&#8221;, destac\u00f3 Norma Aleandro sobre la imagen<\/p>\n\n\n\n<p>Pero si hubo alguien qu\u00e9 conoci\u00f3 y amo a Alfredo Alc\u00f3n como nadie, esa fue<a rel=\"noreferrer noopener\" href=\"https:\/\/www.infobae.com\/tag\/norma-aleandro\/\" target=\"_blank\"><strong>&nbsp;Norma Aleandro<\/strong><\/a>, dos figuras ic\u00f3nicas del teatro y cine nacional cuya uni\u00f3n trascendi\u00f3 el \u00e1mbito profesional para convertirse en una historia de amor juvenil y una amistad perdurable. Se encontraron por primera vez en las emisoras de la Radio del Estado, marcando el inicio de una conexi\u00f3n especial cuando \u00e9l ten\u00eda 20 a\u00f1os y ella, 14.&nbsp;<strong>Este v\u00ednculo se fortaleci\u00f3 con el tiempo<\/strong>, evolucionando desde un romance hasta una profunda amistad que se mantuvo s\u00f3lida hasta el \u00faltimo d\u00eda de Alc\u00f3n.<\/p>\n\n\n\n<p>Aleandro consider\u00f3 a Alc\u00f3n su \u201cprimer novio\u201d, un hecho que ella misma revel\u00f3 en varias entrevistas. Aunque&nbsp;<strong>su relaci\u00f3n amorosa culmin\u00f3 en los comienzos de la d\u00e9cada del \u201860<\/strong>&nbsp;debido a la partida del actor a Espa\u00f1a para continuar con su carrera, su complicidad y respeto mutuo no hicieron m\u00e1s que crecer. Esto se reflej\u00f3 no solo en la esfera personal, sino tambi\u00e9n en el \u00e1mbito laboral, donde continuaron colaborando exitosamente, demostrando la capacidad de transformar su v\u00ednculo en una poderosa dupla creativa.<\/p>\n\n\n\n<p>La madrugada del 11 de abril de 2014, Alfredo falleci\u00f3 en su casa a los 84 a\u00f1os, seg\u00fan confirm\u00f3 su amigo personal<strong>&nbsp;Jorge Vitti.<\/strong>&nbsp;El prestigioso int\u00e9rprete estaba recuper\u00e1ndose de una importante operaci\u00f3n a la que hab\u00eda sido sometido hac\u00eda cuatro meses en el sanatorio La Trinidad, tras padecer c\u00e1ncer de colon. El mundo del espect\u00e1culo y el p\u00fablico lo lloraron con tristeza. Hoy lo recuerdan con admiraci\u00f3n. Y el paso del tiempo solo agiganta su leyenda.<\/p>\n\n\n\n<p><img loading=\"lazy\" decoding=\"async\" height=\"658\" width=\"1170\" srcset=\"https:\/\/www.infobae.com\/new-resizer\/z5m1uq91sltB_vzT7lzJnBcO1BE=\/420x236\/filters:format(webp):quality(85)\/cloudfront-us-east-1.images.arcpublishing.com\/infobae\/SGBXUNYZORBWZJZZG4EXAE2GWA 420w,https:\/\/www.infobae.com\/new-resizer\/nTLdqynM7DrufhGbFs_NJwU3lnU=\/768x432\/filters:format(webp):quality(85)\/cloudfront-us-east-1.images.arcpublishing.com\/infobae\/SGBXUNYZORBWZJZZG4EXAE2GWA 768w,https:\/\/www.infobae.com\/new-resizer\/iHdIWQC8PnwHy9_Uc4INKhpZRKE=\/992x558\/filters:format(webp):quality(85)\/cloudfront-us-east-1.images.arcpublishing.com\/infobae\/SGBXUNYZORBWZJZZG4EXAE2GWA 992w,https:\/\/www.infobae.com\/new-resizer\/x7243sWQsF184FxBf7CSCoWC884=\/1200x675\/filters:format(webp):quality(85)\/cloudfront-us-east-1.images.arcpublishing.com\/infobae\/SGBXUNYZORBWZJZZG4EXAE2GWA 1200w,https:\/\/www.infobae.com\/new-resizer\/Xk2aUpH9Ib63nb2xoILMdGmA8uU=\/1440x810\/filters:format(webp):quality(85)\/cloudfront-us-east-1.images.arcpublishing.com\/infobae\/SGBXUNYZORBWZJZZG4EXAE2GWA 1440w\" class=\"\" src=\"https:\/\/www.infobae.com\/new-resizer\/z5m1uq91sltB_vzT7lzJnBcO1BE=\/420x236\/filters:format(webp):quality(85)\/cloudfront-us-east-1.images.arcpublishing.com\/infobae\/SGBXUNYZORBWZJZZG4EXAE2GWA%20420w\" alt=\"El \u00faltimo adi\u00f3s a Alfredo Alc\u00f3n (T\u00e9lam)\">El \u00faltimo adi\u00f3s a Alfredo Alc\u00f3n (T\u00e9lam)<\/p>\n\n\n\n<p>Fuente: <a href=\"https:\/\/www.infobae.com\/teleshow\/2024\/04\/11\/a-10-anos-de-la-muerte-de-alfredo-alcon-el-gran-actor-argentino-que-se-reinvento-hasta-el-ultimo-de-sus-dias\/\">https:\/\/www.infobae.com\/teleshow\/2024\/04\/11\/a-10-anos-de-la-muerte-de-alfredo-alcon-el-gran-actor-argentino-que-se-reinvento-hasta-el-ultimo-de-sus-dias\/<\/a><\/p>\n","protected":false},"excerpt":{"rendered":"<p>Figura indispensable del teatro y cine nacional, brill\u00f3 en obras emblem\u00e1ticas y trascendi\u00f3 generaciones con un talento \u00fanico Alfredo Alc\u00f3n brill\u00f3 en cine, teatro y televisi\u00f3n durante m\u00e1s de 6 d\u00e9cadas La instant\u00e1nea del a\u00f1o 2014 que\u00a0Graciela Borgesvolvi\u00f3 a traer a la luz la muestra junto a\u00a0Alfredo Alc\u00f3n\u00a0sonrientes, abrazados. Un amor que surc\u00f3 por todas [&hellip;]<\/p>\n","protected":false},"author":3,"featured_media":1150,"comment_status":"open","ping_status":"open","sticky":false,"template":"","format":"standard","meta":{"footnotes":""},"categories":[11,12],"tags":[580],"class_list":["post-1149","post","type-post","status-publish","format-standard","has-post-thumbnail","hentry","category-agenda","category-sociedad","tag-alfredo-alcon"],"_links":{"self":[{"href":"https:\/\/noticiassaludables.com.ar\/index.php?rest_route=\/wp\/v2\/posts\/1149","targetHints":{"allow":["GET"]}}],"collection":[{"href":"https:\/\/noticiassaludables.com.ar\/index.php?rest_route=\/wp\/v2\/posts"}],"about":[{"href":"https:\/\/noticiassaludables.com.ar\/index.php?rest_route=\/wp\/v2\/types\/post"}],"author":[{"embeddable":true,"href":"https:\/\/noticiassaludables.com.ar\/index.php?rest_route=\/wp\/v2\/users\/3"}],"replies":[{"embeddable":true,"href":"https:\/\/noticiassaludables.com.ar\/index.php?rest_route=%2Fwp%2Fv2%2Fcomments&post=1149"}],"version-history":[{"count":1,"href":"https:\/\/noticiassaludables.com.ar\/index.php?rest_route=\/wp\/v2\/posts\/1149\/revisions"}],"predecessor-version":[{"id":1151,"href":"https:\/\/noticiassaludables.com.ar\/index.php?rest_route=\/wp\/v2\/posts\/1149\/revisions\/1151"}],"wp:featuredmedia":[{"embeddable":true,"href":"https:\/\/noticiassaludables.com.ar\/index.php?rest_route=\/wp\/v2\/media\/1150"}],"wp:attachment":[{"href":"https:\/\/noticiassaludables.com.ar\/index.php?rest_route=%2Fwp%2Fv2%2Fmedia&parent=1149"}],"wp:term":[{"taxonomy":"category","embeddable":true,"href":"https:\/\/noticiassaludables.com.ar\/index.php?rest_route=%2Fwp%2Fv2%2Fcategories&post=1149"},{"taxonomy":"post_tag","embeddable":true,"href":"https:\/\/noticiassaludables.com.ar\/index.php?rest_route=%2Fwp%2Fv2%2Ftags&post=1149"}],"curies":[{"name":"wp","href":"https:\/\/api.w.org\/{rel}","templated":true}]}}