{"id":115,"date":"2022-11-27T21:51:08","date_gmt":"2022-11-28T00:51:08","guid":{"rendered":"https:\/\/noticiassaludables.com.ar\/?p=115"},"modified":"2022-11-27T21:51:08","modified_gmt":"2022-11-28T00:51:08","slug":"parte-medico-de-cristina-kirchner-se-encuentra-en-buen-estado-de-salud-y-cursa-un-post-operatorio-normal","status":"publish","type":"post","link":"https:\/\/noticiassaludables.com.ar\/?p=115","title":{"rendered":"Parte m\u00e9dico de Cristina Kirchner: &#8220;Se encuentra en buen estado de salud y cursa un post operatorio normal&#8221;"},"content":{"rendered":"\n<p>La vicepresidenta fue operada en la ma\u00f1ana del jueves de una histerectom\u00eda en el Sanatorio Otamendi. Seg\u00fan un comunicado de la cl\u00ednica &#8220;se encuentra en un buen estado de salud&#8221; y &#8220;cursa un post operatorio normal&#8221;.<\/p>\n\n\n\n<p>\u201cEn el d\u00eda de la fecha, la Dra. Cristina Fern\u00e1ndez de Kirchner ingres\u00f3 a nuestra instituci\u00f3n para someterse a un procedimiento ginecol\u00f3gico quir\u00fargico programado. Dicho procedimiento ha sido realizado por la v\u00eda laparosc\u00f3pica\u201d, asegura el parte m\u00e9dico firmado por la directora del Otamendi, Marisa Lanfranconi.<\/p>\n\n\n\n<p>Asimismo, el comunicado menciona que \u201cla paciente cursa un post operatorio normal, en buen estado general de salud\u201d. Adem\u00e1s, agregan que &#8220;El procedimiento ha sido realizado por la v\u00eda laparosc\u00f3pica&#8221;.<\/p>\n\n\n\n<p>Esta ma\u00f1ana, Gabriela Cerruti, portavoz de Presidencia, confirm\u00f3 que el presidente Alberto Fern\u00e1ndez habl\u00f3 anoche con la vicepresidenta, horas antes a que se someta a una intervenci\u00f3n programada.<\/p>\n\n\n\n<p>Adem\u00e1s, el jefe de Gabinete Juan Manzur escribi\u00f3 en Twitter: \u201cEl amor y la fuerza del pueblo te acompa\u00f1an siempre, Cristina estamos con vos, seguros de que todo saldr\u00e1 bien y que pronto retomar\u00e1s las funciones que te confi\u00f3 la voluntad popular\u201d.<\/p>\n\n\n\n<p>La presidenta del Senado ingres\u00f3 este jueves a las 6.45 al centro m\u00e9dico, donde un cirujano especializado en Tocoginecolog\u00eda le realiz\u00f3 una histerectom\u00eda, que es una operaci\u00f3n que consiste en la extirpaci\u00f3n del \u00fatero.<\/p>\n\n\n\n<p>Se espera que quede internada con una recuperaci\u00f3n que puede extenderse de 48 horas a cinco d\u00edas.<\/p>\n\n\n\n<p>(Fuente: <a href=\"https:\/\/www.telam.com.ar\/\">Telam<\/a>)<\/p>\n","protected":false},"excerpt":{"rendered":"<p>La vicepresidenta fue operada en la ma\u00f1ana del jueves de una histerectom\u00eda en el Sanatorio Otamendi. Seg\u00fan un comunicado de la cl\u00ednica &#8220;se encuentra en un buen estado de salud&#8221; y &#8220;cursa un post operatorio normal&#8221;. \u201cEn el d\u00eda de la fecha, la Dra. Cristina Fern\u00e1ndez de Kirchner ingres\u00f3 a nuestra instituci\u00f3n para someterse a [&hellip;]<\/p>\n","protected":false},"author":2,"featured_media":116,"comment_status":"open","ping_status":"open","sticky":false,"template":"","format":"standard","meta":{"footnotes":""},"categories":[13,12,10],"tags":[],"class_list":["post-115","post","type-post","status-publish","format-standard","has-post-thumbnail","hentry","category-politica","category-sociedad","category-tendencia"],"_links":{"self":[{"href":"https:\/\/noticiassaludables.com.ar\/index.php?rest_route=\/wp\/v2\/posts\/115","targetHints":{"allow":["GET"]}}],"collection":[{"href":"https:\/\/noticiassaludables.com.ar\/index.php?rest_route=\/wp\/v2\/posts"}],"about":[{"href":"https:\/\/noticiassaludables.com.ar\/index.php?rest_route=\/wp\/v2\/types\/post"}],"author":[{"embeddable":true,"href":"https:\/\/noticiassaludables.com.ar\/index.php?rest_route=\/wp\/v2\/users\/2"}],"replies":[{"embeddable":true,"href":"https:\/\/noticiassaludables.com.ar\/index.php?rest_route=%2Fwp%2Fv2%2Fcomments&post=115"}],"version-history":[{"count":1,"href":"https:\/\/noticiassaludables.com.ar\/index.php?rest_route=\/wp\/v2\/posts\/115\/revisions"}],"predecessor-version":[{"id":117,"href":"https:\/\/noticiassaludables.com.ar\/index.php?rest_route=\/wp\/v2\/posts\/115\/revisions\/117"}],"wp:featuredmedia":[{"embeddable":true,"href":"https:\/\/noticiassaludables.com.ar\/index.php?rest_route=\/wp\/v2\/media\/116"}],"wp:attachment":[{"href":"https:\/\/noticiassaludables.com.ar\/index.php?rest_route=%2Fwp%2Fv2%2Fmedia&parent=115"}],"wp:term":[{"taxonomy":"category","embeddable":true,"href":"https:\/\/noticiassaludables.com.ar\/index.php?rest_route=%2Fwp%2Fv2%2Fcategories&post=115"},{"taxonomy":"post_tag","embeddable":true,"href":"https:\/\/noticiassaludables.com.ar\/index.php?rest_route=%2Fwp%2Fv2%2Ftags&post=115"}],"curies":[{"name":"wp","href":"https:\/\/api.w.org\/{rel}","templated":true}]}}