{"id":1171,"date":"2024-04-16T10:23:32","date_gmt":"2024-04-16T13:23:32","guid":{"rendered":"https:\/\/noticiassaludables.com.ar\/?p=1171"},"modified":"2024-04-16T10:23:33","modified_gmt":"2024-04-16T13:23:33","slug":"por-que-las-personas-envejecen-de-manera-diferente","status":"publish","type":"post","link":"https:\/\/noticiassaludables.com.ar\/?p=1171","title":{"rendered":"Por qu\u00e9 las personas envejecen de manera diferente"},"content":{"rendered":"\n<h2 class=\"wp-block-heading\">Un nuevo estudio hall\u00f3 respuestas respecto a la diferencia entre la edad cronol\u00f3gica y la biol\u00f3gica.<\/h2>\n\n\n\n<figure class=\"wp-block-image\"><img decoding=\"async\" src=\"https:\/\/www.clarin.com\/img\/2024\/04\/11\/hiCb3aeIN_360x240__1.jpg\" alt=\"Por qu\u00e9 las personas envejecen de manera diferente y c\u00f3mo &quot;moldear&quot; la edad biol\u00f3gica\"\/><\/figure>\n\n\n\n<p>&#8220;Qu\u00e9 bien que est\u00e1s, \u00a1parec\u00e9s mucho m\u00e1s joven!&#8221; Esta simple frase, que solemos escuchar dirigida a personas que gozan de buena salud f\u00edsica, mental o simplemente a nivel de las apariencias, encierra<strong>&nbsp;mucho m\u00e1s&nbsp;<\/strong>de lo que parece.<\/p>\n\n\n\n<p>De hecho, podr\u00eda ser tomada como una exaltaci\u00f3n del paradigma de la \u201cjuventud eterna\u201d, un aval a la realizaci\u00f3n de tratamientos o intervenciones que \u201cdisimulen\u201d la edad, o un prejuicio respecto de la vejez, que puede derivar en&nbsp;<a href=\"https:\/\/www.clarin.com\/buena-vida\/edadismo-efectos-salud_0_Z8O5E8n0XY.html\">edadismo<\/a>.<\/p>\n\n\n\n<p>Sin embargo, es una realidad que dos personas de la misma edad pueden transitar ese per\u00edodo de la vida de maneras muy diferentes. Y ac\u00e1 no hablamos solamente de la apariencia f\u00edsica sino de&nbsp;<strong>aptitudes&nbsp;<\/strong>que permanecen m\u00e1s all\u00e1 del paso del tiempo.<\/p>\n\n\n\n<p>En esta direcci\u00f3n se inscribe un&nbsp;<a href=\"https:\/\/onlinelibrary.wiley.com\/doi\/10.1111\/acel.14104\">nuevo estudio<\/a>, publicado en&nbsp;<em>Aging Cell<\/em>, que indaga justamente en los motivos que<strong>&nbsp;pueden incidir&nbsp;<\/strong>en la distancia que se da en muchas personas entre su edad cronol\u00f3gica y su edad biol\u00f3gica.<\/p>\n\n\n\n<p>Investigadores de la Universidad de Pittsburgh hallaron marcadores sangu\u00edneos relacionados con lo que denominan un&nbsp;<a href=\"https:\/\/www.clarin.com\/buena-vida\/envejecimiento-saludable-4-habitos-incorporar-50-llegar-bien-80_0_amYkgkmLCW.html\">envejecimiento saludable<\/a>, diferenci\u00e1ndolo de uno acelerado, lo que les permite predecir la edad biol\u00f3gica de una persona: qu\u00e9 tan r\u00e1pido envejecen sus c\u00e9lulas y \u00f3rganos independientemente de su<strong>&nbsp;fecha de nacimiento<\/strong>.<\/p>\n\n\n\n<p>La nueva investigaci\u00f3n se\u00f1ala qu\u00e9 se esconde detr\u00e1s de la edad biol\u00f3gica: arroja luz sobre por qu\u00e9 las personas<strong>&nbsp;envejecen de manera diferente<\/strong>&nbsp;y sugiere objetivos novedosos para intervenciones que plantean la posibilidad de promover la duraci\u00f3n de la salud, es decir, el tiempo que una persona est\u00e1 sana.<\/p>\n\n\n\n<h2 class=\"wp-block-heading\">El estudio<\/h2>\n\n\n\n<p>\u201cImag\u00ednense dos personas de 65 a\u00f1os: una va en bicicleta al trabajo y a esquiar los fines de semana, y la otra no puede subir un tramo de escaleras. Tienen la misma edad cronol\u00f3gica, pero edades biol\u00f3gicas muy diferentes. \u00bf<strong>Por qu\u00e9&nbsp;<\/strong>estas dos personas envejecen de manera diferente? Esta pregunta impulsa mi investigaci\u00f3n\u201d, expone Aditi Gurkar, autora principal y profesora asistente de Medicina Geri\u00e1trica en la Facultad de Medicina de Pitt.<\/p>\n\n\n\n<p>Para responder este interrogante, Gurkar y su equipo compararon a&nbsp;<strong>196 adultos&nbsp;<\/strong>mayores a quienes clasificaron o bien como \u201csanos\u201d, o bien \u201cde envejecimiento r\u00e1pido\u201d, seg\u00fan la facilidad con la que completaron desaf\u00edos simples de caminar.<img loading=\"lazy\" decoding=\"async\" alt=\"La actividad f\u00edsica, otra de las claves para un envejecimiento saludable. Foto Shutterstock.\" src=\"https:\/\/www.clarin.com\/img\/2024\/04\/11\/-3CQzgL9S_720x0__1.jpg\" width=\"720\" height=\"480\">La actividad f\u00edsica, otra de las claves para un envejecimiento saludable. Foto Shutterstock.<\/p>\n\n\n\n<p>\u00bfPor qu\u00e9 los desaf\u00edos se basaban en caminar? Esto se justifica en el hecho de que es considerada \u201cuna medida hol\u00edstica de la<strong>&nbsp;aptitud cardiovascular,<\/strong>&nbsp;la fuerza f\u00edsica y la salud neurol\u00f3gica\u201d, ya que -como postulan- otros estudios han demostrado que es el mejor predictor de hospitalizaci\u00f3n, discapacidad, deterioro funcional y muerte en adultos mayores.<\/p>\n\n\n\n<p>Los catalogados \u201cde edad sana\u201d ten\u00edan 75 a\u00f1os o m\u00e1s, y\u00a0<strong>pod\u00edan subir\u00a0<\/strong>un tramo de escaleras o caminar durante 15 minutos sin descansar. En cambio, los del segundo grupo, que ten\u00edan entre 65 y 75 a\u00f1os, ten\u00edan que descansar durante estos desaf\u00edos.<\/p>\n\n\n\n<p>Seg\u00fan Gurkar, este estudio es \u00fanico porque, a diferencia de otros que comparan a adultos j\u00f3venes con personas mayores, los investigadores se centraron en los marcadores del&nbsp;<strong>envejecimiento biol\u00f3gico<\/strong>, no cronol\u00f3gico. As\u00ed, advirtieron que quienes \u201cenvejec\u00edan r\u00e1pidamente\u201d eran cronol\u00f3gicamente m\u00e1s j\u00f3venes que los que \u201cenvejec\u00edan sanos\u201d.<\/p>\n\n\n\n<p>En tanto, la profesional destaca el hecho de que, tambi\u00e9n a diferencia de otros estudios que analizan la gen\u00e9tica para medir el envejecimiento biol\u00f3gico, ellos admiten que los&nbsp;<strong>genes son muy est\u00e1ticos<\/strong>: con los que nacemos son los mismos con los que morimos.<\/p>\n\n\n\n<p>&#8220;Elegimos observar los<strong>&nbsp;metabolitos&nbsp;<\/strong>porque son din\u00e1micos: cambian en tiempo real para reflejar nuestra salud actual y c\u00f3mo nos sentimos, y tenemos el poder de influir en ellos a trav\u00e9s de nuestro estilo de vida, dieta y entorno&#8221;.<\/p>\n\n\n\n<h2 class=\"wp-block-heading\">La huella molecular del envejecimiento<\/h2>\n\n\n\n<p>Para definir una&nbsp;<strong>huella molecular del envejecimiento biol\u00f3gico<\/strong>&nbsp;en muestras de sangre de los participantes, los investigadores realizaron metabol\u00f3mica (un an\u00e1lisis de metabolitos, mol\u00e9culas que se producen por v\u00edas qu\u00edmicas en el cuerpo) con muestras de sangre de los dos grupos.<\/p>\n\n\n\n<p>Las personas sanas y de envejecimiento r\u00e1pido mostraron&nbsp;<strong>diferencias claras<\/strong>&nbsp;en sus metabolomas, lo que indica que los metabolitos en la sangre podr\u00edan reflejar la edad biol\u00f3gica.<img loading=\"lazy\" decoding=\"async\" alt=\"Las personas &quot;de edad sana&quot; ten\u00edan niveles m\u00e1s altos de un metabolito que se encuentra en las verduras. Foto Shutterstock.\" src=\"https:\/\/www.clarin.com\/img\/2024\/04\/11\/HVMg0FnJh_720x0__1.jpg\" width=\"720\" height=\"480\">Las personas &#8220;de edad sana&#8221; ten\u00edan niveles m\u00e1s altos de un metabolito que se encuentra en las verduras. Foto Shutterstock.<\/p>\n\n\n\n<p>Gurkar y su equipo identificaron<strong>&nbsp;25 metabolitos<\/strong>&nbsp;a los que denominaron \u00edndice metab\u00f3lico de envejecimiento saludable (HAM). Descubrieron que el \u00edndice HAM era mejor que otras m\u00e9tricas de envejecimiento com\u00fanmente utilizadas (incluido el \u00edndice de fragilidad, la velocidad de la marcha y la prueba de Evaluaci\u00f3n Cognitiva de Montreal) para distinguir a los que envejec\u00edan \u201csanos\u201d de los que envejec\u00edan r\u00e1pidamente.<\/p>\n\n\n\n<p>Para validar su nuevo \u00edndice, los investigadores analizaron una cohorte separada de adultos mayores de un estudio realizado en Wisconsin. El \u00edndice HAM&nbsp;<strong>predijo correctamente&nbsp;<\/strong>si las personas pod\u00edan caminar durante 10 minutos sin detenerse con una precisi\u00f3n de aproximadamente el 68%.<\/p>\n\n\n\n<p>&#8220;Tomamos una cohorte muy diferente de personas de una regi\u00f3n geogr\u00e1fica diferente y vimos que los mismos<strong>&nbsp;metabolitos estaban asociados&nbsp;<\/strong>con el envejecimiento biol\u00f3gico&#8221;, dijo Gurkar. &#8220;Esto nos da confianza en que el \u00edndice HAM realmente puede predecir qui\u00e9n envejece saludablemente y qui\u00e9n envejece r\u00e1pidamente&#8221;.<\/p>\n\n\n\n<p>Utilizando un modelo de inteligencia artificial que puede predecir posibles impulsores de rasgos biol\u00f3gicos, el equipo identific\u00f3<strong>&nbsp;tres metabolitos principales<\/strong>&nbsp;que ten\u00edan m\u00e1s probabilidades de promover un envejecimiento saludable o impulsar un envejecimiento r\u00e1pido.<\/p>\n\n\n\n<h2 class=\"wp-block-heading\">C\u00f3mo \u201cmoldear\u201d nuestros metabolitos<\/h2>\n\n\n\n<p>\u00bfTenemos el poder de&nbsp;<strong>influir en los metabolitos<\/strong>&nbsp;mediante cambios en el<a href=\"https:\/\/www.clarin.com\/buena-vida\/habitos-saludables-5-claves-trabajar-motivacion-cae-voluntad_0_K8CkBs3zv.html\">&nbsp;estilo de vida<\/a>? \u00bfQu\u00e9 medidas se recomiendan para influir en la creaci\u00f3n de este tipo de metabolitos? Le consult\u00f3&nbsp;<strong>Clar\u00edn<\/strong>&nbsp;a Gurkar.<\/p>\n\n\n\n<p>\u201cTenemos cierto poder influir en los metabolitos mediante cambios en el estilo de vida\u201d, alienta.<\/p>\n\n\n\n<p>Y esto se debe a que la raz\u00f3n por la cual los metabolitos son objetivos interesantes es porque<strong>&nbsp;son din\u00e1micos<\/strong>. \u201cNo s\u00f3lo est\u00e1n influenciados por la gen\u00e9tica, sino tambi\u00e9n por la dieta, el ejercicio y otros factores del estilo de vida\u201d, a\u00f1ade.<img loading=\"lazy\" decoding=\"async\" alt=\"&quot;Tenemos el poder de influir en los metabolitos a trav\u00e9s de nuestro estilo de vida, dieta y entorno&quot;, dice Gurkar. Foto Shutterstock.\" src=\"https:\/\/www.clarin.com\/img\/2024\/04\/11\/1HIjNcqL6_720x0__1.jpg\" width=\"720\" height=\"480\">&#8220;Tenemos el poder de influir en los metabolitos a trav\u00e9s de nuestro estilo de vida, dieta y entorno&#8221;, dice Gurkar. Foto Shutterstock.<\/p>\n\n\n\n<p>Detalla, adem\u00e1s, cu\u00e1les son aquellas medidas que podemos tomar, que incluyen un&nbsp;<strong>estilo de vida activo<\/strong>, una dieta que incluya muchas verduras y frutas frescas, y participar de actividades sociales.<\/p>\n\n\n\n<p>La presencia de los<strong>&nbsp;vegetales&nbsp;<\/strong>en la dieta es se\u00f1alado por Gurkar como central: \u201cNuestros datos mostraron que las personas de edad sana ten\u00edan niveles m\u00e1s altos de un metabolito que se encuentra en las verduras\u201d, especifica.<\/p>\n\n\n\n<h2 class=\"wp-block-heading\">El rol de la gen\u00e9tica<\/h2>\n\n\n\n<p>En tanto, consultada sobre si tienen los metabolitos m\u00e1s relevancia que la gen\u00e9tica, respondi\u00f3 que se ven afectados por la gen\u00e9tica, &#8220;pero tambi\u00e9n est\u00e1n influenciados por muchos otros factores. Adem\u00e1s, son<strong>&nbsp;indicativos&nbsp;<\/strong>de c\u00f3mo nos sentimos y del desgaste que sufre nuestro cuerpo\u201d.<img loading=\"lazy\" decoding=\"async\" alt=\"La huella molecular del envejecimiento biol\u00f3gico se halla en muestras de sangre. Foto Shutterstock.\" src=\"https:\/\/www.clarin.com\/img\/2024\/04\/11\/hoYeeP-2W_720x0__1.jpg\" width=\"720\" height=\"480\">La huella molecular del envejecimiento biol\u00f3gico se halla en muestras de sangre. Foto Shutterstock.<\/p>\n\n\n\n<p>\u201cPor otro lado, estudios sobre gemelos id\u00e9nticos han revelado que no envejecen igual. Esto sugiere que otros factores m\u00e1s all\u00e1 de la gen\u00e9tica<strong>&nbsp;pueden influir&nbsp;<\/strong>en el envejecimiento. M\u00faltiples modelos animales y ensayos cl\u00ednicos tambi\u00e9n han indicado que las intervenciones metab\u00f3licas, como la restricci\u00f3n cal\u00f3rica, pueden mejorar los par\u00e1metros de salud\u201d, analiza.<\/p>\n\n\n\n<h2 class=\"wp-block-heading\">\u00bfSe puede retrasar el envejecimiento?<\/h2>\n\n\n\n<p>Por \u00faltimo, la inc\u00f3gnita por los alcances de estos hallazgos y sobre la posibilidad de&nbsp;<strong>moldear el envejecimiento<\/strong>&nbsp;con cambios en el estilo de vida se impone. \u00bfPodemos imaginar la posibilidad de revertir la edad biol\u00f3gica de una persona?<\/p>\n\n\n\n<p>\u201cRevertir la edad biol\u00f3gica es bastante complicado, y no hay suficientes datos que indiquen que esto sea posible. Sin embargo<strong>, retrasar la edad biol\u00f3gica<\/strong>\u00a0de una persona parece muy prometedor. Los estudios futuros nos ayudar\u00e1n a comprender realmente si la prevenci\u00f3n es mejor que el tratamiento cuando se trata del envejecimiento biol\u00f3gico\u201d, concluye.<\/p>\n\n\n\n<p>Fuente: <a href=\"https:\/\/www.clarin.com\/buena-vida\/personas-envejecen-manera-diferente-moldear-edad-biologica_0_jdqFt1kbIV.html\">https:\/\/www.clarin.com\/buena-vida\/personas-envejecen-manera-diferente-moldear-edad-biologica_0_jdqFt1kbIV.html<\/a><\/p>\n","protected":false},"excerpt":{"rendered":"<p>Un nuevo estudio hall\u00f3 respuestas respecto a la diferencia entre la edad cronol\u00f3gica y la biol\u00f3gica. &#8220;Qu\u00e9 bien que est\u00e1s, \u00a1parec\u00e9s mucho m\u00e1s joven!&#8221; Esta simple frase, que solemos escuchar dirigida a personas que gozan de buena salud f\u00edsica, mental o simplemente a nivel de las apariencias, encierra&nbsp;mucho m\u00e1s&nbsp;de lo que parece. De hecho, podr\u00eda [&hellip;]<\/p>\n","protected":false},"author":3,"featured_media":1172,"comment_status":"open","ping_status":"open","sticky":false,"template":"","format":"standard","meta":{"footnotes":""},"categories":[4,3,10],"tags":[592,318],"class_list":["post-1171","post","type-post","status-publish","format-standard","has-post-thumbnail","hentry","category-bienestar","category-principal","category-tendencia","tag-diferencia-entre-la-edad-cronologica-y-la-biologica","tag-envejecimiento"],"_links":{"self":[{"href":"https:\/\/noticiassaludables.com.ar\/index.php?rest_route=\/wp\/v2\/posts\/1171","targetHints":{"allow":["GET"]}}],"collection":[{"href":"https:\/\/noticiassaludables.com.ar\/index.php?rest_route=\/wp\/v2\/posts"}],"about":[{"href":"https:\/\/noticiassaludables.com.ar\/index.php?rest_route=\/wp\/v2\/types\/post"}],"author":[{"embeddable":true,"href":"https:\/\/noticiassaludables.com.ar\/index.php?rest_route=\/wp\/v2\/users\/3"}],"replies":[{"embeddable":true,"href":"https:\/\/noticiassaludables.com.ar\/index.php?rest_route=%2Fwp%2Fv2%2Fcomments&post=1171"}],"version-history":[{"count":1,"href":"https:\/\/noticiassaludables.com.ar\/index.php?rest_route=\/wp\/v2\/posts\/1171\/revisions"}],"predecessor-version":[{"id":1173,"href":"https:\/\/noticiassaludables.com.ar\/index.php?rest_route=\/wp\/v2\/posts\/1171\/revisions\/1173"}],"wp:featuredmedia":[{"embeddable":true,"href":"https:\/\/noticiassaludables.com.ar\/index.php?rest_route=\/wp\/v2\/media\/1172"}],"wp:attachment":[{"href":"https:\/\/noticiassaludables.com.ar\/index.php?rest_route=%2Fwp%2Fv2%2Fmedia&parent=1171"}],"wp:term":[{"taxonomy":"category","embeddable":true,"href":"https:\/\/noticiassaludables.com.ar\/index.php?rest_route=%2Fwp%2Fv2%2Fcategories&post=1171"},{"taxonomy":"post_tag","embeddable":true,"href":"https:\/\/noticiassaludables.com.ar\/index.php?rest_route=%2Fwp%2Fv2%2Ftags&post=1171"}],"curies":[{"name":"wp","href":"https:\/\/api.w.org\/{rel}","templated":true}]}}