{"id":1177,"date":"2024-04-16T10:41:39","date_gmt":"2024-04-16T13:41:39","guid":{"rendered":"https:\/\/noticiassaludables.com.ar\/?p=1177"},"modified":"2024-04-16T10:41:39","modified_gmt":"2024-04-16T13:41:39","slug":"ya-venden-remedios-en-kioscos-y-supermercados","status":"publish","type":"post","link":"https:\/\/noticiassaludables.com.ar\/?p=1177","title":{"rendered":"Ya venden remedios en kioscos y supermercados"},"content":{"rendered":"\n<h2 class=\"wp-block-heading\">El nuevo derecho contemplado en el decreto presidencial ya es utilizado en algunos comercios que no son farmacias.Sin embargo, desde los diferentes sectores involucrados en la medida surgen dudas y por ahora poco entusiasmo.<\/h2>\n\n\n\n<p><img loading=\"lazy\" decoding=\"async\" width=\"312\" height=\"620\" src=\"https:\/\/www.clarin.com\/img\/2011\/12\/17\/rJTMI-RXe_312x240.jpg\" alt=\"Ya venden remedios en kioscos y supermercados, pero se abri\u00f3 un gran interrogante\"><\/p>\n\n\n\n<p>Hace m\u00e1s de dos meses, el Gobierno reglament\u00f3 la venta de analg\u00e9sicos y anti\u00e1cidos en comercios no habilitados formalmente como farmacias, de lo que se desprende que kioscos y supermercados podr\u00edan estar interesados en dispensarlos. En estas l\u00edneas, los efectos de esa normativa, que por ahora enfrenta sectores muy diversos, solo unidos en este momento por la dram\u00e1tica&nbsp;<a href=\"https:\/\/www.clarin.com\/economia\/drastica-caida-consumo-masivo-pone-freno-escalada-precios_0_WDvWqSWhD3.html\">ca\u00edda del consumo<\/a>.<\/p>\n\n\n\n<p>La conclusi\u00f3n luego de una gran ronda de consultas por distintos sectores (kioscos, supermercados, laboratorios, farmacias, funcionarios de las carteras de Salud) es que la medida del Gobierno de Javier Milei no se aleja mucho de su impronta general disruptiva, a veces perturbadora. El tema, en efecto,&nbsp;<strong>no tiene del todo contento a nadie<\/strong>.<\/p>\n\n\n\n<p>La reglamentaci\u00f3n aludida (<a href=\"https:\/\/www.boletinoficial.gob.ar\/detalleAviso\/primera\/301967\/20240122\">decreto 63\/2024<\/a>) sali\u00f3 publicada en el Bolet\u00edn Oficial en enero y aport\u00f3 precisiones (quiz\u00e1s para afianzar o robustecer, a falta de una ley aprobada en el Congreso) los trazos livianos sobre la dispensa de productos farmac\u00e9uticos, ya plasmados en el tan cuestionado&nbsp;<a href=\"https:\/\/www.clarin.com\/politica\/gobierno-presento-corte-suprema-buscar-validez-capitulo-laboral-dnu-javier-milei_0_dr2J5mEZv3.html\">decretazo 70\/2023<\/a>.<\/p>\n\n\n\n<p>Dicho en criollo, el Gobierno primero anunci\u00f3 que liberaba la venta de ciertos medicamentos por fuera de las farmacias y en enero sum\u00f3 detalles sobre c\u00f3mo se implementar\u00eda el pol\u00e9mico asunto.<\/p>\n\n\n\n<p>Pol\u00e9mico, principalmente, a los ojos de las farmacias y los colegios farmac\u00e9uticos, a quienes la dispensa de<strong>&nbsp;analg\u00e9sicos y anti\u00e1cidos<\/strong>&nbsp;por fuera su gobierno les implicaba una p\u00e9rdida del ya alica\u00eddo territorio comercial.<img loading=\"lazy\" decoding=\"async\" alt=\"Desde una de las c\u00e1maras que agrupa a laboratorios afirmaron que las farmacias seguir\u00e1n siendo el canal de venta. Foto: Emmanuel Fern\u00e1ndez\" src=\"https:\/\/www.clarin.com\/img\/2024\/03\/14\/dpWktpP1j_720x0__1.jpg\" width=\"720\" height=\"480\">Desde una de las c\u00e1maras que agrupa a laboratorios afirmaron que las farmacias seguir\u00e1n siendo el canal de venta. Foto: Emmanuel Fern\u00e1ndez<\/p>\n\n\n\n<p>Hay adem\u00e1s quienes critican la imprecisa redacci\u00f3n del decreto, que solo dice \u201c<em>analg\u00e9sicos y anti\u00e1cidos<\/em>\u201d, sin las necesarias aclaraciones del caso.<\/p>\n\n\n\n<p>\u00bfQu\u00e9 se entiende por analg\u00e9sico y qu\u00e9, por anti\u00e1cido? El texto no lo detalla.<\/p>\n\n\n\n<p>El primero de esos casos, el ancho mundo &#8220;analg\u00e9sico&#8221;, da lugar a una ambig\u00fcedad importante. Desde cierto punto de vista, un analg\u00e9sico puede ser tanto aquel remedio de venta libre que se autoclasifique como tal (paracetamol, ibuprofeno&#8230;) como el que tiene a la&nbsp;<strong>analgesia<\/strong>&nbsp;entre sus efectos.<\/p>\n\n\n\n<p>Es que, \u201canalgesia\u201d, aclara la Real Academia Espa\u00f1ola, es la \u201cfalta o disminuci\u00f3n de las sensaciones dolorosas, que no afecta los dem\u00e1s sentidos\u201d. As\u00ed, un antiespasd\u00f3mico para el dolor estomacal (como el famoso Sertal), aunque uno a priori no lo llamar\u00eda \u201canalg\u00e9sico\u201d, contrarresta el malestar de base.<\/p>\n\n\n\n<p>A las disconformes que explicaron lo anterior se suman otros, como la C\u00e1mara Industrial de Laboratorios Farmac\u00e9uticos (CILFA), una de las m\u00e1s grandes del sector. Eduardo Franciosi, su director ejecutivo, fue preciso.<img loading=\"lazy\" decoding=\"async\" alt=\"El decreto s\u00f3lo permite vender en kioscos y supermercados analg\u00e9sicos y anti\u00e1cidos.\" src=\"https:\/\/www.clarin.com\/img\/2023\/09\/27\/32jAZxLDn_720x0__1.jpg\" width=\"720\" height=\"480\">El decreto s\u00f3lo permite vender en kioscos y supermercados analg\u00e9sicos y anti\u00e1cidos.<\/p>\n\n\n\n<p><strong>\u201cNo hay ning\u00fan inter\u00e9s\u201d<\/strong>, remarc\u00f3, en alusi\u00f3n a la posibilidad de sortear el canal de venta tradicional y subray\u00f3: \u201cEl canal natural para la dispensaci\u00f3n (<em>de analg\u00e9sicos y y anti\u00e1cidos<\/em>) son las farmacias\u201d.<\/p>\n\n\n\n<p>Sin embargo, \u00bfqu\u00e9 opinan los kiosqueros?<\/p>\n\n\n\n<h2 class=\"wp-block-heading\">Medicamentos en los kioscos, una puja hist\u00f3rica<\/h2>\n\n\n\n<p>Hace casi 15 a\u00f1os (nos remontamos a esos d\u00edas en los medios escrib\u00edan \u201ckiosco\u201d con \u201cq\u201d) este diario informaba que&nbsp;<a href=\"https:\/\/www.clarin.com\/ciudades\/prohiben-vender-remedios-quioscos-supermercados_0_SJ6NFY5nPQx.html\">la Legislatura porte\u00f1a hab\u00eda votado en contra de la venta de analg\u00e9sicos<\/a>&nbsp;en esos comercios, una pr\u00e1ctica<strong>&nbsp;hasta entonces usual<\/strong>, que ya en ese momento se consideraba a contrapelo de la incumbencia l\u00f3gica de los farmac\u00e9uticos.<\/p>\n\n\n\n<p>A favor de la norma vot\u00f3 la oposici\u00f3n porte\u00f1a, mientras que el oficialismo (entonces como ahora liderado por el PRO) vot\u00f3 en contra.<\/p>\n\n\n\n<p>El decreto de Milei se reencuentra con posiciones hist\u00f3ricas encarnadas en actores conocidos. Los<strong>&nbsp;farmac\u00e9uticos y laboratorios<\/strong>, de un lado; los kiosqueros (ahora con \u201ck\u201d), del otro. Para sumar un poroto al an\u00e1lisis, los \u00faltimos tienen a su favor el atinado argumento de esas g\u00f3ndolas de farmacias tupidas con golosinas.<\/p>\n\n\n\n<p>Adri\u00e1n Palacios, al frente de la Uni\u00f3n de Kiosqueros de la Rep\u00fablica Argentina (UKRA), explic\u00f3 que no tienen noticia de que haya kiosqueros vendiendo medicamentos.<\/p>\n\n\n\n<p>Pero&nbsp;<strong>hay<\/strong>. Al menos en la ciudad de Buenos Aires, en donde algunas cadenas grandes y otros particulares confirmaron a esta cronista tener analg\u00e9sicos y anti\u00e1cidos a la venta.&nbsp;<strong>No est\u00e1n exhibidos&nbsp;<\/strong>y los tienen a resguardo de los cambios de temperatura y humedad, como exige el decreto de Milei.<\/p>\n\n\n\n<p>Palacios confirm\u00f3 que hay inter\u00e9s del sector por sumar productos farmac\u00e9uticos a sus estantes, pero no como lo propuso el Gobierno.<\/p>\n\n\n\n<p>\u201cEstamos interesados en vender analg\u00e9sicos y anti\u00e1cidos pero tambi\u00e9n otros productos de venta libre y complejos dietarios, como los que se venden en las diet\u00e9ticas\u201d, explic\u00f3.<\/p>\n\n\n\n<p>Comparti\u00f3 una lista de medicamentos que querr\u00edan sumar. Adem\u00e1s de las varias versiones de ibuprofeno, paracetamol y aspirina incluy\u00f3 antiespasm\u00f3dicos, antimigra\u00f1osos, diversos tipos de anti\u00e1cidos y los t\u00edpicos antigripales de venta libre,&nbsp;<a href=\"https:\/\/www.clarin.com\/sociedad\/aseguran-popular-descongestivo-efecto_0_J2XXkBiq2r.html\">cuya efectividad fue, en algunos casos, cuestionada<\/a>.<\/p>\n\n\n\n<p>Palacios tambi\u00e9n consider\u00f3 endeble sacar una medida de esta envergadura por decreto y de un modo tan inespec\u00edfico: \u201cQuerr\u00edamos que el tema pasara por&nbsp;<strong>el voto de los diputados y senadores&nbsp;<\/strong>nacionales y que cuenten con nosotros para ver c\u00f3mo articularlo con el Ministerio de Salud de la Naci\u00f3n. Luego, que pase por los ministerios provinciales, de modo que los kiosqueros puedan acceder a cursos de capacitaci\u00f3n\u201d.<\/p>\n\n\n\n<h2 class=\"wp-block-heading\">La venta de remedios en los supermercados<\/h2>\n\n\n\n<p>La C\u00e1mara Empresarial de Desarrollo Argentino y Pa\u00edses del Sudeste Asi\u00e1tico (CEDEAPSA), entidad que representa a los supermercados chinos, confirm\u00f3 a este medio su<strong>&nbsp;inter\u00e9s por sumar&nbsp;<\/strong>la venta de f\u00e1rmacos a sus comercios.<\/p>\n\n\n\n<p>Asocian la medida con un alza potencial de sus ventas y, en cierto sentido, con una cuota de justicia, podr\u00eda decirse, ya que -aclararon- algunas cadenas de farmacias hace tiempo&nbsp;<strong>comercializaban alimentos y bebidas<\/strong>, mientras que ellos no pod\u00edan vender un simple comprimido para el dolor de cabeza.<\/p>\n\n\n\n<p>En los supermercados grandes la posici\u00f3n es diversa. Una cadena grande, con presencia en todo el pa\u00eds, explic\u00f3 que &#8220;en principio, no\u201d porque la venta de remedios exige \u201c<strong>demasiados requisitos<\/strong>&nbsp;a cumplir y se torna no conveniente&#8221;.<\/p>\n\n\n\n<p>En otra afirmaron que no tienen inter\u00e9s porque implicar\u00eda un<strong>&nbsp;control adicional<\/strong>&nbsp;contra los robos en los salones de ventas, pero principalmente porque buena parte de sus locales ya tienen farmacias. \u201cEsa necesidad est\u00e1 cubierta\u201d, se\u00f1alaron.<\/p>\n\n\n\n<p>En una tercera cadena, tambi\u00e9n presente en buena parte del pa\u00eds, se mostraron abiertos: \u201cNo se descarta. Es cierto que piden varios requisitos, pero los m\u00e1rgenes (<em>de rentabilidad<\/em>)<strong>&nbsp;son altos<\/strong>. Si el volumen acompa\u00f1a&#8230;\u201d<\/p>\n\n\n\n<h2 class=\"wp-block-heading\">Venta de analg\u00e9sicos en kioscos de CABA y la provincia de Buenos Aires<\/h2>\n\n\n\n<p>Aunque el reciente decreto tenga el alcance de una ley nacional, su implementaci\u00f3n concreta requiere la adhesi\u00f3n de las jurisdicciones.<\/p>\n\n\n\n<p>Mientras la ciudad de Buenos Aires hace a\u00f1os intenta que la dispensa de medicamentos quede bajo su gesti\u00f3n -y deje, as\u00ed, de depender de Naci\u00f3n, cuesti\u00f3n que en este momento los limita para tomar una posici\u00f3n con respecto al tema de estas l\u00edneas-, en la provincia de Buenos Aires, el tema parece &#8220;cerrado&#8221;.<\/p>\n\n\n\n<p>Desde la cartera que conduce Nicol\u00e1s Kreplak lo explicaron de un modo muy claro: \u201cEn la Provincia, la ley de farmacias regula el ejercicio de la profesi\u00f3n. Se busca profesionalizar y jerarquizar la dispensa de medicamentos\u201d. Remarcaron, as\u00ed, que no consideran sumarse a la propuesta del Gobierno nacional.<\/p>\n\n\n\n<p>Fuente: <a href=\"https:\/\/www.clarin.com\/sociedad\/venden-remedios-quioscos-supermercados-abrio-gran-interrogante_0_Lx0xmp7ORV.html\">https:\/\/www.clarin.com\/sociedad\/venden-remedios-quioscos-supermercados-abrio-gran-interrogante_0_Lx0xmp7ORV.html<\/a><\/p>\n","protected":false},"excerpt":{"rendered":"<p>El nuevo derecho contemplado en el decreto presidencial ya es utilizado en algunos comercios que no son farmacias.Sin embargo, desde los diferentes sectores involucrados en la medida surgen dudas y por ahora poco entusiasmo. Hace m\u00e1s de dos meses, el Gobierno reglament\u00f3 la venta de analg\u00e9sicos y anti\u00e1cidos en comercios no habilitados formalmente como farmacias, [&hellip;]<\/p>\n","protected":false},"author":3,"featured_media":1178,"comment_status":"open","ping_status":"open","sticky":false,"template":"","format":"standard","meta":{"footnotes":""},"categories":[3,5,12],"tags":[597],"class_list":["post-1177","post","type-post","status-publish","format-standard","has-post-thumbnail","hentry","category-principal","category-salud","category-sociedad","tag-ya-venden-remedios-en-kioscos-y-supermercados"],"_links":{"self":[{"href":"https:\/\/noticiassaludables.com.ar\/index.php?rest_route=\/wp\/v2\/posts\/1177","targetHints":{"allow":["GET"]}}],"collection":[{"href":"https:\/\/noticiassaludables.com.ar\/index.php?rest_route=\/wp\/v2\/posts"}],"about":[{"href":"https:\/\/noticiassaludables.com.ar\/index.php?rest_route=\/wp\/v2\/types\/post"}],"author":[{"embeddable":true,"href":"https:\/\/noticiassaludables.com.ar\/index.php?rest_route=\/wp\/v2\/users\/3"}],"replies":[{"embeddable":true,"href":"https:\/\/noticiassaludables.com.ar\/index.php?rest_route=%2Fwp%2Fv2%2Fcomments&post=1177"}],"version-history":[{"count":1,"href":"https:\/\/noticiassaludables.com.ar\/index.php?rest_route=\/wp\/v2\/posts\/1177\/revisions"}],"predecessor-version":[{"id":1179,"href":"https:\/\/noticiassaludables.com.ar\/index.php?rest_route=\/wp\/v2\/posts\/1177\/revisions\/1179"}],"wp:featuredmedia":[{"embeddable":true,"href":"https:\/\/noticiassaludables.com.ar\/index.php?rest_route=\/wp\/v2\/media\/1178"}],"wp:attachment":[{"href":"https:\/\/noticiassaludables.com.ar\/index.php?rest_route=%2Fwp%2Fv2%2Fmedia&parent=1177"}],"wp:term":[{"taxonomy":"category","embeddable":true,"href":"https:\/\/noticiassaludables.com.ar\/index.php?rest_route=%2Fwp%2Fv2%2Fcategories&post=1177"},{"taxonomy":"post_tag","embeddable":true,"href":"https:\/\/noticiassaludables.com.ar\/index.php?rest_route=%2Fwp%2Fv2%2Ftags&post=1177"}],"curies":[{"name":"wp","href":"https:\/\/api.w.org\/{rel}","templated":true}]}}