{"id":1195,"date":"2024-04-18T11:41:18","date_gmt":"2024-04-18T14:41:18","guid":{"rendered":"https:\/\/noticiassaludables.com.ar\/?p=1195"},"modified":"2024-04-18T11:41:19","modified_gmt":"2024-04-18T14:41:19","slug":"cuando-las-ideas-delirantes-se-transmiten-de-una-persona-a-otra","status":"publish","type":"post","link":"https:\/\/noticiassaludables.com.ar\/?p=1195","title":{"rendered":"Cuando las ideas delirantes se transmiten de una persona a otra"},"content":{"rendered":"\n<p>Este trastorno psic\u00f3tico compartido se da en d\u00edadas de personas que est\u00e1n en \u00edntima convivencia, aislados del entorno externo y se caracterizan por sus sentimientos de persecuci\u00f3n o hipocondr\u00eda. Por qu\u00e9 se produce y c\u00f3mo se trata<\/p>\n\n\n\n<p>El furor despertado por el tr\u00e1iler de la<strong>\u00a0pel\u00edcula Joker 2: Folie \u00e0 deux<\/strong>, con m\u00e1s de<strong>\u00a06 millones de visualizaciones<\/strong>, comenz\u00f3 a traer como primer interrogante de qu\u00e9 se trata la\u00a0<em><strong>folie \u00e0 deux\u00a0<\/strong><\/em>y qui\u00e9nes pueden padecerla<\/p>\n\n\n\n<p><a href=\"https:\/\/www.infobae.com\/salud\/2024\/04\/18\/toda-enfermedad-empieza-en-el-intestino-el-estudio-de-cientificos-argentinos-que-confirma-los-alcances-del-segundo-cerebro\/\" target=\"_blank\" rel=\"noreferrer noopener\"><\/a><\/p>\n\n\n\n<p>El t\u00e9rmino<em><strong>folie \u00e0 deux<\/strong><\/em><strong>&nbsp;incluye varios s\u00edndromes<\/strong>, que enfatizan en especial las<strong>&nbsp;ideas delirantes<\/strong>&nbsp;<strong>que se transmiten de una persona a otra.&nbsp;<\/strong>Se han utilizado muchos sin\u00f3nimos como \u201clocura infecciosa\u201d, \u201clocura transmisible\u201d, \u201cpsicosis de asociaci\u00f3n\u201d. Las caracter\u00edsticas cl\u00ednicas del cuadro se resumen en:&nbsp;<strong>aparici\u00f3n de ideas delirantes en personas que viven en \u00edntima proximidad, y que pueden estar relativamente aisladas del mundo externo y de su influencia.&nbsp;<\/strong>Estas ideas tienen, por lo general, un contenido persecutorio y\/o hipocondr\u00edaco.<\/p>\n\n\n\n<p>En su versi\u00f3n cl\u00e1sica considera que solo una de las personas responde a la estructura psic\u00f3tica, llamado&nbsp;<strong>paciente inductor, primario o principal<\/strong>&nbsp;y la relaci\u00f3n entre los afectados es de&nbsp;<strong>dominancia- sumisi\u00f3n<\/strong>. El m\u00e9todo de recuperaci\u00f3n es psicofarmacol\u00f3gico, psicoterapia y separaci\u00f3n de la d\u00edada.<\/p>\n\n\n\n<p><a href=\"https:\/\/www.infobae.com\/salud\/2024\/04\/18\/cuanto-duran-los-anticuerpos-del-dengue-puedo-volver-a-contagiarme-pronto-si-ya-tuve-la-infeccion\/\" target=\"_blank\" rel=\"noreferrer noopener\"><\/a><\/p>\n\n\n\n<p><em>Folie impos\u00e9e<\/em>, trastorno de ideas delirantes inducidas o trastorno psic\u00f3tico compartido (tambi\u00e9n denominado trastorno paranoide compartido o trastorno psic\u00f3tico inducido), es una entidad poco frecuente.<\/p>\n\n\n\n<p><img loading=\"lazy\" decoding=\"async\" alt=\"La folie \u00e1 deux describe el padecimiento de dos sujetos infantiles o adultos con un padecimiento grave y doloroso (Imagen ilustrativa Infobae)\" height=\"816\" width=\"1456\" class=\"\" src=\"https:\/\/www.infobae.com\/new-resizer\/-E_a8JlFrrGmQRiF35K_2_922dc=\/420x236\/filters:format(webp):quality(85)\/cloudfront-us-east-1.images.arcpublishing.com\/infobae\/CFLH7UWHPNAZLOYE7AZPEUK6NM.jpg%20420w\" srcset=\"https:\/\/www.infobae.com\/new-resizer\/-E_a8JlFrrGmQRiF35K_2_922dc=\/420x236\/filters:format(webp):quality(85)\/cloudfront-us-east-1.images.arcpublishing.com\/infobae\/CFLH7UWHPNAZLOYE7AZPEUK6NM.jpg 420w,https:\/\/www.infobae.com\/new-resizer\/wUjwNZ5HzD03KdtIXn_lIVKpe-I=\/768x432\/filters:format(webp):quality(85)\/cloudfront-us-east-1.images.arcpublishing.com\/infobae\/CFLH7UWHPNAZLOYE7AZPEUK6NM.jpg 768w,https:\/\/www.infobae.com\/new-resizer\/LChk-0W3DXLunIs3E658bNh-4zA=\/992x558\/filters:format(webp):quality(85)\/cloudfront-us-east-1.images.arcpublishing.com\/infobae\/CFLH7UWHPNAZLOYE7AZPEUK6NM.jpg 992w,https:\/\/www.infobae.com\/new-resizer\/3T4P4nOFiI3PlpZJf2chwUuE_EU=\/1200x675\/filters:format(webp):quality(85)\/cloudfront-us-east-1.images.arcpublishing.com\/infobae\/CFLH7UWHPNAZLOYE7AZPEUK6NM.jpg 1200w,https:\/\/www.infobae.com\/new-resizer\/M7yc6bZBlBWNHrkzsjttTpfmqhg=\/1440x810\/filters:format(webp):quality(85)\/cloudfront-us-east-1.images.arcpublishing.com\/infobae\/CFLH7UWHPNAZLOYE7AZPEUK6NM.jpg 1440w\">La folie \u00e1 deux describe el padecimiento de dos sujetos infantiles o adultos con un padecimiento grave y doloroso (Imagen ilustrativa Infobae)<\/p>\n\n\n\n<p>Este trastorno se conoce desde el siglo XVI, descrito ya por William Harvey, luego ampliado en su fenomenolog\u00eda por Baillarger en el siglo XIX, como&nbsp;<em>folie communiqu\u00e9e<\/em>, pero solo hasta 1877, en Francia, Las\u00e8gue y Falret acu\u00f1an el t\u00e9rmino bastante difundido de&nbsp;<strong>folie \u00e0 deux.<\/strong><\/p>\n\n\n\n<p><a href=\"https:\/\/www.infobae.com\/salud\/2024\/04\/18\/cuanto-duran-los-anticuerpos-del-dengue-puedo-volver-a-contagiarme-pronto-si-ya-tuve-la-infeccion\/\" target=\"_blank\" rel=\"noreferrer noopener\"><\/a><\/p>\n\n\n\n<p><em>Folie \u00e0 deux<\/em>&nbsp;significa<strong>&nbsp;locura de dos<\/strong>&nbsp;y tiene su origen en&nbsp;<strong>Francia cuando en 1877<\/strong>, cuando Las\u00e8gue y Falret la utilizaron por primera vez para describir el padecimiento del matrimonio de Margaret y Michael que experimentaron un trastorno psic\u00f3tico compartido en el que los psiquiatras no consiguieron saber cu\u00e1l de los dos comenz\u00f3 el ciclo de la&nbsp;<strong>psicosis<\/strong>, reforzando as\u00ed la ulterior teor\u00eda de Lacan que no existe un contagio mental.<\/p>\n\n\n\n<p>En un texto de 1921, De Cl\u00e9rambault, otro psiquiatra franc\u00e9s, ubica las mismas cuestiones entre la pareja delirante. Plantea como algo nuevo el s\u00edntoma primario en el delirante principal. En el partenaire, de Cl\u00e9rambault llega a la misma conclusi\u00f3n de Las\u00e8gue y Falret: se trata de alguien d\u00e9bil, influenciable, que adopta el delirio y se interesa en \u00e9l acomod\u00e1ndose para la credibilidad de los otros.<\/p>\n\n\n\n<p>Helene Deutsch, en 1938, en su art\u00edculo \u201cFolie \u00e0 deux\u201d, describe que el proceso que se produce, es decir, la adopci\u00f3n individual de los&nbsp;<strong>contenidos ps\u00edquicos<\/strong>&nbsp;de otra persona tambi\u00e9n pueden observarse en los fen\u00f3menos de masa: \u201cGrandes movimientos nacionales y religiosos de la historia y revoluciones sociales, experimentaron determinaciones que se asemejaban al proceso patol\u00f3gico de la folie \u00e0 deux\u201d.<\/p>\n\n\n\n<p><img loading=\"lazy\" decoding=\"async\" alt=\"No son dos personas en un delirio compartido, es un sujeto alienado mir\u00e1ndose en el espejo del otro (Imagen ilustrativa Infobae)\" height=\"816\" width=\"1456\" class=\"\" src=\"https:\/\/www.infobae.com\/new-resizer\/DmHjbz5_8NdVCDnavVm9r1PyF1U=\/420x236\/filters:format(webp):quality(85)\/cloudfront-us-east-1.images.arcpublishing.com\/infobae\/XTLW6CFLT5EG5O2EJWYZVGRWGE.jpg%20420w\" srcset=\"https:\/\/www.infobae.com\/new-resizer\/DmHjbz5_8NdVCDnavVm9r1PyF1U=\/420x236\/filters:format(webp):quality(85)\/cloudfront-us-east-1.images.arcpublishing.com\/infobae\/XTLW6CFLT5EG5O2EJWYZVGRWGE.jpg 420w,https:\/\/www.infobae.com\/new-resizer\/27uCe8p5Vy4WPYolp6LgLasictg=\/768x432\/filters:format(webp):quality(85)\/cloudfront-us-east-1.images.arcpublishing.com\/infobae\/XTLW6CFLT5EG5O2EJWYZVGRWGE.jpg 768w,https:\/\/www.infobae.com\/new-resizer\/WGRjkHPM4DuX4K_vN7AipodygkU=\/992x558\/filters:format(webp):quality(85)\/cloudfront-us-east-1.images.arcpublishing.com\/infobae\/XTLW6CFLT5EG5O2EJWYZVGRWGE.jpg 992w,https:\/\/www.infobae.com\/new-resizer\/OGxVZmPaKysOU2xfqZv2y84adGI=\/1200x675\/filters:format(webp):quality(85)\/cloudfront-us-east-1.images.arcpublishing.com\/infobae\/XTLW6CFLT5EG5O2EJWYZVGRWGE.jpg 1200w,https:\/\/www.infobae.com\/new-resizer\/VMGvmwBCt2KTFLeSygf7JFW7DDU=\/1440x810\/filters:format(webp):quality(85)\/cloudfront-us-east-1.images.arcpublishing.com\/infobae\/XTLW6CFLT5EG5O2EJWYZVGRWGE.jpg 1440w\">No son dos personas en un delirio compartido, es un sujeto alienado mir\u00e1ndose en el espejo del otro (Imagen ilustrativa Infobae)<\/p>\n\n\n\n<p>La autora examina cuatro casos donde se da la folie \u00e0 deux con diferentes presentaciones. En el primero, la enfermedad es compartida por tres miembros de la misma familia; el segundo est\u00e1 desprovisto de relaci\u00f3n familiar y de inducci\u00f3n; el tercero presenta un proceso paralelo de ideas delirantes entre una persona neur\u00f3tica y una psic\u00f3tica; y el cuarto es entre dos hermanas sin influencia entre una y otra sino que en ambas emergen las mismas ideas en dos momentos diferentes.<\/p>\n\n\n\n<p>A partir de su an\u00e1lisis concluye que el&nbsp;<strong>aislamiento<\/strong>, es lo que activa aquello que estaba latente en cada uno, por lo tanto, no se trata de contagio mental, ni sugesti\u00f3n, ni de inducci\u00f3n (<em>Folie a Deux, Psychoanalytic Quarterly<\/em>, April 1938)<\/p>\n\n\n\n<p>Lacan presenta en 1931 en la sociedad m\u00e9dico-psicol\u00f3gica dos casos de&nbsp;<strong>\u201clocura de dos\u201d<\/strong>&nbsp;de los cuales se destaca por la autonom\u00eda casi completa de los delirios, as\u00ed se diferencia de la concepci\u00f3n cl\u00e1sica del<strong>&nbsp;contagio mental<\/strong>, se trata de dos hermanos con delirios convergentes.<\/p>\n\n\n\n<p><img loading=\"lazy\" decoding=\"async\" alt=\"Los manuales diagn\u00f3sticos describen este trastorno psic\u00f3tico compartido como raro e infradiagnosticado, con mayor prevalencia en relaciones familiares cercanas, especialmente entre parejas (Imagen Ilustrativa Infobae)\" height=\"816\" width=\"1456\" class=\"\" src=\"https:\/\/www.infobae.com\/new-resizer\/pej1T1e_VO1To8Olhv2P760k3AM=\/420x236\/filters:format(webp):quality(85)\/cloudfront-us-east-1.images.arcpublishing.com\/infobae\/YWOI7U2PW5E4BF2MCIPBCALT4U.png%20420w\" srcset=\"https:\/\/www.infobae.com\/new-resizer\/pej1T1e_VO1To8Olhv2P760k3AM=\/420x236\/filters:format(webp):quality(85)\/cloudfront-us-east-1.images.arcpublishing.com\/infobae\/YWOI7U2PW5E4BF2MCIPBCALT4U.png 420w,https:\/\/www.infobae.com\/new-resizer\/AnNRYhJrh3CFd3BNXF6FuUwg1kg=\/768x432\/filters:format(webp):quality(85)\/cloudfront-us-east-1.images.arcpublishing.com\/infobae\/YWOI7U2PW5E4BF2MCIPBCALT4U.png 768w,https:\/\/www.infobae.com\/new-resizer\/6tm1r7TzzajEGo0kUMqtu8USP5s=\/992x558\/filters:format(webp):quality(85)\/cloudfront-us-east-1.images.arcpublishing.com\/infobae\/YWOI7U2PW5E4BF2MCIPBCALT4U.png 992w,https:\/\/www.infobae.com\/new-resizer\/cSa4WHKs749rQkdhiF1p9ZxTKxo=\/1200x675\/filters:format(webp):quality(85)\/cloudfront-us-east-1.images.arcpublishing.com\/infobae\/YWOI7U2PW5E4BF2MCIPBCALT4U.png 1200w,https:\/\/www.infobae.com\/new-resizer\/a10DrC-eqL80S_I1pR27ftvozB4=\/1440x810\/filters:format(webp):quality(85)\/cloudfront-us-east-1.images.arcpublishing.com\/infobae\/YWOI7U2PW5E4BF2MCIPBCALT4U.png 1440w\">Los manuales diagn\u00f3sticos describen este trastorno psic\u00f3tico compartido como raro e infradiagnosticado, con mayor prevalencia en relaciones familiares cercanas, especialmente entre parejas (Imagen Ilustrativa Infobae)<\/p>\n\n\n\n<p>En 1932 escribe en su tesis doctoral: \u201cNo puede entonces dejar de impresionarnos la frecuencia de los delirios a d\u00fao, que re\u00fanen a madre e hija o padre e hijo. Si estudiamos atentamente estos casos, nos daremos cuenta de que la doctrina cl\u00e1sica del contagio mental no los explica jam\u00e1s. Es imposible distinguir entre el presunto sujeto inductor, cuya eficacia sugestiva radicar\u00eda en sus capacidades superiores o en alguna estenia afectiva mayor, y el presunto sujeto inducido, que ser\u00eda el que tiene que sufrir la sugesti\u00f3n a causa de su&nbsp;<strong>debilidad mental<\/strong>. Se habla entonces de locuras simult\u00e1neas o de delirios convergentes. Pero queda sin explicar el hecho de que tal coincidencia sea tan frecuente\u201d.<\/p>\n\n\n\n<p>Cl\u00ednicamente, lo denominamos como un&nbsp;<strong>trastorno psic\u00f3tico compartido<\/strong>, donde existe la presencia de un<strong>&nbsp;cuadro sintom\u00e1tico psiqui\u00e1trico pr\u00e1cticamente id\u00e9ntico en dos personas muy cercanas.<\/strong>&nbsp;Incluso puede darse entre m\u00e1s de dos individuos, pasando a llamarse&nbsp;<em>\u201cfolie \u00e0 trois\u201d, \u201cfolie \u00e0 quatre\u201d, \u201cfolie \u00e0 famille\u201d<\/em>&nbsp;o incluso&nbsp;<em>\u201cfolie \u00e0 plusieurs\u201d<\/em>&nbsp;(locura de muchos), seg\u00fan casu\u00edstica presentada por informes cl\u00ednicos.<\/p>\n\n\n\n<p>En los manuales psiqui\u00e1tricos, el trastorno psic\u00f3tico compartido (DSM-5) o trastorno por ideas delirantes inducido (CIE-10), tradicionalmente conocido como \u201cfolie \u00e0 deux\u201d es una patolog\u00eda rara, infradiagnosticada debido al grave aislamiento social y falta de conciencia de enfermedad que caracteriza a estos pacientes. Se han publicado algunos casos cl\u00ednicos y revisiones sobre este trastorno, mostrando que la mayor\u00eda de relaciones se establecen en el n\u00facleo familiar, sobre todo entre parejas.<\/p>\n\n\n\n<p><img loading=\"lazy\" decoding=\"async\" alt=\"La folie \u00e0 deux se plantea como una ruptura del lazo social, en donde su tratamiento no solo abarca la intervenci\u00f3n cl\u00ednica, sino tambi\u00e9n un entendimiento profundo de las din\u00e1micas relacionales y subjetivas que sustentan esta condici\u00f3n psiqui\u00e1trica - (Imagen Ilustrativa Infobae)\" height=\"816\" width=\"1456\" class=\"\" src=\"https:\/\/www.infobae.com\/new-resizer\/deYSqUcvHgDAaRAH2P3Udatvpd8=\/420x236\/filters:format(webp):quality(85)\/cloudfront-us-east-1.images.arcpublishing.com\/infobae\/ZWA2Z6H5WVBNRPGTL2AY3PXBZQ.jpg%20420w\" srcset=\"https:\/\/www.infobae.com\/new-resizer\/deYSqUcvHgDAaRAH2P3Udatvpd8=\/420x236\/filters:format(webp):quality(85)\/cloudfront-us-east-1.images.arcpublishing.com\/infobae\/ZWA2Z6H5WVBNRPGTL2AY3PXBZQ.jpg 420w,https:\/\/www.infobae.com\/new-resizer\/iRrkeZoZovS2nuoinzZACgEpxiw=\/768x432\/filters:format(webp):quality(85)\/cloudfront-us-east-1.images.arcpublishing.com\/infobae\/ZWA2Z6H5WVBNRPGTL2AY3PXBZQ.jpg 768w,https:\/\/www.infobae.com\/new-resizer\/_PyuKUGojr_NiFrriHnmrHStxx4=\/992x558\/filters:format(webp):quality(85)\/cloudfront-us-east-1.images.arcpublishing.com\/infobae\/ZWA2Z6H5WVBNRPGTL2AY3PXBZQ.jpg 992w,https:\/\/www.infobae.com\/new-resizer\/3kQ5U_gEZo06Al0IZUkKD9OxqAM=\/1200x675\/filters:format(webp):quality(85)\/cloudfront-us-east-1.images.arcpublishing.com\/infobae\/ZWA2Z6H5WVBNRPGTL2AY3PXBZQ.jpg 1200w,https:\/\/www.infobae.com\/new-resizer\/ElzAzlqZEEzgJ64m5kWKO77K_Gk=\/1440x810\/filters:format(webp):quality(85)\/cloudfront-us-east-1.images.arcpublishing.com\/infobae\/ZWA2Z6H5WVBNRPGTL2AY3PXBZQ.jpg 1440w\">La folie \u00e0 deux se plantea como una ruptura del lazo social, en donde su tratamiento no solo abarca la intervenci\u00f3n cl\u00ednica, sino tambi\u00e9n un entendimiento profundo de las din\u00e1micas relacionales y subjetivas que sustentan esta condici\u00f3n psiqui\u00e1trica &#8211; (Imagen Ilustrativa Infobae)<\/p>\n\n\n\n<p>Existen varios casos publicados de&nbsp;<strong>d\u00edada madre\/padre e hijo\/a y la mayor\u00eda de ellos son con hijas.&nbsp;<\/strong>En una revisi\u00f3n de casos de ni\u00f1os y adolescentes con&nbsp;<em>folie \u00e0 deux<\/em>&nbsp;se encontr\u00f3 una mayor frecuencia de casos en dos grupos de edades: primero,<strong>&nbsp;entre 8-10 a\u00f1os<\/strong>, y segundo, alrededor de los&nbsp;<strong>15 a\u00f1os de edad<\/strong>. (<em>Shared psychotic disorder in children and adolescents: a systematic review. Eur Child Adol Psychiatry<\/em>. 2019)<\/p>\n\n\n\n<p>Como en todas las entidades poco frecuentes, para realizar un tratamiento y abordaje adecuados, el primer paso lo constituye la<strong>&nbsp;identificaci\u00f3n del cuadro cl\u00ednico y su situaci\u00f3n.&nbsp;<\/strong>En la evaluaci\u00f3n del cuadro y la situaci\u00f3n, hay que tener en cuenta los factores cl\u00ednicos y sociales que subyacen, ya que son importantes en la configuraci\u00f3n de un entorno que conduce a compartir el&nbsp;<strong>delirio<\/strong>.<\/p>\n\n\n\n<p>Los estudios describen c\u00f3mo el trastorno se va desarrollando de una manera paulatina: primero en un individuo delirante aut\u00e9ntico va armando y calculando poco a poco sus convicciones, una historia plausible junto a la persona allegada, sumisa con \u00e9l por una regla de autoridad leg\u00edtima socialmente reconocida.<\/p>\n\n\n\n<p><img loading=\"lazy\" decoding=\"async\" alt=\"Joker: Folie \u00e0 Deux, es el nombre de la segunda parte de la nueva saga del Guas\u00f3n, que est\u00e1 pronta a estrenarse\" height=\"1081\" width=\"1920\" class=\"\" src=\"https:\/\/www.infobae.com\/new-resizer\/mAIyUbG0fjRzJFfvzcZmO1qrQS0=\/420x236\/filters:format(webp):quality(85)\/cloudfront-us-east-1.images.arcpublishing.com\/infobae\/FC4GJYVF3BFRBO7QWBP7R275SQ.jpg%20420w\" srcset=\"https:\/\/www.infobae.com\/new-resizer\/mAIyUbG0fjRzJFfvzcZmO1qrQS0=\/420x236\/filters:format(webp):quality(85)\/cloudfront-us-east-1.images.arcpublishing.com\/infobae\/FC4GJYVF3BFRBO7QWBP7R275SQ.jpg 420w,https:\/\/www.infobae.com\/new-resizer\/IhOgwmWCVG05g7cyR0rzBeOff1I=\/768x432\/filters:format(webp):quality(85)\/cloudfront-us-east-1.images.arcpublishing.com\/infobae\/FC4GJYVF3BFRBO7QWBP7R275SQ.jpg 768w,https:\/\/www.infobae.com\/new-resizer\/5SiWHUUNidIPMfzxK5qxKQtZ9pc=\/992x558\/filters:format(webp):quality(85)\/cloudfront-us-east-1.images.arcpublishing.com\/infobae\/FC4GJYVF3BFRBO7QWBP7R275SQ.jpg 992w,https:\/\/www.infobae.com\/new-resizer\/z9_QlQBR4Xk-1C1JB1n3eDB3gbI=\/1200x675\/filters:format(webp):quality(85)\/cloudfront-us-east-1.images.arcpublishing.com\/infobae\/FC4GJYVF3BFRBO7QWBP7R275SQ.jpg 1200w,https:\/\/www.infobae.com\/new-resizer\/5lvWfR9t79cDHtuiZn-N0fhpR-k=\/1440x810\/filters:format(webp):quality(85)\/cloudfront-us-east-1.images.arcpublishing.com\/infobae\/FC4GJYVF3BFRBO7QWBP7R275SQ.jpg 1440w\">Joker: Folie \u00e0 Deux, es el nombre de la segunda parte de la nueva saga del Guas\u00f3n, que est\u00e1 pronta a estrenarse<\/p>\n\n\n\n<p>Luego, una persona d\u00e9bil con mayor sugestionabilidad y dependencia, o menor inteligencia, car\u00e1cter o actividad, va adquiriendo aquellas creencias delirantes como algo real y normal. El iniciador y el receptor tienen muchos elementos en com\u00fan, han vivido estrechamente unidos.<\/p>\n\n\n\n<p>En mi experiencia como analista y supervisora cl\u00ednica, de los casos que podr\u00edan etiquetarse como&nbsp;<em>follie a deux<\/em>, de lo que se trata es de la ruptura del lazo social. Los sujetos involucrados, en los casos que he asistido y supervisado son ni\u00f1os y madres, hermanas y hermanos p\u00faberes y adolescentes, lo que parece construirse, como afirma Miller, es una&nbsp;<strong>invenci\u00f3n subjetiva.<\/strong><\/p>\n\n\n\n<p>El modelo de v\u00ednculo que sostiene esta invenci\u00f3n compartida es la de&nbsp;<strong>relaci\u00f3n especular.<\/strong>&nbsp;Son uno mir\u00e1ndose a s\u00ed mismos, para no caer. Se mantienen magnetizados y encapsulados, como podr\u00edan hacerlo las masas ante un l\u00edder. En la psicosis, la relaci\u00f3n especular se plantea sin la mediaci\u00f3n simb\u00f3lica, lo que deja al sujeto en una&nbsp;<strong>alienaci\u00f3n&nbsp;<\/strong>profunda. Fusionados, aislados y protegidos al mismo tiempo por el delirio. No son dos personas en un delirio compartido, es un sujeto alienado mir\u00e1ndose en el espejo del otro.<\/p>\n\n\n\n<p><img loading=\"lazy\" decoding=\"async\" alt=\"Como en todas las entidades poco frecuentes, para realizar un tratamiento y abordaje adecuados, el primer paso lo constituye la identificaci\u00f3n del cuadro cl\u00ednico y su situaci\u00f3n - (Imagen Ilustrativa Infobae)\" height=\"816\" width=\"1456\" class=\"\" src=\"https:\/\/www.infobae.com\/new-resizer\/CSnPe-IKnc7S22Z_pE3B3Katmlk=\/420x236\/filters:format(webp):quality(85)\/cloudfront-us-east-1.images.arcpublishing.com\/infobae\/XKIDADGI45DOBIXQ3UN4OO4XRQ.jpg%20420w\" srcset=\"https:\/\/www.infobae.com\/new-resizer\/CSnPe-IKnc7S22Z_pE3B3Katmlk=\/420x236\/filters:format(webp):quality(85)\/cloudfront-us-east-1.images.arcpublishing.com\/infobae\/XKIDADGI45DOBIXQ3UN4OO4XRQ.jpg 420w,https:\/\/www.infobae.com\/new-resizer\/0VgFRop6T3ZM4FqDEttqfI1-wXo=\/768x432\/filters:format(webp):quality(85)\/cloudfront-us-east-1.images.arcpublishing.com\/infobae\/XKIDADGI45DOBIXQ3UN4OO4XRQ.jpg 768w,https:\/\/www.infobae.com\/new-resizer\/zmI8vwDyc8f92-2BqNcWdrvoJf8=\/992x558\/filters:format(webp):quality(85)\/cloudfront-us-east-1.images.arcpublishing.com\/infobae\/XKIDADGI45DOBIXQ3UN4OO4XRQ.jpg 992w,https:\/\/www.infobae.com\/new-resizer\/SnkBFzWob6GC8DJYEHjPGEM_n9w=\/1200x675\/filters:format(webp):quality(85)\/cloudfront-us-east-1.images.arcpublishing.com\/infobae\/XKIDADGI45DOBIXQ3UN4OO4XRQ.jpg 1200w,https:\/\/www.infobae.com\/new-resizer\/86x7sPrqUJEkXtZMDrQ60Gp0b8s=\/1440x810\/filters:format(webp):quality(85)\/cloudfront-us-east-1.images.arcpublishing.com\/infobae\/XKIDADGI45DOBIXQ3UN4OO4XRQ.jpg 1440w\">Como en todas las entidades poco frecuentes, para realizar un tratamiento y abordaje adecuados, el primer paso lo constituye la identificaci\u00f3n del cuadro cl\u00ednico y su situaci\u00f3n &#8211; (Imagen Ilustrativa Infobae)<\/p>\n\n\n\n<p>\u201cEs una invenci\u00f3n del sentido, que es siempre m\u00e1s o menos un delirio. Est\u00e1n los delirios de los discursos establecidos, y tambi\u00e9n, est\u00e1n los delirios verdaderamente inventados. Pero un delirio, es una invenci\u00f3n del sentido\u201d, afirm\u00f3 Miller en 1999.<\/p>\n\n\n\n<p>Finalmente, la<em>\u00a0folie \u00e1 deux<\/em>\u00a0describe el padecimiento de dos sujetos infantiles o adultos con una\u00a0<strong>enfermedad grave<\/strong>\u00a0y un dolor oce\u00e1nico que se convierten en uno en el delirio inventado para intentar un lazo social dentro de la psicosis.<\/p>\n\n\n\n<p>Fuente: <a href=\"https:\/\/www.infobae.com\/salud\/2024\/04\/18\/que-es-el-folie-a-deux-cuando-las-ideas-delirantes-se-transmiten-de-una-persona-a-otra\/\">https:\/\/www.infobae.com\/salud\/2024\/04\/18\/que-es-el-folie-a-deux-cuando-las-ideas-delirantes-se-transmiten-de-una-persona-a-otra\/<\/a><\/p>\n","protected":false},"excerpt":{"rendered":"<p>Este trastorno psic\u00f3tico compartido se da en d\u00edadas de personas que est\u00e1n en \u00edntima convivencia, aislados del entorno externo y se caracterizan por sus sentimientos de persecuci\u00f3n o hipocondr\u00eda. Por qu\u00e9 se produce y c\u00f3mo se trata El furor despertado por el tr\u00e1iler de la\u00a0pel\u00edcula Joker 2: Folie \u00e0 deux, con m\u00e1s de\u00a06 millones de [&hellip;]<\/p>\n","protected":false},"author":3,"featured_media":1196,"comment_status":"open","ping_status":"open","sticky":false,"template":"","format":"standard","meta":{"footnotes":""},"categories":[4,12],"tags":[606,605],"class_list":["post-1195","post","type-post","status-publish","format-standard","has-post-thumbnail","hentry","category-bienestar","category-sociedad","tag-folie-a-deux","tag-ideas-delirantes"],"_links":{"self":[{"href":"https:\/\/noticiassaludables.com.ar\/index.php?rest_route=\/wp\/v2\/posts\/1195","targetHints":{"allow":["GET"]}}],"collection":[{"href":"https:\/\/noticiassaludables.com.ar\/index.php?rest_route=\/wp\/v2\/posts"}],"about":[{"href":"https:\/\/noticiassaludables.com.ar\/index.php?rest_route=\/wp\/v2\/types\/post"}],"author":[{"embeddable":true,"href":"https:\/\/noticiassaludables.com.ar\/index.php?rest_route=\/wp\/v2\/users\/3"}],"replies":[{"embeddable":true,"href":"https:\/\/noticiassaludables.com.ar\/index.php?rest_route=%2Fwp%2Fv2%2Fcomments&post=1195"}],"version-history":[{"count":1,"href":"https:\/\/noticiassaludables.com.ar\/index.php?rest_route=\/wp\/v2\/posts\/1195\/revisions"}],"predecessor-version":[{"id":1197,"href":"https:\/\/noticiassaludables.com.ar\/index.php?rest_route=\/wp\/v2\/posts\/1195\/revisions\/1197"}],"wp:featuredmedia":[{"embeddable":true,"href":"https:\/\/noticiassaludables.com.ar\/index.php?rest_route=\/wp\/v2\/media\/1196"}],"wp:attachment":[{"href":"https:\/\/noticiassaludables.com.ar\/index.php?rest_route=%2Fwp%2Fv2%2Fmedia&parent=1195"}],"wp:term":[{"taxonomy":"category","embeddable":true,"href":"https:\/\/noticiassaludables.com.ar\/index.php?rest_route=%2Fwp%2Fv2%2Fcategories&post=1195"},{"taxonomy":"post_tag","embeddable":true,"href":"https:\/\/noticiassaludables.com.ar\/index.php?rest_route=%2Fwp%2Fv2%2Ftags&post=1195"}],"curies":[{"name":"wp","href":"https:\/\/api.w.org\/{rel}","templated":true}]}}