{"id":121,"date":"2022-11-27T21:54:39","date_gmt":"2022-11-28T00:54:39","guid":{"rendered":"https:\/\/noticiassaludables.com.ar\/?p=121"},"modified":"2022-11-27T21:54:39","modified_gmt":"2022-11-28T00:54:39","slug":"la-argentina-emilce-cuda-asumio-como-jefa-de-la-comision-para-america-latina-del-vaticano","status":"publish","type":"post","link":"https:\/\/noticiassaludables.com.ar\/?p=121","title":{"rendered":"La argentina Emilce Cuda asumi\u00f3 como jefa de la Comisi\u00f3n para Am\u00e9rica Latina del Vaticano"},"content":{"rendered":"\n<p>La te\u00f3loga argentina Emilce Cuda, que asumi\u00f3 este viernes como jefa de Oficina de la Pontificia Comisi\u00f3n para Am\u00e9rica Latina (PCAL) del Vaticano, asegur\u00f3 en entrevista con T\u00e9lam que &#8220;la evangelizaci\u00f3n tiene que promover el desarrollo humano integral&#8221; en medio de &#8220;la urgencia que plantea la crisis socioambiental&#8221;.<\/p>\n\n\n\n<p>Designada por el papa Francisco en julio pasado, Cuda explic\u00f3 en su primera entrevista en el cargo cu\u00e1les ser\u00e1n los lineamientos de su gesti\u00f3n en la comisi\u00f3n creada en 1958 y que tiene como funci\u00f3n primordial la de &#8220;aconsejar y ayudar a las Iglesias particulares en Am\u00e9rica Latina&#8221;.<\/p>\n\n\n\n<p>&#8220;El papa Francisco dice que no se trata de levantar muros sino de construir puentes. Eso haremos, respondiendo a las necesidades de nuestras iglesias locales y al actual magisterio pontificio&#8221;, plante\u00f3 Cuda desde las oficinas de la PCAL en la romana Via della Conciliazione.<\/p>\n\n\n\n<p>&#8220;La integraci\u00f3n de Am\u00e9rica Latina al centro de la Curia Romana va m\u00e1s all\u00e1 de incluir su riqueza cultural. Recordemos que todo est\u00e1 conectado y que, como dijo el Papa al iniciar la pandemia, &#8216;nadie se salva solo'&#8221;, convoc\u00f3 la docente de teolog\u00eda en la Universidad Cat\u00f3lica Argentina (UCA) y en la Universidad Nacional Arturo Jauretche.<\/p>\n\n\n\n<p>&#8220;Por eso, el 62% de desempleo estructural mundial y el 46% de pobreza en nuestro continente tambi\u00e9n afecta el coraz\u00f3n de la Iglesia emocional y estructuralmente&#8221;, a\u00f1adi\u00f3.<\/p>\n\n\n\n<p>En ese marco, agravado por la pandemia, la jefa de oficina del organismo asegur\u00f3 que &#8220;del desempleo se sale con dignidad, no con recortes presupuestarios ni con deudas externas impagables&#8221;.<\/p>\n\n\n\n<p>&#8220;Ahora resulta que dignidad significa: derecho al trabajo creativo y protegido legalmente; soberan\u00eda regional sobre las riquezas naturales y tecnol\u00f3gicas; solidaridad institucionalizada como voz efectiva de los pobres, y democracia econ\u00f3mica hasta terminar con la simulaci\u00f3n entre la participaci\u00f3n y la decisi\u00f3n&#8221;, consider\u00f3.<\/p>\n\n\n\n<p>&#8220;Esos son, dichos de manera actualizada, los principios de la Doctrina Social de la Iglesia, y la PCAL colabora en la promoci\u00f3n de esos principios si se los piensa al centro de la tarea evangelizadora como promoci\u00f3n humana integral&#8221;, sostuvo.<\/p>\n\n\n\n<p>Seg\u00fan Cuda, su misi\u00f3n en el organismo vaticano estar\u00e1 destinada a &#8220;acompa\u00f1ar procesos de transici\u00f3n justa y sinodal que ya est\u00e1n en marcha&#8221;.<\/p>\n\n\n\n<p>&#8220;Las necesidades fueron expresadas por nuestro pueblo organizado en asambleas eclesiales y en movimientos populares, muchos de ellos de impronta cat\u00f3lica&#8221;, a\u00f1adi\u00f3.<\/p>\n\n\n\n<p>&#8220;Esas necesidades son: tierra, techo, trabajo, tecnolog\u00eda, participaci\u00f3n y reconocimiento&#8221;, desarroll\u00f3 luego.<\/p>\n\n\n\n<p>Para Cuda, en esos ejes &#8220;est\u00e1 dado el objetivo vital de toda misi\u00f3n pastoral hoy, ya discernido por los obispos latinoamericanos en Aparecida como cultura del encuentro&#8221;, plante\u00f3 en referencia a la reuni\u00f3n del episcopado continental de 2007.<\/p>\n\n\n\n<p>La misi\u00f3n, agreg\u00f3 tambi\u00e9n, fue &#8220;ratificada por el actual magisterio pontificio que nos dice c\u00f3mo hacerlo en sus catequesis sociales del 2020, que llevaron por t\u00edtulo &#8216;cuidar y sanar al mundo'&#8221;.<\/p>\n\n\n\n<p>En ese marco, Cuda advirti\u00f3 que, si bien la PCAL &#8220;es percibida como una oficina de control&#8221;, su misi\u00f3n est\u00e1 lejos de esa tarea.<\/p>\n\n\n\n<p>&#8220;Puede ser que, para algunas personas, partiendo de una idea distorsionada de lo que significa conformar una Iglesia, eso tenga sentido. Sin embargo, debe comprenderse como una comisi\u00f3n pontificia de comunicaci\u00f3n eclesial entre, por un lado, la Curia Romana y la Iglesia latinoamericana y, por otro lado, entre un pont\u00edfice y otro&#8221;, argument\u00f3.<\/p>\n\n\n\n<p>&#8220;Cuidar no significa controlar, pero tampoco puerilizar. Nuestros pueblos y pastores ya son adultos. Cuidar significa invertir, algo muy distinto de gastar&#8221;, plante\u00f3 luego.<\/p>\n\n\n\n<p>&#8220;Dicho de otro modo: la Agenda 2030 de la ONU, por ejemplo, se\u00f1ala 17 Objetivos de Desarrollo Sustentable (ODS), que deber\u00edan condicionar el destino de toda inversi\u00f3n si se pretende cuidar la vida en el planeta, algo central para la Iglesia a quien fue donada la creaci\u00f3n para su cuidado y desarrollo&#8221;, explic\u00f3.<\/p>\n\n\n\n<p>&#8220;Hay dos cosas importantes: primero, que la Agenda pone al centro el objetivo n\u00famero 8, &#8216;trabajo decente y desarrollo econ\u00f3mico&#8217;; y segundo, que la consigna de los ODS es que nadie quede atr\u00e1s&#8221;, destac\u00f3 durante la entrevista.<\/p>\n\n\n\n<p>Seg\u00fan Cuda, &#8220;eso tambi\u00e9n vale para la Iglesia Cat\u00f3lica&#8221;.<\/p>\n\n\n\n<p>Al organismo, a\u00f1adi\u00f3, &#8220;le compete colaborar con la evangelizaci\u00f3n en America Latina&#8221;.<\/p>\n\n\n\n<p>&#8220;Si entendemos por eso la construcci\u00f3n de la paz social justa como constitutivo de la construcci\u00f3n del Reino de los Cielos&#8221;, propuso, el aporte de la PCAL es &#8220;entonces, colaborar con nuestras di\u00f3cesis para que puedan evangelizar promoviendo esos criterios sociales construidos a partir de principios de fe cristianos&#8221;.<\/p>\n\n\n\n<p>Si eso se logra, &#8220;ya habremos hecho mucho por la comunidad creyente y por toda la familia humana, creyente o no, latinoamericana o no&#8221;, explic\u00f3.<\/p>\n\n\n\n<p>&#8220;Hay que ver, por ejemplo, que los ODS, sin ser de origen eclesial, tienen mucha similitud con el magisterio social, pero son casi desconocidos entre los cat\u00f3licos&#8221;, lament\u00f3 en ese marco.<\/p>\n\n\n\n<p>Para la tambi\u00e9n docente en la St. Thomas University de Estados Unidos, &#8220;tristemente, al d\u00eda de hoy, solo se ha cumplido con el 20% de los objetivos, y el 80% de eso son solo objetivos ambientales&#8221;.<\/p>\n\n\n\n<p>&#8220;Falta lo social. La crisis, como dice &#8220;Laudato si&#8221;, tiene ra\u00edz humana; y la salida pol\u00edtica, como dice &#8220;Fratelli tutti&#8221;, es el di\u00e1logo como mejor pol\u00edtica&#8221;, resalt\u00f3 luego, en referencia a las enc\u00edclicas que el Papa public\u00f3 en 2015 y 2020.<\/p>\n\n\n\n<p>As\u00ed, dentro de la estructura vaticana, la PCAL &#8220;har\u00e1 mas puentes&#8221;, adelant\u00f3.<\/p>\n\n\n\n<p>&#8220;Es necesario, dada la urgencia que plantea la crisis socioambiental, emprender un modo de trabajo creativo y colaborativo con comisiones, congregaciones y dicasterios&#8221;, reclam\u00f3 Cuda.<\/p>\n\n\n\n<p>Ese modo de trabajo, explic\u00f3, &#8220;se trata de aportar el saber acad\u00e9mico, popular, teol\u00f3gico, tecnol\u00f3gico y organizacional latinoamericano y caribe\u00f1os a la mesa de toma de decisi\u00f3n, no solo de la Curia Romana, sino tambi\u00e9n de otras Iglesias particulares en otros continentes, y aprender de ellas en el di\u00e1logo fraterno&#8221;.<\/p>\n\n\n\n<p>(Fuente: <a href=\"https:\/\/www.telam.com.ar\/\">Telam<\/a>)<\/p>\n","protected":false},"excerpt":{"rendered":"<p>La te\u00f3loga argentina Emilce Cuda, que asumi\u00f3 este viernes como jefa de Oficina de la Pontificia Comisi\u00f3n para Am\u00e9rica Latina (PCAL) del Vaticano, asegur\u00f3 en entrevista con T\u00e9lam que &#8220;la evangelizaci\u00f3n tiene que promover el desarrollo humano integral&#8221; en medio de &#8220;la urgencia que plantea la crisis socioambiental&#8221;. Designada por el papa Francisco en julio [&hellip;]<\/p>\n","protected":false},"author":2,"featured_media":122,"comment_status":"open","ping_status":"open","sticky":false,"template":"","format":"standard","meta":{"footnotes":""},"categories":[15],"tags":[23],"class_list":["post-121","post","type-post","status-publish","format-standard","has-post-thumbnail","hentry","category-entrevistas","tag-vaticano"],"_links":{"self":[{"href":"https:\/\/noticiassaludables.com.ar\/index.php?rest_route=\/wp\/v2\/posts\/121","targetHints":{"allow":["GET"]}}],"collection":[{"href":"https:\/\/noticiassaludables.com.ar\/index.php?rest_route=\/wp\/v2\/posts"}],"about":[{"href":"https:\/\/noticiassaludables.com.ar\/index.php?rest_route=\/wp\/v2\/types\/post"}],"author":[{"embeddable":true,"href":"https:\/\/noticiassaludables.com.ar\/index.php?rest_route=\/wp\/v2\/users\/2"}],"replies":[{"embeddable":true,"href":"https:\/\/noticiassaludables.com.ar\/index.php?rest_route=%2Fwp%2Fv2%2Fcomments&post=121"}],"version-history":[{"count":1,"href":"https:\/\/noticiassaludables.com.ar\/index.php?rest_route=\/wp\/v2\/posts\/121\/revisions"}],"predecessor-version":[{"id":123,"href":"https:\/\/noticiassaludables.com.ar\/index.php?rest_route=\/wp\/v2\/posts\/121\/revisions\/123"}],"wp:featuredmedia":[{"embeddable":true,"href":"https:\/\/noticiassaludables.com.ar\/index.php?rest_route=\/wp\/v2\/media\/122"}],"wp:attachment":[{"href":"https:\/\/noticiassaludables.com.ar\/index.php?rest_route=%2Fwp%2Fv2%2Fmedia&parent=121"}],"wp:term":[{"taxonomy":"category","embeddable":true,"href":"https:\/\/noticiassaludables.com.ar\/index.php?rest_route=%2Fwp%2Fv2%2Fcategories&post=121"},{"taxonomy":"post_tag","embeddable":true,"href":"https:\/\/noticiassaludables.com.ar\/index.php?rest_route=%2Fwp%2Fv2%2Ftags&post=121"}],"curies":[{"name":"wp","href":"https:\/\/api.w.org\/{rel}","templated":true}]}}