{"id":1211,"date":"2024-04-22T10:31:11","date_gmt":"2024-04-22T13:31:11","guid":{"rendered":"https:\/\/noticiassaludables.com.ar\/?p=1211"},"modified":"2024-04-22T10:31:11","modified_gmt":"2024-04-22T13:31:11","slug":"semana-de-los-trastornos-gastrointestinales-funcionales","status":"publish","type":"post","link":"https:\/\/noticiassaludables.com.ar\/?p=1211","title":{"rendered":"Semana de los Trastornos Gastrointestinales Funcionales"},"content":{"rendered":"\n<p>Del 22 al 28 de abril se conmemora la Semana de los Trastornos Gastrointestinales Funcionales, la principal causa de consulta con el pediatra. C\u00f3mo prevenirlos<\/p>\n\n\n\n<p>Hay pocas cosas comparables con la\u00a0<strong>angustia<\/strong>\u00a0y la\u00a0<strong>preocupaci\u00f3n<\/strong>\u00a0de los padres que ven llorar desconsoladamente a sus beb\u00e9s y no saben qu\u00e9 hacer ante los<strong>\u00a0c\u00f3licos<\/strong>, las\u00a0<strong>regurgitaciones<\/strong>\u00a0y la\u00a0<strong>constipaci\u00f3n<\/strong>. Estas alteraciones transitorias son algunos de los\u00a0<a href=\"https:\/\/www.infobae.com\/salud\/2023\/04\/21\/colicos-regurgitacion-y-constipacion-como-tratar-los-trastornos-digestivos-que-afectan-a-los-bebes\/\" target=\"_blank\" rel=\"noreferrer noopener\"><strong>Trastornos Gastrointestinales Funcionales<\/strong><\/a><strong>\u00a0(TDF)<\/strong>\u00a0m\u00e1s frecuentes en menores de 6 meses, que afectan la calidad de vida del beb\u00e9 y sus cuidadores.<a href=\"https:\/\/www.infobae.com\/salud\/2024\/04\/22\/cuales-son-los-sintomas-del-cancer-de-colon-y-que-senales-de-alerta-hay-que-tener-en-cuenta\/\" target=\"_blank\" rel=\"noreferrer noopener\"><\/a><\/p>\n\n\n\n<p><a href=\"https:\/\/www.infobae.com\/salud\/2024\/04\/22\/cuales-son-los-sintomas-del-cancer-de-colon-y-que-senales-de-alerta-hay-que-tener-en-cuenta\/\" target=\"_blank\" rel=\"noreferrer noopener\"><\/a><\/p>\n\n\n\n<p>Seg\u00fan los expertos,&nbsp;<strong>uno de cada dos beb\u00e9s<\/strong>&nbsp;<strong>lactantes&nbsp;<\/strong>experimenta al menos uno de estos trastornos. Si bien no son causados por alteraciones estructurales ni fallas org\u00e1nicas o enfermedades, requieren de una&nbsp;<strong>evaluaci\u00f3n pedi\u00e1trica<\/strong>&nbsp;precisa para su manejo y cada uno de los s\u00edntomas demandan atenci\u00f3n y comprensi\u00f3n.<\/p>\n\n\n\n<p>\u201cEl llanto es la manera que tienen los beb\u00e9s de expresar hambre, deseo de contacto humano, malestares o dolor, y est\u00e1 demostrado que pueden experimentar est\u00edmulos dolorosos con m\u00e1s intensidad. Entonces, no poder calmar su llanto puede generar estr\u00e9s, frustraci\u00f3n, impotencia y culpa en los padres\u201d, explic\u00f3 la&nbsp;<strong>Dra. Silvina Balbarrey&nbsp;<\/strong>(M.N. 10.015)<em>,&nbsp;<\/em>m\u00e9dica pediatra gastroenter\u00f3loga.<\/p>\n\n\n\n<p><a href=\"https:\/\/www.infobae.com\/salud\/2024\/04\/22\/desde-julio-la-receta-electronica-sera-obligatoria-en-todo-el-pais-para-comprar-medicamentos\/\" target=\"_blank\" rel=\"noreferrer noopener\"><\/a><\/p>\n\n\n\n<p><a href=\"https:\/\/www.infobae.com\/salud\/2024\/04\/22\/desde-julio-la-receta-electronica-sera-obligatoria-en-todo-el-pais-para-comprar-medicamentos\/\" target=\"_blank\" rel=\"noreferrer noopener\"><\/a><\/p>\n\n\n\n<p>S\u00edntomas como&nbsp;<strong>irritabilidad<\/strong>&nbsp;y&nbsp;<strong>dolor<\/strong>&nbsp;van a ser parte de la escena, lo importante es saber qu\u00e9 les est\u00e1 pasando. \u00bfQu\u00e9 hay detr\u00e1s?<\/p>\n\n\n\n<p><img loading=\"lazy\" decoding=\"async\" alt=\"Los c\u00f3licos, la regurgitaci\u00f3n y la constipaci\u00f3n funcional son algunos de los transtornos gastrointestinales m\u00e1s frecuentes (Getty Images)\" height=\"5773\" width=\"8660\" class=\"\" src=\"https:\/\/www.infobae.com\/new-resizer\/To463FrSqs27QG_lrk2yHcsEYCk=\/420x280\/filters:format(webp):quality(85)\/cloudfront-us-east-1.images.arcpublishing.com\/infobae\/UEVRBBORXZGZZERJTG7CPPX5SQ.jpg%20420w\" srcset=\"https:\/\/www.infobae.com\/new-resizer\/To463FrSqs27QG_lrk2yHcsEYCk=\/420x280\/filters:format(webp):quality(85)\/cloudfront-us-east-1.images.arcpublishing.com\/infobae\/UEVRBBORXZGZZERJTG7CPPX5SQ.jpg 420w,https:\/\/www.infobae.com\/new-resizer\/j47Q5a0iZTfO76douUnMyfk5fG4=\/768x512\/filters:format(webp):quality(85)\/cloudfront-us-east-1.images.arcpublishing.com\/infobae\/UEVRBBORXZGZZERJTG7CPPX5SQ.jpg 768w,https:\/\/www.infobae.com\/new-resizer\/ZCoIBpfU5ddELAk1zjHeJA9jLqQ=\/992x661\/filters:format(webp):quality(85)\/cloudfront-us-east-1.images.arcpublishing.com\/infobae\/UEVRBBORXZGZZERJTG7CPPX5SQ.jpg 992w,https:\/\/www.infobae.com\/new-resizer\/qek3jIPirSzY8uglKmB4BevJD8w=\/1200x800\/filters:format(webp):quality(85)\/cloudfront-us-east-1.images.arcpublishing.com\/infobae\/UEVRBBORXZGZZERJTG7CPPX5SQ.jpg 1200w,https:\/\/www.infobae.com\/new-resizer\/4bmmuC0PV648QVrWgbGCNdu-vm4=\/1440x960\/filters:format(webp):quality(85)\/cloudfront-us-east-1.images.arcpublishing.com\/infobae\/UEVRBBORXZGZZERJTG7CPPX5SQ.jpg 1440w\">Los c\u00f3licos, la regurgitaci\u00f3n y la constipaci\u00f3n funcional son algunos de los transtornos gastrointestinales m\u00e1s frecuentes (Getty Images)<\/p>\n\n\n\n<p>Los&nbsp;<strong>trastornos gastrointestinales<\/strong>&nbsp;en reci\u00e9n nacidos y en ni\u00f1os\/as menores de 4 a\u00f1os pueden ser:<\/p>\n\n\n\n<p><a href=\"https:\/\/www.infobae.com\/salud\/2024\/04\/22\/que-pasa-en-el-cuerpo-cuando-me-falta-vitamina-b12\/\" target=\"_blank\" rel=\"noreferrer noopener\"><\/a><\/p>\n\n\n\n<ol class=\"wp-block-list\">\n<li><strong>C\u00f3licos:\u00a0<\/strong>afectan al 20% de los lactantes, seg\u00fan un\u00a0<a href=\"https:\/\/www.ncbi.nlm.nih.gov\/pmc\/articles\/PMC4631121\/\" target=\"_blank\" rel=\"noreferrer noopener\"><em>estudio<\/em><\/a>\u00a0yson cuadros intensos de llanto sin consuelo, que suelen presentarse durante las tarde-noches y que inician y finalizan espont\u00e1neamente, sin causa aparente. Estos episodios afectan principalmente a lactantes entre su\u00a0<strong>primer y cuarto mes de vida<\/strong>, tendiendo a resolverse alrededor de los 4 o 5 meses.<\/li>\n\n\n\n<li><strong>Regurgitaci\u00f3n:\u00a0<\/strong>seg\u00fan una\u00a0<a href=\"https:\/\/pubmed.ncbi.nlm.nih.gov\/32446468\/\" target=\"_blank\" rel=\"noreferrer noopener\"><em>investigaci\u00f3n<\/em><\/a>, afecta al 30% de los lactantes eimplica el retorno involuntario del contenido g\u00e1strico hasta la boca o nariz del beb\u00e9, m\u00e1s frecuente entre los 2 y 4 meses de edad. Factores como la t\u00e9cnica de alimentaci\u00f3n inadecuada y la sobrealimentaci\u00f3n pueden predisponer a este trastorno. Ante casos persistentes, los profesionales de la salud recomiendan ajustes en la alimentaci\u00f3n, incluyendo la adopci\u00f3n de f\u00f3rmulas extensamente hidrolizadas, si es necesario, para mejorar los s\u00edntomas.<\/li>\n\n\n\n<li><strong>Constipaci\u00f3n funcional:\u00a0<\/strong>un\u00a0<a href=\"https:\/\/pubmed.ncbi.nlm.nih.gov\/29266391\/\" target=\"_blank\" rel=\"noreferrer noopener\"><em>estudio transversal<\/em><\/a>\u00a0arroj\u00f3 que el 15% de los lactantes se ven afectados por ella.Caracterizada por la retenci\u00f3n voluntaria de heces debido a miedo o incomodidad al evacuar, representa otro reto para padres y cuidadores. En ocasiones se la relaciona con la\u00a0<strong>disquecia<\/strong>, donde el beb\u00e9 no logra evacuar tras un esfuerzo considerable y suele condicionar\u00a0<strong>estre\u00f1imiento cr\u00f3nico<\/strong>. Proporcionar un ambiente tranquilizador y seguir las recomendaciones m\u00e9dicas para restablecer un patr\u00f3n regular de evacuaci\u00f3n son fundamentales.<\/li>\n<\/ol>\n\n\n\n<p>Sobre este punto, la&nbsp;<strong>Dra. Ingrid Gerold&nbsp;<\/strong>(M.N.80.121), m\u00e9dica pediatra y especialista en&nbsp;<strong>microbiota<\/strong>, remarc\u00f3 que\u201cla evaluaci\u00f3n del pediatra es fundamental, ya que el diagn\u00f3stico de estos malestares es cl\u00ednico, de hecho son situaciones fisiol\u00f3gicas determinadas por la edad; y en aquellos casos en que el pediatra lo considere necesario, derivar\u00e1 el paciente a un gastroenter\u00f3logo pediatra y lo seguir\u00e1n en forma coordinada y multidisciplinaria\u201d.<\/p>\n\n\n\n<h2 class=\"wp-block-heading\">La lactancia materna, la clave<\/h2>\n\n\n\n<p><img loading=\"lazy\" decoding=\"async\" alt=\"La lactancia materna es una de las claves para prevenir los transtornos gastrointestinales funcionales de los beb\u00e9s (Freepik)\" height=\"5327\" width=\"7990\" class=\"\" src=\"https:\/\/www.infobae.com\/new-resizer\/X6RUce-3RbfUGDM2L3iFecv_7s0=\/420x280\/filters:format(webp):quality(85)\/cloudfront-us-east-1.images.arcpublishing.com\/infobae\/7OH6CJ4L55GFFAFP6RP4EUV7Z4.jpg%20420w\" srcset=\"https:\/\/www.infobae.com\/new-resizer\/X6RUce-3RbfUGDM2L3iFecv_7s0=\/420x280\/filters:format(webp):quality(85)\/cloudfront-us-east-1.images.arcpublishing.com\/infobae\/7OH6CJ4L55GFFAFP6RP4EUV7Z4.jpg 420w,https:\/\/www.infobae.com\/new-resizer\/jrebUfXNRMjksoI89Frn99E-hq8=\/768x512\/filters:format(webp):quality(85)\/cloudfront-us-east-1.images.arcpublishing.com\/infobae\/7OH6CJ4L55GFFAFP6RP4EUV7Z4.jpg 768w,https:\/\/www.infobae.com\/new-resizer\/gt66Nlt1TkSMOhpMDd5Ugt46pWk=\/992x661\/filters:format(webp):quality(85)\/cloudfront-us-east-1.images.arcpublishing.com\/infobae\/7OH6CJ4L55GFFAFP6RP4EUV7Z4.jpg 992w,https:\/\/www.infobae.com\/new-resizer\/sSOOc9mQIeXVU9y_8CAgtz0RpLk=\/1200x800\/filters:format(webp):quality(85)\/cloudfront-us-east-1.images.arcpublishing.com\/infobae\/7OH6CJ4L55GFFAFP6RP4EUV7Z4.jpg 1200w,https:\/\/www.infobae.com\/new-resizer\/3gVhmZ80rsrf1ho38dG2aVprztU=\/1440x960\/filters:format(webp):quality(85)\/cloudfront-us-east-1.images.arcpublishing.com\/infobae\/7OH6CJ4L55GFFAFP6RP4EUV7Z4.jpg 1440w\">La lactancia materna es una de las claves para prevenir los transtornos gastrointestinales funcionales de los beb\u00e9s (Freepik)<\/p>\n\n\n\n<p>Sostener la&nbsp;<strong>lactancia materna<\/strong>, siempre que sea posible, es la clave para el manejo de estos malestares. Seg\u00fan se\u00f1al\u00f3 la Dra. Balbarrey, \u201cla lactancia es la mejor medida contra la regurgitaci\u00f3n, pero debe adoptarse una t\u00e9cnica adecuada, corrigiendo frecuencia y volumen de las tomas\u201d.<\/p>\n\n\n\n<p>En este sentido, la Dra. Gerold recomend\u00f3 \u201cpriorizar la lactancia materna, que -entre muchos otros beneficios- contribuye a la maduraci\u00f3n del sistema digestivo y al desarrollo de una microbiota intestinal saludable\u201d<\/p>\n\n\n\n<p>\u00bfQu\u00e9 sucede sin los s\u00edntomas de estos trastornos a\u00fan persisten? \u201cHay que considerar la existencia de otros signos y s\u00edntomas vinculados con la&nbsp;<strong>alergia a la prote\u00edna de la leche de vaca<\/strong>&nbsp;y, en ese caso, indicar dieta de exclusi\u00f3n de la madre si da el pecho. A las 4-6 semanas, realizar el test de provocaci\u00f3n reintroduciendo el ant\u00edgeno, para confirmar o descartar ese diagn\u00f3stico\u201d, advirti\u00f3 la Dra. Balbarrey.<\/p>\n\n\n\n<p>Sin embargo, para algunos casos los pediatras y especialistas indican&nbsp;<strong>f\u00f3rmulas infantiles<\/strong>&nbsp;espec\u00edficamente dise\u00f1adas para su tratamiento, tambi\u00e9n conocidas como \u201c<strong>leches especiales<\/strong>\u201d.<\/p>\n\n\n\n<p><img loading=\"lazy\" decoding=\"async\" alt=\"Las leches medicamentosas o f\u00f3rmulas infantiles tambi\u00e9n son indicadas por pediatras para resolver casos espec\u00edficos de trastornos gastrointestinales\n(iStock)\" height=\"1079\" width=\"1920\" class=\"\" src=\"https:\/\/www.infobae.com\/new-resizer\/9Ut0ngHkrUYIBI74wBG3OP3NKqM=\/420x236\/filters:format(webp):quality(85)\/cloudfront-us-east-1.images.arcpublishing.com\/infobae\/UJI5DBK6S5BT5PTWNR3CFPOM3M.jpg%20420w\" srcset=\"https:\/\/www.infobae.com\/new-resizer\/9Ut0ngHkrUYIBI74wBG3OP3NKqM=\/420x236\/filters:format(webp):quality(85)\/cloudfront-us-east-1.images.arcpublishing.com\/infobae\/UJI5DBK6S5BT5PTWNR3CFPOM3M.jpg 420w,https:\/\/www.infobae.com\/new-resizer\/0uuljpSpuM_1w44cS-oFNlKfu6I=\/768x432\/filters:format(webp):quality(85)\/cloudfront-us-east-1.images.arcpublishing.com\/infobae\/UJI5DBK6S5BT5PTWNR3CFPOM3M.jpg 768w,https:\/\/www.infobae.com\/new-resizer\/ixQxgWCOAB96dIqcSI6Z8BkOVOw=\/992x558\/filters:format(webp):quality(85)\/cloudfront-us-east-1.images.arcpublishing.com\/infobae\/UJI5DBK6S5BT5PTWNR3CFPOM3M.jpg 992w,https:\/\/www.infobae.com\/new-resizer\/umFm2-s1dI8AMviLxgWcn52YNVY=\/1200x675\/filters:format(webp):quality(85)\/cloudfront-us-east-1.images.arcpublishing.com\/infobae\/UJI5DBK6S5BT5PTWNR3CFPOM3M.jpg 1200w,https:\/\/www.infobae.com\/new-resizer\/NSSqplPMjv0pospd8vgDYqu5mtk=\/1440x810\/filters:format(webp):quality(85)\/cloudfront-us-east-1.images.arcpublishing.com\/infobae\/UJI5DBK6S5BT5PTWNR3CFPOM3M.jpg 1440w\">Las leches medicamentosas o f\u00f3rmulas infantiles tambi\u00e9n son indicadas por pediatras para resolver casos espec\u00edficos de trastornos gastrointestinales (iStock)<\/p>\n\n\n\n<p>En Argentina, la&nbsp;<strong>ley de leches medicamentosas<\/strong>&nbsp;(N\u00b0 27.305) establece que las obras sociales, las prepagas o el Estado deben garantizar la cobertura gratuita al 100% de las f\u00f3rmulas infantiles que est\u00e1n indicadas para el tratamiento de estos trastornos gastrointestinales funcionales.<\/p>\n\n\n\n<p>Los expertos indicaron que las obras sociales y prepagas no respetan la normativa vigente al negar, postergar o limitar la provisi\u00f3n requerida de estas leches medicamentosas, pasando por alto el derecho fundamental a la salud de innumerables infantes menores de un a\u00f1o.<\/p>\n\n\n\n<p>\u201cNing\u00fan ni\u00f1o o ni\u00f1a que necesite este tipo de f\u00f3rmulas deber\u00eda quedarse sin recibirlas por problemas de acceso, habiendo una ley sancionada y vigente. Estas deben ser administradas durante todo el tiempo que el lactante las necesite y que el profesional de la salud as\u00ed lo indique. Lamentablemente, es habitual que&nbsp;<strong>entreguen menos producto que el requerido<\/strong>&nbsp;para cubrir cada mes, que rechacen solicitudes exigiendo documentaci\u00f3n innecesaria que solo busca dilatar o, directamente, que no den respuestas a reiterados reclamos\u201d, sostuvo&nbsp;<strong>Sandra del Hoyo<\/strong>, Presidenta Honoraria y Fundadora de RedInmunos.<\/p>\n\n\n\n<p>Al respecto, la Dra. Gerold hizo referencia a otras claves para manejar estos trastornos, adem\u00e1s de la indicaci\u00f3n de las f\u00f3rmulas. La pediatra especific\u00f3 que \u201casesorar a los padres o cuidadores para que tomen medidas que reduzcan los s\u00edntomas y eviten factores predisponentes\u201d.<\/p>\n\n\n\n<p>En los casos de los beb\u00e9s alimentados con f\u00f3rmula y s\u00edntomas persistentes, \u201cdebe considerarse cambiar hacia una f\u00f3rmula extensamente hidrolizada, primero, y, si no mejora, hacia una f\u00f3rmula (medicamentosa) antirreflujo\u201d, dijo la Dra. Balbarrey.<\/p>\n\n\n\n<p>Fuente: <a href=\"https:\/\/www.infobae.com\/salud\/2024\/04\/22\/el-50-de-los-bebes-menores-de-6-meses-sufren-colicos-regurgitaciones-y-constipacion-cual-es-la-solucion-segun-los-expertos\/\">https:\/\/www.infobae.com\/salud\/2024\/04\/22\/el-50-de-los-bebes-menores-de-6-meses-sufren-colicos-regurgitaciones-y-constipacion-cual-es-la-solucion-segun-los-expertos\/<\/a><\/p>\n","protected":false},"excerpt":{"rendered":"<p>Del 22 al 28 de abril se conmemora la Semana de los Trastornos Gastrointestinales Funcionales, la principal causa de consulta con el pediatra. C\u00f3mo prevenirlos Hay pocas cosas comparables con la\u00a0angustia\u00a0y la\u00a0preocupaci\u00f3n\u00a0de los padres que ven llorar desconsoladamente a sus beb\u00e9s y no saben qu\u00e9 hacer ante los\u00a0c\u00f3licos, las\u00a0regurgitaciones\u00a0y la\u00a0constipaci\u00f3n. Estas alteraciones transitorias son algunos [&hellip;]<\/p>\n","protected":false},"author":3,"featured_media":1212,"comment_status":"open","ping_status":"open","sticky":false,"template":"","format":"standard","meta":{"footnotes":""},"categories":[3,5],"tags":[613],"class_list":["post-1211","post","type-post","status-publish","format-standard","has-post-thumbnail","hentry","category-principal","category-salud","tag-semana-de-los-trastornos-gastrointestinales-funcionales"],"_links":{"self":[{"href":"https:\/\/noticiassaludables.com.ar\/index.php?rest_route=\/wp\/v2\/posts\/1211","targetHints":{"allow":["GET"]}}],"collection":[{"href":"https:\/\/noticiassaludables.com.ar\/index.php?rest_route=\/wp\/v2\/posts"}],"about":[{"href":"https:\/\/noticiassaludables.com.ar\/index.php?rest_route=\/wp\/v2\/types\/post"}],"author":[{"embeddable":true,"href":"https:\/\/noticiassaludables.com.ar\/index.php?rest_route=\/wp\/v2\/users\/3"}],"replies":[{"embeddable":true,"href":"https:\/\/noticiassaludables.com.ar\/index.php?rest_route=%2Fwp%2Fv2%2Fcomments&post=1211"}],"version-history":[{"count":1,"href":"https:\/\/noticiassaludables.com.ar\/index.php?rest_route=\/wp\/v2\/posts\/1211\/revisions"}],"predecessor-version":[{"id":1213,"href":"https:\/\/noticiassaludables.com.ar\/index.php?rest_route=\/wp\/v2\/posts\/1211\/revisions\/1213"}],"wp:featuredmedia":[{"embeddable":true,"href":"https:\/\/noticiassaludables.com.ar\/index.php?rest_route=\/wp\/v2\/media\/1212"}],"wp:attachment":[{"href":"https:\/\/noticiassaludables.com.ar\/index.php?rest_route=%2Fwp%2Fv2%2Fmedia&parent=1211"}],"wp:term":[{"taxonomy":"category","embeddable":true,"href":"https:\/\/noticiassaludables.com.ar\/index.php?rest_route=%2Fwp%2Fv2%2Fcategories&post=1211"},{"taxonomy":"post_tag","embeddable":true,"href":"https:\/\/noticiassaludables.com.ar\/index.php?rest_route=%2Fwp%2Fv2%2Ftags&post=1211"}],"curies":[{"name":"wp","href":"https:\/\/api.w.org\/{rel}","templated":true}]}}