{"id":1214,"date":"2024-04-22T11:04:53","date_gmt":"2024-04-22T14:04:53","guid":{"rendered":"https:\/\/noticiassaludables.com.ar\/?p=1214"},"modified":"2024-04-22T11:04:54","modified_gmt":"2024-04-22T14:04:54","slug":"de-maestros-ciudad-y-yunga-en-una-potente-muestra-de-pintura-tucumana","status":"publish","type":"post","link":"https:\/\/noticiassaludables.com.ar\/?p=1214","title":{"rendered":"De maestros, ciudad y yunga, en una potente muestra de pintura tucumana"},"content":{"rendered":"\n<p>El Museo de Arte Contempor\u00e1neo de La Boca presenta \u201cLa funci\u00f3n de la utop\u00eda\u201d, en la que re\u00fane obra de artistas contempor\u00e1neos de la provincia en di\u00e1logo con piezas de la Colecci\u00f3n<\/p>\n\n\n\n<p>Durante 1948,\u00a0<strong>Lino Enea Spilimbergo<\/strong>\u00a0lleg\u00f3 a Tucum\u00e1n para hacerse cargo de la c\u00e1tedra de pintura del Instituto Nacional de Artes (INA) de la Universidad, momento que se considera fundante de la escena provincial que empezar\u00eda a desarrollarse, y que tuvo, entre otros alumnos, a<strong>\u00a0Carlos Alonso<\/strong>.<a href=\"https:\/\/www.infobae.com\/cultura\/2024\/04\/22\/la-belleza-de-la-semana-6-cuadros-donde-la-musica-es-protagonista\/\" target=\"_blank\" rel=\"noreferrer noopener\"><\/a><\/p>\n\n\n\n<p><a href=\"https:\/\/www.infobae.com\/cultura\/2024\/04\/22\/la-belleza-de-la-semana-6-cuadros-donde-la-musica-es-protagonista\/\" target=\"_blank\" rel=\"noreferrer noopener\"><\/a><\/p>\n\n\n\n<p>Este momento, casi m\u00edtico, se homenajea en el inicio de la exposici\u00f3n&nbsp;<em><strong>La funci\u00f3n de la utop\u00eda<\/strong><\/em>, que en el&nbsp;<strong>Museo de Arte Contempor\u00e1neo de La Boca&nbsp;<\/strong>(MARCO) mixtura obras de artistas contempor\u00e1neos de la provincia con el acervo de la colecci\u00f3n de la&nbsp;<strong>Fundaci\u00f3n Tres Pinos<\/strong>. All\u00ed, entonces, a modo de bienvenida, se pueden ver uno de los tantos retratos realizados por Alonso de quien fuera su maestro, al lado de de otro realizado por uno de los grandes maestros del arte argentino.<\/p>\n\n\n\n<p>\u201cSon artistas que no tienen tanta llegada a Buenos Aires, pero que en Tucum\u00e1n y en el NOA tienen una presencia, junto a otros tucumanos que ya est\u00e1n insertos en el circuito de la Ciudad. Me pareci\u00f3 interesante mostrar el tema de la pintura en la provincia, que sigue siendo muy potente. Son artistas que tienen mucha t\u00e9cnica, pero que tambi\u00e9n est\u00e1n desarrollando conceptos.\u201d, explic\u00f3&nbsp;<strong>Cecilia Quinteros Macci\u00f3<\/strong>, curadora, a&nbsp;<strong>Infobae Cultura<\/strong>.<\/p>\n\n\n\n<p><a href=\"https:\/\/www.infobae.com\/cultura\/2024\/04\/22\/unas-fichas-a-la-feria-del-libro-aunque\/\" target=\"_blank\" rel=\"noreferrer noopener\"><\/a><\/p>\n\n\n\n<p><img loading=\"lazy\" decoding=\"async\" alt=\"La exhibici\u00f3n mixtura obras de artistas contempor\u00e1neos de Tucum\u00e1n con obras del acervo de la colecci\u00f3n de la Fundaci\u00f3n Tres Pinos\" height=\"1080\" width=\"1920\" class=\"\" src=\"https:\/\/www.infobae.com\/new-resizer\/NI7WhlCJ0V64AeAqPmNOYQr9Ngg=\/420x236\/filters:format(webp):quality(85)\/cloudfront-us-east-1.images.arcpublishing.com\/infobae\/63TRYKT2JJFABGO3ZLMBTL55VE.jpg%20420w\" srcset=\"https:\/\/www.infobae.com\/new-resizer\/NI7WhlCJ0V64AeAqPmNOYQr9Ngg=\/420x236\/filters:format(webp):quality(85)\/cloudfront-us-east-1.images.arcpublishing.com\/infobae\/63TRYKT2JJFABGO3ZLMBTL55VE.jpg 420w,https:\/\/www.infobae.com\/new-resizer\/nEXbvg5CEs2n-A47SwLPWllUG-k=\/768x432\/filters:format(webp):quality(85)\/cloudfront-us-east-1.images.arcpublishing.com\/infobae\/63TRYKT2JJFABGO3ZLMBTL55VE.jpg 768w,https:\/\/www.infobae.com\/new-resizer\/tx5ox4_JlSWwqzGhJA8L8EQfvmc=\/992x558\/filters:format(webp):quality(85)\/cloudfront-us-east-1.images.arcpublishing.com\/infobae\/63TRYKT2JJFABGO3ZLMBTL55VE.jpg 992w,https:\/\/www.infobae.com\/new-resizer\/omYeAx--StJedW0yWXOop50qm_o=\/1200x675\/filters:format(webp):quality(85)\/cloudfront-us-east-1.images.arcpublishing.com\/infobae\/63TRYKT2JJFABGO3ZLMBTL55VE.jpg 1200w,https:\/\/www.infobae.com\/new-resizer\/6r4UkXzj48JpSpB5xNG-deqH0Tc=\/1440x810\/filters:format(webp):quality(85)\/cloudfront-us-east-1.images.arcpublishing.com\/infobae\/63TRYKT2JJFABGO3ZLMBTL55VE.jpg 1440w\">La exhibici\u00f3n mixtura obras de artistas contempor\u00e1neos de Tucum\u00e1n con obras del acervo de la colecci\u00f3n de la Fundaci\u00f3n Tres Pinos<\/p>\n\n\n\n<p>Y agreg\u00f3 sobre el trabajo con la Colecci\u00f3n: \u201cLe prest\u00e9 atenci\u00f3n a lo que ten\u00edan vinculado a Tucum\u00e1n. Por eso, la primera obra con la que pens\u00e9 fue el retrato de Alonso de Spilimbergo, porque est\u00e1 vinculado a la historia de c\u00f3mo se fue creando nuestro escenario art\u00edstico\u201d.<\/p>\n\n\n\n<p>La exposici\u00f3n est\u00e1 centrada en la pintura y no en textiles o escultura, como se podr\u00eda esperar a priori, y adem\u00e1s se despliegan piezas de\u00a0<strong>Berni<\/strong>,\u00a0<strong>Eduardo Audivert<\/strong>\u00a0(tambi\u00e9n alumno de Spilimbergo en el INA),\u00a0<strong>Marcia Schvartz<\/strong>,\u00a0<strong>Luis Felipe No\u00e9<\/strong>,\u00a0<strong>Josefina Robirosa<\/strong>\u00a0junto a tucumanos de distintas \u00e9pocas como\u00a0<strong>Osorio Luque<\/strong>,\u00a0<strong>Demetrio Iramain<\/strong>,\u00a0<strong>Gabriel Chaile<\/strong>,\u00a0<strong>Eugenia Correa<\/strong>,\u00a0<strong>Sandro Pereira<\/strong>,\u00a0<strong>Carlos Alcalde<\/strong>,\u00a0<strong>Alfredo Fr\u00edas<\/strong>,\u00a0<strong>Valeria Maggi<\/strong>,\u00a0<strong>Nelson Velardez Lai<\/strong>,\u00a0<strong>RUIDO<\/strong>,\u00a0<strong>Lautaro Sotelo<\/strong>,\u00a0<strong>Maria Rosa Mamana<\/strong>\u00a0y\u00a0<strong>Emiliano D \u0301Amato Mateo<\/strong>.<a href=\"https:\/\/www.infobae.com\/cultura\/2024\/04\/22\/como-matisse-pinto-el-mar-tan-azul-que-dan-ganas-de-comerselo\/\" target=\"_blank\" rel=\"noreferrer noopener\"><\/a><\/p>\n\n\n\n<p><a href=\"https:\/\/www.infobae.com\/cultura\/2024\/04\/22\/como-matisse-pinto-el-mar-tan-azul-que-dan-ganas-de-comerselo\/\" target=\"_blank\" rel=\"noreferrer noopener\"><\/a><\/p>\n\n\n\n<p>Una de las figuras de las que m\u00e1s obras se presentan es&nbsp;<strong>Carlos Alcalde<\/strong>, \u201cconsiderado el \u00faltimo maestro tucumano de artistas\u201d. \u201c\u00c9l no terminaba de ser muy tradicional, tampoco tan contempor\u00e1neo, pero siempre se sal\u00eda de los bordes. Y un poco eso es lo que ha ido transmitiendo algunos artistas que est\u00e1n ac\u00e1\u201d, dijo Quinteros Macci\u00f3.<\/p>\n\n\n\n<p><img loading=\"lazy\" decoding=\"async\" alt=\"Obra de Carlos Alcalde\" height=\"1080\" width=\"1920\" class=\"\" src=\"https:\/\/www.infobae.com\/new-resizer\/v3-GEE8Cv37cPQSipp0bLiEM1e8=\/420x236\/filters:format(webp):quality(85)\/cloudfront-us-east-1.images.arcpublishing.com\/infobae\/57B3BJYFCFFJJP6PZZ4237QX6Q.jpg%20420w\" srcset=\"https:\/\/www.infobae.com\/new-resizer\/v3-GEE8Cv37cPQSipp0bLiEM1e8=\/420x236\/filters:format(webp):quality(85)\/cloudfront-us-east-1.images.arcpublishing.com\/infobae\/57B3BJYFCFFJJP6PZZ4237QX6Q.jpg 420w,https:\/\/www.infobae.com\/new-resizer\/KxsIr39GSEWF_nKZqgwt5Pgg7c0=\/768x432\/filters:format(webp):quality(85)\/cloudfront-us-east-1.images.arcpublishing.com\/infobae\/57B3BJYFCFFJJP6PZZ4237QX6Q.jpg 768w,https:\/\/www.infobae.com\/new-resizer\/WTlTTJZoNGCqTtiNGYCz5HLYJWc=\/992x558\/filters:format(webp):quality(85)\/cloudfront-us-east-1.images.arcpublishing.com\/infobae\/57B3BJYFCFFJJP6PZZ4237QX6Q.jpg 992w,https:\/\/www.infobae.com\/new-resizer\/2FegUVWXAZamIWvfGJfYPcRSbtw=\/1200x675\/filters:format(webp):quality(85)\/cloudfront-us-east-1.images.arcpublishing.com\/infobae\/57B3BJYFCFFJJP6PZZ4237QX6Q.jpg 1200w,https:\/\/www.infobae.com\/new-resizer\/-ulAQahKR0rcsyp9i2b1duu6Htg=\/1440x810\/filters:format(webp):quality(85)\/cloudfront-us-east-1.images.arcpublishing.com\/infobae\/57B3BJYFCFFJJP6PZZ4237QX6Q.jpg 1440w\">Obra de Carlos Alcalde<\/p>\n\n\n\n<p>\u201cHay piezas de los 80 y de los 2000. Su legado es de toda una obra muy propia, muy \u00edntima, pero al mismo tiempo tiene una tem\u00e1tica s\u00faper amplia, utilizando mucho el collage, el tema de la imagen, del retrato. Es un artista muy existencialista y cuenta a trav\u00e9s de su obra la historia argentina y la del mundo. Una de las obras es sobre la Guerra de Vietnam y otra sobre un amigo desaparecido en Tucum\u00e1n. Entonces pod\u00eda contar como toda esa etapa de la psicodelia donde viv\u00edan en un mundo tambi\u00e9n fant\u00e1stico y por otro, lo atravesaban otras cuestiones, como el accionar de la dictadura que fue muy tremendo\u201d, sostiene sobre el artista neofigurativo que fue alumno de&nbsp;<strong>Ezequiel Linares<\/strong>&nbsp;tambi\u00e9n en el INA. En este pasaje de maestro a alumnos, Alcalde fue docente de Fr\u00edas, Correa y Maggi.<\/p>\n\n\n\n<p>\u201c<strong>Eugenia Correa<\/strong>&nbsp;toma mucho el barroco como influencia y, a partir de esa t\u00e9cnicas e iluminaci\u00f3n, toca tem\u00e1ticas que tienen que ver con lo que ella fue atravesando como artista con una mirada feminista. Es una obra cruda, por un lado hay una virgen que est\u00e1 maquillada como zorra, que habla de los estereotipos con los que cargan en los cuerpos las mujeres. En la otra obra, que es&nbsp;<em>Santa \u00c1gata, \u00bfqu\u00e9 pretende usted de m\u00ed?<\/em>, en la que ironiza con la frase de la&nbsp;<strong>Coca Sarli<\/strong>, representa a una mujer mutilada en sus pechos por no haber querido casarse con un rey y dedicarse a Dios. Entonces, aparece esta cuesti\u00f3n del hombre siendo due\u00f1o del cuerpo de la mujer y carg\u00e1ndola de ese mandato a cumplir. Tambi\u00e9n juega con el tiempo, en el sentido de que hay temas o preocupaciones que siguen estando\u201d, sostuvo.<\/p>\n\n\n\n<p>La exposici\u00f3n est\u00e1 armada a partir de peque\u00f1os di\u00e1logos, en los dos pisos del espacio, en los que se contrastan el acervo con los contempor\u00e1neos y que buscan retratar distintos aspectos del estilo de vida con el paisaje tucumano, de la yunga a la ciudad.<\/p>\n\n\n\n<p><img loading=\"lazy\" decoding=\"async\" alt=\"&quot;Me pareci\u00f3 interesante mostrar el tema de la pintura en la provincia, que sigue siendo muy potente\u201d, explic\u00f3 la curadora Cecilia Quinteros Macci\u00f3\" height=\"1080\" width=\"1920\" class=\"\" src=\"https:\/\/www.infobae.com\/new-resizer\/uuchjnoB3mIwkqaJ-foSI3Np7Ys=\/420x236\/filters:format(webp):quality(85)\/cloudfront-us-east-1.images.arcpublishing.com\/infobae\/ZPKUBJNZKNGZTE7KTFNWFNHREM.jpg%20420w\" srcset=\"https:\/\/www.infobae.com\/new-resizer\/uuchjnoB3mIwkqaJ-foSI3Np7Ys=\/420x236\/filters:format(webp):quality(85)\/cloudfront-us-east-1.images.arcpublishing.com\/infobae\/ZPKUBJNZKNGZTE7KTFNWFNHREM.jpg 420w,https:\/\/www.infobae.com\/new-resizer\/hg4qwQ0mgh6TSQjNSLrRWwHeArc=\/768x432\/filters:format(webp):quality(85)\/cloudfront-us-east-1.images.arcpublishing.com\/infobae\/ZPKUBJNZKNGZTE7KTFNWFNHREM.jpg 768w,https:\/\/www.infobae.com\/new-resizer\/QX3TftszWjF57lQjoRJHAJShxwk=\/992x558\/filters:format(webp):quality(85)\/cloudfront-us-east-1.images.arcpublishing.com\/infobae\/ZPKUBJNZKNGZTE7KTFNWFNHREM.jpg 992w,https:\/\/www.infobae.com\/new-resizer\/3Mq5fPTh-qRkYBlR0htW3oUVDpE=\/1200x675\/filters:format(webp):quality(85)\/cloudfront-us-east-1.images.arcpublishing.com\/infobae\/ZPKUBJNZKNGZTE7KTFNWFNHREM.jpg 1200w,https:\/\/www.infobae.com\/new-resizer\/kqFylIJD4jvACVenNcSB0qtrtLk=\/1440x810\/filters:format(webp):quality(85)\/cloudfront-us-east-1.images.arcpublishing.com\/infobae\/ZPKUBJNZKNGZTE7KTFNWFNHREM.jpg 1440w\">&#8220;Me pareci\u00f3 interesante mostrar el tema de la pintura en la provincia, que sigue siendo muy potente\u201d, explic\u00f3 la curadora Cecilia Quinteros Macci\u00f3<\/p>\n\n\n\n<p>Mientras&nbsp;<strong>Sandro Pereira<\/strong>&nbsp;presenta un paisaje norte\u00f1o \u00e1rido, de altura, con un zorro y un ni\u00f1o que parece un homenaje a<em>&nbsp;El Principito<\/em>, junto a una pieza de&nbsp;<em><strong>Yuyo&nbsp;<\/strong><\/em><strong>No\u00e9&nbsp;<\/strong>y de&nbsp;<strong>Robirosa<\/strong>, tambi\u00e9n lo hace&nbsp;<strong>D \u0301Amato Mateo&nbsp;<\/strong>que desarrolla \u201cla conexi\u00f3n con el territorio, con el paisaje y particularmente con quienes habitan esos paisajes de la yunga, con la presencia de los animales\u201d cerca de un lienzo de<strong>&nbsp;Demetrio Iramain<\/strong>, hermano el escultor&nbsp;<strong>Juan Carlos Iramain<\/strong>, quien junto a<strong>&nbsp;Osorio Luque&nbsp;<\/strong>-tambi\u00e9n en la expo- realizaron un impresionismo paisaj\u00edstico de figuras sint\u00e9ticas, casi como bosquejos de una existencia que se funde con el fondo, que es consumido y la vez deja su marca en las faenas de lo cotidiano.<\/p>\n\n\n\n<p>\u201cDemetrio Iramain pertenece a una familia emblem\u00e1tica ligada a la cultura en Tucum\u00e1n y es un pintor muy importante de escenas. Me sorprendi\u00f3 un mont\u00f3n ver varias obras de \u00e9l en la Colecci\u00f3n, ya que incluso en la provincia ha sido un poco olvidado\u201d, coment\u00f3 la curadora.<\/p>\n\n\n\n<p>En el caso de Luque, de corte gauchesco romantizado, se presenta rodeado por los trabajos de&nbsp;<strong>Sonia Ruiz<\/strong>&nbsp;y&nbsp;<strong>Nelson Velarde<\/strong>, que \u201chablan las cuestiones populares\u201d y tambi\u00e9n en ese sondeo del territorio de lo natural, surge&nbsp;<strong>Valeria&nbsp;<\/strong>Maggi que \u201cpareciera tener v\u00ednculo con lo abstracto, pero todo el tiempo aparece una presencia del paisaje\u201d.<\/p>\n\n\n\n<p><img loading=\"lazy\" decoding=\"async\" alt=\"Trabajos de Berni, Gabriel Chaile y Mar\u00eda Rosa Mamana\" height=\"1080\" width=\"1920\" class=\"\" src=\"https:\/\/www.infobae.com\/new-resizer\/7m1DM6trCgBO3dWM7o0ovZTZxRE=\/420x236\/filters:format(webp):quality(85)\/cloudfront-us-east-1.images.arcpublishing.com\/infobae\/WSNESYWCEZAWPD2BBAW4PJNJ5M.jpg%20420w\" srcset=\"https:\/\/www.infobae.com\/new-resizer\/7m1DM6trCgBO3dWM7o0ovZTZxRE=\/420x236\/filters:format(webp):quality(85)\/cloudfront-us-east-1.images.arcpublishing.com\/infobae\/WSNESYWCEZAWPD2BBAW4PJNJ5M.jpg 420w,https:\/\/www.infobae.com\/new-resizer\/i59E11f6niZMdudpCde65R-XR80=\/768x432\/filters:format(webp):quality(85)\/cloudfront-us-east-1.images.arcpublishing.com\/infobae\/WSNESYWCEZAWPD2BBAW4PJNJ5M.jpg 768w,https:\/\/www.infobae.com\/new-resizer\/AnhkNQ3oBQ9itoUcII2e0tSFBNQ=\/992x558\/filters:format(webp):quality(85)\/cloudfront-us-east-1.images.arcpublishing.com\/infobae\/WSNESYWCEZAWPD2BBAW4PJNJ5M.jpg 992w,https:\/\/www.infobae.com\/new-resizer\/8TBAmU2qNvTIoe3ZqPEEGisjfi4=\/1200x675\/filters:format(webp):quality(85)\/cloudfront-us-east-1.images.arcpublishing.com\/infobae\/WSNESYWCEZAWPD2BBAW4PJNJ5M.jpg 1200w,https:\/\/www.infobae.com\/new-resizer\/BIbB932UPGkuq48LZ2uE9oUyS4I=\/1440x810\/filters:format(webp):quality(85)\/cloudfront-us-east-1.images.arcpublishing.com\/infobae\/WSNESYWCEZAWPD2BBAW4PJNJ5M.jpg 1440w\">Trabajos de Berni, Gabriel Chaile y Mar\u00eda Rosa Mamana<\/p>\n\n\n\n<p>\u201cHay un conjunto que son rarezas, los&nbsp;<strong>Berni&nbsp;<\/strong>que son montes santiague\u00f1os hechos t\u00e9mpera, de una serie que no suele verse, al lado de obras peque\u00f1as de&nbsp;<strong>Gabriel Chaile<\/strong>, de quien no se conoce mucha pintura. El di\u00e1logo que se arma entre Berni y Chaile, que son obras de la Fundaci\u00f3n, se complementa con una pintura de&nbsp;<strong>Mar\u00eda Rosa Mamana<\/strong>, que tambi\u00e9n es m\u00e1s bien rara de ver, porque ella es una artista textil\u201d, explic\u00f3.<\/p>\n\n\n\n<p>Desplegados sobre una pared y rodeados por un sonido ambiente en loop, con \u201calgunos fantasmas urbanos que muchos de los que caminan por las calles de Tucum\u00e1n van a reconocer\u201d, se encuentran nueve piezas, en diferentes formatos, del proyecto&nbsp;<strong>Ruido<\/strong>, formado por&nbsp;<strong>Ver\u00f3nica Correa<\/strong>&nbsp;y&nbsp;<strong>Fernando Galucci<\/strong>.<\/p>\n\n\n\n<p>Desde su surgimiento en 2020, durante la pandemia, el proyecto muralista busc\u00f3 crear \u201cuna especie de museo a cielo abierto\u201d entendiendo que era la \u201c\u00fanica forma de afectar la vida de los ciudadanos en la calle\u201d.<\/p>\n\n\n\n<p><img loading=\"lazy\" decoding=\"async\" alt=\"Las piezas del grupo Ruido \" height=\"1080\" width=\"1920\" class=\"\" src=\"https:\/\/www.infobae.com\/new-resizer\/X2b2h2OresaPvRdVEsUZLE5CgaQ=\/420x236\/filters:format(webp):quality(85)\/cloudfront-us-east-1.images.arcpublishing.com\/infobae\/KBCOFBJCCBGOPGMLMCUFIASFI4.jpg%20420w\" srcset=\"https:\/\/www.infobae.com\/new-resizer\/X2b2h2OresaPvRdVEsUZLE5CgaQ=\/420x236\/filters:format(webp):quality(85)\/cloudfront-us-east-1.images.arcpublishing.com\/infobae\/KBCOFBJCCBGOPGMLMCUFIASFI4.jpg 420w,https:\/\/www.infobae.com\/new-resizer\/8Ra11c5CHSvqI0FdaazxpAAvSic=\/768x432\/filters:format(webp):quality(85)\/cloudfront-us-east-1.images.arcpublishing.com\/infobae\/KBCOFBJCCBGOPGMLMCUFIASFI4.jpg 768w,https:\/\/www.infobae.com\/new-resizer\/kxZY8pb2Bz8EMaAyeQV7DbraMSM=\/992x558\/filters:format(webp):quality(85)\/cloudfront-us-east-1.images.arcpublishing.com\/infobae\/KBCOFBJCCBGOPGMLMCUFIASFI4.jpg 992w,https:\/\/www.infobae.com\/new-resizer\/qmugKxPcOnRVvhT0j3MSQBzY6hY=\/1200x675\/filters:format(webp):quality(85)\/cloudfront-us-east-1.images.arcpublishing.com\/infobae\/KBCOFBJCCBGOPGMLMCUFIASFI4.jpg 1200w,https:\/\/www.infobae.com\/new-resizer\/aJrzfuvM3FtSGCDSIHBTeGR9Jz0=\/1440x810\/filters:format(webp):quality(85)\/cloudfront-us-east-1.images.arcpublishing.com\/infobae\/KBCOFBJCCBGOPGMLMCUFIASFI4.jpg 1440w\">Las piezas del grupo Ruido<\/p>\n\n\n\n<p>\u201cA partir de&nbsp;<em>El circuito del mural<\/em>, que a\u00fan contin\u00faa, rescatamos los espacios p\u00fablicos que han sido vandalizados o expropiados por la publicidad y la propaganda pol\u00edtica. Entonces a medida que va creciendo esta ruta, muchas veces salimos a hacer relevamientos de paredes y eso es un trabajo de campo de investigaci\u00f3n, en donde uno va al barrio, empieza a sociabilizar con la gente, entender qu\u00e9 le gusta, qu\u00e9 cosas en com\u00fan se puede hacer tambi\u00e9n\u201d, coment\u00f3 Galucci a este medio.<\/p>\n\n\n\n<p>Las obras que se presentan surgen \u201ca partir del backstage de lo que es una pintada de mural\u201d. \u201cSacamos fotos de los contextos y mostramos el otro lado de lo que es la pintada de un mural, recolectando un poco de la esencia urbana, del trabajo informal sobre todo\u201d, dijo.<\/p>\n\n\n\n<p><em>*\u201dLa funci\u00f3n de la utop\u00eda\u201d, en el Museo de Arte Contempor\u00e1neo de La Boca (MARCO), Almirante Brown 1031. Mi\u00e9rcoles a Domingos de 11 a 19 hs. Entrada gratuita<\/em><\/p>\n\n\n\n<p>Fuente: <a href=\"https:\/\/www.infobae.com\/cultura\/2024\/04\/22\/de-maestros-ciudad-y-yunga-en-una-potente-muestra-de-pintura-tucumana\/\">https:\/\/www.infobae.com\/cultura\/2024\/04\/22\/de-maestros-ciudad-y-yunga-en-una-potente-muestra-de-pintura-tucumana\/<\/a><\/p>\n","protected":false},"excerpt":{"rendered":"<p>El Museo de Arte Contempor\u00e1neo de La Boca presenta \u201cLa funci\u00f3n de la utop\u00eda\u201d, en la que re\u00fane obra de artistas contempor\u00e1neos de la provincia en di\u00e1logo con piezas de la Colecci\u00f3n Durante 1948,\u00a0Lino Enea Spilimbergo\u00a0lleg\u00f3 a Tucum\u00e1n para hacerse cargo de la c\u00e1tedra de pintura del Instituto Nacional de Artes (INA) de la Universidad, [&hellip;]<\/p>\n","protected":false},"author":3,"featured_media":1215,"comment_status":"open","ping_status":"open","sticky":false,"template":"","format":"standard","meta":{"footnotes":""},"categories":[11,12],"tags":[614],"class_list":["post-1214","post","type-post","status-publish","format-standard","has-post-thumbnail","hentry","category-agenda","category-sociedad","tag-muestra-de-pintura-tucumana"],"_links":{"self":[{"href":"https:\/\/noticiassaludables.com.ar\/index.php?rest_route=\/wp\/v2\/posts\/1214","targetHints":{"allow":["GET"]}}],"collection":[{"href":"https:\/\/noticiassaludables.com.ar\/index.php?rest_route=\/wp\/v2\/posts"}],"about":[{"href":"https:\/\/noticiassaludables.com.ar\/index.php?rest_route=\/wp\/v2\/types\/post"}],"author":[{"embeddable":true,"href":"https:\/\/noticiassaludables.com.ar\/index.php?rest_route=\/wp\/v2\/users\/3"}],"replies":[{"embeddable":true,"href":"https:\/\/noticiassaludables.com.ar\/index.php?rest_route=%2Fwp%2Fv2%2Fcomments&post=1214"}],"version-history":[{"count":1,"href":"https:\/\/noticiassaludables.com.ar\/index.php?rest_route=\/wp\/v2\/posts\/1214\/revisions"}],"predecessor-version":[{"id":1216,"href":"https:\/\/noticiassaludables.com.ar\/index.php?rest_route=\/wp\/v2\/posts\/1214\/revisions\/1216"}],"wp:featuredmedia":[{"embeddable":true,"href":"https:\/\/noticiassaludables.com.ar\/index.php?rest_route=\/wp\/v2\/media\/1215"}],"wp:attachment":[{"href":"https:\/\/noticiassaludables.com.ar\/index.php?rest_route=%2Fwp%2Fv2%2Fmedia&parent=1214"}],"wp:term":[{"taxonomy":"category","embeddable":true,"href":"https:\/\/noticiassaludables.com.ar\/index.php?rest_route=%2Fwp%2Fv2%2Fcategories&post=1214"},{"taxonomy":"post_tag","embeddable":true,"href":"https:\/\/noticiassaludables.com.ar\/index.php?rest_route=%2Fwp%2Fv2%2Ftags&post=1214"}],"curies":[{"name":"wp","href":"https:\/\/api.w.org\/{rel}","templated":true}]}}