{"id":1217,"date":"2024-04-23T10:11:36","date_gmt":"2024-04-23T13:11:36","guid":{"rendered":"https:\/\/noticiassaludables.com.ar\/?p=1217"},"modified":"2024-04-23T10:11:36","modified_gmt":"2024-04-23T13:11:36","slug":"dia-mundial-de-la-salud-mental-infantil-y-adolescente","status":"publish","type":"post","link":"https:\/\/noticiassaludables.com.ar\/?p=1217","title":{"rendered":"D\u00eda mundial de la salud mental infantil y adolescente"},"content":{"rendered":"\n<p>El objetivo de esta jornada es tomar conciencia sobre el crecimiento de patolog\u00edas psicol\u00f3gicas, deterioro f\u00edsico, abuso y maltrato en los menores de todo el mundo, adem\u00e1s de la necesidad de atender sin demoras estas problem\u00e1ticas y desarrollar pol\u00edticas para su bienestar integral<\/p>\n\n\n\n<p>Las noticias son muestras emergentes de las sociedades en las cuales se producen y una difundida recientemente expresa de manera brutal, una vez m\u00e1s, el grado de&nbsp;<strong>indefensi\u00f3n&nbsp;<\/strong>y&nbsp;<strong>vulnerabilidad&nbsp;<\/strong>que enfrentan los ni\u00f1os, adem\u00e1s de los&nbsp;<strong>costos&nbsp;<\/strong>que esto implica en la&nbsp;<strong>salud mental<\/strong>&nbsp;de quienes ser\u00e1n, en algunos a\u00f1os, adultos viviendo las consecuencias de esos des\u00f3rdenes que comenzaron en la infancia.<\/p>\n\n\n\n<p><a href=\"https:\/\/www.infobae.com\/salud\/2024\/04\/23\/cual-es-la-verdura-con-menos-calorias-que-estimula-el-buen-funcionamiento-de-los-rinones\/\" target=\"_blank\" rel=\"noreferrer noopener\"><\/a><\/p>\n\n\n\n<p>Entre estas, hay algunas noticias que superan el&nbsp;<strong>horror&nbsp;<\/strong>y en las cuales el tema central, si bien es social, vemos reflejada de manera directa situaciones donde la&nbsp;<strong>salud integral,<\/strong>&nbsp;y dentro de ella la&nbsp;<strong>salud mental<\/strong>, est\u00e1n en grave&nbsp;<strong>peligro<\/strong>. As\u00ed, recientemente, una&nbsp;<a rel=\"noreferrer noopener\" href=\"https:\/\/www.infobae.com\/sociedad\/policiales\/2024\/04\/15\/aberrante-detuvieron-a-una-mujer-buscada-por-prostituir-a-sus-hijos-tras-verla-en-un-movil-de-television\/\" target=\"_blank\">noticia&nbsp;<\/a>dio cuenta de<strong>&nbsp;ni\u00f1os v\u00edctimas&nbsp;<\/strong>de las peores situaciones traum\u00e1ticas a manos de sus padres y otros adultos.<\/p>\n\n\n\n<p>Es por situaciones como estas que en el mundo se le presta cada vez m\u00e1s atenci\u00f3n al tema de la<strong>&nbsp;salud mental infantojuvenil<\/strong>, desestimada durante tanto tiempo con base en&nbsp;<strong>tab\u00faes&nbsp;<\/strong>de la infancia, como la etapa id\u00edlica (<a rel=\"noreferrer noopener\" href=\"https:\/\/www.infobae.com\/tendencias\/2023\/04\/27\/los-chicos-si-sufren-para-terminar-con-el-maltrato-infantil-hay-que-hacerse-cargo-y-salir-del-lugar-de-espectador\/\" target=\"_blank\">los chicos s\u00ed sufren: para terminar con el maltrato infantil hay que hacerse cargo y salir del lugar de espectador<\/a>).<\/p>\n\n\n\n<p><a href=\"https:\/\/www.infobae.com\/salud\/2024\/04\/23\/que-es-la-leucemia-y-cuales-son-los-sintomas-de-la-patologia-que-revelo-furia-de-gran-hermano\/\" target=\"_blank\" rel=\"noreferrer noopener\"><\/a><\/p>\n\n\n\n<p>Dentro de este contexto la Asociaci\u00f3n Mundial para la salud Mental Infantil (WAIMH) se uni\u00f3 a diversas entidades del mismo tipo como, la Asociaci\u00f3n Internacional de Psiquiatr\u00eda infantojuvenil y profesiones afines (IACAPAP) y la Asociaci\u00f3n Mundial de Psiquiatr\u00eda (WPA), para establecer el&nbsp;<strong>23 de abril como D\u00eda Mundial de la Salud Mental infantil y Adolescente.<\/strong><\/p>\n\n\n\n<p><img loading=\"lazy\" decoding=\"async\" alt=\"El doctor De Rosa Alabaster se\u00f1al\u00f3 que la infancia y adolescencia son poblaciones descuidadas, olvidadas y sin voz, y son las que m\u00e1s sufren las consecuencias del mundo adulto (Getty)\" height=\"1079\" width=\"1920\" class=\"\" src=\"https:\/\/www.infobae.com\/new-resizer\/qBpG8_b3qvagnhWagac6B-4VogE=\/420x236\/filters:format(webp):quality(85)\/cloudfront-us-east-1.images.arcpublishing.com\/infobae\/ZFNU4MGCFJFPHASSEY4Y7IOKTU.jpg%20420w\" srcset=\"https:\/\/www.infobae.com\/new-resizer\/qBpG8_b3qvagnhWagac6B-4VogE=\/420x236\/filters:format(webp):quality(85)\/cloudfront-us-east-1.images.arcpublishing.com\/infobae\/ZFNU4MGCFJFPHASSEY4Y7IOKTU.jpg 420w,https:\/\/www.infobae.com\/new-resizer\/X1zD3G2gYohGpl-7RuDjeyG_1pA=\/768x432\/filters:format(webp):quality(85)\/cloudfront-us-east-1.images.arcpublishing.com\/infobae\/ZFNU4MGCFJFPHASSEY4Y7IOKTU.jpg 768w,https:\/\/www.infobae.com\/new-resizer\/L38k8nVUPFZAUR-DPYC23HgpkcI=\/992x558\/filters:format(webp):quality(85)\/cloudfront-us-east-1.images.arcpublishing.com\/infobae\/ZFNU4MGCFJFPHASSEY4Y7IOKTU.jpg 992w,https:\/\/www.infobae.com\/new-resizer\/SVzotF4kiI1uQ9IDV3YAVuMVijM=\/1200x675\/filters:format(webp):quality(85)\/cloudfront-us-east-1.images.arcpublishing.com\/infobae\/ZFNU4MGCFJFPHASSEY4Y7IOKTU.jpg 1200w,https:\/\/www.infobae.com\/new-resizer\/Zto81C9x6Ey8CRgT4n3wL9JrTcU=\/1440x810\/filters:format(webp):quality(85)\/cloudfront-us-east-1.images.arcpublishing.com\/infobae\/ZFNU4MGCFJFPHASSEY4Y7IOKTU.jpg 1440w\">El doctor De Rosa Alabaster se\u00f1al\u00f3 que la infancia y adolescencia son poblaciones descuidadas, olvidadas y sin voz, y son las que m\u00e1s sufren las consecuencias del mundo adulto (Getty)<\/p>\n\n\n\n<p>Sin embargo, las causas de\u00a0<strong>afecciones neuropsiqui\u00e1tricas<\/strong>\u00a0en la infancia son m\u00faltiples. Hace unos meses, un informe realizado en el Reino Unido se\u00f1alaba una situaci\u00f3n muy preocupante que, si bien se refiere a un pa\u00eds, es seguramente de manera m\u00e1s dram\u00e1tica aplicable a nuestra regi\u00f3n.<a href=\"https:\/\/www.infobae.com\/salud\/2024\/04\/23\/estan-bajando-los-casos-de-dengue-en-argentina-que-dicen-los-expertos\/\" target=\"_blank\" rel=\"noreferrer noopener\"><\/a><a href=\"https:\/\/www.infobae.com\/salud\/2024\/04\/23\/estan-bajando-los-casos-de-dengue-en-argentina-que-dicen-los-expertos\/\" target=\"_blank\" rel=\"noreferrer noopener\"><\/a><\/p>\n\n\n\n<p>Este informe, bajo el t\u00edtulo<a rel=\"noreferrer noopener\" href=\"https:\/\/acmedsci.ac.uk\/policy\/policy-projects\/child-health\" target=\"_blank\">&nbsp;\u201c<em>Transformar la salud de los beb\u00e9s y los ni\u00f1os peque\u00f1os del Reino Unido: un enfoque de curso de vida<\/em>\u201d<\/a>, revela el estado de la salud, que no se duda en calificar de alarmante, de los ni\u00f1os en el Reino Unido. En ese sentido, se\u00f1alaron, particularmente, ciertas \u00e1reas: aumento de las tasas de&nbsp;<strong>obesidad<\/strong>, de<strong>&nbsp;patolog\u00edas bucodentales<\/strong>, de problemas de&nbsp;<strong>salud mental&nbsp;<\/strong>y de la&nbsp;<strong>mortalidad infantil<\/strong>. Asimismo, pusieron \u00e9nfasis en el&nbsp;<strong>incremento de patolog\u00edas infantojuveniles,&nbsp;<\/strong>que tambi\u00e9n puede verse en nuestra regi\u00f3n.<\/p>\n\n\n\n<p>Este informe, realizado por la Academia de Ciencias M\u00e9dicas del Reino Unido (<em>Academy of Medical Sciences<\/em>) y con la autor\u00eda de la profesora&nbsp;<strong>Helen Minnis<\/strong>&nbsp;de la Universidad de Glasgow y el profesor Sir&nbsp;<strong>Andrew Pollard&nbsp;<\/strong>de la Universidad de Oxford, que ha sido respaldado por varias organizaciones, como el Real Colegio de Pediatr\u00eda y Salud Infantil, Unicef Reino Unido y la Asociaci\u00f3n M\u00e9dica Brit\u00e1nica. En \u00e9l, se declara que&nbsp;<strong>los ni\u00f1os del Reino Unido han sido \u201ctraicionados\u201d por la falta de acci\u00f3n e inter\u00e9s de las autoridades.<\/strong><\/p>\n\n\n\n<p><img loading=\"lazy\" decoding=\"async\" alt=\"Otro de los temas preocupantes es el abuso infantil, que requiere una intervenci\u00f3n urgente\n\n(Imagen ilustrativa Infobae)\" height=\"816\" width=\"1456\" class=\"\" src=\"https:\/\/www.infobae.com\/new-resizer\/JMwyIGyKHYMkv1ppfjbcRtr0gVI=\/420x236\/filters:format(webp):quality(85)\/cloudfront-us-east-1.images.arcpublishing.com\/infobae\/ZXVRZVTABRF7FFDVB743GBGAM4.jpg%20420w\" srcset=\"https:\/\/www.infobae.com\/new-resizer\/JMwyIGyKHYMkv1ppfjbcRtr0gVI=\/420x236\/filters:format(webp):quality(85)\/cloudfront-us-east-1.images.arcpublishing.com\/infobae\/ZXVRZVTABRF7FFDVB743GBGAM4.jpg 420w,https:\/\/www.infobae.com\/new-resizer\/YY2jbARggeX2oiE7sL640E0zDpk=\/768x432\/filters:format(webp):quality(85)\/cloudfront-us-east-1.images.arcpublishing.com\/infobae\/ZXVRZVTABRF7FFDVB743GBGAM4.jpg 768w,https:\/\/www.infobae.com\/new-resizer\/0Tlp8w9WupxvNvZQaM4M8Ho6u2c=\/992x558\/filters:format(webp):quality(85)\/cloudfront-us-east-1.images.arcpublishing.com\/infobae\/ZXVRZVTABRF7FFDVB743GBGAM4.jpg 992w,https:\/\/www.infobae.com\/new-resizer\/tPCQ2zDOsIvU791cbgtGNjR-uHI=\/1200x675\/filters:format(webp):quality(85)\/cloudfront-us-east-1.images.arcpublishing.com\/infobae\/ZXVRZVTABRF7FFDVB743GBGAM4.jpg 1200w,https:\/\/www.infobae.com\/new-resizer\/Mgunjo6TqpaZZjM-EcNHKUU0TeY=\/1440x810\/filters:format(webp):quality(85)\/cloudfront-us-east-1.images.arcpublishing.com\/infobae\/ZXVRZVTABRF7FFDVB743GBGAM4.jpg 1440w\">Otro de los temas preocupantes es el abuso infantil, que requiere una intervenci\u00f3n urgente (Imagen ilustrativa Infobae)<\/p>\n\n\n\n<p>En relaci\u00f3n con esto, algunas ONG brit\u00e1nicas organizaron, en el mes de febrero, la \u201cSemana de la salud mental Infantil\u201d&nbsp;<em>(#ChildrensMentalHealthWeek<\/em>), bajo el lema: \u201cMi voz importa\u201d (<em>My Voice Matters<\/em>).<\/p>\n\n\n\n<p>Y es interesante recordar esta situaci\u00f3n durante esta semana, ya que el lema hace referencia a la voz que esos menores no tienen para reclamar y pedir ayuda. Esto se puede relacionar al origen etimol\u00f3gico de la palabra&nbsp;<strong>infancia,&nbsp;<\/strong>que son los que no pueden hablar, no tienen voz.<\/p>\n\n\n\n<p>De alguna manera, a pesar de que la historia demuestra todo lo contrario, la idea de que la infancia es una etapa feliz de la vida a\u00fan es un tema frecuentemente repetido. La&nbsp;<strong>idealizaci\u00f3n de la infancia<\/strong>&nbsp;o quiz\u00e1s el olvido de nuestro propio pasado, ya que obviamente todos hemos sido ni\u00f1os pero tal vez no lo recordamos, hace que sea cr\u00f3nicamente una&nbsp;<strong>poblaci\u00f3n descuidada, olvidada y sin voz.&nbsp;<\/strong>Tambi\u00e9n genera que sea la que m\u00e1s sufre las&nbsp;<strong>consecuencias del mundo adulto,<\/strong>&nbsp;en el que viven.<\/p>\n\n\n\n<p><img loading=\"lazy\" decoding=\"async\" alt=\"Las causas de afecciones neuropsiqui\u00e1tricas en la infancia y adolescencia son m\u00faltiples, dijo el doctor De Rosa Alabaster (Imagen Ilustrativa Infobae)\" height=\"816\" width=\"1456\" class=\"\" src=\"https:\/\/www.infobae.com\/new-resizer\/8GWbnkkBGft7EfKtbu92_Lzudu4=\/420x236\/filters:format(webp):quality(85)\/cloudfront-us-east-1.images.arcpublishing.com\/infobae\/NWOGYM6WFRETRMJIQ6BYYKINT4.jpg%20420w\" srcset=\"https:\/\/www.infobae.com\/new-resizer\/8GWbnkkBGft7EfKtbu92_Lzudu4=\/420x236\/filters:format(webp):quality(85)\/cloudfront-us-east-1.images.arcpublishing.com\/infobae\/NWOGYM6WFRETRMJIQ6BYYKINT4.jpg 420w,https:\/\/www.infobae.com\/new-resizer\/TVA48GOM7fAbU7sdU6FBGhOF9E4=\/768x432\/filters:format(webp):quality(85)\/cloudfront-us-east-1.images.arcpublishing.com\/infobae\/NWOGYM6WFRETRMJIQ6BYYKINT4.jpg 768w,https:\/\/www.infobae.com\/new-resizer\/FPwESBDOp25hDVjpHkHuhkV9IIs=\/992x558\/filters:format(webp):quality(85)\/cloudfront-us-east-1.images.arcpublishing.com\/infobae\/NWOGYM6WFRETRMJIQ6BYYKINT4.jpg 992w,https:\/\/www.infobae.com\/new-resizer\/pVWN09BdkdxoLomcBdlRcmBdgTk=\/1200x675\/filters:format(webp):quality(85)\/cloudfront-us-east-1.images.arcpublishing.com\/infobae\/NWOGYM6WFRETRMJIQ6BYYKINT4.jpg 1200w,https:\/\/www.infobae.com\/new-resizer\/lM--LsFmvpcFD7C3otSvTpV6abI=\/1440x810\/filters:format(webp):quality(85)\/cloudfront-us-east-1.images.arcpublishing.com\/infobae\/NWOGYM6WFRETRMJIQ6BYYKINT4.jpg 1440w\">Las causas de afecciones neuropsiqui\u00e1tricas en la infancia y adolescencia son m\u00faltiples, dijo el doctor De Rosa Alabaster (Imagen Ilustrativa Infobae)<\/p>\n\n\n\n<p>En un art\u00edculo mencionado, ya habl\u00e1bamos de ello con base en algo que es un creciente motivo de horror y verg\u00fcenza: el&nbsp;<strong>abuso infantil<\/strong>. Acci\u00f3n que repite la noticia del inicio (<a rel=\"noreferrer noopener\" href=\"https:\/\/www.infobae.com\/tendencias\/2023\/04\/27\/los-chicos-si-sufren-para-terminar-con-el-maltrato-infantil-hay-que-hacerse-cargo-y-salir-del-lugar-de-espectador\/\" target=\"_blank\">los chicos s\u00ed sufren: para terminar con el maltrato infantil hay que hacerse cargo y salir del lugar de espectador<\/a>).<\/p>\n\n\n\n<p>El informe brit\u00e1nico al que hago referencia, y que se puede descargar en este&nbsp;<a rel=\"noreferrer noopener\" href=\"https:\/\/acmedsci.ac.uk\/file-download\/16927511\" target=\"_blank\">v\u00ednculo<\/a>, de alguna manera se\u00f1ala el mismo problema que vemos en todas las \u00e1reas que afectan a la infancia: el desatender una demanda concreta, visible y en aumento, frente a la cual, como sociedad, optamos por ser espectadores pasivos.<\/p>\n\n\n\n<p>Es posible que el inter\u00e9s en los d\u00edas de&nbsp;<strong>concientizaci\u00f3n&nbsp;<\/strong>pueda servir para ver c\u00f3mo el malestar abarca todas las \u00e1reas y c\u00f3mo estas se interrelacionan. Por otro lado, si sucede en un pa\u00eds rico en diferentes recursos, no es dif\u00edcil extrapolar a otros pa\u00edses como el nuestro. De hecho, el informe revela, as\u00ed como ocurre con los datos de la&nbsp;<strong>pobreza&nbsp;<\/strong>y la&nbsp;<strong>desnutrici\u00f3n&nbsp;<\/strong>en nuestro pa\u00eds y sus consecuencias en la salud, la disparidad entre diferentes zonas, seg\u00fan el riesgo social, en el propio Reino Unido.<\/p>\n\n\n\n<p>Esta&nbsp;<strong>relaci\u00f3n entre pobreza o disparidad socioecon\u00f3mica<\/strong>&nbsp;tambi\u00e9n se notan en las variables incrementadas de&nbsp;<strong>obesidad infantil,&nbsp;<\/strong>con sus consecuencias diversas; la salud bucodental y especialmente el incremento en las demandas de atenci\u00f3n en salud mental que, por otro lado, resultan insatisfechas.<\/p>\n\n\n\n<p><img loading=\"lazy\" decoding=\"async\" alt=\"Un estudio realizado en Reino Unido revel\u00f3 un aumento de las tasas de obesidad, patolog\u00edas bucodentales, problemas de salud mental y mortalidad infantil y juvenil (Imagen Ilustrativa Infobae)\" height=\"816\" width=\"1456\" class=\"\" src=\"https:\/\/www.infobae.com\/new-resizer\/jJfNv5Ebb7NjR3fpVCyUpyThKow=\/420x236\/filters:format(webp):quality(85)\/cloudfront-us-east-1.images.arcpublishing.com\/infobae\/I7PEATW4XJGL7AYXYAJFF5WOJA.jpg%20420w\" srcset=\"https:\/\/www.infobae.com\/new-resizer\/jJfNv5Ebb7NjR3fpVCyUpyThKow=\/420x236\/filters:format(webp):quality(85)\/cloudfront-us-east-1.images.arcpublishing.com\/infobae\/I7PEATW4XJGL7AYXYAJFF5WOJA.jpg 420w,https:\/\/www.infobae.com\/new-resizer\/NZdN_MC6uLFliWb2hx29gH2s0r8=\/768x432\/filters:format(webp):quality(85)\/cloudfront-us-east-1.images.arcpublishing.com\/infobae\/I7PEATW4XJGL7AYXYAJFF5WOJA.jpg 768w,https:\/\/www.infobae.com\/new-resizer\/eLR4tYmC1ljt_qm_IMBDMabzhrM=\/992x558\/filters:format(webp):quality(85)\/cloudfront-us-east-1.images.arcpublishing.com\/infobae\/I7PEATW4XJGL7AYXYAJFF5WOJA.jpg 992w,https:\/\/www.infobae.com\/new-resizer\/fYOfy9bzORKjbmKKu9qXo0sB_bU=\/1200x675\/filters:format(webp):quality(85)\/cloudfront-us-east-1.images.arcpublishing.com\/infobae\/I7PEATW4XJGL7AYXYAJFF5WOJA.jpg 1200w,https:\/\/www.infobae.com\/new-resizer\/U_F_-O-SsE9SXG3Uhs6A5Cqwxgs=\/1440x810\/filters:format(webp):quality(85)\/cloudfront-us-east-1.images.arcpublishing.com\/infobae\/I7PEATW4XJGL7AYXYAJFF5WOJA.jpg 1440w\">Un estudio realizado en Reino Unido revel\u00f3 un aumento de las tasas de obesidad, patolog\u00edas bucodentales, problemas de salud mental y mortalidad infantil y juvenil (Imagen Ilustrativa Infobae)<\/p>\n\n\n\n<p>Los autores dicen que \u201c<strong>las muertes infantiles est\u00e1n aumentando.<\/strong>.. (as\u00ed como) los problemas de salud f\u00edsica y mental prevenibles&#8230; A menos que se priorice urgentemente la salud de los beb\u00e9s y los ni\u00f1os peque\u00f1os, condenamos a muchos a una vida de salud m\u00e1s pobre y potencial perdido.&nbsp;<strong>El momento de actuar es ahora<\/strong>\u201d.<\/p>\n\n\n\n<p>Quiz\u00e1s el inter\u00e9s de citar este informe reside en que, si bien los problemas de salud p\u00fablica en el Reino Unido son varios y sus niveles de prestaci\u00f3n son altos a escala mundial, a\u00fan vemos el riesgo que est\u00e1 corriendo la infancia.<\/p>\n\n\n\n<p>En diversos informes relativos a este trabajo, se\u00f1alan la probabilidad y gravedad de&nbsp;<strong>patolog\u00edas&nbsp;<\/strong>seg\u00fan el tiempo que tarde en ser detectado y abordado, algo que conocemos todos los m\u00e9dicos. En funci\u00f3n de ello, piden<strong>&nbsp;acci\u00f3n urgente<\/strong>&nbsp;en la primera infancia, no solo en acci\u00f3n directa, sino en la posibilidad de conocer el estado real de la poblaci\u00f3n.<\/p>\n\n\n\n<p><img loading=\"lazy\" decoding=\"async\" alt=\"&quot;Uno de los aspectos m\u00e1s notables para establecer un recordatorio en este d\u00eda de concientizaci\u00f3n sea la necesidad de dar una voz a los sin voz&quot;, expres\u00f3 De Rosa Alabaster (Imagen Ilustrativa Infobae)\" height=\"816\" width=\"1456\" class=\"\" src=\"https:\/\/www.infobae.com\/new-resizer\/x4VyPJelJVP-tHMLDeICzPeYaDs=\/420x236\/filters:format(webp):quality(85)\/cloudfront-us-east-1.images.arcpublishing.com\/infobae\/JZRGO4PQTVGKBEATGWDZFXCKWQ.jpg%20420w\" srcset=\"https:\/\/www.infobae.com\/new-resizer\/x4VyPJelJVP-tHMLDeICzPeYaDs=\/420x236\/filters:format(webp):quality(85)\/cloudfront-us-east-1.images.arcpublishing.com\/infobae\/JZRGO4PQTVGKBEATGWDZFXCKWQ.jpg 420w,https:\/\/www.infobae.com\/new-resizer\/Spnv_FXezRC3iHil80u8r3rY7jc=\/768x432\/filters:format(webp):quality(85)\/cloudfront-us-east-1.images.arcpublishing.com\/infobae\/JZRGO4PQTVGKBEATGWDZFXCKWQ.jpg 768w,https:\/\/www.infobae.com\/new-resizer\/uu9dPzuWqY5ioUorDCV-ZbFmIJk=\/992x558\/filters:format(webp):quality(85)\/cloudfront-us-east-1.images.arcpublishing.com\/infobae\/JZRGO4PQTVGKBEATGWDZFXCKWQ.jpg 992w,https:\/\/www.infobae.com\/new-resizer\/bweA_P-xNDn9xqiWW1B9o7um2dQ=\/1200x675\/filters:format(webp):quality(85)\/cloudfront-us-east-1.images.arcpublishing.com\/infobae\/JZRGO4PQTVGKBEATGWDZFXCKWQ.jpg 1200w,https:\/\/www.infobae.com\/new-resizer\/SYRC0k2fvTTcZALD2xkJ6Vwbz8c=\/1440x810\/filters:format(webp):quality(85)\/cloudfront-us-east-1.images.arcpublishing.com\/infobae\/JZRGO4PQTVGKBEATGWDZFXCKWQ.jpg 1440w\">&#8220;Uno de los aspectos m\u00e1s notables para establecer un recordatorio en este d\u00eda de concientizaci\u00f3n sea la necesidad de dar una voz a los sin voz&#8221;, expres\u00f3 De Rosa Alabaster (Imagen Ilustrativa Infobae)<\/p>\n\n\n\n<p>Al mismo tiempo, se\u00f1alan la necesidad de establecer un&nbsp;<strong>seguimiento&nbsp;<\/strong>en el curso de la vida, pero remarcando algo bien conocido y es el&nbsp;<strong>impacto de las experiencias tempranas.&nbsp;<\/strong>En este contexto, la&nbsp;<strong>prevenci\u00f3n de enfermedades&nbsp;<\/strong>y en nuestro caso componentes socioecon\u00f3micos como la&nbsp;<strong>desnutrici\u00f3n infantil y el maltrato\/abuso&nbsp;<\/strong>en sus diferentes formas; llevan a una situaci\u00f3n que empieza reci\u00e9n a preocuparnos cuando emerge bajo forma de&nbsp;<strong>conflicto social.<\/strong>&nbsp;Una situaci\u00f3n que, de alguna manera, cuando ya es evidente, es tarde.<\/p>\n\n\n\n<p>Posiblemente, uno de los aspectos m\u00e1s notables para establecer un recordatorio en este&nbsp;<strong>d\u00eda de concientizaci\u00f3n&nbsp;<\/strong>sea la necesidad de dar una voz a los sin voz. Tambi\u00e9n de este informe se desprende que el \u00fanico criterio es la realidad, y que, si algo est\u00e1 no solo pasando, sino que se est\u00e1 incrementando, como es la incidencia de patolog\u00eda psiqui\u00e1trica en todas las franjas, en particular en la infantojuvenil, es una consecuencia de que algo no se est\u00e1 haciendo.<\/p>\n\n\n\n<p>En nuestro medio es muy habitual hablar sobre temas de\u00a0<strong>salud mental<\/strong>, o ley de salud mental,\u00a0<strong>desnutrici\u00f3n infantil, adicciones<\/strong>, as\u00ed como discutir sobre gran cantidad de propuestas, pero los resultados parecen seguir siendo adversos. Quiz\u00e1s debamos ver qu\u00e9 falla en nuestros debates respecto a la salud y el bienestar. Tal vez sea la inacci\u00f3n.<\/p>\n\n\n\n<p>Fuente: <a href=\"https:\/\/www.infobae.com\/salud\/2024\/04\/23\/dia-mundial-de-la-salud-mental-infantil-y-adolescente-la-importancia-de-generar-conciencia-sobre-los-riesgos-y-el-apoyo-emocional\/\">https:\/\/www.infobae.com\/salud\/2024\/04\/23\/dia-mundial-de-la-salud-mental-infantil-y-adolescente-la-importancia-de-generar-conciencia-sobre-los-riesgos-y-el-apoyo-emocional\/<\/a><\/p>\n","protected":false},"excerpt":{"rendered":"<p>El objetivo de esta jornada es tomar conciencia sobre el crecimiento de patolog\u00edas psicol\u00f3gicas, deterioro f\u00edsico, abuso y maltrato en los menores de todo el mundo, adem\u00e1s de la necesidad de atender sin demoras estas problem\u00e1ticas y desarrollar pol\u00edticas para su bienestar integral Las noticias son muestras emergentes de las sociedades en las cuales se [&hellip;]<\/p>\n","protected":false},"author":3,"featured_media":1218,"comment_status":"open","ping_status":"open","sticky":false,"template":"","format":"standard","meta":{"footnotes":""},"categories":[3,5],"tags":[615],"class_list":["post-1217","post","type-post","status-publish","format-standard","has-post-thumbnail","hentry","category-principal","category-salud","tag-dia-mundial-de-la-salud-mental-infantil-y-adolescente"],"_links":{"self":[{"href":"https:\/\/noticiassaludables.com.ar\/index.php?rest_route=\/wp\/v2\/posts\/1217","targetHints":{"allow":["GET"]}}],"collection":[{"href":"https:\/\/noticiassaludables.com.ar\/index.php?rest_route=\/wp\/v2\/posts"}],"about":[{"href":"https:\/\/noticiassaludables.com.ar\/index.php?rest_route=\/wp\/v2\/types\/post"}],"author":[{"embeddable":true,"href":"https:\/\/noticiassaludables.com.ar\/index.php?rest_route=\/wp\/v2\/users\/3"}],"replies":[{"embeddable":true,"href":"https:\/\/noticiassaludables.com.ar\/index.php?rest_route=%2Fwp%2Fv2%2Fcomments&post=1217"}],"version-history":[{"count":1,"href":"https:\/\/noticiassaludables.com.ar\/index.php?rest_route=\/wp\/v2\/posts\/1217\/revisions"}],"predecessor-version":[{"id":1219,"href":"https:\/\/noticiassaludables.com.ar\/index.php?rest_route=\/wp\/v2\/posts\/1217\/revisions\/1219"}],"wp:featuredmedia":[{"embeddable":true,"href":"https:\/\/noticiassaludables.com.ar\/index.php?rest_route=\/wp\/v2\/media\/1218"}],"wp:attachment":[{"href":"https:\/\/noticiassaludables.com.ar\/index.php?rest_route=%2Fwp%2Fv2%2Fmedia&parent=1217"}],"wp:term":[{"taxonomy":"category","embeddable":true,"href":"https:\/\/noticiassaludables.com.ar\/index.php?rest_route=%2Fwp%2Fv2%2Fcategories&post=1217"},{"taxonomy":"post_tag","embeddable":true,"href":"https:\/\/noticiassaludables.com.ar\/index.php?rest_route=%2Fwp%2Fv2%2Ftags&post=1217"}],"curies":[{"name":"wp","href":"https:\/\/api.w.org\/{rel}","templated":true}]}}