{"id":1223,"date":"2024-04-23T11:15:36","date_gmt":"2024-04-23T14:15:36","guid":{"rendered":"https:\/\/noticiassaludables.com.ar\/?p=1223"},"modified":"2024-04-23T11:15:37","modified_gmt":"2024-04-23T14:15:37","slug":"el-mito-del-maestro-pugliese","status":"publish","type":"post","link":"https:\/\/noticiassaludables.com.ar\/?p=1223","title":{"rendered":"El mito del Maestro Pugliese"},"content":{"rendered":"\n<p>Maximiliano Acosta, Santiago Nacif y Lola Winer, responsables de \u201cSan Pugliese\u201d, que se presenta por primera vez en BAFICI y revive el legado musical y pol\u00edtico del \u00edcono del tango a trav\u00e9s de archivos y testimonios in\u00e9ditos<\/p>\n\n\n\n<p>\u201cPugliese que es como nombrar a mi pueblo\u201d, as\u00ed lo presentaba&nbsp;<strong>Luis Brandoni<\/strong>&nbsp;en la maravillosa funci\u00f3n que se realiz\u00f3 en el&nbsp;<strong>Teatro Col\u00f3n&nbsp;<\/strong>al cumplir 80 a\u00f1os, marcando con un broche de oro la trayectoria de un artista que ser\u00e1 siempre admirado arriba y abajo del escenario. Se trata de una de las escenas m\u00e1s emotivas del nuevo documental&nbsp;<em><strong>San Pugliese<\/strong><\/em>, que explora la vida y legado del legendario m\u00fasico de tango&nbsp;<strong>Osvaldo Pugliese<\/strong>&nbsp;y ser\u00e1 presentado en el pr\u00f3ximo&nbsp;<strong>Buenos Aires Festival Internacional de Cine Independiente (BAFICI)<\/strong>. El film ofrece una ventana a la obra y la vida personal del pianista y compositor a trav\u00e9s de archivos nunca antes vistos, y testimonios \u00edntimos de su familia, amigos y colaboradores.<\/p>\n\n\n\n<p><a href=\"https:\/\/www.infobae.com\/cultura\/2024\/04\/23\/murio-el-coleccionista-y-gestor-de-arte-daniel-levinas\/\" target=\"_blank\" rel=\"noreferrer noopener\"><\/a><a href=\"https:\/\/www.infobae.com\/cultura\/2024\/04\/23\/murio-el-coleccionista-y-gestor-de-arte-daniel-levinas\/\" target=\"_blank\" rel=\"noreferrer noopener\"><\/a><\/p>\n\n\n\n<p>La pel\u00edcula es un proyecto colaborativo dirigido por&nbsp;<strong>Maximiliano Acosta<\/strong>,&nbsp;<strong>Santiago Naciff<\/strong>&nbsp;y&nbsp;<strong>Lola Winer<\/strong>, con una rica investigaci\u00f3n period\u00edstica bajo la direcci\u00f3n de Acosta. Destacados de la escena musical argentina como&nbsp;<strong>V\u00edctor Lavall\u00e9n<\/strong>,&nbsp;<strong>Rodolfo Mederos<\/strong>, y&nbsp;<strong>Abel C\u00f3rdoba<\/strong>, entre otros, comparten an\u00e9cdotas personales y reflexiones sobre el impacto de Pugliese en el mundo del tango y m\u00e1s all\u00e1. La implicaci\u00f3n de la familia Pugliese, incluyendo a su hija&nbsp;<strong>Beba Pugliese<\/strong>, su nieta&nbsp;<strong>Carla Pugliese<\/strong>&nbsp;y su viuda&nbsp;<strong>Lydia Elman<\/strong>, brindan al documental una autenticidad y profundidad emocional, enriqueciendo la narrativa con recuerdos y materiales de archivo invaluables.<\/p>\n\n\n\n<p><strong>Osvaldo Pugliese<\/strong>&nbsp;es recordado no solo por su excepcional contribuci\u00f3n a la m\u00fasica argentina sino tambi\u00e9n por su firme compromiso pol\u00edtico y social. Fundador del&nbsp;<strong>Sindicato Argentino de M\u00fasicos<\/strong>&nbsp;y miembro del&nbsp;<strong>Partido Comunista Argentino<\/strong>, Pugliese enfrent\u00f3 persecuci\u00f3n y censura por sus convicciones, pero nunca dej\u00f3 de tocar, convirti\u00e9ndose en un s\u00edmbolo de resistencia. A trav\u00e9s de \u201cSan Pugliese\u201d, los espectadores se sumergir\u00e1n en la compleja existencia de un artista que trascendi\u00f3 los l\u00edmites del tango para convertirse en un \u00edcono cultural. Este documental es un homenaje conmovedor y profundo a uno de los gigantes de la m\u00fasica argentina, cuya influencia sigue siendo palpable. Su legado, encapsulado en historias de lucha, pasi\u00f3n y arte, resonar\u00e1 no solo entre los aficionados al tango sino tambi\u00e9n entre aquellos inspirados por su indomable esp\u00edritu.<\/p>\n\n\n\n<p><a href=\"https:\/\/www.infobae.com\/cultura\/2024\/04\/23\/la-vida-secreta-de-ludopata-de-cayetano-que-perdio-todo-por-culpa-del-juego-a-traves-de-mauro-libertella\/\" target=\"_blank\" rel=\"noreferrer noopener\"><\/a><\/p>\n\n\n\n<p><a href=\"https:\/\/www.infobae.com\/cultura\/2024\/04\/23\/la-vida-secreta-de-ludopata-de-cayetano-que-perdio-todo-por-culpa-del-juego-a-traves-de-mauro-libertella\/\" target=\"_blank\" rel=\"noreferrer noopener\"><\/a><\/p>\n\n\n\n<p><img loading=\"lazy\" decoding=\"async\" alt=\"El \u00e9xito de un \u00eddolo popular en todo el mundo y la tristeza por estar prohibido en su propio pa\u00eds\" height=\"1080\" width=\"1920\" class=\"\" src=\"https:\/\/www.infobae.com\/new-resizer\/adWyy9DhnSEMMJg9FcJT2-PO9fg=\/420x236\/filters:format(webp):quality(85)\/cloudfront-us-east-1.images.arcpublishing.com\/infobae\/MHQNJAZ3NFFRTDQR5DJWIW2PYU.jpg%20420w\" srcset=\"https:\/\/www.infobae.com\/new-resizer\/adWyy9DhnSEMMJg9FcJT2-PO9fg=\/420x236\/filters:format(webp):quality(85)\/cloudfront-us-east-1.images.arcpublishing.com\/infobae\/MHQNJAZ3NFFRTDQR5DJWIW2PYU.jpg 420w,https:\/\/www.infobae.com\/new-resizer\/V1E4BdukwOWykI71_yXJxFtePY0=\/768x432\/filters:format(webp):quality(85)\/cloudfront-us-east-1.images.arcpublishing.com\/infobae\/MHQNJAZ3NFFRTDQR5DJWIW2PYU.jpg 768w,https:\/\/www.infobae.com\/new-resizer\/AG6ydPMcvq5VPfRUw6bboA9oFjo=\/992x558\/filters:format(webp):quality(85)\/cloudfront-us-east-1.images.arcpublishing.com\/infobae\/MHQNJAZ3NFFRTDQR5DJWIW2PYU.jpg 992w,https:\/\/www.infobae.com\/new-resizer\/u_NZr_Cc1TuhbhdJPJMOAtorP-s=\/1200x675\/filters:format(webp):quality(85)\/cloudfront-us-east-1.images.arcpublishing.com\/infobae\/MHQNJAZ3NFFRTDQR5DJWIW2PYU.jpg 1200w,https:\/\/www.infobae.com\/new-resizer\/7ZNsY2He40-_392k7PHrpfBqS0g=\/1440x810\/filters:format(webp):quality(85)\/cloudfront-us-east-1.images.arcpublishing.com\/infobae\/MHQNJAZ3NFFRTDQR5DJWIW2PYU.jpg 1440w\">El \u00e9xito de un \u00eddolo popular en todo el mundo y la tristeza por estar prohibido en su propio pa\u00eds<\/p>\n\n\n\n<p><strong>Infobae Cultura<\/strong>&nbsp;convers\u00f3 con los tres directores que a seis manos se comprometieron con este proyecto que busca rescatar el legado de esta figura clave para la cultura argentina.<\/p>\n\n\n\n<p><strong>\u2014\u00bfC\u00faal era su relaci\u00f3n con la figura de Pugliese antes de la pel\u00edcula?<\/strong><\/p>\n\n\n\n<p><a href=\"https:\/\/www.infobae.com\/cultura\/2024\/04\/23\/feria-del-libro-2024-como-comprar-entradas-y-que-promociones-hay\/\" target=\"_blank\" rel=\"noreferrer noopener\"><\/a><\/p>\n\n\n\n<figure class=\"wp-block-image\"><a href=\"https:\/\/www.infobae.com\/cultura\/2024\/04\/23\/feria-del-libro-2024-como-comprar-entradas-y-que-promociones-hay\/\" target=\"_blank\" rel=\"noreferrer noopener\"><img decoding=\"async\" src=\"https:\/\/www.infobae.com\/new-resizer\/h9NEX5okB-ElSO-Q1lSk-05heR8=\/1200x675\/filters:format(webp):quality(85)\/cloudfront-us-east-1.images.arcpublishing.com\/infobae\/FEONCCCPZNBDBKEAYFUUVBXKQ4.jpg\" alt=\"Feria del Libro 2024: c\u00f3mo comprar entradas y qu\u00e9 promociones hay\"\/><\/a><\/figure>\n\n\n\n<p><a href=\"https:\/\/www.infobae.com\/cultura\/2024\/04\/23\/feria-del-libro-2024-como-comprar-entradas-y-que-promociones-hay\/\" target=\"_blank\" rel=\"noreferrer noopener\"><\/a><\/p>\n\n\n\n<p><strong>Maximiliano Acosta:<\/strong>&nbsp;\u2014Hay muchos lazos que me unen a Pugliese, pero el principal es que nac\u00ed, fui criado y sigo viviendo en Villa Crespo, el barrio donde naci\u00f3 el Maestro. En este barrio Pugliese est\u00e1 muy presente en murales, muchos ya no est\u00e1n, y placas que recuerdan antiguos bares en donde toc\u00f3. Adem\u00e1s, tenemos el monumento en Scalabrini Ortiz y Corrientes. En casa mi viejo escuchaba los domingos un CD de los cl\u00e1sicos de Pugliese que gan\u00f3 en un carnaval del barrio. Otro punto, mi pap\u00e1 integra la Comisi\u00f3n de Cultura de Villa Crespo y siempre le realizamos homenajes. Debo destacar tambi\u00e9n que en una revista&nbsp;<em>Rolling Stone<\/em>&nbsp;le\u00ed algo sobre la suerte que da Pugliese y a partir de all\u00ed la aparici\u00f3n del mito en mi vida termin\u00f3 de unificar una relaci\u00f3n muy fuerte iniciados los 20, 21 a\u00f1os.<\/p>\n\n\n\n<p><strong>Santiago Nacif:<\/strong>&nbsp;\u2014En mi caso fui convocado por Maxi y Lola cuando ya ten\u00edan bastante avanzado el proyecto en cuanto a su investigaci\u00f3n. Siempre les agradecer\u00e9 el haber pensado en m\u00ed para que les ayude a pensar la pel\u00edcula y en cuanto a la organizaci\u00f3n para poder trabajar con la presentaci\u00f3n del proyecto al INCAA y en todos los procesos de rodaje, montaje y post. Desde lo personal, el tango siempre me atraves\u00f3 gracias a mi viejo, tanguero fan\u00e1tico y seguidor de Don Osvaldo. As\u00ed que todo coincidi\u00f3 para que me sume y aportar desde mi lugar para lograr esta pel\u00edcula que tanto nos enorgullece.<\/p>\n\n\n\n<p><img loading=\"lazy\" decoding=\"async\" alt=\"En San Pugliese, su hija y nieta abren archivos in\u00e9ditos, y sus m\u00fasicos cuentan lo que jam\u00e1s se animaron\" height=\"1080\" width=\"1920\" class=\"\" src=\"https:\/\/www.infobae.com\/new-resizer\/6cAOg31zD96_xceoK0UtrQTCczI=\/420x236\/filters:format(webp):quality(85)\/cloudfront-us-east-1.images.arcpublishing.com\/infobae\/6ATWMWGNQFH4TEVJQ7JMR6W7ZY.jpg%20420w\" srcset=\"https:\/\/www.infobae.com\/new-resizer\/6cAOg31zD96_xceoK0UtrQTCczI=\/420x236\/filters:format(webp):quality(85)\/cloudfront-us-east-1.images.arcpublishing.com\/infobae\/6ATWMWGNQFH4TEVJQ7JMR6W7ZY.jpg 420w,https:\/\/www.infobae.com\/new-resizer\/YWezWRdRVmWz00Ocl4DNjywHwdU=\/768x432\/filters:format(webp):quality(85)\/cloudfront-us-east-1.images.arcpublishing.com\/infobae\/6ATWMWGNQFH4TEVJQ7JMR6W7ZY.jpg 768w,https:\/\/www.infobae.com\/new-resizer\/IAUMKJ2__3VQYZfJdM6EfwGbLns=\/992x558\/filters:format(webp):quality(85)\/cloudfront-us-east-1.images.arcpublishing.com\/infobae\/6ATWMWGNQFH4TEVJQ7JMR6W7ZY.jpg 992w,https:\/\/www.infobae.com\/new-resizer\/rY3Py9fTJ6JstTAaqxwloLjl4qg=\/1200x675\/filters:format(webp):quality(85)\/cloudfront-us-east-1.images.arcpublishing.com\/infobae\/6ATWMWGNQFH4TEVJQ7JMR6W7ZY.jpg 1200w,https:\/\/www.infobae.com\/new-resizer\/y5FPf2Ez2YOuqLv79K5BWFSU9dk=\/1440x810\/filters:format(webp):quality(85)\/cloudfront-us-east-1.images.arcpublishing.com\/infobae\/6ATWMWGNQFH4TEVJQ7JMR6W7ZY.jpg 1440w\">En San Pugliese, su hija y nieta abren archivos in\u00e9ditos, y sus m\u00fasicos cuentan lo que jam\u00e1s se animaron<\/p>\n\n\n\n<p><strong>\u2014\u00bfQu\u00e9 recorte de la vida del m\u00fasico quisieron hacer?<\/strong><\/p>\n\n\n\n<p><strong>MA:&nbsp;<\/strong>\u2014Es dif\u00edcil hacer un recorte de una persona que en casi 90 a\u00f1os de vida hizo de todo y todo fue muy \u00e1lgido. Desde su b\u00fasqueda con el tango, su militancia pol\u00edtica, la defensa de derechos de los m\u00fasicos, las persecuciones que sufri\u00f3 y le pesaron, su liderazgo como director de Orquesta y, para coronar, un hombre que fue santo protector antes de morir. Todo es muy rico para lo audiovisual. Pero desde un punto de vista muy personal siempre quise volcar en este documental gran parte de lo investigado en casi ocho a\u00f1os partiendo desde el mito, desde el&nbsp;<strong>San Pugliese<\/strong>&nbsp;y a partir de all\u00ed revelar qui\u00e9n es ese hombre de la estampita, qui\u00e9n es ese que da suerte, con la mayor informaci\u00f3n posible pero sin caer en un documental biogr\u00e1fico cl\u00e1sico. Esa fue tambi\u00e9n la base de la propuesta para Santiago y Lola.<\/p>\n\n\n\n<p><strong>\u2014\u00bfC\u00f3mo crearon la relaci\u00f3n de confianza con la familia?<\/strong><\/p>\n\n\n\n<p><strong>MA<\/strong>: \u2014Al comenzar con la investigaci\u00f3n ya ten\u00eda un v\u00ednculo con parte de la familia, con<strong>&nbsp;Lydia Elman de Pugliese<\/strong>, su viuda, la conoc\u00eda por las celebraciones por los aniversarios del Maestro que organiz\u00e1bamos en el barrio. No tanto con Beba, su hija, con quien hab\u00eda hablado en alguna oportunidad, precisamente cuando logramos sumarle Osvaldo Pugliese a la estaci\u00f3n Malabia all\u00e1 por 2009\/ 2010. Al acercarme a ella con la idea de investigar para hacer una pel\u00edcula, la aceptaci\u00f3n fue inmediata y de ah\u00ed la relaci\u00f3n se fue haciendo m\u00e1s estrecha, con visitas casi diarias a la Escuela de M\u00fasica Popular de Avellaneda, donde ella daba clases de piano, para preguntar m\u00e1s. Luego, por diversas circunstancias, qued\u00f3 una comunicaci\u00f3n m\u00e1s directa con Carla Pugliese, la nieta del Maestro e hija de Beba. La aparici\u00f3n de archivos nuevos, archivos que ni ellas ten\u00edan termin\u00f3 de estrechar m\u00e1s la relaci\u00f3n. Fue un impulso importante para todo el equipo tener la aceptaci\u00f3n familiar y el deseo de ese n\u00facleo interno por conocer lo que ni ellas sab\u00edan.<\/p>\n\n\n\n<p><img loading=\"lazy\" decoding=\"async\" alt=\"Carla y Beba Pugliese abren sus archivos personales y recuerdos para este documental como nunca antes\" height=\"1080\" width=\"1920\" class=\"\" src=\"https:\/\/www.infobae.com\/new-resizer\/ORx-sILlB0UyuZD9nSDZWmttkLA=\/420x236\/filters:format(webp):quality(85)\/cloudfront-us-east-1.images.arcpublishing.com\/infobae\/OXRFBGSWTRBCDJZ4DOBXRB6YHA.jpg%20420w\" srcset=\"https:\/\/www.infobae.com\/new-resizer\/ORx-sILlB0UyuZD9nSDZWmttkLA=\/420x236\/filters:format(webp):quality(85)\/cloudfront-us-east-1.images.arcpublishing.com\/infobae\/OXRFBGSWTRBCDJZ4DOBXRB6YHA.jpg 420w,https:\/\/www.infobae.com\/new-resizer\/g4IXCv-vk0jb7b4bsSsl6ecY4Tw=\/768x432\/filters:format(webp):quality(85)\/cloudfront-us-east-1.images.arcpublishing.com\/infobae\/OXRFBGSWTRBCDJZ4DOBXRB6YHA.jpg 768w,https:\/\/www.infobae.com\/new-resizer\/L5qTOr3Wt167zM20Djr_MzA30dE=\/992x558\/filters:format(webp):quality(85)\/cloudfront-us-east-1.images.arcpublishing.com\/infobae\/OXRFBGSWTRBCDJZ4DOBXRB6YHA.jpg 992w,https:\/\/www.infobae.com\/new-resizer\/e785uHf7o0W0eX9ppwtvEjm3pS0=\/1200x675\/filters:format(webp):quality(85)\/cloudfront-us-east-1.images.arcpublishing.com\/infobae\/OXRFBGSWTRBCDJZ4DOBXRB6YHA.jpg 1200w,https:\/\/www.infobae.com\/new-resizer\/xA3p27VSkk2lXUiSS7pv8Ia5R-4=\/1440x810\/filters:format(webp):quality(85)\/cloudfront-us-east-1.images.arcpublishing.com\/infobae\/OXRFBGSWTRBCDJZ4DOBXRB6YHA.jpg 1440w\">Carla y Beba Pugliese abren sus archivos personales y recuerdos para este documental como nunca antes<\/p>\n\n\n\n<p><strong>\u2014\u00bfQu\u00e9 detalles descubrieron de \u00e9l con el desarrollo de la pel\u00edcula?<\/strong><\/p>\n\n\n\n<p><strong>Lola Winer:<\/strong>&nbsp;\u2014Si bien conoc\u00edamos la milonga que Osvaldo Pugliese compuso en homenaje a&nbsp;<strong>Fidel Castro<\/strong>, \u201cMilonga para Fidel\u201d, entre fines de 1960 y principios de 1961, la familia nos permiti\u00f3 acceder a im\u00e1genes in\u00e9ditas de ese encuentro. A su vez, reconfirmamos su manera de vivir basada en la coherencia, las convicciones y la honestidad.<\/p>\n\n\n\n<p><strong>MA:&nbsp;<\/strong>\u2014A lo dicho por Lola, le sumo que sobre varios aspectos de la vida de Pugliese se dijo informaci\u00f3n errada e incluso esa informaci\u00f3n en algunos casos, no en todos por suerte, fue impresa, llevada a alg\u00fan que otro libro biogr\u00e1fico o cr\u00f3nica period\u00edstica. Por ejemplo, en reiteradas oportunidades se afirm\u00f3 que en la cooperativa (la orquesta era una cooperativa) todos cobraban lo mismo y eso es algo errado: hab\u00eda una serie de puntajes por m\u00e9rito. Esa afirmaci\u00f3n errada enoj\u00f3 siempre a parte de la familia y a los m\u00fasicos. Ese sistema era algo que Pugliese siempre defendi\u00f3 y mantuvo hasta lo \u00faltimo en la agrupaci\u00f3n, y con mucho orgullo. A su vez, el manejo de Pugliese como l\u00edder de un grupo fue algo revelador al punto que no soportaba la impuntualidad y exig\u00eda para que el m\u00fasico pudiera expresar lo m\u00e1ximo de su creatividad.<\/p>\n\n\n\n<p><img loading=\"lazy\" decoding=\"async\" alt=\"Los tres directores y parte del equipo t\u00e9cnico celebrando la pel\u00edcula terminada\" height=\"1080\" width=\"1920\" class=\"\" src=\"https:\/\/www.infobae.com\/new-resizer\/71-WmVIHe4pkmFNVPdU2OsljgJE=\/420x236\/filters:format(webp):quality(85)\/cloudfront-us-east-1.images.arcpublishing.com\/infobae\/VQEKU62FAVGJLNBNSA727Z4RGA.jpg%20420w\" srcset=\"https:\/\/www.infobae.com\/new-resizer\/71-WmVIHe4pkmFNVPdU2OsljgJE=\/420x236\/filters:format(webp):quality(85)\/cloudfront-us-east-1.images.arcpublishing.com\/infobae\/VQEKU62FAVGJLNBNSA727Z4RGA.jpg 420w,https:\/\/www.infobae.com\/new-resizer\/gJmSe-fqDqCjK8n9LnROYpTRW0E=\/768x432\/filters:format(webp):quality(85)\/cloudfront-us-east-1.images.arcpublishing.com\/infobae\/VQEKU62FAVGJLNBNSA727Z4RGA.jpg 768w,https:\/\/www.infobae.com\/new-resizer\/GzRm_4Ac0CW0xecfvivtKGl4FBI=\/992x558\/filters:format(webp):quality(85)\/cloudfront-us-east-1.images.arcpublishing.com\/infobae\/VQEKU62FAVGJLNBNSA727Z4RGA.jpg 992w,https:\/\/www.infobae.com\/new-resizer\/VlNJBjqVO0wk15QJjTnIAJhbGyY=\/1200x675\/filters:format(webp):quality(85)\/cloudfront-us-east-1.images.arcpublishing.com\/infobae\/VQEKU62FAVGJLNBNSA727Z4RGA.jpg 1200w,https:\/\/www.infobae.com\/new-resizer\/14Uy-FS0vqoIy_TNbTiYqNBHdzk=\/1440x810\/filters:format(webp):quality(85)\/cloudfront-us-east-1.images.arcpublishing.com\/infobae\/VQEKU62FAVGJLNBNSA727Z4RGA.jpg 1440w\">Los tres directores y parte del equipo t\u00e9cnico celebrando la pel\u00edcula terminada<\/p>\n\n\n\n<p><strong>\u2014\u00bfCambi\u00f3 algo de aquella idea o guion original que ten\u00edan cuando arrancaron?<\/strong><\/p>\n\n\n\n<p><strong>LW:<\/strong>\u2014 La protagonista de la pel\u00edcula y conductora del relato originalmente era Beba Pugliese, pero debido a diversas circunstancias este rol finalmente lo termin\u00f3 ocupando Carla, la nieta de Osvaldo.<\/p>\n\n\n\n<p><strong>MA:&nbsp;<\/strong>\u2014La idea tambi\u00e9n era que Beba recorriera parte de los lugares que se convirtieron en hechos basales en la vida de Pugliese, como el Col\u00f3n o la c\u00e1rcel de Devoto en donde estuvo seis meses detenido en 1955, pero la pandemia y las modificaciones presupuestarias por la alta inflaci\u00f3n hicieron cambiar un poco el rumbo aunque siempre se mantuvo lo prioritario: no caer en un documental biogr\u00e1fico cl\u00e1sico.<\/p>\n\n\n\n<p><img loading=\"lazy\" decoding=\"async\" alt=\"Los realizadores y el equipo t\u00e9cnico antes de la primera funci\u00f3n en BAFICI\" height=\"800\" width=\"1200\" class=\"\" src=\"https:\/\/www.infobae.com\/new-resizer\/qljxsElMmmV3A_y8FkH3hdaMrl0=\/420x280\/filters:format(webp):quality(85)\/cloudfront-us-east-1.images.arcpublishing.com\/infobae\/2SDUAIW4ANBQVDNQNENVOQFOSA.jpeg%20420w\" srcset=\"https:\/\/www.infobae.com\/new-resizer\/qljxsElMmmV3A_y8FkH3hdaMrl0=\/420x280\/filters:format(webp):quality(85)\/cloudfront-us-east-1.images.arcpublishing.com\/infobae\/2SDUAIW4ANBQVDNQNENVOQFOSA.jpeg 420w,https:\/\/www.infobae.com\/new-resizer\/ZeHxRzId1jRbnOkQQyaqExQKOjk=\/768x512\/filters:format(webp):quality(85)\/cloudfront-us-east-1.images.arcpublishing.com\/infobae\/2SDUAIW4ANBQVDNQNENVOQFOSA.jpeg 768w,https:\/\/www.infobae.com\/new-resizer\/VDqxGzJdlzuMKSVAF8Bh-6N3AQw=\/992x661\/filters:format(webp):quality(85)\/cloudfront-us-east-1.images.arcpublishing.com\/infobae\/2SDUAIW4ANBQVDNQNENVOQFOSA.jpeg 992w,https:\/\/www.infobae.com\/new-resizer\/4icOZsOg27bu5SzR3_rC4-Rj_uc=\/1200x800\/filters:format(webp):quality(85)\/cloudfront-us-east-1.images.arcpublishing.com\/infobae\/2SDUAIW4ANBQVDNQNENVOQFOSA.jpeg 1200w,https:\/\/www.infobae.com\/new-resizer\/WRGDMftdW28McrKJOWOjJenhGpI=\/1440x960\/filters:format(webp):quality(85)\/cloudfront-us-east-1.images.arcpublishing.com\/infobae\/2SDUAIW4ANBQVDNQNENVOQFOSA.jpeg 1440w\">Los realizadores y el equipo t\u00e9cnico antes de la primera funci\u00f3n en BAFICI<\/p>\n\n\n\n<p><strong>\u2014\u00bfQu\u00e9 significa estrenarla en una situaci\u00f3n tan complicada para la cultura?<\/strong><\/p>\n\n\n\n<p><strong>LW:<\/strong>&nbsp;\u2014El panorama cultural es desolador, con lo cual es un privilegio poder estrenar el documental en el marco del Bafici. Originalmente, el estreno estaba planificado a mitad de a\u00f1o en el Gaumont y dada la coyuntura desconocemos que ocurrir\u00e1. Ser parte del festival result\u00f3 un mimo y una bocanada de aire fresco. Sin dudas ser\u00e1 el Bafici m\u00e1s politizado de su historia.<\/p>\n\n\n\n<p><strong>SN:\u00a0<\/strong>\u2014Sinceramente, nos toca enfrentar una situaci\u00f3n in\u00e9dita para el cine y la cultura de nuestro pa\u00eds. Por lo menos, desde que trabajo en la industria audiovisual hace ya un poco m\u00e1s de 20 a\u00f1os, nunca vi este ataque tan directo a lo que hacemos. Pensar en poder presentar una pel\u00edcula en este contexto suena hasta milagroso en un punto. La incertidumbre en el sector es total y la sensaci\u00f3n es que ninguno de nuestros reclamos son atendidos. Dadas estas condiciones, el Bafici ser\u00e1 un excelente lugar para poder llegar a la gente informando con claridad la realidad por la que atraviesa el cine y la cultura en general desde que asumi\u00f3 este nuevo gobierno.<\/p>\n\n\n\n<p>Fuente: <a href=\"https:\/\/www.infobae.com\/cultura\/2024\/04\/23\/el-mito-del-maestro-pugliese-en-un-documental-intimo\/\">https:\/\/www.infobae.com\/cultura\/2024\/04\/23\/el-mito-del-maestro-pugliese-en-un-documental-intimo\/<\/a><\/p>\n","protected":false},"excerpt":{"rendered":"<p>Maximiliano Acosta, Santiago Nacif y Lola Winer, responsables de \u201cSan Pugliese\u201d, que se presenta por primera vez en BAFICI y revive el legado musical y pol\u00edtico del \u00edcono del tango a trav\u00e9s de archivos y testimonios in\u00e9ditos \u201cPugliese que es como nombrar a mi pueblo\u201d, as\u00ed lo presentaba&nbsp;Luis Brandoni&nbsp;en la maravillosa funci\u00f3n que se realiz\u00f3 [&hellip;]<\/p>\n","protected":false},"author":3,"featured_media":1224,"comment_status":"open","ping_status":"open","sticky":false,"template":"","format":"standard","meta":{"footnotes":""},"categories":[11,12],"tags":[617],"class_list":["post-1223","post","type-post","status-publish","format-standard","has-post-thumbnail","hentry","category-agenda","category-sociedad","tag-maestro-pugliese"],"_links":{"self":[{"href":"https:\/\/noticiassaludables.com.ar\/index.php?rest_route=\/wp\/v2\/posts\/1223","targetHints":{"allow":["GET"]}}],"collection":[{"href":"https:\/\/noticiassaludables.com.ar\/index.php?rest_route=\/wp\/v2\/posts"}],"about":[{"href":"https:\/\/noticiassaludables.com.ar\/index.php?rest_route=\/wp\/v2\/types\/post"}],"author":[{"embeddable":true,"href":"https:\/\/noticiassaludables.com.ar\/index.php?rest_route=\/wp\/v2\/users\/3"}],"replies":[{"embeddable":true,"href":"https:\/\/noticiassaludables.com.ar\/index.php?rest_route=%2Fwp%2Fv2%2Fcomments&post=1223"}],"version-history":[{"count":1,"href":"https:\/\/noticiassaludables.com.ar\/index.php?rest_route=\/wp\/v2\/posts\/1223\/revisions"}],"predecessor-version":[{"id":1225,"href":"https:\/\/noticiassaludables.com.ar\/index.php?rest_route=\/wp\/v2\/posts\/1223\/revisions\/1225"}],"wp:featuredmedia":[{"embeddable":true,"href":"https:\/\/noticiassaludables.com.ar\/index.php?rest_route=\/wp\/v2\/media\/1224"}],"wp:attachment":[{"href":"https:\/\/noticiassaludables.com.ar\/index.php?rest_route=%2Fwp%2Fv2%2Fmedia&parent=1223"}],"wp:term":[{"taxonomy":"category","embeddable":true,"href":"https:\/\/noticiassaludables.com.ar\/index.php?rest_route=%2Fwp%2Fv2%2Fcategories&post=1223"},{"taxonomy":"post_tag","embeddable":true,"href":"https:\/\/noticiassaludables.com.ar\/index.php?rest_route=%2Fwp%2Fv2%2Ftags&post=1223"}],"curies":[{"name":"wp","href":"https:\/\/api.w.org\/{rel}","templated":true}]}}