{"id":1226,"date":"2024-04-24T11:31:53","date_gmt":"2024-04-24T14:31:53","guid":{"rendered":"https:\/\/noticiassaludables.com.ar\/?p=1226"},"modified":"2024-04-24T11:31:54","modified_gmt":"2024-04-24T14:31:54","slug":"la-ciudad-y-la-provincia-de-buenos-aires-presentes-en-la-feria-del-libro","status":"publish","type":"post","link":"https:\/\/noticiassaludables.com.ar\/?p=1226","title":{"rendered":"La ciudad y la provincia de Buenos Aires, presentes en la Feria del Libro"},"content":{"rendered":"\n<p>os m\u00e1s poblados de la Argentina participan del encuentro literario que abre al p\u00fablico este jueves, con programaciones que integran diferentes actividades culturales y la participaci\u00f3n art\u00edstica<\/p>\n\n\n\n<p><img loading=\"lazy\" decoding=\"async\" alt=\"Stand de la Provincia de Buenos Aires en la Feria del Libro (Prensa: Provincia)\" height=\"1280\" width=\"1920\" class=\"\" src=\"https:\/\/www.infobae.com\/new-resizer\/Pfvw5JxGAHI1GZ6cUv7q9vosAVk=\/420x280\/filters:format(webp):quality(85)\/cloudfront-us-east-1.images.arcpublishing.com\/infobae\/GAEOIYDCF5GVXMC225ONBHB7FM.jpg%20420w\" srcset=\"https:\/\/www.infobae.com\/new-resizer\/Pfvw5JxGAHI1GZ6cUv7q9vosAVk=\/420x280\/filters:format(webp):quality(85)\/cloudfront-us-east-1.images.arcpublishing.com\/infobae\/GAEOIYDCF5GVXMC225ONBHB7FM.jpg 420w,https:\/\/www.infobae.com\/new-resizer\/yEoJwfkMyijDG7faaDQS4WDNxck=\/768x512\/filters:format(webp):quality(85)\/cloudfront-us-east-1.images.arcpublishing.com\/infobae\/GAEOIYDCF5GVXMC225ONBHB7FM.jpg 768w,https:\/\/www.infobae.com\/new-resizer\/Dpsyve086BOxqAN5dI98mU4Jcl4=\/992x661\/filters:format(webp):quality(85)\/cloudfront-us-east-1.images.arcpublishing.com\/infobae\/GAEOIYDCF5GVXMC225ONBHB7FM.jpg 992w,https:\/\/www.infobae.com\/new-resizer\/HWRU8OsbX82-SNxvflXX3Rssu-8=\/1200x800\/filters:format(webp):quality(85)\/cloudfront-us-east-1.images.arcpublishing.com\/infobae\/GAEOIYDCF5GVXMC225ONBHB7FM.jpg 1200w,https:\/\/www.infobae.com\/new-resizer\/45l-E1WnCP1Mj4IiySZ5lq0FDhg=\/1440x960\/filters:format(webp):quality(85)\/cloudfront-us-east-1.images.arcpublishing.com\/infobae\/GAEOIYDCF5GVXMC225ONBHB7FM.jpg 1440w\">Stand de la Provincia de Buenos Aires en la Feria del Libro (Prensa: Provincia)<\/p>\n\n\n\n<p>Buenos Aires es una ciudad y tambi\u00e9n es una provincia. Son dos territorios que en alg\u00fan momento fueron el mismo. La presencia cultural de ambas (por un lado, el gobierno aut\u00f3nomo de&nbsp;<strong>Jorge Macri<\/strong>; por otro, la gobernaci\u00f3n de&nbsp;<strong>Axel Kicillof<\/strong>) en la Feria del Libro es notable. \u00bfQu\u00e9 se puede destacar de sus programaciones?<\/p>\n\n\n\n<p><a href=\"https:\/\/www.infobae.com\/cultura\/2024\/04\/24\/feria-del-libro-2024-todas-las-propuestas-culturales-y-actividades-para-disfrutar\/\" target=\"_blank\" rel=\"noreferrer noopener\"><\/a><\/p>\n\n\n\n<figure class=\"wp-block-image\"><a href=\"https:\/\/www.infobae.com\/cultura\/2024\/04\/24\/feria-del-libro-2024-todas-las-propuestas-culturales-y-actividades-para-disfrutar\/\" target=\"_blank\" rel=\"noreferrer noopener\"><img decoding=\"async\" src=\"https:\/\/www.infobae.com\/new-resizer\/4vlwo6H41PhFlMhHsgdlM60WlVI=\/1200x675\/filters:format(webp):quality(85)\/cloudfront-us-east-1.images.arcpublishing.com\/infobae\/APC4N5PZVJDUJEDHO3WIA3KF5E.jpg\" alt=\"Feria del Libro 2024: todas las propuestas culturales y actividades para disfrutar\"\/><\/a><\/figure>\n\n\n\n<p><a href=\"https:\/\/www.infobae.com\/cultura\/2024\/04\/24\/feria-del-libro-2024-todas-las-propuestas-culturales-y-actividades-para-disfrutar\/\" target=\"_blank\" rel=\"noreferrer noopener\"><\/a><\/p>\n\n\n\n<h2 class=\"wp-block-heading\">Ciudad de Buenos Aires<\/h2>\n\n\n\n<p>La Ciudad de Buenos Aires tendr\u00e1 su stand en el Pabell\u00f3n Amarillo. Adem\u00e1s, como todos los a\u00f1os, ah\u00ed se transmitir\u00e1 en vivo la Radio AM 1110 en d\u00faplex con el Canal de la Ciudad. El s\u00e1bado 27, que ser\u00e1 La Noche de La Feria, la entrada ser\u00e1 libre y gratuita a partir de las 20 y la Ciudad presentar\u00e1 la&nbsp;<strong>Lisbon Poetry Orchestra<\/strong>&nbsp;con un recital de poes\u00eda en la Sala Jos\u00e9 Hern\u00e1ndez.<\/p>\n\n\n\n<p>En lo que respecta al Ministerio de Cultura, habr\u00e1 actividades todos los d\u00edas en torno a 7 ejes de programaci\u00f3n: infancias, juveniles, poes\u00eda, literatura y otros lenguajes, tendencias, federal y Semana Negra BA; presentaci\u00f3n de libros de editoriales independientes, y actividades para promocionar la industria de editoriales emergentes. Adem\u00e1s, habr\u00e1 un espacio de comercializaci\u00f3n dedicado a m\u00e1s de 35 editoriales independientes, elegidas a trav\u00e9s de una convocatoria, que exhibir\u00e1n sus t\u00edtulos y participar\u00e1n de la programaci\u00f3n con charlas, lecturas y mesas redondas.<\/p>\n\n\n\n<p><a href=\"https:\/\/www.infobae.com\/cultura\/2024\/04\/23\/premio-medife-filba-las-postulaciones-aumentaron-un-25\/\" target=\"_blank\" rel=\"noreferrer noopener\"><\/a><\/p>\n\n\n\n<figure class=\"wp-block-image\"><a href=\"https:\/\/www.infobae.com\/cultura\/2024\/04\/23\/premio-medife-filba-las-postulaciones-aumentaron-un-25\/\" target=\"_blank\" rel=\"noreferrer noopener\"><img decoding=\"async\" src=\"https:\/\/www.infobae.com\/new-resizer\/4Ay3QXBokmvuknlXCq59RI1Q8Wg=\/1200x675\/filters:format(webp):quality(85)\/cloudfront-us-east-1.images.arcpublishing.com\/infobae\/GLCAJPDMHRFYJFIQBROZYBCIVQ.jpg\" alt=\"Premio Medif\u00e9 FIlba: las postulaciones aumentaron un 25%\"\/><\/a><\/figure>\n\n\n\n<p><a href=\"https:\/\/www.infobae.com\/cultura\/2024\/04\/23\/premio-medife-filba-las-postulaciones-aumentaron-un-25\/\" target=\"_blank\" rel=\"noreferrer noopener\"><\/a><\/p>\n\n\n\n<p><img loading=\"lazy\" decoding=\"async\" alt=\"Stand de la Ciudad de Buenos Aires en la Feria del Libro (Prensa: Ciudad)\" height=\"1280\" width=\"1920\" class=\"\" src=\"https:\/\/www.infobae.com\/new-resizer\/XL0MbbVtjLDGEfRTxPr0uaAOveU=\/420x280\/filters:format(webp):quality(85)\/cloudfront-us-east-1.images.arcpublishing.com\/infobae\/JUEFVIDAMRBV3NH4UZ2H7OQDGQ.jpg%20420w\" srcset=\"https:\/\/www.infobae.com\/new-resizer\/XL0MbbVtjLDGEfRTxPr0uaAOveU=\/420x280\/filters:format(webp):quality(85)\/cloudfront-us-east-1.images.arcpublishing.com\/infobae\/JUEFVIDAMRBV3NH4UZ2H7OQDGQ.jpg 420w,https:\/\/www.infobae.com\/new-resizer\/RGQatR83TfNo7StA2q-7XMNy2z4=\/768x512\/filters:format(webp):quality(85)\/cloudfront-us-east-1.images.arcpublishing.com\/infobae\/JUEFVIDAMRBV3NH4UZ2H7OQDGQ.jpg 768w,https:\/\/www.infobae.com\/new-resizer\/34B29QiYaPY91GKL__vR81tPRjA=\/992x661\/filters:format(webp):quality(85)\/cloudfront-us-east-1.images.arcpublishing.com\/infobae\/JUEFVIDAMRBV3NH4UZ2H7OQDGQ.jpg 992w,https:\/\/www.infobae.com\/new-resizer\/8I6G4O8iq1lvr-Qf4P8EPB7NiJE=\/1200x800\/filters:format(webp):quality(85)\/cloudfront-us-east-1.images.arcpublishing.com\/infobae\/JUEFVIDAMRBV3NH4UZ2H7OQDGQ.jpg 1200w,https:\/\/www.infobae.com\/new-resizer\/Jd488JOZGgM7fmEN_tdAd6sSyvM=\/1440x960\/filters:format(webp):quality(85)\/cloudfront-us-east-1.images.arcpublishing.com\/infobae\/JUEFVIDAMRBV3NH4UZ2H7OQDGQ.jpg 1440w\">Stand de la Ciudad de Buenos Aires en la Feria del Libro (Prensa: Ciudad)<\/p>\n\n\n\n<p>Pasar\u00e1n por el stand&nbsp;<strong>Selva Almada, Sergio Olgu\u00edn, Leonardo Oyola, Guillermo Mart\u00ednez, Alejandra Kamiya, Alejandro Tantanian, Graciela Borges, Florencia Etcheves, Juan Sasturain, \u00c9rica Rivas<\/strong>, y los autores de la serie&nbsp;<strong>Cris Mir\u00f3&nbsp;<\/strong>(<em><strong>Ella<\/strong><\/em>) que estrenar\u00e1 en junio:&nbsp;<strong>Mart\u00edn Vatenberg, Lucas Bianchini&nbsp;<\/strong>y&nbsp;<strong>Carlos Sanzol<\/strong>.<\/p>\n\n\n\n<p>Por primera vez se llevar\u00e1 a cabo una propuesta de actividades en las Jornadas Profesionales de la Feria del Libro \u2015que tendr\u00e1n lugar del 23 al 25 de abril\u2015 sobre el uso de la inteligencia artificial y la propiedad intelectual en la industria del libro, econom\u00eda de la atenci\u00f3n, audiolibros y podcasts, y posibilidades para la adaptaci\u00f3n de contenidos editoriales al formato audiovisual.<\/p>\n\n\n\n<p><a href=\"https:\/\/www.infobae.com\/cultura\/2024\/04\/24\/el-dia-internacional-del-jazz-se-transforma-en-una-semana-de-grandes-recitales\/\" target=\"_blank\" rel=\"noreferrer noopener\"><\/a><\/p>\n\n\n\n<p>El Ministerio de Educaci\u00f3n, en el marco de su Plan Estrat\u00e9gico \u201cBuenos Aires Aprende\u201d, brindar\u00e1 conferencias como \u201cAbordar la fluidez y comprensi\u00f3n lectora con cuentos policiales\u201d, dirigida a ni\u00f1os y ni\u00f1as en el nivel primario, y talleres como \u201cLos Materiales Narran\u201d, dedicado al nivel inicial.<\/p>\n\n\n\n<p><img loading=\"lazy\" decoding=\"async\" alt=\"Stand de la Ciudad de Buenos Aires en la Feria del Libro (Prensa: Ciudad)\" height=\"1614\" width=\"1920\" class=\"\" src=\"https:\/\/www.infobae.com\/new-resizer\/N278xsAni1X-U5FIjxbPBUqsWGc=\/992x850\/filters:format(webp):quality(85)\/cloudfront-us-east-1.images.arcpublishing.com\/infobae\/LX37KEQFHFFS3GEOUSTWBPB55M.jpg%20992w\" srcset=\"https:\/\/www.infobae.com\/new-resizer\/N278xsAni1X-U5FIjxbPBUqsWGc=\/992x850\/filters:format(webp):quality(85)\/cloudfront-us-east-1.images.arcpublishing.com\/infobae\/LX37KEQFHFFS3GEOUSTWBPB55M.jpg 992w\">Stand de la Ciudad de Buenos Aires en la Feria del Libro (Prensa: Ciudad)<\/p>\n\n\n\n<p>Desde el Ministerio de Desarrollo Econ\u00f3mico se har\u00e1 una presentaci\u00f3n sobre libros de vinos a cargo del periodista y sommelier Fabricio Portelli de Winexplorers con la presidente de la Asociaci\u00f3n Argentina de Sommeliers&nbsp;<strong>Marcela Rienzo<\/strong>&nbsp;como invitada y se dictar\u00e1 un taller para conocer el ABC del caf\u00e9 por la periodista&nbsp;<strong>Sabrina Cuculiansky<\/strong>, autora de&nbsp;<em><strong>El libro del Caf\u00e9<\/strong><\/em>. Adem\u00e1s, un conversatorio con la editora de&nbsp;<em><strong>90+10&nbsp;<\/strong><\/em><strong>Marcela Fibbiani<\/strong>&nbsp;sobre el papel del dise\u00f1o en la innovaci\u00f3n y el desarrollo sostenible y se explorar\u00e1n las nuevas tendencias y desaf\u00edos.<\/p>\n\n\n\n<p>Tambi\u00e9n habr\u00e1 un concurso literario, \u201cYa estoy de vuelta, pero siempre hay otra vuelta\u201d, que organiza la Secretar\u00eda de Bienestar Integral, van a dar un taller de lectura en el que contar\u00e1n su experiencia y se har\u00e1 un sorteo de libros. Y el 3 de mayo, integrantes del programa de voluntariado mayor \u201cYo x Vos\u201d van a llevar adelante una actividad para ni\u00f1os.<\/p>\n\n\n\n<h2 class=\"wp-block-heading\">Provincia de Buenos Aires<\/h2>\n\n\n\n<p>La provincia de Buenos Aires tambi\u00e9n tiene su stand en la Feria, el 602 en el Pabell\u00f3n Azul. A trav\u00e9s del Instituto Cultural, que conduce&nbsp;<strong>Florencia Saintout<\/strong>, tendr\u00e1 presencia de lunes a viernes de 14 a 22 y s\u00e1bados, domingos y feriados de 13 a 22. El s\u00e1bado 27, por celebrarse la Noche de la Feria, el horario ser\u00e1 de 13 a 00, con entrada libre a partir de las 20.<\/p>\n\n\n\n<p><img loading=\"lazy\" decoding=\"async\" alt=\"Stand de la Provincia de Buenos Aires en la Feria del Libro (Prensa: Provincia)\" height=\"1080\" width=\"1920\" class=\"\" src=\"https:\/\/www.infobae.com\/new-resizer\/dLd3VvSsOSks6Wl5qWWM8bJObmw=\/420x236\/filters:format(webp):quality(85)\/cloudfront-us-east-1.images.arcpublishing.com\/infobae\/Q3EBQNUXSZCGTBV557BIWF3Z4U.JPG%20420w\" srcset=\"https:\/\/www.infobae.com\/new-resizer\/dLd3VvSsOSks6Wl5qWWM8bJObmw=\/420x236\/filters:format(webp):quality(85)\/cloudfront-us-east-1.images.arcpublishing.com\/infobae\/Q3EBQNUXSZCGTBV557BIWF3Z4U.JPG 420w,https:\/\/www.infobae.com\/new-resizer\/CzHOT3Io7GxC5acWCLehfRb25ag=\/768x432\/filters:format(webp):quality(85)\/cloudfront-us-east-1.images.arcpublishing.com\/infobae\/Q3EBQNUXSZCGTBV557BIWF3Z4U.JPG 768w,https:\/\/www.infobae.com\/new-resizer\/kERh4x3uL-b38D59YGl59hXH9yA=\/992x558\/filters:format(webp):quality(85)\/cloudfront-us-east-1.images.arcpublishing.com\/infobae\/Q3EBQNUXSZCGTBV557BIWF3Z4U.JPG 992w,https:\/\/www.infobae.com\/new-resizer\/UJPNUZznHWhgSHIGBFLPF4sfdgE=\/1200x675\/filters:format(webp):quality(85)\/cloudfront-us-east-1.images.arcpublishing.com\/infobae\/Q3EBQNUXSZCGTBV557BIWF3Z4U.JPG 1200w,https:\/\/www.infobae.com\/new-resizer\/oYq26X9Ydvv2HtZuqtrnzLZzIFA=\/1440x810\/filters:format(webp):quality(85)\/cloudfront-us-east-1.images.arcpublishing.com\/infobae\/Q3EBQNUXSZCGTBV557BIWF3Z4U.JPG 1440w\">Stand de la Provincia de Buenos Aires en la Feria del Libro (Prensa: Provincia)<\/p>\n\n\n\n<p>El lema de este a\u00f1o para el stand bonaerense es \u201cLa cultura es identidad, trabajo y soberan\u00eda\u201d. En ese marco, est\u00e1 programado un ciclo de conversatorios con la participaci\u00f3n de, entre otros,&nbsp;<strong>Guillermo Mart\u00ednez, Marta Dillon, Julieta D\u00edaz, Tamara Tenenbaum, Dolores Fonzi, Gabriela Cabez\u00f3n C\u00e1mara, Daniel Santoro, Esther D\u00edaz, Benjam\u00edn Naishtat, Mar\u00eda Moreno, Mar\u00eda P\u00eda L\u00f3pez, Ana Longoni<\/strong>. A su vez,&nbsp;<strong>Alejandro Dolina&nbsp;<\/strong>ser\u00e1 homenajeado por su trayectoria, distinci\u00f3n que ya recibieron&nbsp;<strong>Mauricio<\/strong>&nbsp;<strong>Kart\u00fan&nbsp;<\/strong>(2023) y&nbsp;<strong>Griselda<\/strong>&nbsp;<strong>Gambaro&nbsp;<\/strong>(2022).<\/p>\n\n\n\n<p>Unas 95 editoriales independientes de la Provincia ofrecen sus t\u00edtulos. Lo mismo unas 100 editoriales universitarias, que ser\u00e1n cobijadas ante la falta del tradicional espacio del Consejo Interuniversitario Nacional (CIN). Adem\u00e1s, habr\u00e1 una nutrida agenda de actividades pensadas por los municipios.<\/p>\n\n\n\n<p>En el stand bonaerense habr\u00e1 m\u00e1s de 100 actividades, que incluyen talleres, conversatorios, homenajes, presentaciones de libros y colecciones, lecturas, actividades para infancias, di\u00e1logos en torno a la soberan\u00eda cultural; premios y homenajes y la presencia de grandes referentes del sector editorial federal y de la Provincia. Tambi\u00e9n se entregar\u00e1n libros del programa \u201cM\u00e1s Libros para m\u00e1s\u201d, destinados a bibliotecas populares, que adem\u00e1s tendr\u00e1n un descuento para comprar ejemplares de editoriales de la Provincia.<\/p>\n\n\n\n<p><img loading=\"lazy\" decoding=\"async\" alt=\"Stand de la Provincia de Buenos Aires en la Feria del Libro (Prensa: Provincia)\" height=\"1280\" width=\"1920\" class=\"\" src=\"https:\/\/www.infobae.com\/new-resizer\/Z5w_JD0s5ke0bFiLR9TQOkSOJ18=\/420x280\/filters:format(webp):quality(85)\/cloudfront-us-east-1.images.arcpublishing.com\/infobae\/KU4TGBE76ND6FM7GJTPACBGSSQ.JPG%20420w\" srcset=\"https:\/\/www.infobae.com\/new-resizer\/Z5w_JD0s5ke0bFiLR9TQOkSOJ18=\/420x280\/filters:format(webp):quality(85)\/cloudfront-us-east-1.images.arcpublishing.com\/infobae\/KU4TGBE76ND6FM7GJTPACBGSSQ.JPG 420w,https:\/\/www.infobae.com\/new-resizer\/7ADDrjbAeiM1W29IXD-ATXLqyHY=\/768x512\/filters:format(webp):quality(85)\/cloudfront-us-east-1.images.arcpublishing.com\/infobae\/KU4TGBE76ND6FM7GJTPACBGSSQ.JPG 768w,https:\/\/www.infobae.com\/new-resizer\/5-0vN93_ITyauI2PfmF3Aj_1AKw=\/992x661\/filters:format(webp):quality(85)\/cloudfront-us-east-1.images.arcpublishing.com\/infobae\/KU4TGBE76ND6FM7GJTPACBGSSQ.JPG 992w,https:\/\/www.infobae.com\/new-resizer\/nhZxcwFI5iYSoUxlQ1810KwabVw=\/1200x800\/filters:format(webp):quality(85)\/cloudfront-us-east-1.images.arcpublishing.com\/infobae\/KU4TGBE76ND6FM7GJTPACBGSSQ.JPG 1200w,https:\/\/www.infobae.com\/new-resizer\/VMD6wSgc-agLAGdj9a6FrZkpm7U=\/1440x960\/filters:format(webp):quality(85)\/cloudfront-us-east-1.images.arcpublishing.com\/infobae\/KU4TGBE76ND6FM7GJTPACBGSSQ.JPG 1440w\">Stand de la Provincia de Buenos Aires en la Feria del Libro (Prensa: Provincia)<\/p>\n\n\n\n<p>En el espacio, adem\u00e1s, tendr\u00e1n su lugar la editorial Ediciones Bonaerenses, que llegar\u00e1 con una renovada colecci\u00f3n; y MeVeJu, la editorial del Ministerio de Justicia y Derechos Humanos de la Provincia. Como sucedi\u00f3 el a\u00f1o pasado, el stand tambi\u00e9n tendr\u00e1 un estudio de Radio Provincia, emisora que transmitir\u00e1 desde ah\u00ed parte de su programaci\u00f3n diaria y de los fines de semana.<\/p>\n\n\n\n<p>Fuente: https:\/\/www.infobae.com\/cultura\/2024\/04\/24\/la-ciudad-y-la-provincia-de-buenos-aires-presentes-en-la-feria-del-libro\/<\/p>\n","protected":false},"excerpt":{"rendered":"<p>os m\u00e1s poblados de la Argentina participan del encuentro literario que abre al p\u00fablico este jueves, con programaciones que integran diferentes actividades culturales y la participaci\u00f3n art\u00edstica Stand de la Provincia de Buenos Aires en la Feria del Libro (Prensa: Provincia) Buenos Aires es una ciudad y tambi\u00e9n es una provincia. Son dos territorios que [&hellip;]<\/p>\n","protected":false},"author":3,"featured_media":1227,"comment_status":"open","ping_status":"open","sticky":false,"template":"","format":"standard","meta":{"footnotes":""},"categories":[11,12],"tags":[385,618],"class_list":["post-1226","post","type-post","status-publish","format-standard","has-post-thumbnail","hentry","category-agenda","category-sociedad","tag-buenos-aires","tag-feria-del-libro"],"_links":{"self":[{"href":"https:\/\/noticiassaludables.com.ar\/index.php?rest_route=\/wp\/v2\/posts\/1226","targetHints":{"allow":["GET"]}}],"collection":[{"href":"https:\/\/noticiassaludables.com.ar\/index.php?rest_route=\/wp\/v2\/posts"}],"about":[{"href":"https:\/\/noticiassaludables.com.ar\/index.php?rest_route=\/wp\/v2\/types\/post"}],"author":[{"embeddable":true,"href":"https:\/\/noticiassaludables.com.ar\/index.php?rest_route=\/wp\/v2\/users\/3"}],"replies":[{"embeddable":true,"href":"https:\/\/noticiassaludables.com.ar\/index.php?rest_route=%2Fwp%2Fv2%2Fcomments&post=1226"}],"version-history":[{"count":1,"href":"https:\/\/noticiassaludables.com.ar\/index.php?rest_route=\/wp\/v2\/posts\/1226\/revisions"}],"predecessor-version":[{"id":1228,"href":"https:\/\/noticiassaludables.com.ar\/index.php?rest_route=\/wp\/v2\/posts\/1226\/revisions\/1228"}],"wp:featuredmedia":[{"embeddable":true,"href":"https:\/\/noticiassaludables.com.ar\/index.php?rest_route=\/wp\/v2\/media\/1227"}],"wp:attachment":[{"href":"https:\/\/noticiassaludables.com.ar\/index.php?rest_route=%2Fwp%2Fv2%2Fmedia&parent=1226"}],"wp:term":[{"taxonomy":"category","embeddable":true,"href":"https:\/\/noticiassaludables.com.ar\/index.php?rest_route=%2Fwp%2Fv2%2Fcategories&post=1226"},{"taxonomy":"post_tag","embeddable":true,"href":"https:\/\/noticiassaludables.com.ar\/index.php?rest_route=%2Fwp%2Fv2%2Ftags&post=1226"}],"curies":[{"name":"wp","href":"https:\/\/api.w.org\/{rel}","templated":true}]}}