{"id":1238,"date":"2024-04-26T10:42:30","date_gmt":"2024-04-26T13:42:30","guid":{"rendered":"https:\/\/noticiassaludables.com.ar\/?p=1238"},"modified":"2024-04-26T10:42:31","modified_gmt":"2024-04-26T13:42:31","slug":"la-genialidad-musical-de-beethoven-estaba-mas-alla-de-su-genetica","status":"publish","type":"post","link":"https:\/\/noticiassaludables.com.ar\/?p=1238","title":{"rendered":"La genialidad musical de Beethoven estaba m\u00e1s all\u00e1 de su gen\u00e9tica"},"content":{"rendered":"\n<h2 class=\"wp-block-heading\">Tras un nuevo trabajo realizado con ADN extra\u00eddo del cabello del gran m\u00fasico, los investigadores pudieron advertir que sus habilidades art\u00edsticas no solo estaban influenciadas por la gen\u00e9tica o el entorno. En el d\u00eda mundial de esta sustancia esencial para la vida, los detalles de la investigaci\u00f3n<\/h2>\n\n\n\n<p><img loading=\"lazy\" decoding=\"async\" alt=\"El hallazgo mostr\u00f3 una baja predisposici\u00f3n de Beethoven a la sincronizaci\u00f3n de ritmos, de lo que se deduce que el talento musical del compositor alem\u00e1n no estaba en su gen\u00e9tica \" height=\"1080\" width=\"1920\" class=\"\" src=\"https:\/\/www.infobae.com\/new-resizer\/JYsBMQbmcmfu1_OMKsj_NTkxSr4=\/420x236\/filters:format(webp):quality(85)\/cloudfront-us-east-1.images.arcpublishing.com\/infobae\/MGQDBETTLZFK7A23G44C3V4MG4.jpg%20420w\" srcset=\"https:\/\/www.infobae.com\/new-resizer\/JYsBMQbmcmfu1_OMKsj_NTkxSr4=\/420x236\/filters:format(webp):quality(85)\/cloudfront-us-east-1.images.arcpublishing.com\/infobae\/MGQDBETTLZFK7A23G44C3V4MG4.jpg 420w,https:\/\/www.infobae.com\/new-resizer\/QqfMukxD0jES0x44ZnWzCXVTSCA=\/768x432\/filters:format(webp):quality(85)\/cloudfront-us-east-1.images.arcpublishing.com\/infobae\/MGQDBETTLZFK7A23G44C3V4MG4.jpg 768w,https:\/\/www.infobae.com\/new-resizer\/MN9G34-FAXU7MsF9v64GY6hrmLo=\/992x558\/filters:format(webp):quality(85)\/cloudfront-us-east-1.images.arcpublishing.com\/infobae\/MGQDBETTLZFK7A23G44C3V4MG4.jpg 992w,https:\/\/www.infobae.com\/new-resizer\/5MLgdvo9-OQxztJnJGzvQD3PnUU=\/1200x675\/filters:format(webp):quality(85)\/cloudfront-us-east-1.images.arcpublishing.com\/infobae\/MGQDBETTLZFK7A23G44C3V4MG4.jpg 1200w,https:\/\/www.infobae.com\/new-resizer\/x809q4qK6hu8IJG-rAuH0m83uAI=\/1440x810\/filters:format(webp):quality(85)\/cloudfront-us-east-1.images.arcpublishing.com\/infobae\/MGQDBETTLZFK7A23G44C3V4MG4.jpg 1440w\">El hallazgo mostr\u00f3 una baja predisposici\u00f3n de Beethoven a la sincronizaci\u00f3n de ritmos, de lo que se deduce que el talento musical del compositor alem\u00e1n no estaba en su gen\u00e9tica<\/p>\n\n\n\n<p>La&nbsp;<a rel=\"noreferrer noopener\" href=\"https:\/\/www.infobae.com\/salud\/2023\/11\/24\/por-que-la-musica-crea-recuerdos-tan-poderosos-e-imborrables-segun-un-nuevo-estudio\/\" target=\"_blank\">m\u00fasica&nbsp;<\/a>nos acompa\u00f1a toda la vida. Cada uno podr\u00eda armar una banda sonora con aquellas canciones asociadas a los distintos acontecimientos de su vida.<\/p>\n\n\n\n<p><a href=\"https:\/\/www.infobae.com\/america\/ciencia-america\/2024\/04\/26\/el-telescopio-espacial-hubble-cumplio-34-anos-y-lo-festejo-con-una-imagen-sorprendente\/\" target=\"_blank\" rel=\"noreferrer noopener\"><\/a><\/p>\n\n\n\n<p><strong>\u00bfPor qu\u00e9 disfrutamos tanto la m\u00fasica?<\/strong>&nbsp;El grado de disfrute puede diferir mucho de una persona a otra, y los investigadores dicen que puede deberse en parte a nuestra estructura gen\u00e9tica, pero se sabe poco sobre las razones.<\/p>\n\n\n\n<p>Sin embargo, un nuevo an\u00e1lisis del ADN del compositor\u00a0<strong>Ludwig van Beethoven<\/strong>\u00a0ha puesto en evidencia que la gen\u00e9tica no lo es todo para alcanzar la genialidad y el talento en la vida, sino que hay una compleja mezcla de factores que pueden dar ese resultado. Una afirmaci\u00f3n que, en el D\u00eda Mundial del ADN, brinda nueva luz sobre esta situaci\u00f3n.<a href=\"https:\/\/www.infobae.com\/america\/ciencia-america\/2024\/04\/26\/coleen-murphy-la-catedratica-de-la-longevidad-la-ciencia-busca-mejorar-la-calidad-no-solo-la-esperanza-de-vida\/\" target=\"_blank\" rel=\"noreferrer noopener\"><\/a><\/p>\n\n\n\n<p><a href=\"https:\/\/www.infobae.com\/america\/ciencia-america\/2024\/04\/26\/coleen-murphy-la-catedratica-de-la-longevidad-la-ciencia-busca-mejorar-la-calidad-no-solo-la-esperanza-de-vida\/\" target=\"_blank\" rel=\"noreferrer noopener\"><\/a>Es que, para estudiar el papel de los genes se reuni\u00f3 un equipo internacional de investigadores, pertenecientes a los Institutos Max Planck de Est\u00e9tica Emp\u00edrica (MPIEA) de Fr\u00e1ncfort del Meno (Alemania) y de Psicoling\u00fc\u00edstica (MPI-PL) de Nimega (Pa\u00edses Bajos), que analiz\u00f3 el ADN de\u00a0<strong>Ludwig van Beethoven<\/strong>\u00a0para investigar su predisposici\u00f3n gen\u00e9tica \u201cmusical\u201d. Los resultados se publicaron en la\u00a0<a href=\"https:\/\/www.cell.com\/current-biology\/fulltext\/S0960-9822(24)00025-3?_returnURL=https%3A%2F%2Flinkinghub.elsevier.com%2Fretrieve%2Fpii%2FS0960982224000253%3Fshowall%3Dtrue\" target=\"_blank\" rel=\"noreferrer noopener\">revista Current Biology<\/a>.<\/p>\n\n\n\n<p><img loading=\"lazy\" decoding=\"async\" alt=\"A partir de mechones del cabello de Ludwig van Beethoven estudiados en 2023, se pudo secuenciar su genoma. Aqu\u00ed un momento en el Max Planck Institute for the Science of Human History, Alemania\/ Anthi Tiliakou.\" height=\"1080\" width=\"1920\" class=\"\" src=\"https:\/\/www.infobae.com\/new-resizer\/SKiCMJV9FlTGdX3QKSXtTuhu_AM=\/420x236\/filters:format(webp):quality(85)\/cloudfront-us-east-1.images.arcpublishing.com\/infobae\/PXOMKZ6URFBUPPEPVF7HBHPMCU.jpg%20420w\" srcset=\"https:\/\/www.infobae.com\/new-resizer\/SKiCMJV9FlTGdX3QKSXtTuhu_AM=\/420x236\/filters:format(webp):quality(85)\/cloudfront-us-east-1.images.arcpublishing.com\/infobae\/PXOMKZ6URFBUPPEPVF7HBHPMCU.jpg 420w,https:\/\/www.infobae.com\/new-resizer\/iLWi0IvNo7_-d0LgpevO4kej_nY=\/768x432\/filters:format(webp):quality(85)\/cloudfront-us-east-1.images.arcpublishing.com\/infobae\/PXOMKZ6URFBUPPEPVF7HBHPMCU.jpg 768w,https:\/\/www.infobae.com\/new-resizer\/m4iRUK0z5fbrri3HD27cTPLhUF0=\/992x558\/filters:format(webp):quality(85)\/cloudfront-us-east-1.images.arcpublishing.com\/infobae\/PXOMKZ6URFBUPPEPVF7HBHPMCU.jpg 992w,https:\/\/www.infobae.com\/new-resizer\/EX3iKdbWZCdBblbQX2ZcSgoMJoQ=\/1200x675\/filters:format(webp):quality(85)\/cloudfront-us-east-1.images.arcpublishing.com\/infobae\/PXOMKZ6URFBUPPEPVF7HBHPMCU.jpg 1200w,https:\/\/www.infobae.com\/new-resizer\/XV93E-y1dzdkzZe5w6jRnUcJRJw=\/1440x810\/filters:format(webp):quality(85)\/cloudfront-us-east-1.images.arcpublishing.com\/infobae\/PXOMKZ6URFBUPPEPVF7HBHPMCU.jpg 1440w\">A partir de mechones del cabello de Ludwig van Beethoven estudiados en 2023, se pudo secuenciar su genoma. Aqu\u00ed un momento en el Max Planck Institute for the Science of Human History, Alemania\/ Anthi Tiliakou.<\/p>\n\n\n\n<p>El equipo estudi\u00f3<a rel=\"noreferrer noopener\" href=\"https:\/\/www.infobae.com\/america\/ciencia-america\/2023\/03\/22\/descifraron-el-genoma-de-beethoven-y-revelaron-misterios-sobre-la-causa-de-su-muerte\/\" target=\"_blank\">&nbsp;<strong>secuencias de ADN<\/strong><\/a>&nbsp;disponibles de un estudio anterior finalizado en 2023, en el que el material gen\u00e9tico del compositor se extrajo de mechones de su pelo. \u201cCalculamos la llamada&nbsp;<strong>\u2018puntuaci\u00f3n polig\u00e9nica\u2019<\/strong>&nbsp;-un indicador de la predisposici\u00f3n gen\u00e9tica de un individuo a un rasgo o comportamiento- para la capacidad de&nbsp;<strong>sincronizaci\u00f3n del ritmo<\/strong>, que est\u00e1 estrechamente relacionada con la&nbsp;<strong>musicalidad<\/strong>\u201d, explic\u00f3 la primera autora de la investigaci\u00f3n,<strong>&nbsp;Laura Wesseldijk<\/strong>, del MPIEA.<\/p>\n\n\n\n<p><a href=\"https:\/\/www.infobae.com\/america\/ciencia-america\/2024\/04\/26\/hay-que-replicar-el-exito-de-la-vacunacion-pediatrica-en-los-adultos-afirmo-una-experta-internacional\/\" target=\"_blank\" rel=\"noreferrer noopener\"><\/a><\/p>\n\n\n\n<p>Y continu\u00f3: \u201cAntes de realizar cualquier an\u00e1lisis, hicimos hincapi\u00e9 en que no ten\u00edamos ninguna expectativa previa sobre la puntuaci\u00f3n que obtendr\u00eda Beethoven. En lugar de eso, nuestro objetivo era utilizarlo como ejemplo de los desaf\u00edos que plantea hacer predicciones gen\u00e9ticas para un individuo que vivi\u00f3 hace m\u00e1s de 200 a\u00f1os\u201d.<\/p>\n\n\n\n<p>Curiosamente, Beethoven, uno de los m\u00fasicos m\u00e1s c\u00e9lebres de la historia, ten\u00eda una puntuaci\u00f3n polig\u00e9nica de musicalidad general poco destacable en comparaci\u00f3n con las muestras de poblaci\u00f3n del Instituto Karolinska (Suecia) y la Universidad de Vanderbilt (EE.UU.).<\/p>\n\n\n\n<p><img loading=\"lazy\" decoding=\"async\" alt=\"Los resultados, publicados en la revista Current Biology, revelaron que Beethoven ten\u00eda una puntuaci\u00f3n polig\u00e9nica de musicalidad general baja en comparaci\u00f3n con muestras de poblaci\u00f3n actual -  (Imagen Ilustrativa Infobae)\" height=\"816\" width=\"1456\" class=\"\" src=\"https:\/\/www.infobae.com\/new-resizer\/3-c3eBf_4lYlfWKv_dLcXERhVts=\/420x236\/filters:format(webp):quality(85)\/cloudfront-us-east-1.images.arcpublishing.com\/infobae\/UXYRWAJNRVAM7ES3KG7GWAM77A.jpg%20420w\" srcset=\"https:\/\/www.infobae.com\/new-resizer\/3-c3eBf_4lYlfWKv_dLcXERhVts=\/420x236\/filters:format(webp):quality(85)\/cloudfront-us-east-1.images.arcpublishing.com\/infobae\/UXYRWAJNRVAM7ES3KG7GWAM77A.jpg 420w,https:\/\/www.infobae.com\/new-resizer\/gTxr5cyKJuwz0ULXD6KMyEiTmA8=\/768x432\/filters:format(webp):quality(85)\/cloudfront-us-east-1.images.arcpublishing.com\/infobae\/UXYRWAJNRVAM7ES3KG7GWAM77A.jpg 768w,https:\/\/www.infobae.com\/new-resizer\/Y_e2B4FSYPcEq0xlQcrXuexfOoI=\/992x558\/filters:format(webp):quality(85)\/cloudfront-us-east-1.images.arcpublishing.com\/infobae\/UXYRWAJNRVAM7ES3KG7GWAM77A.jpg 992w,https:\/\/www.infobae.com\/new-resizer\/Ma1udwksAKXY3dmzh3jb_Z5uIHU=\/1200x675\/filters:format(webp):quality(85)\/cloudfront-us-east-1.images.arcpublishing.com\/infobae\/UXYRWAJNRVAM7ES3KG7GWAM77A.jpg 1200w,https:\/\/www.infobae.com\/new-resizer\/lqo2_oNC5WeeseB_tNCEbCrrM_w=\/1440x810\/filters:format(webp):quality(85)\/cloudfront-us-east-1.images.arcpublishing.com\/infobae\/UXYRWAJNRVAM7ES3KG7GWAM77A.jpg 1440w\">Los resultados, publicados en la revista Current Biology, revelaron que Beethoven ten\u00eda una puntuaci\u00f3n polig\u00e9nica de musicalidad general baja en comparaci\u00f3n con muestras de poblaci\u00f3n actual &#8211; (Imagen Ilustrativa Infobae)<\/p>\n\n\n\n<p>Sin embargo, teniendo en cuenta las limitaciones de las puntuaciones polig\u00e9nicas actuales y el hecho de que un indicador gen\u00e9tico de la \u201ccapacidad de sincronizaci\u00f3n del ritmo\u201d puede no relacionarse directamente con las habilidades de compositor de Beethoven (creatividad musical),&nbsp;<strong>este hallazgo no fue inesperado.<\/strong><\/p>\n\n\n\n<p>El coautor principal&nbsp;<strong>Simon Fisher<\/strong>, del MPI-PL, explic\u00f3: \u201cObviamente, ser\u00eda un error concluir, de la baja puntuaci\u00f3n polig\u00e9nica de Beethoven, que sus habilidades musicales no eran excepcionales. Creemos que el gran desajuste entre esta predicci\u00f3n basada en el ADN y el genio musical de Beethoven proporciona una valiosa ense\u00f1anza. Demuestra, por ejemplo, que hay que ser esc\u00e9ptico si alguien afirma que puede utilizar una&nbsp;<strong>prueba gen\u00e9tica<\/strong>&nbsp;para determinar con fiabilidad si su hijo tendr\u00e1 dotes musicales o un talento especial en alguna otra \u00e1rea del comportamiento\u201d.<\/p>\n\n\n\n<p>Los investigadores subrayaron que su trabajo no descarta que el ADN contribuya a las habilidades musicales de las personas: estudios anteriores hallaron una&nbsp;<strong>heredabilidad&nbsp;<\/strong>media del 42% para la&nbsp;<strong>musicalidad<\/strong>.<\/p>\n\n\n\n<p><img loading=\"lazy\" decoding=\"async\" alt=\"Los investigadores dijeron que hay que ser esc\u00e9pticos &quot;si alguien afirma que puede utilizar una prueba gen\u00e9tica para determinar si alguien tendr\u00e1 talento musical o en alguna otra \u00e1rea de comportamiento&quot;(Imagen ilustrativa Infobae)\" height=\"816\" width=\"1456\" class=\"\" src=\"https:\/\/www.infobae.com\/new-resizer\/QO7bjBH-qA3xt-IHBBaZdtP_8w8=\/420x236\/filters:format(webp):quality(85)\/cloudfront-us-east-1.images.arcpublishing.com\/infobae\/OET2HPJUAJA7VIWBFSQOIWM47I.png%20420w\" srcset=\"https:\/\/www.infobae.com\/new-resizer\/QO7bjBH-qA3xt-IHBBaZdtP_8w8=\/420x236\/filters:format(webp):quality(85)\/cloudfront-us-east-1.images.arcpublishing.com\/infobae\/OET2HPJUAJA7VIWBFSQOIWM47I.png 420w,https:\/\/www.infobae.com\/new-resizer\/WfimKzkChxsyf7iA06stNl0Zpe8=\/768x432\/filters:format(webp):quality(85)\/cloudfront-us-east-1.images.arcpublishing.com\/infobae\/OET2HPJUAJA7VIWBFSQOIWM47I.png 768w,https:\/\/www.infobae.com\/new-resizer\/Kp5Tr06UUEL8jPy6tnQFIuqhmt0=\/992x558\/filters:format(webp):quality(85)\/cloudfront-us-east-1.images.arcpublishing.com\/infobae\/OET2HPJUAJA7VIWBFSQOIWM47I.png 992w,https:\/\/www.infobae.com\/new-resizer\/KJFTDAzvPwT8PNJeJA60gO_Wrtc=\/1200x675\/filters:format(webp):quality(85)\/cloudfront-us-east-1.images.arcpublishing.com\/infobae\/OET2HPJUAJA7VIWBFSQOIWM47I.png 1200w,https:\/\/www.infobae.com\/new-resizer\/Oaq23WL-sutWbPqtp4tFo_08YK8=\/1440x810\/filters:format(webp):quality(85)\/cloudfront-us-east-1.images.arcpublishing.com\/infobae\/OET2HPJUAJA7VIWBFSQOIWM47I.png 1440w\">Los investigadores dijeron que hay que ser esc\u00e9pticos &#8220;si alguien afirma que puede utilizar una prueba gen\u00e9tica para determinar si alguien tendr\u00e1 talento musical o en alguna otra \u00e1rea de comportamiento&#8221;(Imagen ilustrativa Infobae)<\/p>\n\n\n\n<p>Investigar la naturaleza de las&nbsp;<strong>contribuciones gen\u00e9ticas en grandes muestras de personas&nbsp;<\/strong>puede aportar datos importantes sobre c\u00f3mo y por qu\u00e9 pueden diferir las habilidades y comportamientos musicales, as\u00ed como ayudar a comprender las relaciones entre la musicalidad y otros rasgos, como la<strong>&nbsp;salud mental<\/strong>. Pero utilizar datos de ADN para predecir el comportamiento de un individuo a\u00fan es un arte impreciso, incluso ahora, dijeron los investigadores.<\/p>\n\n\n\n<p>En general, el hallazgo de que Ludwig van Beethoven, uno de los m\u00fasicos m\u00e1s c\u00e9lebres de la historia de la humanidad, ten\u00eda una predisposici\u00f3n gen\u00e9tica bastante baja para la sincronizaci\u00f3n del comp\u00e1s pone de relieve las limitaciones de las predicciones de partituras polig\u00e9nicas a nivel individual.<\/p>\n\n\n\n<p>Aunque se espera que la predicci\u00f3n polig\u00e9nica de las puntuaciones sea m\u00e1s precisa en el futuro, es importante recordar que los\u00a0<strong>rasgos humanos complejos,<\/strong>\u00a0incluidas las habilidades musicales, no est\u00e1n determinados \u00fanicamente por los genes o el entorno, sino m\u00e1s bien por su\u00a0<strong>compleja interacci\u00f3n<\/strong>, afirmaron los investigadores.<\/p>\n\n\n\n<p>Fuente: <a href=\"https:\/\/www.infobae.com\/salud\/ciencia\/2024\/04\/25\/la-genialidad-musical-de-beethoven-estaba-mas-alla-de-su-genetica-segun-un-estudio\/\">https:\/\/www.infobae.com\/salud\/ciencia\/2024\/04\/25\/la-genialidad-musical-de-beethoven-estaba-mas-alla-de-su-genetica-segun-un-estudio\/<\/a><\/p>\n","protected":false},"excerpt":{"rendered":"<p>Tras un nuevo trabajo realizado con ADN extra\u00eddo del cabello del gran m\u00fasico, los investigadores pudieron advertir que sus habilidades art\u00edsticas no solo estaban influenciadas por la gen\u00e9tica o el entorno. En el d\u00eda mundial de esta sustancia esencial para la vida, los detalles de la investigaci\u00f3n El hallazgo mostr\u00f3 una baja predisposici\u00f3n de Beethoven [&hellip;]<\/p>\n","protected":false},"author":3,"featured_media":1239,"comment_status":"open","ping_status":"open","sticky":false,"template":"","format":"standard","meta":{"footnotes":""},"categories":[11,12],"tags":[623],"class_list":["post-1238","post","type-post","status-publish","format-standard","has-post-thumbnail","hentry","category-agenda","category-sociedad","tag-beethoven"],"_links":{"self":[{"href":"https:\/\/noticiassaludables.com.ar\/index.php?rest_route=\/wp\/v2\/posts\/1238","targetHints":{"allow":["GET"]}}],"collection":[{"href":"https:\/\/noticiassaludables.com.ar\/index.php?rest_route=\/wp\/v2\/posts"}],"about":[{"href":"https:\/\/noticiassaludables.com.ar\/index.php?rest_route=\/wp\/v2\/types\/post"}],"author":[{"embeddable":true,"href":"https:\/\/noticiassaludables.com.ar\/index.php?rest_route=\/wp\/v2\/users\/3"}],"replies":[{"embeddable":true,"href":"https:\/\/noticiassaludables.com.ar\/index.php?rest_route=%2Fwp%2Fv2%2Fcomments&post=1238"}],"version-history":[{"count":1,"href":"https:\/\/noticiassaludables.com.ar\/index.php?rest_route=\/wp\/v2\/posts\/1238\/revisions"}],"predecessor-version":[{"id":1240,"href":"https:\/\/noticiassaludables.com.ar\/index.php?rest_route=\/wp\/v2\/posts\/1238\/revisions\/1240"}],"wp:featuredmedia":[{"embeddable":true,"href":"https:\/\/noticiassaludables.com.ar\/index.php?rest_route=\/wp\/v2\/media\/1239"}],"wp:attachment":[{"href":"https:\/\/noticiassaludables.com.ar\/index.php?rest_route=%2Fwp%2Fv2%2Fmedia&parent=1238"}],"wp:term":[{"taxonomy":"category","embeddable":true,"href":"https:\/\/noticiassaludables.com.ar\/index.php?rest_route=%2Fwp%2Fv2%2Fcategories&post=1238"},{"taxonomy":"post_tag","embeddable":true,"href":"https:\/\/noticiassaludables.com.ar\/index.php?rest_route=%2Fwp%2Fv2%2Ftags&post=1238"}],"curies":[{"name":"wp","href":"https:\/\/api.w.org\/{rel}","templated":true}]}}