{"id":124,"date":"2022-11-27T21:56:22","date_gmt":"2022-11-28T00:56:22","guid":{"rendered":"https:\/\/noticiassaludables.com.ar\/?p=124"},"modified":"2022-11-27T21:56:22","modified_gmt":"2022-11-28T00:56:22","slug":"los-precios-de-los-medicamentos-son-una-prioridad-para-el-gobierno","status":"publish","type":"post","link":"https:\/\/noticiassaludables.com.ar\/?p=124","title":{"rendered":"Los precios de los medicamentos &#8220;son una prioridad&#8221; para el Gobierno"},"content":{"rendered":"\n<p>La portavoz de Presidencia, Gabriela Cerruti, afirm\u00f3 que los precios de los medicamentos \u201cson una prioridad para el Gobierno nacional\u201d, y asegur\u00f3 que se verifica una recuperaci\u00f3n de la actividad econ\u00f3mica en los \u00faltimos meses, durante una conferencia de prensa ofrecida en la Casa Rosada.<\/p>\n\n\n\n<p>\u201cPara el Gobierno, el tema de los medicamentos es una prioridad. Una de las primeras medidas que tom\u00f3 el presidente (Alberto Fern\u00e1ndez) fue asegurar una provisi\u00f3n gratuita para los adultos mayores en cumplimiento de una promesa que hizo en la campa\u00f1a electoral. Durante la pandemia hubo un aumento de los precios y, por eso, estamos con estas negociaciones con las empresas para fijar precios. Vamos a mantener tambi\u00e9n reuniones con las c\u00e1maras farmac\u00e9uticas\u201d, se\u00f1al\u00f3 Cerruti en el marco de su conferencia de prensa semanal en la Casa Rosada.<\/p>\n\n\n\n<p>Por otro lado, la portavoz consign\u00f3 que en octubre la recaudaci\u00f3n creci\u00f3 un 57 por ciento, un valor que \u201cno se registraba desde 2015\u201d, e indic\u00f3 que se verifica \u201cuna recuperaci\u00f3n de la econom\u00eda\u201d en las \u00faltimos meses de este a\u00f1o.<\/p>\n\n\n\n<p>\u201cTuvimos este aumento en la recaudaci\u00f3n y, adem\u00e1s, en agosto los salarios le ganaron un 7 por ciento a la inflaci\u00f3n. Son datos que muestran un crecimiento de la actividad y que vamos yendo a un pa\u00eds en el que se volver\u00e1 a producir y a consumir\u201d, destac\u00f3.<\/p>\n\n\n\n<p>Por otro lado, Cerruti hizo un repaso de las actividades que cumpli\u00f3 el presidente Alberto Fern\u00e1ndez durante su \u00faltima gira por Europa, y ratific\u00f3 que la Argentina \u201ctrabaja para logar el mejor acuerdo con el FMI\u201d.<\/p>\n\n\n\n<p>\u201cEl plan econ\u00f3mico de Argentina no lo escribir\u00e1 el FMI; estamos trabajando para logar el mejor acuerdo. El gobierno de (Mauricio) Macri contrajo una deuda de forma arbitraria e irracional. Nadie se llevar\u00e1 la plata del pa\u00eds a costa del hambre y la salud de nuestra gente\u201d, reafirm\u00f3 Cerruti en su di\u00e1logo con la prensa.<\/p>\n\n\n\n<p>En otro orden, repudi\u00f3 la agresi\u00f3n del expresidente Mauricio Macri a un periodista del canal de cable C5N que cubr\u00eda este mi\u00e9rcoles su presentaci\u00f3n en los tribunales federales de Dolores, donde concurri\u00f3 a prestar declaraci\u00f3n indagatoria en la causa que se sigue por espionaje ilegal a los familiares de la tripulaci\u00f3n del ARA San Juan, y afirm\u00f3 que el Gobierno nacional \u201cnunca silenci\u00f3\u201d a ning\u00fan medio de comunicaci\u00f3n\u201d.<\/p>\n\n\n\n<p>\u201cRepudiamos esa actitud de Macri de impedir el trabajo de un periodista y la actitud patotera que tuvo ante el juez de la causa (Mart\u00edn Bava)&#8221;, afirm\u00f3 Cerruti, quien, por otro lado, sostuvo que &#8220;el Gobierno nunca silenci\u00f3 el trabajo de ning\u00fan periodista o medio de comunicaci\u00f3n&#8221;.<\/p>\n\n\n\n<p>Adem\u00e1s, en el marco de la conferencia de prensa, la portavoz de la Presidencia confirm\u00f3 que quienes no votaron en las PASO del 12 de septiembre pasado podr\u00e1n hacerlo en las elecciones generales del pr\u00f3ximo 14.<\/p>\n\n\n\n<p>\u201cEs importante que la gente vaya a votar y si no lo hicieron en las PASO podr\u00e1n hacerlo en la generales. Vamos a mantener medidas de cuidado sanitario como hubo en las pasadas elecciones\u201d, se\u00f1al\u00f3, al tiempo que anunci\u00f3 un cambio en la organizaci\u00f3n de las filas de espera en las mesas de votaci\u00f3n para ese d\u00eda.<\/p>\n\n\n\n<p>(Fuente: <a href=\"https:\/\/www.telam.com.ar\/\">Telam<\/a>)<\/p>\n","protected":false},"excerpt":{"rendered":"<p>La portavoz de Presidencia, Gabriela Cerruti, afirm\u00f3 que los precios de los medicamentos \u201cson una prioridad para el Gobierno nacional\u201d, y asegur\u00f3 que se verifica una recuperaci\u00f3n de la actividad econ\u00f3mica en los \u00faltimos meses, durante una conferencia de prensa ofrecida en la Casa Rosada. \u201cPara el Gobierno, el tema de los medicamentos es una [&hellip;]<\/p>\n","protected":false},"author":2,"featured_media":125,"comment_status":"open","ping_status":"open","sticky":false,"template":"","format":"standard","meta":{"footnotes":""},"categories":[15,16],"tags":[25,26,24],"class_list":["post-124","post","type-post","status-publish","format-standard","has-post-thumbnail","hentry","category-entrevistas","category-opinion","tag-gabriela-cerruti","tag-medicamentos","tag-presidencia"],"_links":{"self":[{"href":"https:\/\/noticiassaludables.com.ar\/index.php?rest_route=\/wp\/v2\/posts\/124","targetHints":{"allow":["GET"]}}],"collection":[{"href":"https:\/\/noticiassaludables.com.ar\/index.php?rest_route=\/wp\/v2\/posts"}],"about":[{"href":"https:\/\/noticiassaludables.com.ar\/index.php?rest_route=\/wp\/v2\/types\/post"}],"author":[{"embeddable":true,"href":"https:\/\/noticiassaludables.com.ar\/index.php?rest_route=\/wp\/v2\/users\/2"}],"replies":[{"embeddable":true,"href":"https:\/\/noticiassaludables.com.ar\/index.php?rest_route=%2Fwp%2Fv2%2Fcomments&post=124"}],"version-history":[{"count":1,"href":"https:\/\/noticiassaludables.com.ar\/index.php?rest_route=\/wp\/v2\/posts\/124\/revisions"}],"predecessor-version":[{"id":126,"href":"https:\/\/noticiassaludables.com.ar\/index.php?rest_route=\/wp\/v2\/posts\/124\/revisions\/126"}],"wp:featuredmedia":[{"embeddable":true,"href":"https:\/\/noticiassaludables.com.ar\/index.php?rest_route=\/wp\/v2\/media\/125"}],"wp:attachment":[{"href":"https:\/\/noticiassaludables.com.ar\/index.php?rest_route=%2Fwp%2Fv2%2Fmedia&parent=124"}],"wp:term":[{"taxonomy":"category","embeddable":true,"href":"https:\/\/noticiassaludables.com.ar\/index.php?rest_route=%2Fwp%2Fv2%2Fcategories&post=124"},{"taxonomy":"post_tag","embeddable":true,"href":"https:\/\/noticiassaludables.com.ar\/index.php?rest_route=%2Fwp%2Fv2%2Ftags&post=124"}],"curies":[{"name":"wp","href":"https:\/\/api.w.org\/{rel}","templated":true}]}}