{"id":1241,"date":"2024-04-26T11:01:32","date_gmt":"2024-04-26T14:01:32","guid":{"rendered":"https:\/\/noticiassaludables.com.ar\/?p=1241"},"modified":"2024-04-26T11:01:33","modified_gmt":"2024-04-26T14:01:33","slug":"vuelve-buenos-aires-en-100-palabras","status":"publish","type":"post","link":"https:\/\/noticiassaludables.com.ar\/?p=1241","title":{"rendered":"Vuelve \u201cBuenos Aires en 100 Palabras\u201d"},"content":{"rendered":"\n<h2 class=\"wp-block-heading\">El certamen, que organiza en Chile la Fundaci\u00f3n Plagio, tuvo su primera versi\u00f3n porte\u00f1a el a\u00f1o pasado. La segunda edici\u00f3n ser\u00e1 presentada este domingo en la Feria del Libro en una charla con Selva Almada<\/h2>\n\n\n\n<p>Cien palabras para hablar de una ciudad.&nbsp;<strong>Cien palabras<\/strong>, nada m\u00e1s, para dar una situaci\u00f3n, una escena, una flechazo que apunte al coraz\u00f3n de una ciudad. De eso se trata el concurso de relatos cortos organizado por la Fundaci\u00f3n Plagio. CIen palabras y 1000 d\u00f3lares de premio.<\/p>\n\n\n\n<p><a href=\"https:\/\/www.infobae.com\/cultura\/2024\/04\/26\/discurso-completo-de-liliana-heker-en-la-apertura-de-la-feria-del-libro\/\" target=\"_blank\" rel=\"noreferrer noopener\"><\/a><\/p>\n\n\n\n<figure class=\"wp-block-image\"><a href=\"https:\/\/www.infobae.com\/cultura\/2024\/04\/26\/discurso-completo-de-liliana-heker-en-la-apertura-de-la-feria-del-libro\/\" target=\"_blank\" rel=\"noreferrer noopener\"><img decoding=\"async\" src=\"https:\/\/www.infobae.com\/new-resizer\/4SvYXpkivMuAOppnQ-UuB8LjPqg=\/1200x675\/filters:format(webp):quality(85)\/cloudfront-us-east-1.images.arcpublishing.com\/infobae\/WRTWEQFLZ5HYJCQP36AJDLIE34.jpg\" alt=\"Discurso completo de Liliana Heker en la apertura de la Feria del Libro\"\/><\/a><\/figure>\n\n\n\n<p><a href=\"https:\/\/www.infobae.com\/cultura\/2024\/04\/26\/discurso-completo-de-liliana-heker-en-la-apertura-de-la-feria-del-libro\/\" target=\"_blank\" rel=\"noreferrer noopener\"><\/a><\/p>\n\n\n\n<p>\u00bfSon muchas o pocas cien palabras para un cuento? Veamos:&nbsp;<em>El sur,<\/em>&nbsp;de&nbsp;<strong>Borges<\/strong>, tiene 2391;&nbsp;<em>Casa tomada<\/em>, de&nbsp;<strong>Julio Cort\u00e1zar<\/strong>, tiene 2082 y el cuento m\u00e1s corto del mundo &#8211;<em>El dinosaurio<\/em>, de&nbsp;<strong>Augusto Monterroso<\/strong>&#8211; apenas siete palabras.<\/p>\n\n\n\n<p>El concurso, que ya lleva 23 a\u00f1os realiz\u00e1ndose en Santiago de Chile, celebrar\u00e1 su segunda edici\u00f3n en la capital Argentina. En la&nbsp;<a rel=\"noreferrer noopener\" href=\"https:\/\/www.infobae.com\/leamos\/2023\/04\/30\/feria-del-libro-como-participar-del-concurso-que-ofrece-mil-dolares-por-escribir-cien-palabras\/\" target=\"_blank\">primera edici\u00f3n 2023<\/a>&nbsp;llegaron m\u00e1s de 11 mil cuentos desde diferentes lugares de la ciudad y se premiaron cinco categor\u00edas.<\/p>\n\n\n\n<p><a href=\"https:\/\/www.infobae.com\/cultura\/2024\/04\/26\/feria-del-libro-2024-horarios-y-programacion-del-fin-de-semana-del-27-y-28-de-abril\/\" target=\"_blank\" rel=\"noreferrer noopener\"><\/a><\/p>\n\n\n\n<figure class=\"wp-block-image\"><a href=\"https:\/\/www.infobae.com\/cultura\/2024\/04\/26\/feria-del-libro-2024-horarios-y-programacion-del-fin-de-semana-del-27-y-28-de-abril\/\" target=\"_blank\" rel=\"noreferrer noopener\"><img decoding=\"async\" src=\"https:\/\/www.infobae.com\/new-resizer\/gJCDGYR0KwIGZESSTjIcTw_jj9g=\/1200x675\/filters:format(webp):quality(85)\/cloudfront-us-east-1.images.arcpublishing.com\/infobae\/PZEFYLMQIRG2ZDX5RBZ6FRWVG4.jpg\" alt=\"Feria del Libro 2024: horarios y programaci\u00f3n del fin de semana del 27 y 28 de abril\"\/><\/a><\/figure>\n\n\n\n<p><a href=\"https:\/\/www.infobae.com\/cultura\/2024\/04\/26\/feria-del-libro-2024-horarios-y-programacion-del-fin-de-semana-del-27-y-28-de-abril\/\" target=\"_blank\" rel=\"noreferrer noopener\"><\/a><\/p>\n\n\n\n<p>Tras ese exitoso debut, se presentar\u00e1 esta segunda edici\u00f3n del certamen&nbsp;<strong>Buenos Aires en 100 Palabras<\/strong>&nbsp;en el marco de la 48\u00aa edici\u00f3n de la Feria Internacional del Libro de Buenos Aires.<\/p>\n\n\n\n<p>En esta segunda oportunidad, el jurado del concurso de cuentos breves estar\u00e1 compuesto por los escritores argentinos\u00a0<strong>Valeria Tentoni<\/strong>\u00a0y\u00a0<strong>Hern\u00e1n Ronsino<\/strong>\u00a0y la autora chilena\u00a0<strong>Alejandra Costamagna<\/strong>.<a href=\"https:\/\/www.infobae.com\/cultura\/2024\/04\/26\/las-fotos-goticas-y-tropicales-de-fernell-franco-se-exhiben-en-fundacion-lariviere\/\" target=\"_blank\" rel=\"noreferrer noopener\"><\/a><\/p>\n\n\n\n<p><a href=\"https:\/\/www.infobae.com\/cultura\/2024\/04\/26\/las-fotos-goticas-y-tropicales-de-fernell-franco-se-exhiben-en-fundacion-lariviere\/\" target=\"_blank\" rel=\"noreferrer noopener\"><\/a><\/p>\n\n\n\n<p><img loading=\"lazy\" decoding=\"async\" alt=\"Hern\u00e1n Ronsino integra el jurado del certamen\" height=\"1080\" width=\"1920\" class=\"\" src=\"https:\/\/www.infobae.com\/new-resizer\/oIyG-n7L9mtTncLPaL9Q96xsbdw=\/420x236\/filters:format(webp):quality(85)\/cloudfront-us-east-1.images.arcpublishing.com\/infobae\/EUKCAZSKWNHA5HZBUN4C67PH2A.jpg%20420w\" srcset=\"https:\/\/www.infobae.com\/new-resizer\/oIyG-n7L9mtTncLPaL9Q96xsbdw=\/420x236\/filters:format(webp):quality(85)\/cloudfront-us-east-1.images.arcpublishing.com\/infobae\/EUKCAZSKWNHA5HZBUN4C67PH2A.jpg 420w,https:\/\/www.infobae.com\/new-resizer\/xPCp0oAzLh4K34mV5JUq7P1E-k0=\/768x432\/filters:format(webp):quality(85)\/cloudfront-us-east-1.images.arcpublishing.com\/infobae\/EUKCAZSKWNHA5HZBUN4C67PH2A.jpg 768w,https:\/\/www.infobae.com\/new-resizer\/JEFPHvBllkZYHF1vI-jS2g1oQ4c=\/992x558\/filters:format(webp):quality(85)\/cloudfront-us-east-1.images.arcpublishing.com\/infobae\/EUKCAZSKWNHA5HZBUN4C67PH2A.jpg 992w,https:\/\/www.infobae.com\/new-resizer\/D2quwlVRwC3xRCr95qks4FMF7Qo=\/1200x675\/filters:format(webp):quality(85)\/cloudfront-us-east-1.images.arcpublishing.com\/infobae\/EUKCAZSKWNHA5HZBUN4C67PH2A.jpg 1200w,https:\/\/www.infobae.com\/new-resizer\/Mm7qNhsobcvrEMDvxxSrE_AFUE4=\/1440x810\/filters:format(webp):quality(85)\/cloudfront-us-east-1.images.arcpublishing.com\/infobae\/EUKCAZSKWNHA5HZBUN4C67PH2A.jpg 1440w\">Hern\u00e1n Ronsino integra el jurado del certamen<\/p>\n\n\n\n<p>Los organizadores de&nbsp;<strong>Buenos Aires en 100 Palabras<\/strong>&nbsp;lo definen como un certamen \u201cinclusivo y transversal\u201d, del que podr\u00e1n participar \u201ctodos los y las habitantes de la ciudad de Buenos Aires, sin l\u00edmite de edad ni ocupaci\u00f3n\u201d, quienes podr\u00e1n enviar hasta cinco cuentos sobre la vida en la capital argentina a trav\u00e9s de la&nbsp;<a rel=\"noreferrer noopener\" href=\"http:\/\/www.buenosairesen100palabras.com\/\" target=\"_blank\"><strong>p\u00e1gina web oficial<\/strong><\/a>.<\/p>\n\n\n\n<p>Los relatos deber\u00e1n tener un m\u00e1ximo de cien palabras y ser\u00e1n recibidos&nbsp;<strong>desde el 28 de abril hasta el 15 de julio<\/strong>. El premio mayor ser\u00e1 de 1.000 d\u00f3lares para la categor\u00eda general, 500 d\u00f3lares para el premio al talento joven (para menores de 18 a\u00f1os) y se entregar\u00e1n adem\u00e1s diplomas para tres menciones honrosas.<\/p>\n\n\n\n<p><strong>Fundaci\u00f3n Plagio<\/strong>&nbsp;es una organizaci\u00f3n cultural chilena con m\u00e1s de dos d\u00e9cadas de historia, orientada a la generaci\u00f3n de experiencias transformadoras en torno a la creatividad. Su inter\u00e9s principal son los proyectos y contenidos culturales de gran alcance y de car\u00e1cter democr\u00e1tico, tales como concursos participativos masivos. El proyecto m\u00e1s emblem\u00e1tico es el concurso de cuentos breves Santiago en 100 Palabras, que ha reunido m\u00e1s de un mill\u00f3n de cuentos desde 2001.<\/p>\n\n\n\n<p><img loading=\"lazy\" decoding=\"async\" alt=\"Selva Almada dar\u00e1 una charla en el stand de la Fundaci\u00f3n Plagio (Roberto Ricciuti\/Getty Images)\" height=\"1080\" width=\"1920\" class=\"\" src=\"https:\/\/www.infobae.com\/new-resizer\/bsEfwcZsL-Pfp7HeD66hTQ8LUs8=\/420x236\/filters:format(webp):quality(85)\/cloudfront-us-east-1.images.arcpublishing.com\/infobae\/CH3ORD7Z75GPVC3TVJDQOBDDDM.jpg%20420w\" srcset=\"https:\/\/www.infobae.com\/new-resizer\/bsEfwcZsL-Pfp7HeD66hTQ8LUs8=\/420x236\/filters:format(webp):quality(85)\/cloudfront-us-east-1.images.arcpublishing.com\/infobae\/CH3ORD7Z75GPVC3TVJDQOBDDDM.jpg 420w,https:\/\/www.infobae.com\/new-resizer\/js3fiy27gYFgLf1pHSE_NdiuREc=\/768x432\/filters:format(webp):quality(85)\/cloudfront-us-east-1.images.arcpublishing.com\/infobae\/CH3ORD7Z75GPVC3TVJDQOBDDDM.jpg 768w,https:\/\/www.infobae.com\/new-resizer\/YwGRFiUSGfublwGm13PFFSVsY8g=\/992x558\/filters:format(webp):quality(85)\/cloudfront-us-east-1.images.arcpublishing.com\/infobae\/CH3ORD7Z75GPVC3TVJDQOBDDDM.jpg 992w,https:\/\/www.infobae.com\/new-resizer\/5x4azqCIEbCwDcO7qFCMZFWzMjw=\/1200x675\/filters:format(webp):quality(85)\/cloudfront-us-east-1.images.arcpublishing.com\/infobae\/CH3ORD7Z75GPVC3TVJDQOBDDDM.jpg 1200w,https:\/\/www.infobae.com\/new-resizer\/2JIAmG5fDqTSiegAbIuwe0tlhRU=\/1440x810\/filters:format(webp):quality(85)\/cloudfront-us-east-1.images.arcpublishing.com\/infobae\/CH3ORD7Z75GPVC3TVJDQOBDDDM.jpg 1440w\">Selva Almada dar\u00e1 una charla en el stand de la Fundaci\u00f3n Plagio (Roberto Ricciuti\/Getty Images)<\/p>\n\n\n\n<h2 class=\"wp-block-heading\">Actividades en la 48\u00aa Feria del Libro de Buenos Aires<\/h2>\n\n\n\n<p>El&nbsp;<strong>domingo 28 de abril a las 14:30<\/strong>, en la sala Carlos Gorostiza de Pabell\u00f3n Amarillo, Fundaci\u00f3n Plagio lanzar\u00e1 la segunda edici\u00f3n de&nbsp;<strong>Buenos Aires en 100 Palabras&nbsp;<\/strong>con una charla gratuita entre la escritora&nbsp;<strong>Selva Almada<\/strong>&nbsp;y la periodista&nbsp;<strong>Maru Drozd<\/strong>. Para poder asistir, hay que inscribirse&nbsp;<a rel=\"noreferrer noopener\" href=\"https:\/\/docs.google.com\/forms\/d\/e\/1FAIpQLSe7xC2jnq1CJ9s__GBnmmiE57Slhd1P6oF51f7Pf_olCwWueQ\/viewform?pli=1\" target=\"_blank\">en este link<\/a>.<\/p>\n\n\n\n<p>Asimismo, en el stand 1400 se brindar\u00e1n los&nbsp;<strong>Talleres Buenos Aires en 100 palabras<\/strong>. El prop\u00f3sito es brindar herramientas para que los\/as asistentes puedan armar un texto para participar del concurso:<\/p>\n\n\n\n<ul class=\"wp-block-list\">\n<li>Domingo 28 de abril a las 17 hs:\u00a0<strong>Ignacio Molina<\/strong><\/li>\n\n\n\n<li>Lunes 13 de mayo a las 15 hs:\u00a0<strong>Agustina Bazterrica<\/strong>\u00a0y\u00a0<strong>Mariana Travacio<\/strong><\/li>\n<\/ul>\n\n\n\n<p><img loading=\"lazy\" decoding=\"async\" alt=\"Roxana Miguel, ganadora del concurso Buenos Aires en 100 palabras en 2023\" height=\"1280\" width=\"1920\" class=\"\" src=\"https:\/\/www.infobae.com\/new-resizer\/TR6AOLxzMmQvNGEG_GIycSAdoZQ=\/420x280\/filters:format(webp):quality(85)\/cloudfront-us-east-1.images.arcpublishing.com\/infobae\/4VAGAEKFGBFBXCVA2L7QJQSNBU.jpg%20420w\" srcset=\"https:\/\/www.infobae.com\/new-resizer\/TR6AOLxzMmQvNGEG_GIycSAdoZQ=\/420x280\/filters:format(webp):quality(85)\/cloudfront-us-east-1.images.arcpublishing.com\/infobae\/4VAGAEKFGBFBXCVA2L7QJQSNBU.jpg 420w,https:\/\/www.infobae.com\/new-resizer\/5zuv-hz3iIarnwLGb9Ve9wExLuo=\/768x512\/filters:format(webp):quality(85)\/cloudfront-us-east-1.images.arcpublishing.com\/infobae\/4VAGAEKFGBFBXCVA2L7QJQSNBU.jpg 768w,https:\/\/www.infobae.com\/new-resizer\/Dyrrl18vsc0ARVoCWO6VFZwcPZw=\/992x661\/filters:format(webp):quality(85)\/cloudfront-us-east-1.images.arcpublishing.com\/infobae\/4VAGAEKFGBFBXCVA2L7QJQSNBU.jpg 992w,https:\/\/www.infobae.com\/new-resizer\/SHkKdxnyqGfei4DUwc_EW8CgLPU=\/1200x800\/filters:format(webp):quality(85)\/cloudfront-us-east-1.images.arcpublishing.com\/infobae\/4VAGAEKFGBFBXCVA2L7QJQSNBU.jpg 1200w,https:\/\/www.infobae.com\/new-resizer\/5EwuuA4-fYUqy7EwfjwnEPRr9MQ=\/1440x960\/filters:format(webp):quality(85)\/cloudfront-us-east-1.images.arcpublishing.com\/infobae\/4VAGAEKFGBFBXCVA2L7QJQSNBU.jpg 1440w\">Roxana Miguel, ganadora del concurso Buenos Aires en 100 palabras en 2023<\/p>\n\n\n\n<h2 class=\"wp-block-heading\">Ganadores de 2023 del Buenos Aires en 100 Palabras<\/h2>\n\n\n\n<p>-Primer Lugar: M\u00c1S ABAJO NO SE PUEDE (Roxana Miguel, 43 a\u00f1os).<\/p>\n\n\n\n<p>-Categor\u00eda Joven: BOLICHE EN ZONA OESTE (Catalina Vignola, 17 a\u00f1os)<\/p>\n\n\n\n<p>-Menciones Honrosas: EL PASAJE (Mar\u00eda Bel\u00e9n Molinaro, 30 a\u00f1os); RITUALES DIARIOS (Marina Su\u00e1rez, 51 a\u00f1os); FRUTA MALDITA, DIMINUTA, \u00bfCU\u00c1NDO RETORNA AL CORAZ\u00d3N? (Gianella Montero, 19 a\u00f1os).<\/p>\n\n\n\n<p>Fuente: <a href=\"https:\/\/www.infobae.com\/cultura\/2024\/04\/26\/vuelve-el-concurso-de-cuentos-cortos-buenos-aires-en-100-palabras\/\">https:\/\/www.infobae.com\/cultura\/2024\/04\/26\/vuelve-el-concurso-de-cuentos-cortos-buenos-aires-en-100-palabras\/<\/a><\/p>\n","protected":false},"excerpt":{"rendered":"<p>El certamen, que organiza en Chile la Fundaci\u00f3n Plagio, tuvo su primera versi\u00f3n porte\u00f1a el a\u00f1o pasado. La segunda edici\u00f3n ser\u00e1 presentada este domingo en la Feria del Libro en una charla con Selva Almada Cien palabras para hablar de una ciudad.&nbsp;Cien palabras, nada m\u00e1s, para dar una situaci\u00f3n, una escena, una flechazo que apunte [&hellip;]<\/p>\n","protected":false},"author":3,"featured_media":1242,"comment_status":"open","ping_status":"open","sticky":false,"template":"","format":"standard","meta":{"footnotes":""},"categories":[11,12],"tags":[624],"class_list":["post-1241","post","type-post","status-publish","format-standard","has-post-thumbnail","hentry","category-agenda","category-sociedad","tag-buenos-aires-en-100-palabras"],"_links":{"self":[{"href":"https:\/\/noticiassaludables.com.ar\/index.php?rest_route=\/wp\/v2\/posts\/1241","targetHints":{"allow":["GET"]}}],"collection":[{"href":"https:\/\/noticiassaludables.com.ar\/index.php?rest_route=\/wp\/v2\/posts"}],"about":[{"href":"https:\/\/noticiassaludables.com.ar\/index.php?rest_route=\/wp\/v2\/types\/post"}],"author":[{"embeddable":true,"href":"https:\/\/noticiassaludables.com.ar\/index.php?rest_route=\/wp\/v2\/users\/3"}],"replies":[{"embeddable":true,"href":"https:\/\/noticiassaludables.com.ar\/index.php?rest_route=%2Fwp%2Fv2%2Fcomments&post=1241"}],"version-history":[{"count":1,"href":"https:\/\/noticiassaludables.com.ar\/index.php?rest_route=\/wp\/v2\/posts\/1241\/revisions"}],"predecessor-version":[{"id":1243,"href":"https:\/\/noticiassaludables.com.ar\/index.php?rest_route=\/wp\/v2\/posts\/1241\/revisions\/1243"}],"wp:featuredmedia":[{"embeddable":true,"href":"https:\/\/noticiassaludables.com.ar\/index.php?rest_route=\/wp\/v2\/media\/1242"}],"wp:attachment":[{"href":"https:\/\/noticiassaludables.com.ar\/index.php?rest_route=%2Fwp%2Fv2%2Fmedia&parent=1241"}],"wp:term":[{"taxonomy":"category","embeddable":true,"href":"https:\/\/noticiassaludables.com.ar\/index.php?rest_route=%2Fwp%2Fv2%2Fcategories&post=1241"},{"taxonomy":"post_tag","embeddable":true,"href":"https:\/\/noticiassaludables.com.ar\/index.php?rest_route=%2Fwp%2Fv2%2Ftags&post=1241"}],"curies":[{"name":"wp","href":"https:\/\/api.w.org\/{rel}","templated":true}]}}