{"id":1244,"date":"2024-04-29T10:59:17","date_gmt":"2024-04-29T13:59:17","guid":{"rendered":"https:\/\/noticiassaludables.com.ar\/?p=1244"},"modified":"2024-04-29T10:59:18","modified_gmt":"2024-04-29T13:59:18","slug":"semana-mundial-de-la-inmunizacion","status":"publish","type":"post","link":"https:\/\/noticiassaludables.com.ar\/?p=1244","title":{"rendered":"Semana Mundial de la Inmunizaci\u00f3n"},"content":{"rendered":"\n<h2 class=\"wp-block-heading\">En la Semana Mundial de la Inmunizaci\u00f3n, la Sociedad Argentina de Pediatr\u00eda public\u00f3 un documento sobre la importancia de la inoculaci\u00f3n para erradicar enfermedades<\/h2>\n\n\n\n<p><img loading=\"lazy\" decoding=\"async\" alt=\"Los niveles de vacunaci\u00f3n en los ni\u00f1os bajaron desde la pandemia por Covid-19 (Getty Images)\" height=\"1080\" width=\"1980\" class=\"\" src=\"https:\/\/www.infobae.com\/new-resizer\/-vFfOKcnKzJ9f5mGxQU4L1ji3LM=\/420x236\/filters:format(webp):quality(85)\/cloudfront-us-east-1.images.arcpublishing.com\/infobae\/USB3KHVC3JC4TAPPZADZBXCHUM.jpg%20420w\" srcset=\"https:\/\/www.infobae.com\/new-resizer\/-vFfOKcnKzJ9f5mGxQU4L1ji3LM=\/420x236\/filters:format(webp):quality(85)\/cloudfront-us-east-1.images.arcpublishing.com\/infobae\/USB3KHVC3JC4TAPPZADZBXCHUM.jpg 420w,https:\/\/www.infobae.com\/new-resizer\/U9F5lhp06-JCgSI8Zxp3ekicMG8=\/768x432\/filters:format(webp):quality(85)\/cloudfront-us-east-1.images.arcpublishing.com\/infobae\/USB3KHVC3JC4TAPPZADZBXCHUM.jpg 768w,https:\/\/www.infobae.com\/new-resizer\/0RP2F545v5RYE4SKn_9ft3UAxto=\/992x558\/filters:format(webp):quality(85)\/cloudfront-us-east-1.images.arcpublishing.com\/infobae\/USB3KHVC3JC4TAPPZADZBXCHUM.jpg 992w,https:\/\/www.infobae.com\/new-resizer\/y6Xr7RZcszxBfBpiYYw483LFAtY=\/1200x675\/filters:format(webp):quality(85)\/cloudfront-us-east-1.images.arcpublishing.com\/infobae\/USB3KHVC3JC4TAPPZADZBXCHUM.jpg 1200w,https:\/\/www.infobae.com\/new-resizer\/c9w5AKusu1gCnjU9Tn12qN3Yk7o=\/1440x810\/filters:format(webp):quality(85)\/cloudfront-us-east-1.images.arcpublishing.com\/infobae\/USB3KHVC3JC4TAPPZADZBXCHUM.jpg 1440w\">Los niveles de vacunaci\u00f3n en los ni\u00f1os bajaron desde la pandemia por Covid-19 (Getty Images)<\/p>\n\n\n\n<p>La<a rel=\"noreferrer noopener\" href=\"https:\/\/www.infobae.com\/tag\/vacunacion\/\" target=\"_blank\"><strong>&nbsp;vacunaci\u00f3n<\/strong>&nbsp;<\/a>ayud\u00f3 a erradicar enfermedades que presentaban grandes amenazas contra la salud, y&nbsp;<strong>contin\u00faa protegiendo a millones de personas<\/strong>&nbsp;ante infecciones. Seg\u00fan la Organizaci\u00f3n Mundial de la Salud (OMS), las vacunas reducen el riego de contraer enfermedades gracias a que&nbsp;<strong>refuerzan las defensas naturales del organismo<\/strong>&nbsp;y le ayudan a protegerse.<\/p>\n\n\n\n<p><a href=\"https:\/\/www.infobae.com\/salud\/2024\/04\/29\/por-que-es-tan-importante-recibir-la-vacuna-antigripal-y-para-quienes-esta-indicada-segun-los-expertos\/\" target=\"_blank\" rel=\"noreferrer noopener\"><\/a><\/p>\n\n\n\n<p>Cuando una persona se vacuna, se activa su sistema inmunitario. Sin embargo, al contener formas inactivadas o debilitadas de los pat\u00f3genos (como virus o bacterias),&nbsp;<strong>no causan s\u00edntomas ni complicaciones<\/strong>. Debido a esto es sumamente importante&nbsp;<strong>respetar el Calendario Nacional de Vacunaci\u00f3n&nbsp;<\/strong>que incluye las dosis obligatorias a aplicar desde el nacimiento hasta la adultez.<\/p>\n\n\n\n<p>Desde la&nbsp;<a rel=\"noreferrer noopener\" href=\"https:\/\/www.infobae.com\/tag\/sociedad-argentina-de-pediatria\/\" target=\"_blank\">Sociedad Argentina de Pediatr\u00eda (SAP)<\/a>&nbsp;advierten que, desde el inicio de la pandemia de COVID,&nbsp;<strong>la cantidad de personas que recibieron vacunas disminuy\u00f3<\/strong>. Si bien esta situaci\u00f3n es generalizada, afecta m\u00e1s que nada a<strong>&nbsp;los ni\u00f1os menores de un a\u00f1o<\/strong>.<\/p>\n\n\n\n<p><a href=\"https:\/\/www.infobae.com\/salud\/2024\/04\/29\/cuales-son-las-nueve-claves-para-fortalecer-el-sistema-inmune-y-evitar-las-enfermedades\/\" target=\"_blank\" rel=\"noreferrer noopener\"><\/a><a href=\"https:\/\/www.infobae.com\/salud\/2024\/04\/29\/cuales-son-las-nueve-claves-para-fortalecer-el-sistema-inmune-y-evitar-las-enfermedades\/\" target=\"_blank\" rel=\"noreferrer noopener\"><\/a><\/p>\n\n\n\n<p>En un documento publicado en el marco de la&nbsp;<a rel=\"noreferrer noopener\" href=\"https:\/\/www.infobae.com\/salud\/2024\/04\/22\/semana-de-la-vacunacion-por-que-la-inmunizacion-es-clave-para-evitar-enfermedades-tanto-en-ninos-como-en-adultos\/\" target=\"_blank\"><strong>Semana de la Vacunaci\u00f3n<\/strong><\/a><strong>,<\/strong>&nbsp;destacan que la inmunizaci\u00f3n&nbsp;<strong>no solo protege la salud individual, sino que, al prevenir contagios, salva millones de vidas<\/strong>. Agregan que \u201ccon niveles altos de cobertura, se evita que reaparezcan enfermedades que est\u00e1n controladas, por lo que constituyen una de las estrategias sanitarias m\u00e1s efectivas\u201d, pero es esto \u00faltimo es lo que est\u00e1 fallando, en Argentina y el mundo.<\/p>\n\n\n\n<p><img loading=\"lazy\" decoding=\"async\" alt=\"vacunaci\u00f3n, vacuna, vacunarse, dosis, salud, riesgos, prevenci\u00f3n de enfermedades - (Imagen Ilustrativa Infobae)\" height=\"816\" width=\"1456\" class=\"\" src=\"https:\/\/www.infobae.com\/new-resizer\/pf_BAssn7Kb9hDXsj7lbXZ2fjkg=\/420x236\/filters:format(webp):quality(85)\/cloudfront-us-east-1.images.arcpublishing.com\/infobae\/2Z5TXS5PNBGCPETCMAMTELNZHQ.jpg%20420w\" srcset=\"https:\/\/www.infobae.com\/new-resizer\/pf_BAssn7Kb9hDXsj7lbXZ2fjkg=\/420x236\/filters:format(webp):quality(85)\/cloudfront-us-east-1.images.arcpublishing.com\/infobae\/2Z5TXS5PNBGCPETCMAMTELNZHQ.jpg 420w,https:\/\/www.infobae.com\/new-resizer\/YfndOz5wy43Odm9kIj6I9QOXR3Q=\/768x432\/filters:format(webp):quality(85)\/cloudfront-us-east-1.images.arcpublishing.com\/infobae\/2Z5TXS5PNBGCPETCMAMTELNZHQ.jpg 768w,https:\/\/www.infobae.com\/new-resizer\/BXhyoulICdKgbqnYNukAXeBZRWI=\/992x558\/filters:format(webp):quality(85)\/cloudfront-us-east-1.images.arcpublishing.com\/infobae\/2Z5TXS5PNBGCPETCMAMTELNZHQ.jpg 992w,https:\/\/www.infobae.com\/new-resizer\/eDZqjt00E_MV_E7JdNWIuCsrX_c=\/1200x675\/filters:format(webp):quality(85)\/cloudfront-us-east-1.images.arcpublishing.com\/infobae\/2Z5TXS5PNBGCPETCMAMTELNZHQ.jpg 1200w,https:\/\/www.infobae.com\/new-resizer\/t93P283HhPv_03E7nCwDgvA9Jtc=\/1440x810\/filters:format(webp):quality(85)\/cloudfront-us-east-1.images.arcpublishing.com\/infobae\/2Z5TXS5PNBGCPETCMAMTELNZHQ.jpg 1440w\">vacunaci\u00f3n, vacuna, vacunarse, dosis, salud, riesgos, prevenci\u00f3n de enfermedades &#8211; (Imagen Ilustrativa Infobae)<\/p>\n\n\n\n<p>Las causas de esta baja en la inoculaci\u00f3n son explicadas por la doctora<strong>\u00a0Miriam Calvari, m\u00e9dica infect\u00f3loga y miembro del Comit\u00e9 de Infectolog\u00eda de la SAP<\/strong>: \u201cIndudablemente, la ca\u00edda obedece a m\u00faltiples factores, como, entre otros, dificultades econ\u00f3micas para acceder al centro de salud, la escasez de recurso humano, horarios acotados, la disminuci\u00f3n de las consultas y de los controles de salud que posibiliten la indicaci\u00f3n de las vacunas correspondientes, falsas contraindicaciones, desconocimiento o baja percepci\u00f3n de riesgo por parte de la poblaci\u00f3n, y factores vinculados a la falta de confianza\u201d.<a href=\"https:\/\/www.infobae.com\/salud\/2024\/04\/28\/que-le-pasa-al-cuerpo-si-tomo-jugo-de-naranja-todos-los-dias\/\" target=\"_blank\" rel=\"noreferrer noopener\"><\/a><\/p>\n\n\n\n<p><a href=\"https:\/\/www.infobae.com\/salud\/2024\/04\/28\/que-le-pasa-al-cuerpo-si-tomo-jugo-de-naranja-todos-los-dias\/\" target=\"_blank\" rel=\"noreferrer noopener\"><\/a><\/p>\n\n\n\n<p>En la&nbsp;<strong>Semana Anual de Vacunaci\u00f3n de las Am\u00e9ricas (SVA)<\/strong>, que se lleva a cabo desde el 20 hasta el 27 de abril, bajo el lema \u201c<strong>Act\u00faa ahora para proteger tu futuro &#8211; #Vac\u00fanate<\/strong>\u201d, desde la SAP insisten en que se deben realizar las estrategias pertinentes para aumentar la accesibilidad de las vacunas, y tambi\u00e9n brindar informaci\u00f3n con el fin de educar a la poblaci\u00f3n y<strong>&nbsp;recuperar la confianza perdida<\/strong>&nbsp;que ya est\u00e1 comenzando a afectar a los menores de edad, quienes dependen de sus padres para inmunizarse<\/p>\n\n\n\n<p>Dado que las vacunas son esenciales en la prevenci\u00f3n y erradicaci\u00f3n de enfermedades, el documento de la SAP manifiesta que hay que \u201c<strong>cerrar las brechas de inmunidad m\u00e1s urgentes<\/strong>&nbsp;dando prioridad a las&nbsp;<strong>personas no vacunadas y subvacunadas<\/strong>\u201d, y resalta la importancia de brindarle seguridad a la gente sobre el funcionamiento de las vacunas.<\/p>\n\n\n\n<p>\u201cSi bien es crucial reconocer los logros alcanzados en la Regi\u00f3n de las Am\u00e9ricas gracias a los programas de inmunizaci\u00f3n existentes, tambi\u00e9n deben tenerse en cuenta los desaf\u00edos recientes, como la disminuci\u00f3n de la cobertura de vacunaci\u00f3n. Por ello, la campa\u00f1a de este a\u00f1o define claramente el siguiente objetivo: revitalizar los programas nacionales de inmunizaci\u00f3n d\u00e1ndoles prominencia en la agenda pol\u00edtica\u201d, sostuvo la&nbsp;<strong>doctora Silvina Ruvinsky<\/strong>, Prosecretaria del Comit\u00e9 de Infectolog\u00eda de la SAP.<\/p>\n\n\n\n<p><img loading=\"lazy\" decoding=\"async\" alt=\"Todos los adultos: deben estar vacunados contra la hepatitis B y recibir cada 10 a\u00f1os un refuerzo de la vacuna contra el t\u00e9tanos y la difteria (Imagen Ilustrativa Infobae)\" height=\"816\" width=\"1456\" class=\"\" src=\"https:\/\/www.infobae.com\/new-resizer\/kJ5d7aRnkY4NBO6VHAend6h7EuU=\/420x236\/filters:format(webp):quality(85)\/cloudfront-us-east-1.images.arcpublishing.com\/infobae\/KQ4CV6RMJFFZXPF2C4MOKMXUWY.jpg%20420w\" srcset=\"https:\/\/www.infobae.com\/new-resizer\/kJ5d7aRnkY4NBO6VHAend6h7EuU=\/420x236\/filters:format(webp):quality(85)\/cloudfront-us-east-1.images.arcpublishing.com\/infobae\/KQ4CV6RMJFFZXPF2C4MOKMXUWY.jpg 420w,https:\/\/www.infobae.com\/new-resizer\/MRxWgtV-M-aIAzIwzpY44bUtMZQ=\/768x432\/filters:format(webp):quality(85)\/cloudfront-us-east-1.images.arcpublishing.com\/infobae\/KQ4CV6RMJFFZXPF2C4MOKMXUWY.jpg 768w,https:\/\/www.infobae.com\/new-resizer\/RRXIbWmmu_HahfIKxA3-iOT5OsI=\/992x558\/filters:format(webp):quality(85)\/cloudfront-us-east-1.images.arcpublishing.com\/infobae\/KQ4CV6RMJFFZXPF2C4MOKMXUWY.jpg 992w,https:\/\/www.infobae.com\/new-resizer\/tFCWcXIoBiAz26ZSVYnBgEmEpUc=\/1200x675\/filters:format(webp):quality(85)\/cloudfront-us-east-1.images.arcpublishing.com\/infobae\/KQ4CV6RMJFFZXPF2C4MOKMXUWY.jpg 1200w,https:\/\/www.infobae.com\/new-resizer\/45K5Kr1kZAW6O88JWpi_mwJ9QuE=\/1440x810\/filters:format(webp):quality(85)\/cloudfront-us-east-1.images.arcpublishing.com\/infobae\/KQ4CV6RMJFFZXPF2C4MOKMXUWY.jpg 1440w\">Todos los adultos: deben estar vacunados contra la hepatitis B y recibir cada 10 a\u00f1os un refuerzo de la vacuna contra el t\u00e9tanos y la difteria (Imagen Ilustrativa Infobae)<\/p>\n\n\n\n<p>En tanto, los expertos del&nbsp;<strong>Hospital de Cl\u00ednicas de la Universidad de Buenos Aires<\/strong>&nbsp;(UBA) tambi\u00e9n subrayan la trascendencia de la&nbsp;<strong>vacunaci\u00f3n a lo largo de toda la vida<\/strong>&nbsp;como un medio de prevenci\u00f3n primaria esencial.<\/p>\n\n\n\n<p>\u201cHist\u00f3ricamente, los pa\u00edses de la regi\u00f3n han desarrollado programas de vacunaci\u00f3n que lograron hitos muy importantes como la&nbsp;<strong>interrupci\u00f3n de la circulaci\u00f3n del poliovirus salvaje, la eliminaci\u00f3n del sarampi\u00f3n y del s\u00edndrome de rub\u00e9ola cong\u00e9nita<\/strong>, entre otros. Pero los desaf\u00edos contin\u00faan, especialmente despu\u00e9s de la pandemia y en el marco de las complejas realidades socioecon\u00f3micas de nuestros pa\u00edses\u201d, sostuvo la doctora&nbsp;<strong>Elizabeth Bogdanowicz<\/strong>, quien est\u00e1 a cargo del vacunatorio del Hospital de Cl\u00ednicas.<\/p>\n\n\n\n<p>En Argentina, en 2022 se alcanz\u00f3 un 90% de cobertura de vacunaci\u00f3n en las dosis correspondientes al ingreso escolar. Asimismo, respecto de la vacuna contra el HPV en adolescentes, y la triple viral y el refuerzo de vacuna contra Neumococo en el primer a\u00f1o de vida,&nbsp;<strong>todav\u00eda no se recuperaron los porcentajes de cobertura logrados antes de la pandemia<\/strong>. Aunque a\u00fan se encuentran en etapa de procesamiento los datos de 2023, \u201cse evidencia la necesidad de continuar trabajando en el recupero de esquemas incompletos de vacunaci\u00f3n\u201d, dice la m\u00e9dica infect\u00f3loga.<\/p>\n\n\n\n<p>\u201cLas vacunas protegen la salud individual, salvan millones de vidas y, con niveles altos de cobertura, evitan que reaparezcan enfermedades que est\u00e1n controladas, por lo que constituyen una de las estrategias sanitarias m\u00e1s efectivas\u2019, refiere el documento. Y agrega que \u2018uno de los desaf\u00edos m\u00e1s importantes sigue siendo sostener las coberturas adecuadas para lograr un control efectivo de las enfermedades prevenibles por vacunas\u201d, complet\u00f3&nbsp;<strong>Ruvinsky<\/strong>.<\/p>\n\n\n\n<p><img loading=\"lazy\" decoding=\"async\" alt=\"Uno de los factores que influye en la disminuci\u00f3n en la cantidad de gente que se vacuna es la falta de confianza e informaci\u00f3n (EFE)\" height=\"1080\" width=\"1920\" class=\"\" src=\"https:\/\/www.infobae.com\/new-resizer\/Im3ZZ6IW-r-uESRdMyX0NoP41ZE=\/420x236\/filters:format(webp):quality(85)\/cloudfront-us-east-1.images.arcpublishing.com\/infobae\/2BY3OMNX5RAJDATAUMT2LRK3PA.png%20420w\" srcset=\"https:\/\/www.infobae.com\/new-resizer\/Im3ZZ6IW-r-uESRdMyX0NoP41ZE=\/420x236\/filters:format(webp):quality(85)\/cloudfront-us-east-1.images.arcpublishing.com\/infobae\/2BY3OMNX5RAJDATAUMT2LRK3PA.png 420w,https:\/\/www.infobae.com\/new-resizer\/Kam6BMxIOaU_Bj6s1AB5Ff_Nydo=\/768x432\/filters:format(webp):quality(85)\/cloudfront-us-east-1.images.arcpublishing.com\/infobae\/2BY3OMNX5RAJDATAUMT2LRK3PA.png 768w,https:\/\/www.infobae.com\/new-resizer\/ifoF-OXBDZE6AVpXWAuHdkGA0f8=\/992x558\/filters:format(webp):quality(85)\/cloudfront-us-east-1.images.arcpublishing.com\/infobae\/2BY3OMNX5RAJDATAUMT2LRK3PA.png 992w,https:\/\/www.infobae.com\/new-resizer\/9HOU9sJvDC46E4Vq3PCGlm87e3o=\/1200x675\/filters:format(webp):quality(85)\/cloudfront-us-east-1.images.arcpublishing.com\/infobae\/2BY3OMNX5RAJDATAUMT2LRK3PA.png 1200w,https:\/\/www.infobae.com\/new-resizer\/5zyBaep_PRT4Wp4FD2bnqQym_tI=\/1440x810\/filters:format(webp):quality(85)\/cloudfront-us-east-1.images.arcpublishing.com\/infobae\/2BY3OMNX5RAJDATAUMT2LRK3PA.png 1440w\">Uno de los factores que influye en la disminuci\u00f3n en la cantidad de gente que se vacuna es la falta de confianza e informaci\u00f3n (EFE)<\/p>\n\n\n\n<p>Efectivizar los tiempos de vacunaci\u00f3n puede ser una soluci\u00f3n a esta problem\u00e1tica. En ese sentido los pediatras nucleados en la SAP recomiendan:<\/p>\n\n\n\n<ul class=\"wp-block-list\">\n<li>Evitar las oportunidades perdidas de vacunaci\u00f3n, promoviendo la capacitaci\u00f3n continua para profesionales y vacunadores y educaci\u00f3n a las familias acerca de creencias err\u00f3neas sobre supuestas contraindicaciones.<\/li>\n\n\n\n<li>Aconsejar adecuadamente a las familias sobre la importancia de la vacunaci\u00f3n a los intervalos recomendados.<\/li>\n\n\n\n<li>Para aquellas dosis donde los intervalos de tiempo son mayores a lo establecido en el calendario, debe administrarse la dosis faltante. En ning\u00fan caso deben reiniciarse esquemas de vacunaci\u00f3n.<\/li>\n\n\n\n<li><strong>Administrar simult\u00e1neamente todas las vacunas posibles que correspondan por edad\u00a0<\/strong>en sitios anat\u00f3micos diferentes.<\/li>\n\n\n\n<li>S\u00f3lo las vacunas a virus vivos atenuados de administraci\u00f3n parenteral (varicela, triple viral y fiebre amarilla) requieren respetar un intervalo de 4 semanas cuando \u00e9stas no fueron administradas en forma simult\u00e1nea.<\/li>\n\n\n\n<li><strong>Las vacunas contra COVID-19 pueden administrarse simult\u00e1neamente con otras vacunas,<\/strong>\u00a0el mismo d\u00eda o en d\u00edas diferentes sin requerir intervalos entre dosis.<\/li>\n<\/ul>\n\n\n\n<h2 class=\"wp-block-heading\">Vacunaci\u00f3n en personas adultas<\/h2>\n\n\n\n<p><img loading=\"lazy\" decoding=\"async\" alt=\"Los programas de vacunaci\u00f3n lograron hitos muy importantes como la interrupci\u00f3n de la circulaci\u00f3n del poliovirus salvaje, la eliminaci\u00f3n del sarampi\u00f3n y del s\u00edndrome de rub\u00e9ola cong\u00e9nita (Imagen Ilustrativa Infobae)\" height=\"816\" width=\"1456\" class=\"\" src=\"https:\/\/www.infobae.com\/new-resizer\/bfmXY5TupV2RoRer-x7zAbSoJQg=\/420x236\/filters:format(webp):quality(85)\/cloudfront-us-east-1.images.arcpublishing.com\/infobae\/RFG2RTMGL5GYDIIKRQ6O4E5KFU.jpg%20420w\" srcset=\"https:\/\/www.infobae.com\/new-resizer\/bfmXY5TupV2RoRer-x7zAbSoJQg=\/420x236\/filters:format(webp):quality(85)\/cloudfront-us-east-1.images.arcpublishing.com\/infobae\/RFG2RTMGL5GYDIIKRQ6O4E5KFU.jpg 420w,https:\/\/www.infobae.com\/new-resizer\/Rx9ThkFGWJmYBtlPZTRwk_pgoFk=\/768x432\/filters:format(webp):quality(85)\/cloudfront-us-east-1.images.arcpublishing.com\/infobae\/RFG2RTMGL5GYDIIKRQ6O4E5KFU.jpg 768w,https:\/\/www.infobae.com\/new-resizer\/1DWWZJXHdPNrt8znMtfLUfs2650=\/992x558\/filters:format(webp):quality(85)\/cloudfront-us-east-1.images.arcpublishing.com\/infobae\/RFG2RTMGL5GYDIIKRQ6O4E5KFU.jpg 992w,https:\/\/www.infobae.com\/new-resizer\/AwOkR6Xgy2GtTWXuGtkarucxEsk=\/1200x675\/filters:format(webp):quality(85)\/cloudfront-us-east-1.images.arcpublishing.com\/infobae\/RFG2RTMGL5GYDIIKRQ6O4E5KFU.jpg 1200w,https:\/\/www.infobae.com\/new-resizer\/Nv9Q7ogduEjkzPf0MUvMeiUg1Ko=\/1440x810\/filters:format(webp):quality(85)\/cloudfront-us-east-1.images.arcpublishing.com\/infobae\/RFG2RTMGL5GYDIIKRQ6O4E5KFU.jpg 1440w\">Los programas de vacunaci\u00f3n lograron hitos muy importantes como la interrupci\u00f3n de la circulaci\u00f3n del poliovirus salvaje, la eliminaci\u00f3n del sarampi\u00f3n y del s\u00edndrome de rub\u00e9ola cong\u00e9nita (Imagen Ilustrativa Infobae)<\/p>\n\n\n\n<p>Desde el&nbsp;<strong>Hospital de Cl\u00ednicas&nbsp;<\/strong>remarcan la importancia de la inmunizaci\u00f3n en personas adultas, porque si bien se registra en Argentina una buena cobertura en la poblaci\u00f3n pedi\u00e1trica durante el ingreso escolar, esos niveles de adherencia a la inmunizaci\u00f3n disminuyen con el transcurso del tiempo.<\/p>\n\n\n\n<ul class=\"wp-block-list\">\n<li><strong>Todos los adultos<\/strong>: deben estar vacunados contra la hepatitis B y recibir cada 10 a\u00f1os un refuerzo de la vacuna contra el t\u00e9tanos y la difteria. Y las personas que padecen enfermedades cr\u00f3nicas o que debilitan su inmunidad deben recibir vacuna antigripal y contra el Neumococo que es la bacteria que produce neumon\u00eda y enfermedades invasivas graves. Los grupos de pacientes que se benefician al recibir la vacuna antigripal deben hacerlo m\u00e1s all\u00e1 de la temporada invernal, ya que la circulaci\u00f3n del virus de gripe circula supera el invierno. Tambi\u00e9n son recomendables la vacuna contra el Virus Sincicial Respiratorio (VSR) y el herpes z\u00f3ster, aunque estas \u00faltimas a\u00fan no son obligatorias, por lo que no son ofrecidas gratuitamente por el sistema nacional de salud.<\/li>\n\n\n\n<li><strong>Embarazadas<\/strong>: en el Calendario Nacional de Inmunizaciones se incorpor\u00f3 recientemente la vacuna contra el\u00a0<strong>VSR<\/strong>, para las gestantes entre las semanas 32 a 36 de embarazo. Tambi\u00e9n durante la gestaci\u00f3n, las vacunas contra la gripe y COVID\u201319 son muy importantes porque estas enfermedades pueden producir cuadros m\u00e1s graves en este per\u00edodo vital.<\/li>\n\n\n\n<li><strong>Adultos mayores<\/strong>: \u201cLas vacunas son fundamentales para proteger la salud de los adultos mayores. Se benefician de manera significativa vacun\u00e1ndose contra la gripe, el COVID-19 y el Neumococo. Mantienen el sistema inmunol\u00f3gico estimulado y previenen enfermedades graves y potencialmente mortales en este grupo et\u00e1reo\u201d, se\u00f1al\u00f3 Bogdanowicz.<\/li>\n\n\n\n<li><strong>Personal de salud:\u00a0<\/strong>debe recibir vacuna contra varicela y vacuna triple acelular (dTpa) y, si trabaja con ni\u00f1os, mantener refuerzos de vacuna doble adultos (dT) cada 10 a\u00f1os. Debe acreditar 2 dosis de vacuna triple viral recibidas despu\u00e9s del primer a\u00f1o de vida y recibir anualmente vacuna antigripal y contra COVID-19.<\/li>\n<\/ul>\n\n\n\n<p>\u201cEs necesario continuar mejorando nuestras coberturas de vacunaci\u00f3n, adem\u00e1s de cerrar brechas de inequidad, actualizar nuestro calendario y fortalecer la importancia de la vacunaci\u00f3n a lo largo de la vida. Las vacunas son la principal herramienta para el\u00a0<strong>control de las enfermedades inmunoprevenibles\u00a0<\/strong>en la poblaci\u00f3n, protegen la salud de cada individuo a la vez que salvan millones de vidas en todas las comunidades\u201d, concluy\u00f3 la doctora Bogdanowicz.<\/p>\n\n\n\n<p>Fuente: <a href=\"https:\/\/www.infobae.com\/salud\/2024\/04\/28\/los-pediatras-alertan-por-los-bajos-niveles-de-vacunacion-en-especial-entre-los-bebes-menores-de-un-ano\/\">https:\/\/www.infobae.com\/salud\/2024\/04\/28\/los-pediatras-alertan-por-los-bajos-niveles-de-vacunacion-en-especial-entre-los-bebes-menores-de-un-ano\/<\/a><\/p>\n","protected":false},"excerpt":{"rendered":"<p>En la Semana Mundial de la Inmunizaci\u00f3n, la Sociedad Argentina de Pediatr\u00eda public\u00f3 un documento sobre la importancia de la inoculaci\u00f3n para erradicar enfermedades Los niveles de vacunaci\u00f3n en los ni\u00f1os bajaron desde la pandemia por Covid-19 (Getty Images) La&nbsp;vacunaci\u00f3n&nbsp;ayud\u00f3 a erradicar enfermedades que presentaban grandes amenazas contra la salud, y&nbsp;contin\u00faa protegiendo a millones de [&hellip;]<\/p>\n","protected":false},"author":3,"featured_media":1245,"comment_status":"open","ping_status":"open","sticky":false,"template":"","format":"standard","meta":{"footnotes":""},"categories":[3,5],"tags":[625,598],"class_list":["post-1244","post","type-post","status-publish","format-standard","has-post-thumbnail","hentry","category-principal","category-salud","tag-semana-mundial-de-la-inmunizacion","tag-sociedad-argentina-de-pediatria"],"_links":{"self":[{"href":"https:\/\/noticiassaludables.com.ar\/index.php?rest_route=\/wp\/v2\/posts\/1244","targetHints":{"allow":["GET"]}}],"collection":[{"href":"https:\/\/noticiassaludables.com.ar\/index.php?rest_route=\/wp\/v2\/posts"}],"about":[{"href":"https:\/\/noticiassaludables.com.ar\/index.php?rest_route=\/wp\/v2\/types\/post"}],"author":[{"embeddable":true,"href":"https:\/\/noticiassaludables.com.ar\/index.php?rest_route=\/wp\/v2\/users\/3"}],"replies":[{"embeddable":true,"href":"https:\/\/noticiassaludables.com.ar\/index.php?rest_route=%2Fwp%2Fv2%2Fcomments&post=1244"}],"version-history":[{"count":1,"href":"https:\/\/noticiassaludables.com.ar\/index.php?rest_route=\/wp\/v2\/posts\/1244\/revisions"}],"predecessor-version":[{"id":1246,"href":"https:\/\/noticiassaludables.com.ar\/index.php?rest_route=\/wp\/v2\/posts\/1244\/revisions\/1246"}],"wp:featuredmedia":[{"embeddable":true,"href":"https:\/\/noticiassaludables.com.ar\/index.php?rest_route=\/wp\/v2\/media\/1245"}],"wp:attachment":[{"href":"https:\/\/noticiassaludables.com.ar\/index.php?rest_route=%2Fwp%2Fv2%2Fmedia&parent=1244"}],"wp:term":[{"taxonomy":"category","embeddable":true,"href":"https:\/\/noticiassaludables.com.ar\/index.php?rest_route=%2Fwp%2Fv2%2Fcategories&post=1244"},{"taxonomy":"post_tag","embeddable":true,"href":"https:\/\/noticiassaludables.com.ar\/index.php?rest_route=%2Fwp%2Fv2%2Ftags&post=1244"}],"curies":[{"name":"wp","href":"https:\/\/api.w.org\/{rel}","templated":true}]}}