{"id":1263,"date":"2024-04-30T12:56:20","date_gmt":"2024-04-30T15:56:20","guid":{"rendered":"https:\/\/noticiassaludables.com.ar\/?p=1263"},"modified":"2024-04-30T12:56:21","modified_gmt":"2024-04-30T15:56:21","slug":"la-historia-de-un-argentino-y-un-nene-mexicano-unidos-por-el-mismo-sueno","status":"publish","type":"post","link":"https:\/\/noticiassaludables.com.ar\/?p=1263","title":{"rendered":"La historia de un argentino y un nene mexicano unidos por el mismo sue\u00f1o"},"content":{"rendered":"\n<h2 class=\"wp-block-heading\">Hern\u00e1n recibi\u00f3 en su casa a H\u00e9ctor, que vino a operarse de la misma malformaci\u00f3n que \u00e9l padece.<\/h2>\n\n\n\n<p><img loading=\"lazy\" decoding=\"async\" width=\"312\" height=\"620\" src=\"https:\/\/www.clarin.com\/img\/2014\/12\/30\/SkZqR7WR7g_312x240.jpg\" alt=\"La conmovedora historia de un argentino y un nene mexicano unidos por el mismo sue\u00f1o\"><a href=\"https:\/\/www.clarin.com\/autor\/florencia-cunzolo.html\"><\/a><\/p>\n\n\n\n<p>H\u00e9ctor extra\u00f1a los tacos, los burritos. En su \u00faltimo almuerzo en Buenos Aires, Hern\u00e1n le invitar\u00e1 un chorip\u00e1n, la comida que m\u00e1s le gust\u00f3 en su paso por Argentina. Es 24 de diciembre y, si bien el plan era compartir la mesa de Nochebuena, el nene recibir\u00e1 la Navidad arriba de un avi\u00f3n, de regreso a M\u00e9xico. Vuelve contento,&nbsp;<strong>con un sue\u00f1o cumplido, el de tener su oreja izquierda<\/strong>.<br><br>Hern\u00e1n -se llama Rogelio, como su pap\u00e1, pero prefiere su segundo nombre- les abri\u00f3 a H\u00e9ctor y a su mam\u00e1 Elizabeth las puertas de su casa en Adrogu\u00e9. Los fue a buscar a Ezeiza el s\u00e1bado 6, les acondicion\u00f3 una habitaci\u00f3n para que estuvieran c\u00f3modos.<strong>&nbsp;Compartieron almuerzos, cenas, charlas, salidas, jugaron al f\u00fatbol y a las damas, hicieron asado y hasta armaron un bebedero para colibr\u00edes<\/strong>&nbsp;(al que todav\u00eda no se acerc\u00f3 ninguno, pero no pierden las esperanzas). Era la primera vez en la vida que se ve\u00edan, pero llevaban varios meses en contacto. Se conocieron&nbsp;<strong><a target=\"_blank\" href=\"https:\/\/www.facebook.com\/groups\/498668666920260\/?fref=ts\" rel=\"noreferrer noopener\">a trav\u00e9s del grupo que Hern\u00e1n cre\u00f3 en Facebook<\/a><\/strong>&nbsp;para difundir la microtia y el s\u00edndrome de Goldenhar, que padece.<\/p>\n\n\n\n<p><br><br>\u201cMicrotia significa ausencia cong\u00e9nita de oreja. Es una malformaci\u00f3n de nacimiento y todav\u00eda no se sabe qu\u00e9 factor la produce.&nbsp;<strong>Tiene una incidencia global de un caso en 6.000 nacidos vivos<\/strong>, pero es mucho m\u00e1s alta en zonas del Altiplano (Salta, Jujuy, Bolivia, Per\u00fa, Ecuador, Colombia) y en los pa\u00edses asi\u00e1ticos\u201d, explica&nbsp;<strong><a target=\"_blank\" href=\"https:\/\/www.facebook.com\/pages\/PROYECTO-MICROTIA\/113445980717?fref=ts\" rel=\"noreferrer noopener\">Mar\u00eda Fernanda Valotta<\/a><\/strong>, una cirujana argentina reconocida mundialmente por ser una de las mejores en reconstrucci\u00f3n auricular, al punto que a su nivel hay s\u00f3lo cinco o seis repartidos por Francia, Inglaterra y algunos pa\u00edses de Asia. \u201cLa microtia -contin\u00faa- puede ocurrir en forma aislada o formar parte de s\u00edndromes m\u00e1s complejos como la microsomia facial, cuya caracter\u00edstica m\u00e1s importante es presentar una mand\u00edbula con crecimiento insuficiente del lado enfermo. El s\u00edndrome de Goldenhar es bastante m\u00e1s raro, la incidencia de un caso cada 25.000, tiene las mismas caracter\u00edsticas que la microsomia, pero adem\u00e1s presentan un quiste en el ojo y un mayor porcentaje de problemas renales y de columna\u201d.&nbsp;<strong>Hern\u00e1n Puertas, de 48 a\u00f1os, naci\u00f3 con ese s\u00edndrome. H\u00e9ctor s\u00f3lo con microtia y atresia, que implica que el conducto auditivo est\u00e1 tapado y por eso no escucha de ese lado<\/strong>.<br><br>Elizabeth lleg\u00f3 a la p\u00e1gina de Facebook en medio de una intensa b\u00fasqueda por encontrar alternativas para su hijo, que&nbsp;<strong>en sus 10 a\u00f1os de vida ya se hab\u00eda sometido a cinco operaciones fallidas para reconstruir la oreja en la que sufre la malformaci\u00f3n<\/strong>. \u201cEn la reconstrucci\u00f3n de microtia hay tres fases en M\u00e9xico. En la primera etapa le sacaron cart\u00edlago de la \u00faltima costilla, le hicieron la oreja y qued\u00f3 bonita, pero al mes se desprendi\u00f3. Lo volvieron a intervenir de urgencia y poco antes del mes se volvi\u00f3 a caer y va otra vez de urgencia. La hicieron mal y todo el trabajo se vino abajo\u201d, cuenta a Clar\u00edn la mujer de ojos chispeantes y cabello rizado, a unos metros de las dos valijas ya preparadas para emprender el regreso.<\/p>\n\n\n\n<p><br><br>Fue Hern\u00e1n quien le habl\u00f3 de Valotta. Elizabeth se comunic\u00f3 con la m\u00e9dica, que se ofreci\u00f3 a operar nuevamente al nene. \u201cLe pregunt\u00e9 a \u00e9l y dijo que aceptaba. Siempre ha querido su orejita.&nbsp;<strong>Yo le puse las cartas sobre la mesa, que la cirug\u00eda era riesgosa, dolorosa<\/strong>. El opt\u00f3 porque s\u00ed. Ven\u00eda con toda la ilusi\u00f3n y yo con todo el miedo del mundo porque no era nada f\u00e1cil y con el resultado de las arterias (en las operaciones anteriores le hab\u00edan cortado dos arterias encargadas de irrigar sangre), peor. Si me preguntaban a m\u00ed, hubiera dicho que ya no, que no lo operaran\u201d, afirma la mujer que se esfuerza por contener las l\u00e1grimas.<br><br>Tomada la decisi\u00f3n, naci\u00f3 la relaci\u00f3n virtual entre el nene mexicano y su amigo argentino, que hasta lo ayudaba v\u00eda Skype a hacer la tarea de Matem\u00e1tica. En agradecimiento por su apoyo,&nbsp;<strong>el chico propuso bautizar Argentina al equipo de f\u00fatbol que form\u00f3 con sus vecinitos de un barrio del Distrito Federal<\/strong>. El nombre gan\u00f3 por unanimidad. Su mam\u00e1 mand\u00f3 entonces a hacer camisetas celestes y blancas para todos. Salieron terceros en el campeonato. Perdieron con el Barcelona por penales. \u201cEs que ellos ten\u00edan a\u00f1os jugando y nuestro equipo apenas si sab\u00eda tocar un bal\u00f3n\u201d, comenta con media sonrisa t\u00edmida y casi susurrando el peque\u00f1o fan de Messi. El trofeo del tercer puesto viaj\u00f3 a Buenos Aires, a la casa de Adrogu\u00e9.<\/p>\n\n\n\n<p><br><br>El d\u00eda que le lleg\u00f3 el mail con la fecha pautada para la cirug\u00eda, Elizabeth respir\u00f3 con algo de alivio:<strong>&nbsp;12 de diciembre, a las 8. El d\u00eda de la Virgen de Guadalupe, patrona de M\u00e9xico<\/strong>, y de la que ella es ferviente devota. La operaci\u00f3n dur\u00f3 unas cuatro horas, en las que la m\u00e9dica extrajo cart\u00edlago de la \u00faltima costilla (la del otro lado ya hab\u00eda sido usada en las intervenciones fallidas), arm\u00f3 el \u201cesqueleto\u201d de la oreja en una mesita aparte (\u201cpara operar microtia ten\u00e9s que ser m\u00e1s escultor que cirujano\u201d, dice Valotta), hizo un bolsillo con la piel remanente, coloc\u00f3 la maqueta y cerr\u00f3. Adem\u00e1s, elimin\u00f3 las largas cicatrices que le hab\u00edan dejado. H\u00e9ctor sali\u00f3 del quir\u00f3fano con la oreja lista, pero pegada al cr\u00e1neo. La separaci\u00f3n la har\u00e1n en seis meses, en la segunda fase del proceso.<\/p>\n\n\n\n<p>Para operar microtia ten\u00e9s que ser m\u00e1s escultor que cirujano<\/p>\n\n\n\n<p>\u201cLa operaci\u00f3n es meramente est\u00e9tica, pero no es s\u00f3lo una cuesti\u00f3n est\u00e9tica\u201d, asegura Hern\u00e1n, que se someter\u00e1 a una reconstrucci\u00f3n auricular en febrero.\u00a0<strong>\u201cLa imagen y la cara socialmente son todo. Es tan importante la audici\u00f3n como la parte est\u00e9tica porque afecta a la autoestima. Hay gente que se encierra, que no quiere sacarse fotos. Y los chicos sufren mucho bullying<\/strong>\u201d. Valotta hace suyas las palabras de un colega: \u201cAs\u00ed como hay personas que recurren a la cirug\u00eda pl\u00e1stica para verse excepcionales, hay personas excepcionales que sue\u00f1an con la cirug\u00eda pl\u00e1stica para parecer normales\u201d.<br><br>La recuperaci\u00f3n de H\u00e9ctor fue tan r\u00e1pida y su cicatrizaci\u00f3n tan buena (\u201cmilagrosa\u201d, dice Hern\u00e1n) que los tiempos se acortaron y obtuvo el alta antes de lo previsto. \u201cLo que hizo es un acto de valent\u00eda y coraje terrible y\u00a0<strong>gracias a Dios sali\u00f3 como un verdadero campe\u00f3n, como lo que es<\/strong>\u201d, afirma su amigo argentino rebosante de orgullo. La vuelta a M\u00e9xico estaba planeada para mediados de enero, pero el nene vio los fuegos artificiales del 25 desde las alturas, en pleno vuelo. \u201cVen\u00eda por un sue\u00f1o y parece que se le cumpli\u00f3\u201d, se emociona su mam\u00e1.<\/p>\n\n\n\n<p>Fuente: <a href=\"https:\/\/www.clarin.com\/sociedad\/conmovedora-historia-argentino-mexicano-unidos_0_SyCgQXPcDQx.html\">https:\/\/www.clarin.com\/sociedad\/conmovedora-historia-argentino-mexicano-unidos_0_SyCgQXPcDQx.html<\/a><\/p>\n","protected":false},"excerpt":{"rendered":"<p>Hern\u00e1n recibi\u00f3 en su casa a H\u00e9ctor, que vino a operarse de la misma malformaci\u00f3n que \u00e9l padece. H\u00e9ctor extra\u00f1a los tacos, los burritos. En su \u00faltimo almuerzo en Buenos Aires, Hern\u00e1n le invitar\u00e1 un chorip\u00e1n, la comida que m\u00e1s le gust\u00f3 en su paso por Argentina. Es 24 de diciembre y, si bien el [&hellip;]<\/p>\n","protected":false},"author":3,"featured_media":1264,"comment_status":"open","ping_status":"open","sticky":false,"template":"","format":"standard","meta":{"footnotes":""},"categories":[15,12],"tags":[632,631],"class_list":["post-1263","post","type-post","status-publish","format-standard","has-post-thumbnail","hentry","category-entrevistas","category-sociedad","tag-cirugia","tag-nene-mexicano"],"_links":{"self":[{"href":"https:\/\/noticiassaludables.com.ar\/index.php?rest_route=\/wp\/v2\/posts\/1263","targetHints":{"allow":["GET"]}}],"collection":[{"href":"https:\/\/noticiassaludables.com.ar\/index.php?rest_route=\/wp\/v2\/posts"}],"about":[{"href":"https:\/\/noticiassaludables.com.ar\/index.php?rest_route=\/wp\/v2\/types\/post"}],"author":[{"embeddable":true,"href":"https:\/\/noticiassaludables.com.ar\/index.php?rest_route=\/wp\/v2\/users\/3"}],"replies":[{"embeddable":true,"href":"https:\/\/noticiassaludables.com.ar\/index.php?rest_route=%2Fwp%2Fv2%2Fcomments&post=1263"}],"version-history":[{"count":1,"href":"https:\/\/noticiassaludables.com.ar\/index.php?rest_route=\/wp\/v2\/posts\/1263\/revisions"}],"predecessor-version":[{"id":1265,"href":"https:\/\/noticiassaludables.com.ar\/index.php?rest_route=\/wp\/v2\/posts\/1263\/revisions\/1265"}],"wp:featuredmedia":[{"embeddable":true,"href":"https:\/\/noticiassaludables.com.ar\/index.php?rest_route=\/wp\/v2\/media\/1264"}],"wp:attachment":[{"href":"https:\/\/noticiassaludables.com.ar\/index.php?rest_route=%2Fwp%2Fv2%2Fmedia&parent=1263"}],"wp:term":[{"taxonomy":"category","embeddable":true,"href":"https:\/\/noticiassaludables.com.ar\/index.php?rest_route=%2Fwp%2Fv2%2Fcategories&post=1263"},{"taxonomy":"post_tag","embeddable":true,"href":"https:\/\/noticiassaludables.com.ar\/index.php?rest_route=%2Fwp%2Fv2%2Ftags&post=1263"}],"curies":[{"name":"wp","href":"https:\/\/api.w.org\/{rel}","templated":true}]}}