{"id":1272,"date":"2024-05-02T10:36:26","date_gmt":"2024-05-02T13:36:26","guid":{"rendered":"https:\/\/noticiassaludables.com.ar\/?p=1272"},"modified":"2024-05-02T10:36:26","modified_gmt":"2024-05-02T13:36:26","slug":"la-importancia-del-tiempo-y-el-respeto-en-el-proceso-propio-de-cada-nino","status":"publish","type":"post","link":"https:\/\/noticiassaludables.com.ar\/?p=1272","title":{"rendered":"La importancia del tiempo y el respeto en el proceso propio de cada ni\u00f1o"},"content":{"rendered":"\n<h2 class=\"wp-block-heading\">La infancia, marcada por la exploraci\u00f3n y el descubrimiento, a menudo puede verse influenciada por categorizaciones sociales y m\u00e9dico-psicol\u00f3gicas precipitadas. C\u00f3mo una profunda reflexi\u00f3n sobre la evoluci\u00f3n natural puede beneficiar la salud mental de ni\u00f1os y ni\u00f1as<\/h2>\n\n\n\n<p><img loading=\"lazy\" decoding=\"async\" alt=\"La premura por diagnosticar y categorizar comportamientos o identidades en la infancia no respeta los tiempos naturales de desarrollo, lo cual puede generar intervenciones inadecuadas (Imagen ilustrativa Infobae)\" height=\"816\" width=\"1456\" class=\"\" src=\"https:\/\/www.infobae.com\/new-resizer\/u7WJf1vAF3uoOJ-R2Jf8Ufx-pQA=\/420x236\/filters:format(webp):quality(85)\/cloudfront-us-east-1.images.arcpublishing.com\/infobae\/UETO6H4VBFGYZM3VEU355X5D2Y.jpg%20420w\" srcset=\"https:\/\/www.infobae.com\/new-resizer\/u7WJf1vAF3uoOJ-R2Jf8Ufx-pQA=\/420x236\/filters:format(webp):quality(85)\/cloudfront-us-east-1.images.arcpublishing.com\/infobae\/UETO6H4VBFGYZM3VEU355X5D2Y.jpg 420w,https:\/\/www.infobae.com\/new-resizer\/GSAqPaiQdAKK39g79sqICHqFl6E=\/768x432\/filters:format(webp):quality(85)\/cloudfront-us-east-1.images.arcpublishing.com\/infobae\/UETO6H4VBFGYZM3VEU355X5D2Y.jpg 768w,https:\/\/www.infobae.com\/new-resizer\/TrLq3OW_-18QUQvRXjSBcNf9zKM=\/992x558\/filters:format(webp):quality(85)\/cloudfront-us-east-1.images.arcpublishing.com\/infobae\/UETO6H4VBFGYZM3VEU355X5D2Y.jpg 992w,https:\/\/www.infobae.com\/new-resizer\/-Niu8JBU09ywbpSiQq9tvJi7tgQ=\/1200x675\/filters:format(webp):quality(85)\/cloudfront-us-east-1.images.arcpublishing.com\/infobae\/UETO6H4VBFGYZM3VEU355X5D2Y.jpg 1200w,https:\/\/www.infobae.com\/new-resizer\/sxJMQ0xhlfXe1kyc3UnijpNlk-8=\/1440x810\/filters:format(webp):quality(85)\/cloudfront-us-east-1.images.arcpublishing.com\/infobae\/UETO6H4VBFGYZM3VEU355X5D2Y.jpg 1440w\">La premura por diagnosticar y categorizar comportamientos o identidades en la infancia no respeta los tiempos naturales de desarrollo, lo cual puede generar intervenciones inadecuadas (Imagen ilustrativa Infobae)<\/p>\n\n\n\n<p>La&nbsp;<strong>ni\u00f1ez&nbsp;<\/strong>en general es&nbsp;<strong>etiquetada&nbsp;<\/strong>y&nbsp;<strong>normativizada<\/strong>, lo que refuerza la idea de que existe una forma correcta de ser ni\u00f1o o ni\u00f1a, o una \u00fanica manera de transitar la infancia. El apuro del mundo adulto en definir tempranamente desde la&nbsp;<strong>identidad&nbsp;<\/strong>hasta el padecimiento en la&nbsp;<strong>infancia<\/strong>, muchas veces haci\u00e9ndolo coincidir con un diagn\u00f3stico, no respeta los tiempos ni la l\u00f3gica del&nbsp;<strong>desarrollo infantil.<\/strong><\/p>\n\n\n\n<p><a href=\"https:\/\/www.infobae.com\/salud\/2024\/05\/02\/un-cambio-simple-en-el-desayuno-puede-tener-un-impacto-significativo-en-la-salud-general\/\" target=\"_blank\" rel=\"noreferrer noopener\"><\/a><\/p>\n\n\n\n<p>La precipitaci\u00f3n en c\u00f3mo se aborda la<strong>&nbsp;construcci\u00f3n de la identidad<\/strong>&nbsp;y se acompa\u00f1an los padecimientos infantiles, pone en evidencia la&nbsp;<strong>disonancia&nbsp;<\/strong>entre los tiempos del&nbsp;<strong>desarrollo infantil<\/strong>&nbsp;y las&nbsp;<strong>expectativas adultas<\/strong>.<\/p>\n\n\n\n<p>Ante esta realidad, emerge la importancia de impulsar&nbsp;<strong>abordajes m\u00e1s emp\u00e1ticos<\/strong>&nbsp;que prioricen la exploraci\u00f3n de las<strong>&nbsp;condiciones psicosociales<\/strong>&nbsp;antes de proceder a clasificar e intervenir. El&nbsp;<strong>respeto por los tiempos de maduraci\u00f3n<\/strong>, la empat\u00eda hacia las vivencias de angustia y el cuestionamiento de las pr\u00e1cticas de medicalizaci\u00f3n y etiquetado, surgen como principios fundamentales para custodiar el desarrollo sano y pleno de cada ni\u00f1o y ni\u00f1a, garantizando un&nbsp;<strong>apoyo que genuino que refleje la singularidad de cada trayecto vital.<\/strong><\/p>\n\n\n\n<p><a href=\"https:\/\/www.infobae.com\/salud\/2024\/05\/02\/el-oro-liquido-brinda-nuevas-esperanzas-a-los-pacientes-con-esclerosis-multiple-afirma-un-estudio\/\" target=\"_blank\" rel=\"noreferrer noopener\"><\/a><\/p>\n\n\n\n<p><img loading=\"lazy\" decoding=\"async\" alt=\"Es fundamental respetar la singularidad de cada ni\u00f1o\/a, reconociendo la diversidad en los procesos de desarrollo y evitando la imposici\u00f3n de diagn\u00f3sticos que pueden estigmatizar o limitar el potencial de los menores (Imagen Ilustrativa Infobae)\" height=\"816\" width=\"1456\" class=\"\" src=\"https:\/\/www.infobae.com\/new-resizer\/3j8WaK3YSuhtTa1V1ekUYjLxdZo=\/420x236\/filters:format(webp):quality(85)\/cloudfront-us-east-1.images.arcpublishing.com\/infobae\/ZSJ3WB2PLFAUTIGZSCXJY7UGYQ.jpg%20420w\" srcset=\"https:\/\/www.infobae.com\/new-resizer\/3j8WaK3YSuhtTa1V1ekUYjLxdZo=\/420x236\/filters:format(webp):quality(85)\/cloudfront-us-east-1.images.arcpublishing.com\/infobae\/ZSJ3WB2PLFAUTIGZSCXJY7UGYQ.jpg 420w,https:\/\/www.infobae.com\/new-resizer\/ulBQKn5hGtJTvLUKnw3oangzRJQ=\/768x432\/filters:format(webp):quality(85)\/cloudfront-us-east-1.images.arcpublishing.com\/infobae\/ZSJ3WB2PLFAUTIGZSCXJY7UGYQ.jpg 768w,https:\/\/www.infobae.com\/new-resizer\/_HrUeNlfXLys5FV2z2JFV5voQGk=\/992x558\/filters:format(webp):quality(85)\/cloudfront-us-east-1.images.arcpublishing.com\/infobae\/ZSJ3WB2PLFAUTIGZSCXJY7UGYQ.jpg 992w,https:\/\/www.infobae.com\/new-resizer\/u0uMUUgJKMP6z1Trbts7FmyNtC8=\/1200x675\/filters:format(webp):quality(85)\/cloudfront-us-east-1.images.arcpublishing.com\/infobae\/ZSJ3WB2PLFAUTIGZSCXJY7UGYQ.jpg 1200w,https:\/\/www.infobae.com\/new-resizer\/bCiDDZtnX5nIaghDiia0weiZxsI=\/1440x810\/filters:format(webp):quality(85)\/cloudfront-us-east-1.images.arcpublishing.com\/infobae\/ZSJ3WB2PLFAUTIGZSCXJY7UGYQ.jpg 1440w\">Es fundamental respetar la singularidad de cada ni\u00f1o\/a, reconociendo la diversidad en los procesos de desarrollo y evitando la imposici\u00f3n de diagn\u00f3sticos que pueden estigmatizar o limitar el potencial de los menores (Imagen Ilustrativa Infobae)<\/p>\n\n\n\n<p>La noticia de comienzo de este a\u00f1o sobre el cierre de la cl\u00ednica pedi\u00e1trica de Tavistock en el&nbsp;<strong>Reino Unido<\/strong>&nbsp;y la prohibici\u00f3n de los llamados bloqueadores de pubertad ha generado un debate intenso en el \u00e1mbito de la salud mental infantil y adolescente, que todav\u00eda estamos teniendo.<\/p>\n\n\n\n<p>Las\u00a0<strong>cl\u00ednicas de identidad de g\u00e9nero<\/strong>\u00a0en Inglaterra dejaron de recetar f\u00e1rmacos\u00a0<strong>bloqueadores de la pubertad\u00a0<\/strong>a los<strong>\u00a0menores trans<\/strong>, seg\u00fan confirm\u00f3 la Seguridad Social inglesa (NHS England). Estos f\u00e1rmacos detienen los cambios f\u00edsicos de la pubertad, como el desarrollo de los senos o el vello facial, actuando sobre las hormonas:\u00a0<strong>testosterona, progesterona y estr\u00f3geno<\/strong>. La decisi\u00f3n se produjo despu\u00e9s de que la Seguridad Social inglesa encargara en 2020 una revisi\u00f3n independiente de los servicios de identidad de g\u00e9nero para menores de 18 a\u00f1os.<a href=\"https:\/\/www.infobae.com\/salud\/2024\/05\/02\/libido-en-la-menopausia-por-que-es-una-etapa-ideal-para-redescubrir-la-intimidad-en-pareja\/\" target=\"_blank\" rel=\"noreferrer noopener\"><\/a><\/p>\n\n\n\n<p>\u201cEs absolutamente correcto que los ni\u00f1os y j\u00f3venes, que pueden estar enfrentando una gama compleja de problemas relacionados con su identidad de g\u00e9nero, obtengan el mejor apoyo y experiencia posibles durante su atenci\u00f3n\u201d, afirm\u00f3 la doctora Hilary Cass, a cargo del<a href=\"https:\/\/cass.independent-review.uk\/\"><u>informe<\/u><\/a>&nbsp;donde se asegura que un<strong>&nbsp;tratamiento m\u00e9dico<\/strong>&nbsp;no es necesariamente la mejor opci\u00f3n para la ni\u00f1ez trans y recomienda que no se les prescriba sin haber analizado previamente su salud mental o condiciones psicosociales. Lo m\u00e1s grave es que certifica que \u201cno hay pruebas s\u00f3lidas sobre los resultados a largo plazo de estas intervenciones para gestionar la&nbsp;<strong>angustia&nbsp;<\/strong>relacionada con el&nbsp;<strong>g\u00e9nero<\/strong>\u201d.<\/p>\n\n\n\n<p><img loading=\"lazy\" decoding=\"async\" alt=\"Desde una perspectiva psicoanal\u00edtica y de g\u00e9nero, es imperativo examinar las etiquetas y pr\u00e1cticas m\u00e9dico-psicol\u00f3gicas hacia la ni\u00f1ez, promoviendo un enfoque m\u00e1s emp\u00e1tico y menos intervencionista en el acompa\u00f1amiento de su desarrollo\n\n (Imagen Ilustrativa Infobae)\" height=\"816\" width=\"1456\" class=\"\" src=\"https:\/\/www.infobae.com\/new-resizer\/7qG-Sjp4qcEENVUDbDEcykQO_PA=\/420x236\/filters:format(webp):quality(85)\/cloudfront-us-east-1.images.arcpublishing.com\/infobae\/53RIBGZLKNA63IWFEJQH4TWEK4.jpg%20420w\" srcset=\"https:\/\/www.infobae.com\/new-resizer\/7qG-Sjp4qcEENVUDbDEcykQO_PA=\/420x236\/filters:format(webp):quality(85)\/cloudfront-us-east-1.images.arcpublishing.com\/infobae\/53RIBGZLKNA63IWFEJQH4TWEK4.jpg 420w,https:\/\/www.infobae.com\/new-resizer\/3RNBS90GOPSlA1VXUaOTOsYUxjM=\/768x432\/filters:format(webp):quality(85)\/cloudfront-us-east-1.images.arcpublishing.com\/infobae\/53RIBGZLKNA63IWFEJQH4TWEK4.jpg 768w,https:\/\/www.infobae.com\/new-resizer\/so17Fl8Ga5NYji3NLjfpGDJyHBk=\/992x558\/filters:format(webp):quality(85)\/cloudfront-us-east-1.images.arcpublishing.com\/infobae\/53RIBGZLKNA63IWFEJQH4TWEK4.jpg 992w,https:\/\/www.infobae.com\/new-resizer\/kQQelHnbnbPca6e6IZYOyN2CsMM=\/1200x675\/filters:format(webp):quality(85)\/cloudfront-us-east-1.images.arcpublishing.com\/infobae\/53RIBGZLKNA63IWFEJQH4TWEK4.jpg 1200w,https:\/\/www.infobae.com\/new-resizer\/duZAOgWB4QEoPkG5o5pI1FCuvkw=\/1440x810\/filters:format(webp):quality(85)\/cloudfront-us-east-1.images.arcpublishing.com\/infobae\/53RIBGZLKNA63IWFEJQH4TWEK4.jpg 1440w\">Desde una perspectiva psicoanal\u00edtica y de g\u00e9nero, es imperativo examinar las etiquetas y pr\u00e1cticas m\u00e9dico-psicol\u00f3gicas hacia la ni\u00f1ez, promoviendo un enfoque m\u00e1s emp\u00e1tico y menos intervencionista en el acompa\u00f1amiento de su desarrollo (Imagen Ilustrativa Infobae)<\/p>\n\n\n\n<p>Desde una<strong>&nbsp;perspectiva psicoanal\u00edtica y de g\u00e9nero<\/strong>, es crucial examinar cr\u00edticamente tanto las etiquetas sociales como las pr\u00e1cticas m\u00e9dico-psicol\u00f3gicas que se han venido utilizando.<\/p>\n\n\n\n<p><strong>La identidad es un constructo complejo y multifac\u00e9tico<\/strong>, influenciado por una variedad de factores psicol\u00f3gicos, sociales y culturales, que no tiene un tiempo de culminaci\u00f3n, pero s\u00ed un proceso que se deber\u00eda respetar.<\/p>\n\n\n\n<p>Las etiquetas imponen expectativas r\u00edgidas sobre c\u00f3mo deben comportarse y expresarse los ni\u00f1os y ni\u00f1as seg\u00fan su g\u00e9nero, esto puede llevar a la&nbsp;<strong>invisibilizaci\u00f3n&nbsp;<\/strong>y la&nbsp;<strong>invalidaci\u00f3n&nbsp;<\/strong>de las experiencias de aquellos que no se ajustan a ellas. Tambi\u00e9n puede llevar a la toma de resoluciones de urgencia, que pueden generar da\u00f1o en la&nbsp;<strong>salud mental.<\/strong><\/p>\n\n\n\n<p>Por ello, antes de etiquetar las experiencias, vivencias y angustias de los ni\u00f1os y ni\u00f1as, es necesario&nbsp;<strong>explorar de manera m\u00e1s profunda las din\u00e1micas inconscientes<\/strong>&nbsp;que subyacen a la<strong>&nbsp;construcci\u00f3n de la identidad,<\/strong>&nbsp;que es, como ya se dijo,&nbsp;<strong>multifac\u00e9tica<\/strong>.<\/p>\n\n\n\n<p><img loading=\"lazy\" decoding=\"async\" alt=\"La maduraci\u00f3n infantil descrita como una serie de ajustes y desajustes subraya la necesidad de otorgar tiempo al desarrollo subjetivo, permitiendo a ni\u00f1os y ni\u00f1as vivir sus propios procesos sin la presi\u00f3n de encajar en moldes predeterminados.\n\n(Imagen Ilustrativa Infobae)\" height=\"816\" width=\"1456\" class=\"\" src=\"https:\/\/www.infobae.com\/new-resizer\/ZXvXROsT0Z5ZWJ8h6e8KW3NAK_0=\/420x236\/filters:format(webp):quality(85)\/cloudfront-us-east-1.images.arcpublishing.com\/infobae\/4EI7FODXB5F4FK3PJFYXDD6K2M.jpg%20420w\" srcset=\"https:\/\/www.infobae.com\/new-resizer\/ZXvXROsT0Z5ZWJ8h6e8KW3NAK_0=\/420x236\/filters:format(webp):quality(85)\/cloudfront-us-east-1.images.arcpublishing.com\/infobae\/4EI7FODXB5F4FK3PJFYXDD6K2M.jpg 420w,https:\/\/www.infobae.com\/new-resizer\/ks16Ctj9D5KeznKDP8WEgrBGcpQ=\/768x432\/filters:format(webp):quality(85)\/cloudfront-us-east-1.images.arcpublishing.com\/infobae\/4EI7FODXB5F4FK3PJFYXDD6K2M.jpg 768w,https:\/\/www.infobae.com\/new-resizer\/ZqH4saikQSonjwma2JR2JRa_b4M=\/992x558\/filters:format(webp):quality(85)\/cloudfront-us-east-1.images.arcpublishing.com\/infobae\/4EI7FODXB5F4FK3PJFYXDD6K2M.jpg 992w,https:\/\/www.infobae.com\/new-resizer\/15MGs07H-c8mS2P0cYGPNmpA_DU=\/1200x675\/filters:format(webp):quality(85)\/cloudfront-us-east-1.images.arcpublishing.com\/infobae\/4EI7FODXB5F4FK3PJFYXDD6K2M.jpg 1200w,https:\/\/www.infobae.com\/new-resizer\/p7j-WnC_g7mHxw9B3kxhjjRvgRc=\/1440x810\/filters:format(webp):quality(85)\/cloudfront-us-east-1.images.arcpublishing.com\/infobae\/4EI7FODXB5F4FK3PJFYXDD6K2M.jpg 1440w\">La maduraci\u00f3n infantil descrita como una serie de ajustes y desajustes subraya la necesidad de otorgar tiempo al desarrollo subjetivo, permitiendo a ni\u00f1os y ni\u00f1as vivir sus propios procesos sin la presi\u00f3n de encajar en moldes predeterminados. (Imagen Ilustrativa Infobae)<\/p>\n\n\n\n<p>Hace a\u00f1os asistimos tambi\u00e9n a la proliferaci\u00f3n de m\u00faltiples y variadas herramientas (test, escalas y encuestas) producidas con el fin de diagnosticar diferentes problem\u00e1ticas y experiencias que pueden presentarse en los ni\u00f1os y ni\u00f1as. Algunos&nbsp;<strong>diagn\u00f3sticos&nbsp;<\/strong>se realizan de manera online a trav\u00e9s de&nbsp;<em>multiple choice<\/em>, sin ning\u00fan tipo de verificaci\u00f3n. Tambi\u00e9n hay infinidad de publicaciones que relatan, muchas veces de manera obscena, vivencias y padecimientos del&nbsp;<strong>dolor infantil.<\/strong><\/p>\n\n\n\n<p><strong>Existe una notable insistencia en que todo debe encajar en alg\u00fan lugar y muy tempranamente<\/strong>, binario &#8211; no binario, enfermedad &#8211; salud, cuando los procesos de maduraci\u00f3n infantil no son tan radicales, ni tan sencillos ni r\u00e1pidos.<\/p>\n\n\n\n<p>Los&nbsp;<strong>procesos de maduraci\u00f3n<\/strong>&nbsp;describen la evoluci\u00f3n del yo, del s\u00ed mismo, de la personalidad y&nbsp;<strong>esta evoluci\u00f3n implica<\/strong>&nbsp;<strong>fallas, conflictos, miedos y amenazas<\/strong>. Tanto como desajustes, ajustes y avances y retrocesos, por ello debe otorgarse tiempo al devenir subjetivo.<\/p>\n\n\n\n<p><img loading=\"lazy\" decoding=\"async\" alt=\"El periodo de maduraci\u00f3n infantil es un proceso din\u00e1mico que incluye desajustes y conflictos, por tanto, es crucial permitir el tiempo adecuado para el desarrollo subjetivo sin apresurar diagn\u00f3sticos o intervenciones  (Imagen ilustrativa Infobae)\" height=\"816\" width=\"1456\" class=\"\" src=\"https:\/\/www.infobae.com\/new-resizer\/zje_o1bdNhjladv9PWAAKsjnaxk=\/420x236\/filters:format(webp):quality(85)\/cloudfront-us-east-1.images.arcpublishing.com\/infobae\/5GXPPVKRQNEA5BTBMKD7OL3VVI.jpg%20420w\" srcset=\"https:\/\/www.infobae.com\/new-resizer\/zje_o1bdNhjladv9PWAAKsjnaxk=\/420x236\/filters:format(webp):quality(85)\/cloudfront-us-east-1.images.arcpublishing.com\/infobae\/5GXPPVKRQNEA5BTBMKD7OL3VVI.jpg 420w,https:\/\/www.infobae.com\/new-resizer\/Red_Q64KiEYc6ahwgGo7SI6QmEw=\/768x432\/filters:format(webp):quality(85)\/cloudfront-us-east-1.images.arcpublishing.com\/infobae\/5GXPPVKRQNEA5BTBMKD7OL3VVI.jpg 768w,https:\/\/www.infobae.com\/new-resizer\/C8CkJ2PQvwpwppwo6zZP293dS6s=\/992x558\/filters:format(webp):quality(85)\/cloudfront-us-east-1.images.arcpublishing.com\/infobae\/5GXPPVKRQNEA5BTBMKD7OL3VVI.jpg 992w,https:\/\/www.infobae.com\/new-resizer\/kPVj1wmPOEaM9evpsbSPD6UDhRo=\/1200x675\/filters:format(webp):quality(85)\/cloudfront-us-east-1.images.arcpublishing.com\/infobae\/5GXPPVKRQNEA5BTBMKD7OL3VVI.jpg 1200w,https:\/\/www.infobae.com\/new-resizer\/7miEgkh1eo6e6DQ84tG2hksRZ7E=\/1440x810\/filters:format(webp):quality(85)\/cloudfront-us-east-1.images.arcpublishing.com\/infobae\/5GXPPVKRQNEA5BTBMKD7OL3VVI.jpg 1440w\">El periodo de maduraci\u00f3n infantil es un proceso din\u00e1mico que incluye desajustes y conflictos, por tanto, es crucial permitir el tiempo adecuado para el desarrollo subjetivo sin apresurar diagn\u00f3sticos o intervenciones (Imagen ilustrativa Infobae)<\/p>\n\n\n\n<p>Los ni\u00f1os y ni\u00f1as encuentran diferentes formas de denunciar su malestar, su padecimiento o la necesidad de m\u00e1s atenci\u00f3n. Eso no significa que padezcan alg\u00fan trastorno, todo lo contrario, son lo suficientemente sanos para alzar su queja de una manera que incomode para conseguir lo que necesitan.<\/p>\n\n\n\n<p>He visto ni\u00f1os con el coraz\u00f3n roto por el desamor, diagnosticados y medicalizados por trastornos de atenci\u00f3n y en realidad lo que denunciaban era la<strong>&nbsp;falta de atenci\u00f3n del otro<\/strong>, del adulto que no pod\u00eda sostenerlos. Tambi\u00e9n he atendido ni\u00f1os que pueden ser capaces de cualquier cosa con tal de recibir&nbsp;<strong>amor y aceptaci\u00f3n<\/strong>, hasta enfermarse.<\/p>\n\n\n\n<p>En los \u00faltimos tiempos, y en una econom\u00eda de tiempos y recursos, cualquier rastro de lo que puede ser diferente a lo esperable prende las alarmas, y nuevamente aparece el&nbsp;<strong>sujeto infantil&nbsp;<\/strong>examinado, cuestionado y clasificado para comodidad del<strong>&nbsp;mundo adulto<\/strong>.<\/p>\n\n\n\n<p><img loading=\"lazy\" decoding=\"async\" alt=\"Diagnosticar a ni\u00f1os con base en s\u00edntomas sin investigar las causas subyacentes puede llevar a errores que afecten su salud mental, subrayando la importancia de un enfoque cuidadoso y reflexivo en el manejo de sus vivencias y padecimientos.\n\n(Imagen ilustrativa Infobae)\" height=\"816\" width=\"1456\" class=\"\" src=\"https:\/\/www.infobae.com\/new-resizer\/_pGgf0Yucbe0TZmV_63G5FFn3TU=\/420x236\/filters:format(webp):quality(85)\/cloudfront-us-east-1.images.arcpublishing.com\/infobae\/LKOIWT3JXVDDJIEUDC3DDGUOKM.png%20420w\" srcset=\"https:\/\/www.infobae.com\/new-resizer\/_pGgf0Yucbe0TZmV_63G5FFn3TU=\/420x236\/filters:format(webp):quality(85)\/cloudfront-us-east-1.images.arcpublishing.com\/infobae\/LKOIWT3JXVDDJIEUDC3DDGUOKM.png 420w,https:\/\/www.infobae.com\/new-resizer\/cqvV7C6xMoaezAQraw4OKBjp4wI=\/768x432\/filters:format(webp):quality(85)\/cloudfront-us-east-1.images.arcpublishing.com\/infobae\/LKOIWT3JXVDDJIEUDC3DDGUOKM.png 768w,https:\/\/www.infobae.com\/new-resizer\/sVBPfk7r3SB8ydeEckGJBAcR2tQ=\/992x558\/filters:format(webp):quality(85)\/cloudfront-us-east-1.images.arcpublishing.com\/infobae\/LKOIWT3JXVDDJIEUDC3DDGUOKM.png 992w,https:\/\/www.infobae.com\/new-resizer\/SYbqp-pn5EXD7oBrNoY4XgduQts=\/1200x675\/filters:format(webp):quality(85)\/cloudfront-us-east-1.images.arcpublishing.com\/infobae\/LKOIWT3JXVDDJIEUDC3DDGUOKM.png 1200w,https:\/\/www.infobae.com\/new-resizer\/-UVrEf88_XSCI0GvvlHbYY62YOU=\/1440x810\/filters:format(webp):quality(85)\/cloudfront-us-east-1.images.arcpublishing.com\/infobae\/LKOIWT3JXVDDJIEUDC3DDGUOKM.png 1440w\">Diagnosticar a ni\u00f1os con base en s\u00edntomas sin investigar las causas subyacentes puede llevar a errores que afecten su salud mental, subrayando la importancia de un enfoque cuidadoso y reflexivo en el manejo de sus vivencias y padecimientos. (Imagen ilustrativa Infobae)<\/p>\n\n\n\n<p>\u201cSos esto, ten\u00e9s aquello\u201d, con la indicaci\u00f3n de intervenci\u00f3n para cambiarlo, que es lo mismo que decir \u201cno deber\u00edas ser as\u00ed\u201d lo que implica una descalificaci\u00f3n y un reto para la&nbsp;<strong>salud mental<\/strong>, especialmente cuando se encuentra en desarrollo.<\/p>\n\n\n\n<p>Muchas veces la forma de gestionar el dolor en los ni\u00f1os y ni\u00f1as llama mucho la atenci\u00f3n, eso no significa que se encuentren enfermos o que requieran de tratamiento.&nbsp;<strong>A veces con el<\/strong>&nbsp;<strong>soporte y la empat\u00eda<\/strong>&nbsp;<strong>alcanza<\/strong>.<\/p>\n\n\n\n<p><strong>Si bien el diagn\u00f3stico en trastornos graves del desarrollo es fundamental porque da lugar a una oportuna intervenci\u00f3n, no todo en la infancia es diagnosticable y etiquetable, porque tratamos con sujetos en desarrollo.&nbsp;<\/strong>Aquello que puede mostrarse en un momento como una anomal\u00eda y que puede traer padecimiento muchas veces es parte del&nbsp;<strong>crecimiento<\/strong>, la construcci\u00f3n de la&nbsp;<strong>identidad<\/strong>, las identificaciones y tambi\u00e9n la denuncia de situaciones dolorosas.<\/p>\n\n\n\n<p><img loading=\"lazy\" decoding=\"async\" alt=\"Err\u00f3neamente, se intenta ajustar las complejidades de la infancia a categor\u00edas binarias o diagn\u00f3sticos definitivos, sin considerar la naturaleza gradual y no lineal del desarrollo infantil (Getty Images)\" height=\"1080\" width=\"1920\" class=\"\" src=\"https:\/\/www.infobae.com\/new-resizer\/UKxnYbiShS0J_S1mur7xj5kz0L0=\/420x236\/filters:format(webp):quality(85)\/cloudfront-us-east-1.images.arcpublishing.com\/infobae\/X2KO5S75UNGY7JYNCY73NCFDOU.jpg%20420w\" srcset=\"https:\/\/www.infobae.com\/new-resizer\/UKxnYbiShS0J_S1mur7xj5kz0L0=\/420x236\/filters:format(webp):quality(85)\/cloudfront-us-east-1.images.arcpublishing.com\/infobae\/X2KO5S75UNGY7JYNCY73NCFDOU.jpg 420w,https:\/\/www.infobae.com\/new-resizer\/hf2lTaYQv_XWHoCerw42jGTaIXw=\/768x432\/filters:format(webp):quality(85)\/cloudfront-us-east-1.images.arcpublishing.com\/infobae\/X2KO5S75UNGY7JYNCY73NCFDOU.jpg 768w,https:\/\/www.infobae.com\/new-resizer\/1V7EgxYa7gtSgbfzJPk8YlGjIZQ=\/992x558\/filters:format(webp):quality(85)\/cloudfront-us-east-1.images.arcpublishing.com\/infobae\/X2KO5S75UNGY7JYNCY73NCFDOU.jpg 992w,https:\/\/www.infobae.com\/new-resizer\/GKaFqzceO2lKB6qeBrof794vKYM=\/1200x675\/filters:format(webp):quality(85)\/cloudfront-us-east-1.images.arcpublishing.com\/infobae\/X2KO5S75UNGY7JYNCY73NCFDOU.jpg 1200w,https:\/\/www.infobae.com\/new-resizer\/Lg07qnDAEvS1uKupKk_v0nhB0ZA=\/1440x810\/filters:format(webp):quality(85)\/cloudfront-us-east-1.images.arcpublishing.com\/infobae\/X2KO5S75UNGY7JYNCY73NCFDOU.jpg 1440w\">Err\u00f3neamente, se intenta ajustar las complejidades de la infancia a categor\u00edas binarias o diagn\u00f3sticos definitivos, sin considerar la naturaleza gradual y no lineal del desarrollo infantil (Getty Images)<\/p>\n\n\n\n<p>La imposici\u00f3n de categor\u00edas diagn\u00f3sticas o identitarias puede generar sentimientos de&nbsp;<strong>confusi\u00f3n, ansiedad y verg\u00fcenza&nbsp;<\/strong>en los ni\u00f1os y j\u00f3venes que los reciben, y puede dejarlos coagulados en una clasificaci\u00f3n de la que es dif\u00edcil salir. Algunas veces estas imposiciones tienen el car\u00e1cter de&nbsp;<strong>maltrato infantil.<\/strong><\/p>\n\n\n\n<p>Otras veces el&nbsp;<strong>diagn\u00f3stico&nbsp;<\/strong>constituye una forma de acceder a los&nbsp;<strong>derechos&nbsp;<\/strong>de los ni\u00f1os y las ni\u00f1as, para que la obra social, la prepaga o el estado, a trav\u00e9s de la salud p\u00fablica, cubra los gastos para la estimulaci\u00f3n de las capacidades. Cubra las necesidades especiales para que se recupere y sane y se sienta bien consigo mismo.<\/p>\n\n\n\n<p>Otra&nbsp;<strong>secuela&nbsp;<\/strong>de las clasificaciones prematuras es la&nbsp;<strong>medicalizaci\u00f3n,&nbsp;<\/strong>que tiene como efecto, entre otras cosas, universalizar y homogeneizar a toda la poblaci\u00f3n infantil que presenta supuestas disfunciones. No todos los ni\u00f1os y ni\u00f1as que no se ajusten a lo establecido del ideal social, m\u00e9dico o parental pueden ser diagnosticados como sujetos con patolog\u00eda.<\/p>\n\n\n\n<p><img loading=\"lazy\" decoding=\"async\" alt=\"La urgencia en catalogar conduce a errores diagn\u00f3sticos, como el sobre o subdiagn\u00f3stico del trastorno por d\u00e9ficit de atenci\u00f3n\" height=\"4741\" width=\"7103\" class=\"\" src=\"https:\/\/www.infobae.com\/new-resizer\/I0wVBB9zz_PnVRm_q5tgylcx6MI=\/420x280\/filters:format(webp):quality(85)\/cloudfront-us-east-1.images.arcpublishing.com\/infobae\/GUCRLQTBAJA3ZGS63D25MIF2QU.jpg%20420w\" srcset=\"https:\/\/www.infobae.com\/new-resizer\/I0wVBB9zz_PnVRm_q5tgylcx6MI=\/420x280\/filters:format(webp):quality(85)\/cloudfront-us-east-1.images.arcpublishing.com\/infobae\/GUCRLQTBAJA3ZGS63D25MIF2QU.jpg 420w,https:\/\/www.infobae.com\/new-resizer\/VwleHlz44mtl92qSE2YrkyS93Ug=\/768x512\/filters:format(webp):quality(85)\/cloudfront-us-east-1.images.arcpublishing.com\/infobae\/GUCRLQTBAJA3ZGS63D25MIF2QU.jpg 768w,https:\/\/www.infobae.com\/new-resizer\/f25mqlzcaN9K7UleM86GMuNOOYQ=\/992x661\/filters:format(webp):quality(85)\/cloudfront-us-east-1.images.arcpublishing.com\/infobae\/GUCRLQTBAJA3ZGS63D25MIF2QU.jpg 992w,https:\/\/www.infobae.com\/new-resizer\/POn_g57QdXO0iByjQ70CmcIVrlE=\/1200x800\/filters:format(webp):quality(85)\/cloudfront-us-east-1.images.arcpublishing.com\/infobae\/GUCRLQTBAJA3ZGS63D25MIF2QU.jpg 1200w,https:\/\/www.infobae.com\/new-resizer\/U6vNk3z3AKovf0ljTw9Vkd5l9-M=\/1440x960\/filters:format(webp):quality(85)\/cloudfront-us-east-1.images.arcpublishing.com\/infobae\/GUCRLQTBAJA3ZGS63D25MIF2QU.jpg 1440w\">La urgencia en catalogar conduce a errores diagn\u00f3sticos, como el sobre o subdiagn\u00f3stico del trastorno por d\u00e9ficit de atenci\u00f3n<\/p>\n\n\n\n<p>Un ejemplo de ello es el&nbsp;<strong>sobrediagn\u00f3stico&nbsp;<\/strong>del&nbsp;<strong>Trastorno por D\u00e9ficit de Atenci\u00f3n (TDA)<\/strong>. El diagn\u00f3stico est\u00e1 por encima de la prevalencia porque existe un medicamento que parece mejorar los s\u00edntomas de concentraci\u00f3n y muchas veces es m\u00e1s f\u00e1cil recomendarlo que investigar en profundidad qu\u00e9 le pasa al ni\u00f1o y ni\u00f1a, \u00bfqu\u00e9 est\u00e1n contando los s\u00edntomas? La urgencia en&nbsp;<strong>catalogar&nbsp;<\/strong>conduce a&nbsp;<strong>errores diagn\u00f3sticos<\/strong>&nbsp;(sobre o subdiagn\u00f3stico), a dejar de lado aspectos relevantes, a no reunir la informaci\u00f3n suficiente para dise\u00f1ar el mejor plan posible de intervenci\u00f3n, que no siempre es la&nbsp;<strong>medicaci\u00f3n<\/strong>.<\/p>\n\n\n\n<p>Es prioritario el respeto por la&nbsp;<strong>singularidad&nbsp;<\/strong>de cada ni\u00f1o y ni\u00f1a, los tiempos, procesos y las operaciones y simb\u00f3licas. La prisa para que responda de tal o cual manera est\u00e1 ligada al ideal de los adultos, es&nbsp;<strong>adultocentrista<\/strong>. En la cl\u00ednica nos encontramos con la dif\u00edcil posici\u00f3n de los padres que muchas veces imaginaron a un ni\u00f1o que no es como su hijo. Esa&nbsp;<strong>discordancia entre el deseo y la realidad&nbsp;<\/strong>muchas veces se interpreta como una&nbsp;<strong>falla<\/strong>. Y cuando las supuestas fallas se presentan como trastornos y se interviene sobre ellos, ah\u00ed comienzan los problemas de salud mental para los ni\u00f1os y deja a los padres capturados en circuitos sin salida de decepci\u00f3n en decepci\u00f3n.<\/p>\n\n\n\n<p>El proceso de subjetivaci\u00f3n siempre cumple el mismo recorrido, pero tambi\u00e9n responde a ideales epocales. La intolerancia o la angustia de los padres, profesionales, maestros en relaci\u00f3n con los tiempos singulares de cada ni\u00f1o van en contra de un proceso leg\u00edtimo y aut\u00e9ntico de desarrollo.<\/p>\n\n\n\n<p><strong>Cuidemos la infancia porque es para siempre.<\/strong><\/p>\n\n\n\n<p>Fuente: <a href=\"https:\/\/www.infobae.com\/salud\/2024\/05\/02\/la-maduracion-infantil-la-importancia-del-tiempo-y-el-respeto-en-el-proceso-propio-de-cada-nino\/\">https:\/\/www.infobae.com\/salud\/2024\/05\/02\/la-maduracion-infantil-la-importancia-del-tiempo-y-el-respeto-en-el-proceso-propio-de-cada-nino\/<\/a><\/p>\n","protected":false},"excerpt":{"rendered":"<p>La infancia, marcada por la exploraci\u00f3n y el descubrimiento, a menudo puede verse influenciada por categorizaciones sociales y m\u00e9dico-psicol\u00f3gicas precipitadas. C\u00f3mo una profunda reflexi\u00f3n sobre la evoluci\u00f3n natural puede beneficiar la salud mental de ni\u00f1os y ni\u00f1as La premura por diagnosticar y categorizar comportamientos o identidades en la infancia no respeta los tiempos naturales de [&hellip;]<\/p>\n","protected":false},"author":3,"featured_media":1273,"comment_status":"open","ping_status":"open","sticky":false,"template":"","format":"standard","meta":{"footnotes":""},"categories":[11,4],"tags":[638],"class_list":["post-1272","post","type-post","status-publish","format-standard","has-post-thumbnail","hentry","category-agenda","category-bienestar","tag-madurez-infantil"],"_links":{"self":[{"href":"https:\/\/noticiassaludables.com.ar\/index.php?rest_route=\/wp\/v2\/posts\/1272","targetHints":{"allow":["GET"]}}],"collection":[{"href":"https:\/\/noticiassaludables.com.ar\/index.php?rest_route=\/wp\/v2\/posts"}],"about":[{"href":"https:\/\/noticiassaludables.com.ar\/index.php?rest_route=\/wp\/v2\/types\/post"}],"author":[{"embeddable":true,"href":"https:\/\/noticiassaludables.com.ar\/index.php?rest_route=\/wp\/v2\/users\/3"}],"replies":[{"embeddable":true,"href":"https:\/\/noticiassaludables.com.ar\/index.php?rest_route=%2Fwp%2Fv2%2Fcomments&post=1272"}],"version-history":[{"count":1,"href":"https:\/\/noticiassaludables.com.ar\/index.php?rest_route=\/wp\/v2\/posts\/1272\/revisions"}],"predecessor-version":[{"id":1274,"href":"https:\/\/noticiassaludables.com.ar\/index.php?rest_route=\/wp\/v2\/posts\/1272\/revisions\/1274"}],"wp:featuredmedia":[{"embeddable":true,"href":"https:\/\/noticiassaludables.com.ar\/index.php?rest_route=\/wp\/v2\/media\/1273"}],"wp:attachment":[{"href":"https:\/\/noticiassaludables.com.ar\/index.php?rest_route=%2Fwp%2Fv2%2Fmedia&parent=1272"}],"wp:term":[{"taxonomy":"category","embeddable":true,"href":"https:\/\/noticiassaludables.com.ar\/index.php?rest_route=%2Fwp%2Fv2%2Fcategories&post=1272"},{"taxonomy":"post_tag","embeddable":true,"href":"https:\/\/noticiassaludables.com.ar\/index.php?rest_route=%2Fwp%2Fv2%2Ftags&post=1272"}],"curies":[{"name":"wp","href":"https:\/\/api.w.org\/{rel}","templated":true}]}}