{"id":1281,"date":"2024-05-06T11:20:09","date_gmt":"2024-05-06T14:20:09","guid":{"rendered":"https:\/\/noticiassaludables.com.ar\/?p=1281"},"modified":"2024-05-06T11:21:30","modified_gmt":"2024-05-06T14:21:30","slug":"la-ciudad-entro-en-la-fase-final-del-brote-de-dengue-dijo-quiros","status":"publish","type":"post","link":"https:\/\/noticiassaludables.com.ar\/?p=1281","title":{"rendered":"La Ciudad entr\u00f3 en \u201cla fase final del brote de dengue&#8221; dijo Quir\u00f3s"},"content":{"rendered":"\n<h2 class=\"wp-block-heading\">El ministro de Salud consider\u00f3 que lo peor de la epidemia qued\u00f3 atr\u00e1s. En una conferencia sobre el plan de vacunaci\u00f3n junto al jefe de Gobierno porte\u00f1o, Jorge Macri, dieron los detalles de las dosis contra el virus sincicial respiratorio para embarazadas<\/h2>\n\n\n\n<p>\u201cLa\u00a0<strong>primera semana de abril fue la peor semana de esta epidemia de\u00a0<\/strong><a href=\"https:\/\/www.infobae.com\/salud\/2024\/05\/05\/brote-historico-de-dengue-en-argentina-ya-son-301-los-muertos-y-hubo-mas-de-435-mil-casos\/\" target=\"_blank\" rel=\"noreferrer noopener\"><strong>dengue\u00a0<\/strong><\/a>que ha sido la m\u00e1s alta de todo Latinoam\u00e9rica, de Argentina y de la Ciudad, desde que tenemos registro\u201d, se\u00f1al\u00f3 el ministro de Salud porte\u00f1o,\u00a0<strong>Fern\u00e1n Quir\u00f3s<\/strong>.<a href=\"https:\/\/www.infobae.com\/salud\/2024\/05\/06\/cuales-son-los-beneficios-para-la-salud-de-las-semillas-de-palta-y-como-se-las-puede-consumir\/\" target=\"_blank\" rel=\"noreferrer noopener\"><\/a><a href=\"https:\/\/www.infobae.com\/salud\/2024\/05\/06\/cuales-son-los-beneficios-para-la-salud-de-las-semillas-de-palta-y-como-se-las-puede-consumir\/\" target=\"_blank\" rel=\"noreferrer noopener\"><\/a><\/p>\n\n\n\n<p>En una conferencia junto al jefe de Gobierno de la Ciudad de Buenos Aires,&nbsp;<strong>Jorge Macri<\/strong>, actualiz\u00f3 los detalles del plan de vacunaci\u00f3n en la Ciudad de Buenos Aires y anunciaron que, por primera vez, esta temporada se incluye -tanto a nivel nacional como municipal- la vacuna para embarazadas contra el&nbsp;<a rel=\"noreferrer noopener\" href=\"https:\/\/www.infobae.com\/salud\/2024\/02\/29\/comenzo-la-vacunacion-contra-el-virus-sincicial-respiratorio-para-personas-gestantes-los-detalles-de-la-vacuna\/\" target=\"_blank\"><strong>virus sincicial respiratorio<\/strong><\/a>.<\/p>\n\n\n\n<p><strong>\u201cEstamos en la fase final del brote de dengue\u201d<\/strong>, dijo Quir\u00f3s y enfatiz\u00f3 en que, si bien los ejemplares adultos del mosquitos<em><strong>&nbsp;Aedes aegypti&nbsp;<\/strong><\/em><em>&#8211;<\/em>que son vectores de la enfermedad- est\u00e1n en retirada, \u201cno significa que haya terminado la epidemia\u201d y recomend\u00f3 mantener los cuidados.<\/p>\n\n\n\n<p>El titular de la cartera de salud dijo que est\u00e1n bajando de manera significativa todos los indicadores en t\u00e9rminos de nuevas personas que se han contagiado la infecci\u00f3n, adem\u00e1s de la disminuci\u00f3n pacientes internados en el sistema p\u00fablico. Ejemplific\u00f3 que en CABA se hab\u00edan llegado a ocupar 170 camas de internaci\u00f3n en los hospitales p\u00fablicos en la peor etapa del brote y ahora est\u00e1n ocupadas 20 camas.<\/p>\n\n\n\n<p>\u201cHemos comenzado el camino del an\u00e1lisis de<a rel=\"noreferrer noopener\" href=\"https:\/\/www.infobae.com\/salud\/2024\/04\/10\/enfrentamos-el-pico-de-dengue-mas-grande-en-la-historia-de-la-ciudad-dijo-jorge-macri-y-anticipo-cuando-se-definira-la-estrategia-de-vacunacion\/\" target=\"_blank\">&nbsp;lo que dej\u00f3 el brote<\/a>&nbsp;de dengue para&nbsp;<strong>prepararnos para octubre<\/strong>\u201d, agreg\u00f3 el jefe de Gobierno porte\u00f1o y sostuvo que la poblaci\u00f3n debe acostumbrar a que \u201cel dengue lleg\u00f3 para quedarse\u201d, por eso es importante planificar los pasos para la pr\u00f3xima temporada de infecciones.<\/p>\n\n\n\n<p><a href=\"https:\/\/www.infobae.com\/salud\/2024\/05\/04\/cambios-en-el-ministerio-de-salud-mario-russo-busca-fortalecer-la-gestion-de-la-cartera-sanitaria-con-una-nueva-designacion\/\" target=\"_blank\" rel=\"noreferrer noopener\"><\/a><\/p>\n\n\n\n<p><img loading=\"lazy\" decoding=\"async\" alt=\"A nivel pa\u00eds, en el \u00faltimo bolet\u00edn epidemiol\u00f3gico nacional difundido ayer, se report\u00f3 un acumulado de 301 muertes y 438.010 casos de dengue, de los cuales el 96% de los infectados corresponde al a\u00f1o 2024  (Imagen Ilustrativa Infobae)\" height=\"816\" width=\"1456\" class=\"\" src=\"https:\/\/www.infobae.com\/new-resizer\/X7x3BeKojSnl32NZgs5n9JkAZ-w=\/420x236\/filters:format(webp):quality(85)\/cloudfront-us-east-1.images.arcpublishing.com\/infobae\/2EYA2QPMHJCALN6544FDBXPXNU.jpg%20420w\" srcset=\"https:\/\/www.infobae.com\/new-resizer\/X7x3BeKojSnl32NZgs5n9JkAZ-w=\/420x236\/filters:format(webp):quality(85)\/cloudfront-us-east-1.images.arcpublishing.com\/infobae\/2EYA2QPMHJCALN6544FDBXPXNU.jpg 420w,https:\/\/www.infobae.com\/new-resizer\/656fRyZlUXsYzKSQ749ave5Fyos=\/768x432\/filters:format(webp):quality(85)\/cloudfront-us-east-1.images.arcpublishing.com\/infobae\/2EYA2QPMHJCALN6544FDBXPXNU.jpg 768w,https:\/\/www.infobae.com\/new-resizer\/aLU0qRxax_vNjFJxOZGRAGymRGA=\/992x558\/filters:format(webp):quality(85)\/cloudfront-us-east-1.images.arcpublishing.com\/infobae\/2EYA2QPMHJCALN6544FDBXPXNU.jpg 992w,https:\/\/www.infobae.com\/new-resizer\/MF_SIgjC931Lps9kjEpNihsqC8s=\/1200x675\/filters:format(webp):quality(85)\/cloudfront-us-east-1.images.arcpublishing.com\/infobae\/2EYA2QPMHJCALN6544FDBXPXNU.jpg 1200w,https:\/\/www.infobae.com\/new-resizer\/qF32oJ8xK6nv7GXU7vbcmaae6UA=\/1440x810\/filters:format(webp):quality(85)\/cloudfront-us-east-1.images.arcpublishing.com\/infobae\/2EYA2QPMHJCALN6544FDBXPXNU.jpg 1440w\">A nivel pa\u00eds, en el \u00faltimo bolet\u00edn epidemiol\u00f3gico nacional difundido ayer, se report\u00f3 un acumulado de 301 muertes y 438.010 casos de dengue, de los cuales el 96% de los infectados corresponde al a\u00f1o 2024 (Imagen Ilustrativa Infobae)<\/p>\n\n\n\n<p>Quir\u00f3s insisti\u00f3 en que \u201cno hay que confundir al Aedes aegypti, que es ese mosquito que tenemos en el domicilio o alrededor de las casas o en el trabajo Y que suele ser mucho menos visible, y que tiene horarios del d\u00eda en que tiende a picar y que, al d\u00eda de hoy las ovitrampas &#8211; los registros que tenemos en la Ciudad- indican que<strong>&nbsp;ha descendido<\/strong>&nbsp;de manera muy importante. Ven\u00edamos con valores de&nbsp;<strong>80% de las ovitrampas positivas<\/strong>&nbsp;para los peores momentos (a principio de abril) y hoy estamos cerca del 20%, as\u00ed que pr\u00e1cticamente&nbsp;<strong>los&nbsp;<\/strong><em><strong>Aedes aegypti&nbsp;<\/strong><\/em><strong>adultos se va retirando\u201d<\/strong>.<\/p>\n\n\n\n<p>El ministro dijo que en estos d\u00edas de lluvia&nbsp;<strong>se siguen viendo mosquitos<\/strong>, pero que se trata de otra especie, el llamado coloquialmente \u201c<strong>mosquito del charco<\/strong>, que es mucho m\u00e1s grande, m\u00e1s torpe, m\u00e1s negro y que pica en todo momento y que da ronchas bastante m\u00e1s significativas, que est\u00e1 vinculado a la humedad y a las condiciones que tenemos estos d\u00edas\u201d.<\/p>\n\n\n\n<h2 class=\"wp-block-heading\">Plan de vacunaci\u00f3n gratuito contra la gripe, el COVID y la bronquiolitis<\/h2>\n\n\n\n<p><img loading=\"lazy\" decoding=\"async\" alt=\"La vacuna contra el VSR al administrarse en las gestantes permite la transmisi\u00f3n de anticuerpos durante el embarazo y ofrece protecci\u00f3n a los peque\u00f1os durante los primeros 6 meses de vida (Gettyimages)\" height=\"1080\" width=\"1920\" class=\"\" src=\"https:\/\/www.infobae.com\/new-resizer\/R4p889Y_28TWwu_mLS44EzFLoc0=\/420x236\/filters:format(webp):quality(85)\/cloudfront-us-east-1.images.arcpublishing.com\/infobae\/2LXSY3OSBFBO7ADDSYWOWQGE7Y.jpg%20420w\" srcset=\"https:\/\/www.infobae.com\/new-resizer\/R4p889Y_28TWwu_mLS44EzFLoc0=\/420x236\/filters:format(webp):quality(85)\/cloudfront-us-east-1.images.arcpublishing.com\/infobae\/2LXSY3OSBFBO7ADDSYWOWQGE7Y.jpg 420w,https:\/\/www.infobae.com\/new-resizer\/IOFDKxZIPT6w2_iLeYO2fSSppPk=\/768x432\/filters:format(webp):quality(85)\/cloudfront-us-east-1.images.arcpublishing.com\/infobae\/2LXSY3OSBFBO7ADDSYWOWQGE7Y.jpg 768w,https:\/\/www.infobae.com\/new-resizer\/ksfDMuEk07DOnxK5hRzJ1dTVhVM=\/992x558\/filters:format(webp):quality(85)\/cloudfront-us-east-1.images.arcpublishing.com\/infobae\/2LXSY3OSBFBO7ADDSYWOWQGE7Y.jpg 992w,https:\/\/www.infobae.com\/new-resizer\/sZ4b_LzPbNrNaFnq2U831AoFq4Y=\/1200x675\/filters:format(webp):quality(85)\/cloudfront-us-east-1.images.arcpublishing.com\/infobae\/2LXSY3OSBFBO7ADDSYWOWQGE7Y.jpg 1200w,https:\/\/www.infobae.com\/new-resizer\/iHkQG6sU3hwHMm-YkipfiZnDM70=\/1440x810\/filters:format(webp):quality(85)\/cloudfront-us-east-1.images.arcpublishing.com\/infobae\/2LXSY3OSBFBO7ADDSYWOWQGE7Y.jpg 1440w\">La vacuna contra el VSR al administrarse en las gestantes permite la transmisi\u00f3n de anticuerpos durante el embarazo y ofrece protecci\u00f3n a los peque\u00f1os durante los primeros 6 meses de vida (Gettyimages)<\/p>\n\n\n\n<p>\u201c<strong>Por primera vez vamos aplicar la vacuna contra el virus sincicial respiratorio<\/strong>, generador de la bronquiolitis. Es la primera vez que empieza un plan de vacunaci\u00f3n nacional contra el VRS. Tenemos vacunas disponibles y en cada centro est\u00e1 la hist\u00f3rica cl\u00ednica de cada vecino para que puedan saber si les falta dosis\u201d, destac\u00f3 Macri.<\/p>\n\n\n\n<p>Las<strong>&nbsp;dosis de la vacuna se recibe entre las semanas 32 y 36 de gestaci\u00f3n&nbsp;<\/strong>y protege a reci\u00e9n nacidos contra la bronquiolitis en los primeros seis meses de vida. Se aplica en vacunatorios de Centros de Salud y hospitales p\u00fablicos.<\/p>\n\n\n\n<p>El jefe de Gobierno porte\u00f1o remarc\u00f3 que el compromiso de su gesti\u00f3n \u201ces&nbsp;<strong>garantizar que la atenci\u00f3n en el sistema p\u00fablico de salud porte\u00f1o siga siendo de calidad, universal, profesional y gratuita&nbsp;<\/strong>para todos, con prioridad para los porte\u00f1os, que son quienes lo sostienen con mucho esfuerzo\u201d.<\/p>\n\n\n\n<p>\u201cCon la llegada del fr\u00edo, hacemos un llamado a la conciencia e importancia de vacunarse, tenemos la necesidad de<strong>&nbsp;cumplir con el calendario de vacunaci\u00f3n, con especial atenci\u00f3n a ni\u00f1os, mayores de 65 a\u00f1os y embarazadas<\/strong>\u201d, expres\u00f3 Macri en la conferencia de prensa realizada en el Centro de Especialidades M\u00e9dicas Ambulatorias de Referencia 1, en La Paternal. Estuvo acompa\u00f1ado por Quir\u00f3s y por el subsecretario de Atenci\u00f3n Primaria, Gabriel Battistella.<\/p>\n\n\n\n<h2 class=\"wp-block-heading\">Vacunaci\u00f3n antigripal<\/h2>\n\n\n\n<p>Habitualmente el sistema p\u00fablico porte\u00f1o aplica unas 250.000&nbsp;<a rel=\"noreferrer noopener\" href=\"https:\/\/www.infobae.com\/america\/ciencia-america\/2024\/05\/05\/la-proxima-pandemia-sera-de-gripe-que-dicen-los-cientificos\/\" target=\"_blank\">dosis antigripales&nbsp;<\/a>personas por a\u00f1o y este a\u00f1o ya se&nbsp;<a rel=\"noreferrer noopener\" href=\"https:\/\/www.infobae.com\/salud\/2024\/04\/29\/por-que-es-tan-importante-recibir-la-vacuna-antigripal-y-para-quienes-esta-indicada-segun-los-expertos\/\" target=\"_blank\">aplicaron&nbsp;<\/a>casi 150.000. \u201cMucha gente se ha estado vacunando, pero necesitamos intensificar porque ya vienen los fr\u00edos en las pr\u00f3ximas semanas que van a generar las primeras olas de gripe\u201d, precis\u00f3 Quir\u00f3s.<\/p>\n\n\n\n<p>Los grupos a los que se recomienda la aplicaci\u00f3n son los&nbsp;<strong>menores de 3 a\u00f1os<\/strong>&nbsp;(s\u00f3lo pueden hacerlo en centros de salud y hospitales), poblaci\u00f3n con&nbsp;<strong>condiciones priorizadas o factores de riesgo&nbsp;<\/strong>definidos por el m\u00e9dico de cabecera (embarazadas en todos los trimestres y pu\u00e9rperas hasta 10 d\u00edas posparto y personas de 3 a 64 a\u00f1os con factores de riesgo) y<strong>&nbsp;mayores de 65 a\u00f1os<\/strong>. Estas vacunas son gratuitas.<\/p>\n\n\n\n<p><img loading=\"lazy\" decoding=\"async\" alt=\"El jefe de Gobierno porte\u00f1o, Jorge Macri, junto al ministro de Salud, Fern\u00e1n Quir\u00f3s, se refirieron al brote de dengue y al plan de vacunaci\u00f3n de CABA \n\" height=\"2946\" width=\"4160\" class=\"\" src=\"https:\/\/www.infobae.com\/new-resizer\/F06vswCE2zzykd6YUIMvS8uWyys=\/420x280\/filters:format(webp):quality(85)\/cloudfront-us-east-1.images.arcpublishing.com\/infobae\/236Z2XT3S5FN7P3SOLZ2JHX2GA.jpeg%20420w\" srcset=\"https:\/\/www.infobae.com\/new-resizer\/F06vswCE2zzykd6YUIMvS8uWyys=\/420x280\/filters:format(webp):quality(85)\/cloudfront-us-east-1.images.arcpublishing.com\/infobae\/236Z2XT3S5FN7P3SOLZ2JHX2GA.jpeg 420w,https:\/\/www.infobae.com\/new-resizer\/3iAF2w4A9ZwsTn4bzBpwZ4wfadU=\/768x512\/filters:format(webp):quality(85)\/cloudfront-us-east-1.images.arcpublishing.com\/infobae\/236Z2XT3S5FN7P3SOLZ2JHX2GA.jpeg 768w,https:\/\/www.infobae.com\/new-resizer\/s_LGt8wUMeKdXUu7UiyCVPRIX3U=\/992x661\/filters:format(webp):quality(85)\/cloudfront-us-east-1.images.arcpublishing.com\/infobae\/236Z2XT3S5FN7P3SOLZ2JHX2GA.jpeg 992w,https:\/\/www.infobae.com\/new-resizer\/N8PgekYMTRSXTq1ZUK2D0ibU3es=\/1200x800\/filters:format(webp):quality(85)\/cloudfront-us-east-1.images.arcpublishing.com\/infobae\/236Z2XT3S5FN7P3SOLZ2JHX2GA.jpeg 1200w,https:\/\/www.infobae.com\/new-resizer\/_iIHZAeSphTkovBcFmVwr6c_FuI=\/1440x960\/filters:format(webp):quality(85)\/cloudfront-us-east-1.images.arcpublishing.com\/infobae\/236Z2XT3S5FN7P3SOLZ2JHX2GA.jpeg 1440w\">El jefe de Gobierno porte\u00f1o, Jorge Macri, junto al ministro de Salud, Fern\u00e1n Quir\u00f3s, se refirieron al brote de dengue y al plan de vacunaci\u00f3n de CABA<\/p>\n\n\n\n<p>Si una persona presenta fiebre, v\u00f3mitos, diarrea, tos, dolor de garganta o cabeza, dificultad para respirar o falta de gusto u olfato se le recomienda no asistir al Centro de Vacunaci\u00f3n y dirigirse, en cambio, a la Unidad Febril m\u00e1s cercana.<\/p>\n\n\n\n<p>Los&nbsp;<strong>turnos&nbsp;<\/strong>se sacan en la web de la Ciudad, el&nbsp;<strong>147&nbsp;<\/strong>o envi\u00e1ndole un mensaje a&nbsp;<strong>Boti<\/strong>, el chatbot de la Ciudad. Hay m\u00e1s de 11.000 turnos disponibles para los pr\u00f3ximos d\u00edas.<\/p>\n\n\n\n<h2 class=\"wp-block-heading\">Vacunaci\u00f3n contra el COVID-19<\/h2>\n\n\n\n<p>En cuanto a la vacunaci\u00f3n contra el COVID-19, en la Ciudad ya se aplicaron m\u00e1s de 360.000 dosis en el \u00faltimo a\u00f1o. Tanto para la gripe como para el COVID, la vacunaci\u00f3n se da en<strong>&nbsp;35 hospitales, 47 CeSACs y cuatro postas extrahospitalarias<\/strong>&nbsp;(Isl\u00e1mico, Comuna 2, Comuna 7 y River Plate).<\/p>\n\n\n\n<p>\u201cPara COVID ya no se cuentan el n\u00famero de vacunas que uno tiene. Lo que se hace es un&nbsp;<strong>refuerzo peri\u00f3dico&nbsp;<\/strong>y la explicaci\u00f3n m\u00e1s sencilla es darse al menos un refuerzo anual. Eso significa que cuando uno se vacuna para la gripe el mismo momento se puede aplicar la vacuna del COVID, una en cada hombro y no hay ning\u00fan problema. Resuelve el problema del oto\u00f1o invierno en el mismo acto\u201d, detall\u00f3 Quir\u00f3s.<\/p>\n\n\n\n<p>Algunos grupos de m\u00e1s riesgo deben hacer refuerzos cada seis meses de COVID para mantenerse protegidos. \u201cPero como recuerdo general es un buen momento cuando uno se vacuna para la gripe, vacunarse tambi\u00e9n para el COVID\u201d, cerr\u00f3 Quir\u00f3s.<\/p>\n\n\n\n<h2 class=\"wp-block-heading\">Brote hist\u00f3rico de dengue<\/h2>\n\n\n\n<p><img loading=\"lazy\" decoding=\"async\" alt=\"Una de las medidas preventivas del dengue es limpiar y vaciar recipientes que acumulen agua, esto debe hacerse todo el a\u00f1o (Europa Press)\n\" height=\"1280\" width=\"1920\" class=\"\" src=\"https:\/\/www.infobae.com\/new-resizer\/Ww6yN47TPbIOVfBvWOIPXAKlNgU=\/420x280\/filters:format(webp):quality(85)\/cloudfront-us-east-1.images.arcpublishing.com\/infobae\/UWHAWGT2FRFVDM57IVTODIBZAA.jpg%20420w\" srcset=\"https:\/\/www.infobae.com\/new-resizer\/Ww6yN47TPbIOVfBvWOIPXAKlNgU=\/420x280\/filters:format(webp):quality(85)\/cloudfront-us-east-1.images.arcpublishing.com\/infobae\/UWHAWGT2FRFVDM57IVTODIBZAA.jpg 420w,https:\/\/www.infobae.com\/new-resizer\/3dbPvwTYPxhPi68ffw5MJ6b8vOI=\/768x512\/filters:format(webp):quality(85)\/cloudfront-us-east-1.images.arcpublishing.com\/infobae\/UWHAWGT2FRFVDM57IVTODIBZAA.jpg 768w,https:\/\/www.infobae.com\/new-resizer\/V_OBNxPqVuAJBMYSx7fDSW3TQ2M=\/992x661\/filters:format(webp):quality(85)\/cloudfront-us-east-1.images.arcpublishing.com\/infobae\/UWHAWGT2FRFVDM57IVTODIBZAA.jpg 992w,https:\/\/www.infobae.com\/new-resizer\/Wd9MU3LB3MqKx2sHc9K91DEOOgU=\/1200x800\/filters:format(webp):quality(85)\/cloudfront-us-east-1.images.arcpublishing.com\/infobae\/UWHAWGT2FRFVDM57IVTODIBZAA.jpg 1200w,https:\/\/www.infobae.com\/new-resizer\/AwsJM1CLVeboT2Tc8ENjjlqk7f0=\/1440x960\/filters:format(webp):quality(85)\/cloudfront-us-east-1.images.arcpublishing.com\/infobae\/UWHAWGT2FRFVDM57IVTODIBZAA.jpg 1440w\">Una de las medidas preventivas del dengue es limpiar y vaciar recipientes que acumulen agua, esto debe hacerse todo el a\u00f1o (Europa Press)<\/p>\n\n\n\n<p>El Ministerio de Salud de la Naci\u00f3n report\u00f3, en el \u00faltimo bolet\u00edn epidemiol\u00f3gico nacional difundido ayer, un acumulado de&nbsp;<a rel=\"noreferrer noopener\" href=\"https:\/\/www.infobae.com\/salud\/2024\/05\/05\/brote-historico-de-dengue-en-argentina-ya-son-301-los-muertos-y-hubo-mas-de-435-mil-casos\/\" target=\"_blank\">301 muertes y 438.010 casos de dengue<\/a>&nbsp;en todo el pa\u00eds, de los cuales el 96% de los infectados corresponde al a\u00f1o 2024. La incidencia muestra una tasa de 931 casos por cada cien mil habitantes, con 957 clasificados como dengue grave.<\/p>\n\n\n\n<p>En territorio porte\u00f1o, durante la temporada actual (del 2 de julio del 2023 al 29 de abril) se registraron&nbsp;<strong>23.871 casos de dengue en CABA, con 32 muertes<\/strong>.&nbsp;<\/p>\n\n\n\n<p>La Ciudad ya atendi\u00f3 a m\u00e1s de&nbsp;<strong>76.000 vecinos en 18 unidades febriles en hospitales p\u00fablicos<\/strong>. Tras el pico de 4.292 casos notificados como probables\/confirmados en el Bolet\u00edn Epidemiol\u00f3gico Semanal publicado el 6 de abril (el m\u00e1s alto en la historia de la Ciudad), en la \u00faltima semana se registraron 1.445 casos, siendo&nbsp;<strong>la tercera semana consecutiva con descenso de reportes.<\/strong><\/p>\n\n\n\n<p>En la Ciudad, ante cada caso positivo de dengue, se le ofrece a la persona que estuvo contagiada un operativo de fumigaci\u00f3n en su domicilio. Ya se hicieron m\u00e1s de\u00a0<strong>4.000 fumigaciones domiciliarias.<\/strong>\u00a0Adem\u00e1s, se le realiza un seguimiento m\u00e9dico a todas aquellas personas que dieron positivo en el sistema p\u00fablico de salud.<\/p>\n\n\n\n<p>Fuente: <a href=\"https:\/\/www.infobae.com\/salud\/2024\/05\/06\/la-ciudad-entro-en-la-fase-final-del-brote-de-dengue-y-ya-quedan-pocos-mosquitos-aedes-aegypti-dijo-quiros\/\">https:\/\/www.infobae.com\/salud\/2024\/05\/06\/la-ciudad-entro-en-la-fase-final-del-brote-de-dengue-y-ya-quedan-pocos-mosquitos-aedes-aegypti-dijo-quiros\/<\/a><\/p>\n","protected":false},"excerpt":{"rendered":"<p>El ministro de Salud consider\u00f3 que lo peor de la epidemia qued\u00f3 atr\u00e1s. En una conferencia sobre el plan de vacunaci\u00f3n junto al jefe de Gobierno porte\u00f1o, Jorge Macri, dieron los detalles de las dosis contra el virus sincicial respiratorio para embarazadas \u201cLa\u00a0primera semana de abril fue la peor semana de esta epidemia de\u00a0dengue\u00a0que ha [&hellip;]<\/p>\n","protected":false},"author":3,"featured_media":1282,"comment_status":"open","ping_status":"open","sticky":false,"template":"","format":"standard","meta":{"footnotes":""},"categories":[3,5],"tags":[313,550],"class_list":["post-1281","post","type-post","status-publish","format-standard","has-post-thumbnail","hentry","category-principal","category-salud","tag-dengue","tag-quiros"],"_links":{"self":[{"href":"https:\/\/noticiassaludables.com.ar\/index.php?rest_route=\/wp\/v2\/posts\/1281","targetHints":{"allow":["GET"]}}],"collection":[{"href":"https:\/\/noticiassaludables.com.ar\/index.php?rest_route=\/wp\/v2\/posts"}],"about":[{"href":"https:\/\/noticiassaludables.com.ar\/index.php?rest_route=\/wp\/v2\/types\/post"}],"author":[{"embeddable":true,"href":"https:\/\/noticiassaludables.com.ar\/index.php?rest_route=\/wp\/v2\/users\/3"}],"replies":[{"embeddable":true,"href":"https:\/\/noticiassaludables.com.ar\/index.php?rest_route=%2Fwp%2Fv2%2Fcomments&post=1281"}],"version-history":[{"count":2,"href":"https:\/\/noticiassaludables.com.ar\/index.php?rest_route=\/wp\/v2\/posts\/1281\/revisions"}],"predecessor-version":[{"id":1284,"href":"https:\/\/noticiassaludables.com.ar\/index.php?rest_route=\/wp\/v2\/posts\/1281\/revisions\/1284"}],"wp:featuredmedia":[{"embeddable":true,"href":"https:\/\/noticiassaludables.com.ar\/index.php?rest_route=\/wp\/v2\/media\/1282"}],"wp:attachment":[{"href":"https:\/\/noticiassaludables.com.ar\/index.php?rest_route=%2Fwp%2Fv2%2Fmedia&parent=1281"}],"wp:term":[{"taxonomy":"category","embeddable":true,"href":"https:\/\/noticiassaludables.com.ar\/index.php?rest_route=%2Fwp%2Fv2%2Fcategories&post=1281"},{"taxonomy":"post_tag","embeddable":true,"href":"https:\/\/noticiassaludables.com.ar\/index.php?rest_route=%2Fwp%2Fv2%2Ftags&post=1281"}],"curies":[{"name":"wp","href":"https:\/\/api.w.org\/{rel}","templated":true}]}}