{"id":1297,"date":"2024-05-07T10:45:40","date_gmt":"2024-05-07T13:45:40","guid":{"rendered":"https:\/\/noticiassaludables.com.ar\/?p=1297"},"modified":"2024-05-07T10:45:41","modified_gmt":"2024-05-07T13:45:41","slug":"waldo-wolff-no-vamos-a-permitir-que-duerman-en-la-calle","status":"publish","type":"post","link":"https:\/\/noticiassaludables.com.ar\/?p=1297","title":{"rendered":"Waldo Wolff: \u201cNo vamos a permitir que duerman en la calle\u201d"},"content":{"rendered":"\n<p>\u201cEst\u00e1 mal y es peligroso para todos\u201d, sostuvo el ministro de Seguridad, Waldo Wolff. El funcionario, adem\u00e1s, afirm\u00f3 que seg\u00fan el \u00faltimo censo hay m\u00e1s de 1.000 personas viviendo en la calle, y que se las invita a ir a un refugio<\/p>\n\n\n\n<figure class=\"wp-block-image size-full\"><img loading=\"lazy\" decoding=\"async\" width=\"992\" height=\"558\" src=\"https:\/\/noticiassaludables.com.ar\/wp-content\/uploads\/2024\/05\/image-1.png\" alt=\"\" class=\"wp-image-1298\" srcset=\"https:\/\/noticiassaludables.com.ar\/wp-content\/uploads\/2024\/05\/image-1.png 992w, https:\/\/noticiassaludables.com.ar\/wp-content\/uploads\/2024\/05\/image-1-300x169.png 300w, https:\/\/noticiassaludables.com.ar\/wp-content\/uploads\/2024\/05\/image-1-768x432.png 768w\" sizes=\"auto, (max-width: 992px) 100vw, 992px\" \/><\/figure>\n\n\n\n<p>En medio de la repercusi\u00f3n que generaron\u00a0<a href=\"https:\/\/www.infobae.com\/politica\/2024\/05\/04\/diego-kravetz-o-dormis-en-un-parador-o-vas-a-dormir-a-otra-ciudad-en-la-calle-no\/\" target=\"_blank\" rel=\"noreferrer noopener\"><em><strong>las declaraciones del secretario de Seguridad de la ciudad de Buenos Aires, Diego Kravetz<\/strong><\/em><\/a>, sobre la iniciativa que impulsa el gobierno porte\u00f1o para que no haya personas durmiendo en la calle, el titular de la cartera,\u00a0<a href=\"https:\/\/www.infobae.com\/tag\/waldo-wolff\/\" target=\"_blank\" rel=\"noreferrer noopener\"><em><strong>Waldo Wolff<\/strong><\/em><\/a>, respald\u00f3 este tipo de operativos, pero aclar\u00f3 que la medida consta de una invitaci\u00f3n para que se refugien en alguno de los Centros de Inclusi\u00f3n Social (CIS).<a href=\"https:\/\/www.infobae.com\/politica\/2024\/05\/07\/nueva-protesta-de-piqueteros-y-desafio-al-protocolo-movilizacion-frente-a-la-quinta-de-olivos-y-cortes-en-los-accesos-a-caba\/\" target=\"_blank\" rel=\"noreferrer noopener\"><\/a><\/p>\n\n\n\n<p><a href=\"https:\/\/www.infobae.com\/politica\/2024\/05\/07\/nueva-protesta-de-piqueteros-y-desafio-al-protocolo-movilizacion-frente-a-la-quinta-de-olivos-y-cortes-en-los-accesos-a-caba\/\" target=\"_blank\" rel=\"noreferrer noopener\"><\/a><strong>\u201cPero si no quieren ir, yo tengo que cuidar al vecino\u201d<\/strong>, subray\u00f3 el ministro este domingo en declaraciones radiales.<\/p>\n\n\n\n<p>Ex secretario de Seguridad y Movilidad Sustentable del partido bonaerense de Lan\u00fas, Kravetz defendi\u00f3 ayer s\u00e1bado los operativos que se realizan en CABA con las personas en situaci\u00f3n de calle, e insisti\u00f3 que aquellos que tienen \u201cuna dificultad habitacional tiene la posibilidad de ir a paradores\u201d.<\/p>\n\n\n\n<p><strong>\u201cQuien no acepta esa posibilidad no puede dormir en la calle, tiene que irse a otro lado<\/strong>.&nbsp;<strong>Dormir en la calle no es una posibilidad<\/strong>\u201d, advirti\u00f3.<\/p>\n\n\n\n<p>0 seconds of 1 minute, 24 secondsVolume 0%Diego Kravetz habl\u00f3 sobre las personas sin techo: \u201cO dorm\u00eds en un parador o vas a dormir a otra Ciudad Cr\u00e9dito: Radio Splendid<\/p>\n\n\n\n<p>Los procedimientos callejeros que lleva a cabo el gobierno porte\u00f1o\u00a0<a href=\"https:\/\/www.infobae.com\/politica\/2024\/04\/25\/el-gobierno-porteno-defendio-los-operativos-con-personas-sin-techo-que-generaron-polemica\/\"><em>generaron controversia en las \u00faltimas semanas<\/em><\/a>, con cr\u00edticas de la oposici\u00f3n, organismos de derechos humanos y de la ex ministra de Desarrollo Humano del GCBA,\u00a0<strong>Mar\u00eda Migliore<\/strong>, quien form\u00f3 parte de la gesti\u00f3n de\u00a0<strong>Horacio Rodr\u00edguez Larreta<\/strong>. En ese marco, Kravetz ratific\u00f3 lo actuado y remarc\u00f3 que la Ciudad \u201cpas\u00f3 de tener 725 personas que estaban caminando por la Ciudad de alguna manera, sin tener techo, a casi 9.000\u2033.<a href=\"https:\/\/www.infobae.com\/politica\/2024\/05\/07\/transporte-bancos-y-servicios-todas-las-actividades-que-estaran-paralizadas-el-jueves-por-la-protesta-contra-el-gobierno\/\" target=\"_blank\" rel=\"noreferrer noopener\"><\/a><\/p>\n\n\n\n<p>\u201cLa Ciudad en 2006 cens\u00f3 a la gente en situaci\u00f3n de calle y daba 725 personas. El \u00faltimo censo dio 4.000 personas, de las cuales 2.700 usan paradores y 1300 no, adem\u00e1s de las casi 5.000 que entran y salen para hacer cartoneo\u201d, explic\u00f3 en el programa \u201cNo la Ven\u201d, por radio&nbsp;<em>Splendid<\/em>. \u201cNo es un tema menor\u201d, asegur\u00f3.<\/p>\n\n\n\n<p>Seg\u00fan el funcionario, la intenci\u00f3n del jefe de Gobierno,&nbsp;<strong>Jorge Macri<\/strong>, \u201c<strong>es ordenar el tema<\/strong>\u201d. \u201cEn la Ciudad la persona que tiene una dificultad habitacional tiene la posibilidad de ir a paradores. El que no acepta la posibilidad de ir a paradores, no puede dormir en la calle. Tiene que ir a dormir ah\u00ed o a otro lado que no sea la ciudad. No hay un punto ah\u00ed intermedio:&nbsp;<strong>no vamos a permitir ranchadas<\/strong>\u201d, concluy\u00f3.<\/p>\n\n\n\n<p>A modo de respaldo a las declaraciones de Kravetz, Wolff destac\u00f3 que \u201cla Ciudad de Buenos Aires es la \u00fanica en la Argentina que atiende la problem\u00e1tica social con los centros de inclusi\u00f3n social\u201d.<\/p>\n\n\n\n<p><strong>\u201cEn el \u00faltimo censo tenemos m\u00e1s de 1.000 personas viviendo en la calle, y se las invita a ir a un refugio.<\/strong>&nbsp;Entonces no es una elecci\u00f3n estar en la calle, en una ciudad que les da la posibilidad de ayudarlos y contenerlos. Si no, no vamos a permitir que duerman en la calle. Primero porque est\u00e1 mal, y segundo porque es peligroso para todos\u201d, puntualiz\u00f3 durante una entrevista para&nbsp;<em>Radio Con Vos<\/em>.<\/p>\n\n\n\n<p><img loading=\"lazy\" decoding=\"async\" alt=\"Buenos Aires Presente (BAP) se ocupa de atender a personas y a familias en condici\u00f3n de emergencia socia en CABA. \n\n\" height=\"1080\" width=\"1920\" class=\"\" src=\"https:\/\/www.infobae.com\/new-resizer\/Aosl6WspAC5PpXj53zYILSvqR7w=\/420x236\/filters:format(webp):quality(85)\/cloudfront-us-east-1.images.arcpublishing.com\/infobae\/L3XCKP4HDNABXBZQ2QK7CCJUQA.jpg%20420w\" srcset=\"https:\/\/www.infobae.com\/new-resizer\/Aosl6WspAC5PpXj53zYILSvqR7w=\/420x236\/filters:format(webp):quality(85)\/cloudfront-us-east-1.images.arcpublishing.com\/infobae\/L3XCKP4HDNABXBZQ2QK7CCJUQA.jpg 420w,https:\/\/www.infobae.com\/new-resizer\/RI8MCPyLavZ5ndPFeJYYlzmv4j8=\/768x432\/filters:format(webp):quality(85)\/cloudfront-us-east-1.images.arcpublishing.com\/infobae\/L3XCKP4HDNABXBZQ2QK7CCJUQA.jpg 768w,https:\/\/www.infobae.com\/new-resizer\/Er0nXA9XA0bit74pAQ-CcBbE2mQ=\/992x558\/filters:format(webp):quality(85)\/cloudfront-us-east-1.images.arcpublishing.com\/infobae\/L3XCKP4HDNABXBZQ2QK7CCJUQA.jpg 992w,https:\/\/www.infobae.com\/new-resizer\/U0tKK9cx_KL8sgvg6tZSEMjiU88=\/1200x675\/filters:format(webp):quality(85)\/cloudfront-us-east-1.images.arcpublishing.com\/infobae\/L3XCKP4HDNABXBZQ2QK7CCJUQA.jpg 1200w,https:\/\/www.infobae.com\/new-resizer\/uOaALN3Ajufn0ydev3HDMurML5M=\/1440x810\/filters:format(webp):quality(85)\/cloudfront-us-east-1.images.arcpublishing.com\/infobae\/L3XCKP4HDNABXBZQ2QK7CCJUQA.jpg 1440w\">Buenos Aires Presente (BAP) se ocupa de atender a personas y a familias en condici\u00f3n de emergencia socia en CABA.<\/p>\n\n\n\n<p>Sobre el funcionamiento de los CIS porte\u00f1os, Wolff detall\u00f3 que hoy en d\u00eda \u201chay m\u00e1s de 3.000 personas\u201d que son contenidas en esos refugios.&nbsp;<strong>\u201cSe les da la posibilidad de reinsertarse con un grupo multidisciplinario que los contiene, les da de comer, se pueden ba\u00f1ar, se pueden atender y se les busca la posibilidad de reinsertarse\u201d<\/strong>, precis\u00f3.<\/p>\n\n\n\n<p>Al ser consultado por los casos en los que las personas en situaci\u00f3n de calle se nieguen a recibir la ayuda ofrecida desde el GCBA, Wolff fue determinante: \u201c<strong>Si una persona tiene un colch\u00f3n, se le saca el colch\u00f3n y se tiene que ir, no puede dormir en la calle.<\/strong>&nbsp;S\u00ed, se les van a sacar las cosas, previo al invitarlo a un centro de inclusi\u00f3n social. Cobramos impuestos a los vecinos y no pueden tener a alguien durmiendo en la calle\u201d.<\/p>\n\n\n\n<p>\u201cLa gente de la calle hace las necesidades en la puerta de las casas, nosotros les damos las posibilidades de ir a un centro de inclusi\u00f3n social.&nbsp;<strong>Pero si no quieren ir, yo tengo que cuidar al vecino de la ciudad de Buenos Aires para que no vea a nadie haciendo sus necesidades en la calle<\/strong>\u201d, complet\u00f3.<\/p>\n\n\n\n<p>La problem\u00e1tica sobre las personas en situaci\u00f3n de indigencia tuvo una fuerte repercusi\u00f3n p\u00fablica el mes pasado, luego que el gobierno porte\u00f1o publicara varios spots y posteos sobre los trabajos de \u201corden y limpieza\u201d del espacio p\u00fablico, que involucraban el desalojo y reubicaci\u00f3n de las personas sin techo, con personal a cargo del programa&nbsp;<strong>Buenos Aires Presente (BAP)<\/strong>.&nbsp;<strong>Jorge Macri reconoci\u00f3 que esa&nbsp;<\/strong><a href=\"https:\/\/www.infobae.com\/politica\/2024\/04\/26\/jorge-macri-reconocio-que-fue-poco-feliz-la-publicacion-sobre-los-operativos-con-personas-en-situacion-de-calle\/\"><em><strong>estrategia de difusi\u00f3n de los operativos fue \u201cpoco feliz\u201d<\/strong><\/em><\/a>.<\/p>\n\n\n\n<h2 class=\"wp-block-heading\">Superpoblaci\u00f3n carcelaria en CABA<\/h2>\n\n\n\n<p>El ministro Wolff tambi\u00e9n se explay\u00f3 sobre la superpoblaci\u00f3n de presos, otra de las problem\u00e1ticas que afronta como titular de la cartera de Seguridad de CABA, y afirm\u00f3 que en el futuro a corto plazo&nbsp;<a rel=\"noreferrer noopener\" href=\"https:\/\/www.infobae.com\/politica\/2024\/05\/03\/en-un-gesto-de-distension-politica-jorge-macri-presento-con-bullrich-un-plan-para-descomprimir-las-comisarias-portenas\/\" target=\"_blank\"><em><strong>habr\u00e1 m\u00e1s espacios para alojar detenidos<\/strong><\/em><\/a><em><strong>,&nbsp;<\/strong><\/em>tal como hab\u00edan anunciado el \u00faltimo viernes la ministra de Seguridad de la Naci\u00f3n&nbsp;<strong>Patricia Bullrich<\/strong>, y el jefe de Gobierno porte\u00f1o,&nbsp;<strong>Jorge Macri<\/strong>.<\/p>\n\n\n\n<p><strong>\u201cDe ac\u00e1 a tres meses vamos a tener terminados 13 espacios con un sistema modular, donde en cada uno de ellos van a entrar aproximadamente 80 presos. Y de ac\u00e1 a dos a\u00f1os y medio vamos a terminar un espacio con lugar para 500 presos\u201d<\/strong>, se\u00f1al\u00f3 el funcionario.<\/p>\n\n\n\n<p><img loading=\"lazy\" decoding=\"async\" alt=\"Jorge Macri y Patricia Bullrich anunciaron la implementaci\u00f3n de m\u00f3dulos.\" height=\"1104\" width=\"1920\" class=\"\" src=\"https:\/\/www.infobae.com\/new-resizer\/mW6iTgbyTqiTo9IZJ_Be5m5Qag0=\/992x606\/filters:format(webp):quality(85)\/cloudfront-us-east-1.images.arcpublishing.com\/infobae\/QEBNWVGXJZCETHKOUKMWJDYJPA.jpg%20992w\" srcset=\"https:\/\/www.infobae.com\/new-resizer\/mW6iTgbyTqiTo9IZJ_Be5m5Qag0=\/992x606\/filters:format(webp):quality(85)\/cloudfront-us-east-1.images.arcpublishing.com\/infobae\/QEBNWVGXJZCETHKOUKMWJDYJPA.jpg 992w\">Jorge Macri y Patricia Bullrich anunciaron la implementaci\u00f3n de m\u00f3dulos.<\/p>\n\n\n\n<p>En tono cr\u00edtico contra el gobierno de Alberto Fern\u00e1ndez, Wolff record\u00f3 que en CABA hab\u00eda apenas 60 presos cuando comenz\u00f3 la pandemia de COVID, all\u00e1 por marzo de 2020. Sin embargo, el panorama cambi\u00f3 radicalmente en poco tiempo.&nbsp;<strong>\u201cEl Gobierno de Alberto Fern\u00e1ndez dej\u00f3 de llevarse los presos de la Ciudad, y ahora estamos en 1900.&nbsp;<\/strong>Llegamos a tener en nuestra gesti\u00f3n 2.200. No hay ninguna ciudad del mundo que en dos a\u00f1os haya pasado de 60 presos a 2.000, en lugares que no est\u00e1n preparados y con una fuerza que no est\u00e1 formada para cuidar presos\u201d, consider\u00f3.<\/p>\n\n\n\n<p>Por \u00faltimo, anunci\u00f3 que la c\u00e1rcel de Marcos Paz estar\u00eda terminada para fines de 2025, lo cual marcar\u00eda el final del penal ubicado en el coraz\u00f3n de Villa D\u00e9voto. \u201cNosotros estamos terminando Marcos Paz. que fue una c\u00e1rcel que se interrumpi\u00f3. No le corresponde a CABA, es del Servicio Penitenciario Federal, pero hay un convenio por el cual CABA tiene que terminar la parte que falta.\u00a0<strong>Esto va a estar terminado para fines del a\u00f1o que viene, y ah\u00ed se saca la c\u00e1rcel de Devoto y se lleva a Marcos Paz<\/strong>\u201d, detall\u00f3.<\/p>\n\n\n\n<p>Fuente: <a href=\"https:\/\/www.infobae.com\/politica\/2024\/05\/05\/el-gobierno-porteno-ratifico-los-operativos-con-personas-sin-techo-no-vamos-a-permitir-que-duerman-en-la-calle\/\">https:\/\/www.infobae.com\/politica\/2024\/05\/05\/el-gobierno-porteno-ratifico-los-operativos-con-personas-sin-techo-no-vamos-a-permitir-que-duerman-en-la-calle\/<\/a><\/p>\n","protected":false},"excerpt":{"rendered":"<p>\u201cEst\u00e1 mal y es peligroso para todos\u201d, sostuvo el ministro de Seguridad, Waldo Wolff. El funcionario, adem\u00e1s, afirm\u00f3 que seg\u00fan el \u00faltimo censo hay m\u00e1s de 1.000 personas viviendo en la calle, y que se las invita a ir a un refugio En medio de la repercusi\u00f3n que generaron\u00a0las declaraciones del secretario de Seguridad de [&hellip;]<\/p>\n","protected":false},"author":3,"featured_media":0,"comment_status":"open","ping_status":"open","sticky":false,"template":"","format":"standard","meta":{"footnotes":""},"categories":[11,13,12],"tags":[647,646],"class_list":["post-1297","post","type-post","status-publish","format-standard","hentry","category-agenda","category-politica","category-sociedad","tag-gente-en-situacion-de-calle","tag-waldo-wolff"],"_links":{"self":[{"href":"https:\/\/noticiassaludables.com.ar\/index.php?rest_route=\/wp\/v2\/posts\/1297","targetHints":{"allow":["GET"]}}],"collection":[{"href":"https:\/\/noticiassaludables.com.ar\/index.php?rest_route=\/wp\/v2\/posts"}],"about":[{"href":"https:\/\/noticiassaludables.com.ar\/index.php?rest_route=\/wp\/v2\/types\/post"}],"author":[{"embeddable":true,"href":"https:\/\/noticiassaludables.com.ar\/index.php?rest_route=\/wp\/v2\/users\/3"}],"replies":[{"embeddable":true,"href":"https:\/\/noticiassaludables.com.ar\/index.php?rest_route=%2Fwp%2Fv2%2Fcomments&post=1297"}],"version-history":[{"count":1,"href":"https:\/\/noticiassaludables.com.ar\/index.php?rest_route=\/wp\/v2\/posts\/1297\/revisions"}],"predecessor-version":[{"id":1299,"href":"https:\/\/noticiassaludables.com.ar\/index.php?rest_route=\/wp\/v2\/posts\/1297\/revisions\/1299"}],"wp:attachment":[{"href":"https:\/\/noticiassaludables.com.ar\/index.php?rest_route=%2Fwp%2Fv2%2Fmedia&parent=1297"}],"wp:term":[{"taxonomy":"category","embeddable":true,"href":"https:\/\/noticiassaludables.com.ar\/index.php?rest_route=%2Fwp%2Fv2%2Fcategories&post=1297"},{"taxonomy":"post_tag","embeddable":true,"href":"https:\/\/noticiassaludables.com.ar\/index.php?rest_route=%2Fwp%2Fv2%2Ftags&post=1297"}],"curies":[{"name":"wp","href":"https:\/\/api.w.org\/{rel}","templated":true}]}}