{"id":1311,"date":"2024-05-09T10:34:01","date_gmt":"2024-05-09T13:34:01","guid":{"rendered":"https:\/\/noticiassaludables.com.ar\/?p=1311"},"modified":"2024-05-09T10:34:02","modified_gmt":"2024-05-09T13:34:02","slug":"dia-mundial-de-la-insuficiencia-cardiaca","status":"publish","type":"post","link":"https:\/\/noticiassaludables.com.ar\/?p=1311","title":{"rendered":"D\u00eda Mundial de la Insuficiencia Card\u00edaca"},"content":{"rendered":"\n<p>En este cuadro, el coraz\u00f3n no puede bombear suficiente sangre para que se concreten las funciones fundamentales del organismo. Cu\u00e1les son los signos de alarma y qu\u00e9 tener en cuenta para su prevenci\u00f3n<\/p>\n\n\n\n<p>Este&nbsp;<strong>jueves 9 de mayo<\/strong>&nbsp;es el&nbsp;<strong>D\u00eda Mundial de la Insuficiencia Card\u00edaca<\/strong>, una jornada promovida para concientizar sobre esta afecci\u00f3n y sobre los&nbsp;<strong>factores de riesgo&nbsp;<\/strong>que est\u00e1n asociados a su desarrollo.<\/p>\n\n\n\n<p>De acuerdo a los&nbsp;<strong>Institutos Nacionales de Salud (<\/strong><a rel=\"noreferrer noopener\" href=\"https:\/\/www.nia.nih.gov\/espanol\/corazon\/insuficiencia-cardiaca\" target=\"_blank\"><strong>NIH<\/strong><\/a>, por sus siglas en ingl\u00e9s), \u201cen la insuficiencia card\u00edaca, el<strong>&nbsp;coraz\u00f3n<\/strong>&nbsp;no puede&nbsp;<strong>bombear suficiente sangre<\/strong>&nbsp;para satisfacer las<strong>&nbsp;necesidades<\/strong>&nbsp;del&nbsp;<strong>cuerpo<\/strong>\u201d.<\/p>\n\n\n\n<p>En tanto, seg\u00fan las mismas instituciones, este cuadro \u201cse desarrolla con el tiempo a medida que la acci\u00f3n de bombeo del coraz\u00f3n se debilita o se hace m\u00e1s dif\u00edcil llenar adecuadamente el coraz\u00f3n con sangre entre latidos. Puede afectar el lado derecho, el izquierdo o ambos lados del coraz\u00f3n\u201d. Sin dudas, la&nbsp;<strong>insuficiencia card\u00edaca<\/strong>&nbsp;es un&nbsp;<strong>desaf\u00edo de salud&nbsp;<\/strong>significativo que afecta la&nbsp;<strong>calidad de vida&nbsp;<\/strong>y la capacidad funcional de quienes la padecen.<\/p>\n\n\n\n<p><img loading=\"lazy\" decoding=\"async\" alt=\"La OMS vincula factores de riesgo conductuales como dieta malsana, inactividad f\u00edsica, tabaquismo y consumo de alcohol (Imagen ilustrativa Infobae)\" height=\"816\" width=\"1456\" class=\"\" src=\"https:\/\/www.infobae.com\/new-resizer\/9HnileqxvkFQV_lpnGsvgUlVteI=\/420x236\/filters:format(webp):quality(85)\/cloudfront-us-east-1.images.arcpublishing.com\/infobae\/ME7UIM7DIZDAFFUUI35CQ74T7M.png%20420w\" srcset=\"https:\/\/www.infobae.com\/new-resizer\/9HnileqxvkFQV_lpnGsvgUlVteI=\/420x236\/filters:format(webp):quality(85)\/cloudfront-us-east-1.images.arcpublishing.com\/infobae\/ME7UIM7DIZDAFFUUI35CQ74T7M.png 420w,https:\/\/www.infobae.com\/new-resizer\/G1BslJxQVnX49Rw2vn0VRvIIlhU=\/768x432\/filters:format(webp):quality(85)\/cloudfront-us-east-1.images.arcpublishing.com\/infobae\/ME7UIM7DIZDAFFUUI35CQ74T7M.png 768w,https:\/\/www.infobae.com\/new-resizer\/TTdZ7VbN7LpeQ8M1QOoTl0P2xlI=\/992x558\/filters:format(webp):quality(85)\/cloudfront-us-east-1.images.arcpublishing.com\/infobae\/ME7UIM7DIZDAFFUUI35CQ74T7M.png 992w,https:\/\/www.infobae.com\/new-resizer\/94D3nmLV32oIsu0Kh58LIMGqF9Y=\/1200x675\/filters:format(webp):quality(85)\/cloudfront-us-east-1.images.arcpublishing.com\/infobae\/ME7UIM7DIZDAFFUUI35CQ74T7M.png 1200w,https:\/\/www.infobae.com\/new-resizer\/IqW1cO8GVuT1flq0CAUrm-CcltI=\/1440x810\/filters:format(webp):quality(85)\/cloudfront-us-east-1.images.arcpublishing.com\/infobae\/ME7UIM7DIZDAFFUUI35CQ74T7M.png 1440w\">La OMS vincula factores de riesgo conductuales como dieta malsana, inactividad f\u00edsica, tabaquismo y consumo de alcohol (Imagen ilustrativa Infobae)<\/p>\n\n\n\n<p>Esta afecci\u00f3n, que a menudo es secundaria a problemas como la enfermedad de las arterias coronarias o la presi\u00f3n arterial alta, deja al coraz\u00f3n demasiado debilitado o r\u00edgido para realizar adecuadamente su funci\u00f3n de bombeo sangu\u00edneo.<\/p>\n\n\n\n<h2 class=\"wp-block-heading\">Cu\u00e1les son los s\u00edntomas de la insuficiencia card\u00edaca<\/h2>\n\n\n\n<p>En&nbsp;<em>MedlinePlus<\/em>, el sitio de la Biblioteca Nacional de Medicina de Estados Unidos, se\u00f1alan que los s\u00edntomas de la insuficiencia card\u00edaca \u201ccon frecuencia empiezan de manera lenta. Al principio, pueden solo ocurrir cuando usted est\u00e1 muy activo. Con el tiempo, puede notar problemas respiratorios y otros s\u00edntomas, incluso cuando est\u00e1 descansando. Los s\u00edntomas tambi\u00e9n pueden empezar de manera repentina despu\u00e9s que el coraz\u00f3n se ha da\u00f1ado a consecuencia de un ataque card\u00edaco u otro problema\u201d.<\/p>\n\n\n\n<p>Con todo, los signos m\u00e1s comunes seg\u00fan la mencionada plataforma son tos; fatiga; debilidad; desmayo; p\u00e9rdida de apetito (inapetencia); necesidad de orinar en la noche; pulso irregular o r\u00e1pido; sensaci\u00f3n de percibir los latidos card\u00edacos (palpitaciones); dificultad para respirar cuando est\u00e1 activo o despu\u00e9s de acostarse; h\u00edgado o abdomen inflamado (agrandado); hinchaz\u00f3n de pies y tobillos; despertarse despu\u00e9s de un par de horas debido a la dificultad para respirar; y aumento de peso.<\/p>\n\n\n\n<h2 class=\"wp-block-heading\">Factores de riesgo<\/h2>\n\n\n\n<p><img loading=\"lazy\" decoding=\"async\" alt=\"La actividad f\u00edsica es uno de los h\u00e1bitos fundamentales para prevenir esta afecci\u00f3n  (Imagen Ilustrativa Infobae)\" height=\"816\" width=\"1456\" class=\"\" src=\"https:\/\/www.infobae.com\/new-resizer\/60MPHg93EnztjfyHAX-iMh-_R50=\/420x236\/filters:format(webp):quality(85)\/cloudfront-us-east-1.images.arcpublishing.com\/infobae\/MAAVKK3RHNB53MDIZQVL4VKPIY.png%20420w\" srcset=\"https:\/\/www.infobae.com\/new-resizer\/60MPHg93EnztjfyHAX-iMh-_R50=\/420x236\/filters:format(webp):quality(85)\/cloudfront-us-east-1.images.arcpublishing.com\/infobae\/MAAVKK3RHNB53MDIZQVL4VKPIY.png 420w,https:\/\/www.infobae.com\/new-resizer\/2Kh1wngImnooaUmstvsSX_riPHk=\/768x432\/filters:format(webp):quality(85)\/cloudfront-us-east-1.images.arcpublishing.com\/infobae\/MAAVKK3RHNB53MDIZQVL4VKPIY.png 768w,https:\/\/www.infobae.com\/new-resizer\/B866aj0aYQ0ZuO7pn9TtcZwtpxA=\/992x558\/filters:format(webp):quality(85)\/cloudfront-us-east-1.images.arcpublishing.com\/infobae\/MAAVKK3RHNB53MDIZQVL4VKPIY.png 992w,https:\/\/www.infobae.com\/new-resizer\/UHjLylzsROJYzqvTvulSFJPeYIA=\/1200x675\/filters:format(webp):quality(85)\/cloudfront-us-east-1.images.arcpublishing.com\/infobae\/MAAVKK3RHNB53MDIZQVL4VKPIY.png 1200w,https:\/\/www.infobae.com\/new-resizer\/k53vqVORTl4YehDcmSMB6jfkN_s=\/1440x810\/filters:format(webp):quality(85)\/cloudfront-us-east-1.images.arcpublishing.com\/infobae\/MAAVKK3RHNB53MDIZQVL4VKPIY.png 1440w\">La actividad f\u00edsica es uno de los h\u00e1bitos fundamentales para prevenir esta afecci\u00f3n (Imagen Ilustrativa Infobae)<\/p>\n\n\n\n<p>La<strong>&nbsp;Organizaci\u00f3n Mundial de la Salud (<\/strong><a rel=\"noreferrer noopener\" href=\"https:\/\/www.who.int\/es\/health-topics\/cardiovascular-diseases#tab=tab_1\" target=\"_blank\"><strong>OMS<\/strong><\/a><strong>)<\/strong>&nbsp;postula que hay factores de riesgo conductuales que est\u00e1n ligados a las enfermedades card\u00edacas y a los accidentes cerebrovasculares. Estos son: una dieta malsana, la inactividad f\u00edsica, el consumo de tabaco y de alcohol.<\/p>\n\n\n\n<p>\u201cLos efectos de los factores de riesgo conductuales pueden manifestarse en las personas en forma de hipertensi\u00f3n, hiperglucemia e hiperlipidemia, adem\u00e1s de sobrepeso y obesidad. Estos factores de riesgo intermedios pueden medirse en los establecimientos de atenci\u00f3n primaria de salud e indican un mayor riesgo de ataque cardiaco, accidente cerebrovascular, insuficiencia cardiaca y otras complicaciones\u201d, se\u00f1ala la entidad internacional.<\/p>\n\n\n\n<p>Los especialistas &nbsp;proponen que un tratamiento adecuado \u201cpuede mejorar los s\u00edntomas de la insuficiencia card\u00edaca y puede ayudar a algunas personas a vivir m\u00e1s tiempo. Los cambios en el estilo de vida pueden mejorar la calidad de vida. Intenta perder peso, hacer ejercicio, consumir menos sal y controlar el estr\u00e9s\u201d.<\/p>\n\n\n\n<p><img loading=\"lazy\" decoding=\"async\" alt=\"Los especialistas de Mayo Clinic destacan que cambios en el estilo de vida pueden mejorar la calidad de vida de pacientes con insuficiencia card\u00edaca, como la p\u00e9rdida de peso y el control del estr\u00e9s (Imagen Ilustrativa Infobae)\" height=\"816\" width=\"1456\" class=\"\" src=\"https:\/\/www.infobae.com\/new-resizer\/HGibkJCnwgt-WMPeCGfn75tjTqk=\/420x236\/filters:format(webp):quality(85)\/cloudfront-us-east-1.images.arcpublishing.com\/infobae\/TSP77ULGR5FCDKU5UYKDEPBVCE.jpg%20420w\" srcset=\"https:\/\/www.infobae.com\/new-resizer\/HGibkJCnwgt-WMPeCGfn75tjTqk=\/420x236\/filters:format(webp):quality(85)\/cloudfront-us-east-1.images.arcpublishing.com\/infobae\/TSP77ULGR5FCDKU5UYKDEPBVCE.jpg 420w,https:\/\/www.infobae.com\/new-resizer\/tSd9arFhJSuXn3c-7nz2cUX5uSg=\/768x432\/filters:format(webp):quality(85)\/cloudfront-us-east-1.images.arcpublishing.com\/infobae\/TSP77ULGR5FCDKU5UYKDEPBVCE.jpg 768w,https:\/\/www.infobae.com\/new-resizer\/Zas-pFTkS2Av265fiDmAGcPZA7Y=\/992x558\/filters:format(webp):quality(85)\/cloudfront-us-east-1.images.arcpublishing.com\/infobae\/TSP77ULGR5FCDKU5UYKDEPBVCE.jpg 992w,https:\/\/www.infobae.com\/new-resizer\/lD6acL0q4JUNIMgAt1FiyxECBuE=\/1200x675\/filters:format(webp):quality(85)\/cloudfront-us-east-1.images.arcpublishing.com\/infobae\/TSP77ULGR5FCDKU5UYKDEPBVCE.jpg 1200w,https:\/\/www.infobae.com\/new-resizer\/6dFmW2IysyNoJ3BDS-gprXfZDJQ=\/1440x810\/filters:format(webp):quality(85)\/cloudfront-us-east-1.images.arcpublishing.com\/infobae\/TSP77ULGR5FCDKU5UYKDEPBVCE.jpg 1440w\">Los especialistas de Mayo Clinic destacan que cambios en el estilo de vida pueden mejorar la calidad de vida de pacientes con insuficiencia card\u00edaca, como la p\u00e9rdida de peso y el control del estr\u00e9s (Imagen Ilustrativa Infobae)<\/p>\n\n\n\n<p>\u201cA\u00fan es desafiante el diagn\u00f3stico en el paciente que consulta por disnea o cansancio al consultorio y esto todav\u00eda m\u00e1s complejo en pacientes con funci\u00f3n sist\u00f3lica preservada\u201d, explic\u00f3 el doctor&nbsp;<strong>Guillermo Lineado,<\/strong>&nbsp;coordinador del \u00c1rea de Insuficiencia Card\u00edaca Divisi\u00f3n Cardiolog\u00eda del Hospital General de Agudos, Dr. Cosme Argerich, expuso anteriormente en un&nbsp;<a rel=\"noreferrer noopener\" href=\"https:\/\/www.sac.org.ar\/inicio\/10-mensajes-para-el-9-de-mayo-dia-de-la-insuficiencia-cardiaca\/\" target=\"_blank\">art\u00edculo&nbsp;<\/a>institucional de la&nbsp;<strong>Sociedad Argentina de Cardiolog\u00eda (SAC).<\/strong><\/p>\n\n\n\n<p>De acuerdo con&nbsp;<em>Mayo Clinic,&nbsp;<\/em>las complicaciones de la insuficiencia card\u00edaca \u201cdependen de la edad, tu salud general y la gravedad de la enfermedad card\u00edaca y pueden incluir da\u00f1o o insuficiencia renal; otros problemas card\u00edacos; da\u00f1o hep\u00e1tico; y muerte card\u00edaca s\u00fabita\u201d.<\/p>\n\n\n\n<p>\u201cDuelen mucho las muertes s\u00fabitas de pacientes j\u00f3venes, no hay que relajarse con los dispositivos\u201d porque \u201cmuchos pacientes mejoran espectacularmente y llevan una vida normal o casi normal. Uno puede sentir de ellos la devoluci\u00f3n y sentir la gratificaci\u00f3n que nos convoc\u00f3 alg\u00fan d\u00eda para seguir nuestra profesi\u00f3n m\u00e9dica\u201d, resalt\u00f3 Lineado.<\/p>\n\n\n\n<p><img loading=\"lazy\" decoding=\"async\" alt=\"La identificaci\u00f3n precoz de s\u00edntomas como tos, fatiga y dificultad para respirar puede permitir un tratamiento temprano y mejorar la calidad de vida de los pacientes, seg\u00fan MedlinePlus (Imagen Ilustrativa Infobae)\" height=\"816\" width=\"1456\" class=\"\" src=\"https:\/\/www.infobae.com\/new-resizer\/hl3kXcUly582VMdQSj41eOKWTaw=\/420x236\/filters:format(webp):quality(85)\/cloudfront-us-east-1.images.arcpublishing.com\/infobae\/MIC5XOM6GBCFTKM6XQOFJW32VE.jpg%20420w\" srcset=\"https:\/\/www.infobae.com\/new-resizer\/hl3kXcUly582VMdQSj41eOKWTaw=\/420x236\/filters:format(webp):quality(85)\/cloudfront-us-east-1.images.arcpublishing.com\/infobae\/MIC5XOM6GBCFTKM6XQOFJW32VE.jpg 420w,https:\/\/www.infobae.com\/new-resizer\/U8jvKLfblC2Z57HmryTaRLsydaQ=\/768x432\/filters:format(webp):quality(85)\/cloudfront-us-east-1.images.arcpublishing.com\/infobae\/MIC5XOM6GBCFTKM6XQOFJW32VE.jpg 768w,https:\/\/www.infobae.com\/new-resizer\/WDZFr6BTB0l7Z_8crdo6N8Ifl6M=\/992x558\/filters:format(webp):quality(85)\/cloudfront-us-east-1.images.arcpublishing.com\/infobae\/MIC5XOM6GBCFTKM6XQOFJW32VE.jpg 992w,https:\/\/www.infobae.com\/new-resizer\/b1We4d0VxDoRJSfyEhb4uQj4r-c=\/1200x675\/filters:format(webp):quality(85)\/cloudfront-us-east-1.images.arcpublishing.com\/infobae\/MIC5XOM6GBCFTKM6XQOFJW32VE.jpg 1200w,https:\/\/www.infobae.com\/new-resizer\/OsUtZQ8kz6YMbXFN7nKdbOJnrzY=\/1440x810\/filters:format(webp):quality(85)\/cloudfront-us-east-1.images.arcpublishing.com\/infobae\/MIC5XOM6GBCFTKM6XQOFJW32VE.jpg 1440w\">La identificaci\u00f3n precoz de s\u00edntomas como tos, fatiga y dificultad para respirar puede permitir un tratamiento temprano y mejorar la calidad de vida de los pacientes, seg\u00fan MedlinePlus (Imagen Ilustrativa Infobae)<\/p>\n\n\n\n<p>En tanto, desde la Federaci\u00f3n Argentina de Cardiolog\u00eda (FAC), informan que a\u00f1os atr\u00e1s estaba contraindicado el ejercicio en pacientes con insuficiencia card\u00edaca. Sin embargo, se comprob\u00f3 que la inmovilidad y p\u00e9rdida de masa muscular empeoraban y complicaban a los pacientes. Sin embargo, aclararon que para realizar actividad f\u00edsica se debe trabajar en un programa de rehabilitaci\u00f3n card\u00edaca.<\/p>\n\n\n\n<p>Esto representa un trabajo multidisciplinario que incluye entrenamiento con ejercicios, modificaci\u00f3n de los factores de riesgo, evaluaci\u00f3n psicosocial y medicaci\u00f3n. As\u00ed se puede ir manejando la intensidad del ejercicio y favoreciendo el desarrollo saludable del paciente, ya que, junto a otros componentes de la rehabilitaci\u00f3n cardiaca, son seguros y beneficiosos y dan como resultado mejoras significativas en la calidad de vida, reduciendo no solo las hospitalizaciones sino tambi\u00e9n s\u00edntomas como fatiga y falta de aire.<\/p>\n\n\n\n<p>\u201cNo tenemos que temerle a la presi\u00f3n arterial \u2018baja\u2019 para progresar con los tratamientos si uno lo hace cuidadosamente\u201d, dijo Lineado y agreg\u00f3: \u201cHemos visto frecuentemente que, cuando mejora la condici\u00f3n hemodin\u00e1mica, la presi\u00f3n arterial sube aun cuando uno emplea medicamentos que bajan la presi\u00f3n. Hay que ser paciente, progresar lentamente e involucrar al paciente en la tarea\u201d.<\/p>\n\n\n\n<p>Fuente: https:\/\/www.infobae.com\/salud\/2024\/05\/09\/dia-mundial-de-la-insuficiencia-cardiaca-sintomas-y-factores-de-riesgo-de-una-afeccion-que-puede-alterar-la-calidad-de-vida\/<\/p>\n\n\n\n<p><\/p>\n","protected":false},"excerpt":{"rendered":"<p>En este cuadro, el coraz\u00f3n no puede bombear suficiente sangre para que se concreten las funciones fundamentales del organismo. Cu\u00e1les son los signos de alarma y qu\u00e9 tener en cuenta para su prevenci\u00f3n Este&nbsp;jueves 9 de mayo&nbsp;es el&nbsp;D\u00eda Mundial de la Insuficiencia Card\u00edaca, una jornada promovida para concientizar sobre esta afecci\u00f3n y sobre los&nbsp;factores de [&hellip;]<\/p>\n","protected":false},"author":3,"featured_media":1312,"comment_status":"open","ping_status":"open","sticky":false,"template":"","format":"standard","meta":{"footnotes":""},"categories":[3,5],"tags":[655],"class_list":["post-1311","post","type-post","status-publish","format-standard","has-post-thumbnail","hentry","category-principal","category-salud","tag-dia-mundial-de-la-insuficiencia-cardiaca"],"_links":{"self":[{"href":"https:\/\/noticiassaludables.com.ar\/index.php?rest_route=\/wp\/v2\/posts\/1311","targetHints":{"allow":["GET"]}}],"collection":[{"href":"https:\/\/noticiassaludables.com.ar\/index.php?rest_route=\/wp\/v2\/posts"}],"about":[{"href":"https:\/\/noticiassaludables.com.ar\/index.php?rest_route=\/wp\/v2\/types\/post"}],"author":[{"embeddable":true,"href":"https:\/\/noticiassaludables.com.ar\/index.php?rest_route=\/wp\/v2\/users\/3"}],"replies":[{"embeddable":true,"href":"https:\/\/noticiassaludables.com.ar\/index.php?rest_route=%2Fwp%2Fv2%2Fcomments&post=1311"}],"version-history":[{"count":1,"href":"https:\/\/noticiassaludables.com.ar\/index.php?rest_route=\/wp\/v2\/posts\/1311\/revisions"}],"predecessor-version":[{"id":1313,"href":"https:\/\/noticiassaludables.com.ar\/index.php?rest_route=\/wp\/v2\/posts\/1311\/revisions\/1313"}],"wp:featuredmedia":[{"embeddable":true,"href":"https:\/\/noticiassaludables.com.ar\/index.php?rest_route=\/wp\/v2\/media\/1312"}],"wp:attachment":[{"href":"https:\/\/noticiassaludables.com.ar\/index.php?rest_route=%2Fwp%2Fv2%2Fmedia&parent=1311"}],"wp:term":[{"taxonomy":"category","embeddable":true,"href":"https:\/\/noticiassaludables.com.ar\/index.php?rest_route=%2Fwp%2Fv2%2Fcategories&post=1311"},{"taxonomy":"post_tag","embeddable":true,"href":"https:\/\/noticiassaludables.com.ar\/index.php?rest_route=%2Fwp%2Fv2%2Ftags&post=1311"}],"curies":[{"name":"wp","href":"https:\/\/api.w.org\/{rel}","templated":true}]}}