{"id":1320,"date":"2024-05-09T10:55:57","date_gmt":"2024-05-09T13:55:57","guid":{"rendered":"https:\/\/noticiassaludables.com.ar\/?p=1320"},"modified":"2024-05-09T10:55:58","modified_gmt":"2024-05-09T13:55:58","slug":"la-cuadra-donde-confluyen-simbolos-de-dos-siglos","status":"publish","type":"post","link":"https:\/\/noticiassaludables.com.ar\/?p=1320","title":{"rendered":"La cuadra donde confluyen s\u00edmbolos de dos siglos"},"content":{"rendered":"\n<h2 class=\"wp-block-heading\">Termin\u00f3 la restauraci\u00f3n de la vivienda en la que hace 35 a\u00f1os muri\u00f3 el l\u00edder de Sumo. Est\u00e1 rodeada de otras construcciones que recuperaron el brillo del 1800.<\/h2>\n\n\n\n<figure class=\"wp-block-image\"><img decoding=\"async\" src=\"https:\/\/www.clarin.com\/img\/2023\/06\/27\/UFDqcJUrO_360x240__1.jpg\" alt=\"De Luca Prodan a la amante de Belgrano: la cuadra del Casco Hist\u00f3rico donde confluyen s\u00edmbolos de dos siglos\"\/><\/figure>\n\n\n\n<p>Va llegando a su fin la restauraci\u00f3n de la fachada de&nbsp;<strong>la casa en donde vivi\u00f3 y muri\u00f3 una leyenda del rock nacional, Luca Prodan<\/strong>. El m\u00fasico, l\u00edder de la banda<strong>&nbsp;Sumo<\/strong>, residi\u00f3 unos pocos meses en esta casona del barrio de Monserrat&nbsp;que, con los a\u00f1os, se transform\u00f3 en un hito. Ya fueron removidos los andamios de protecci\u00f3n y se llevan a cabo los \u00faltimos detalles para la finalizaci\u00f3n de la obra.&nbsp;<\/p>\n\n\n\n<p>La fachada de esta casa, que durante d\u00e9cadas&nbsp;<strong>funcion\u00f3&nbsp;como un inquilinato<\/strong>, se encontraba en un avanzado estado de deterioro. Hab\u00eda perdido un balc\u00f3n entero (se pod\u00edan ver las vigas al aire) y partes de otro; faltaban piezas ornamentales e incluso hab\u00eda desaparecido por completo&nbsp;el remate original con balaustrada. Se pudo&nbsp;<strong>reconstruir por completo<\/strong>, gracias a la informaci\u00f3n existente en un plano hist\u00f3rico.<\/p>\n\n\n\n<p>M\u00e1s all\u00e1 del valor cultural vinculado a Prodan, y a lo que este m\u00fasico y cantante signific\u00f3 para la escena del rock local, la casa se encuentra ubicada en un pol\u00edgono de mucha&nbsp;<a target=\"_blank\" href=\"https:\/\/www.clarin.com\/ciudades\/museo-casa-historica-farmacia-viaje-esquina-portena-devuelve-buenos-aires-1800_0_SXRGTAvCI4.html\" rel=\"noreferrer noopener\">riqueza hist\u00f3rica<\/a>. Se trata de una zona que a\u00fan conserva vestigios de lo que fue la ciudad colonial.<\/p>\n\n\n\n<p>Adem\u00e1s de la casa de Luca, que ocupa dos frentes, se recuper\u00f3 la fachada de la que fue la casa de&nbsp;<strong>Mar\u00eda Josefa Ezcurra (Alsina 459).<\/strong>&nbsp;Las obras fueron realizadas a trav\u00e9s del Ministerio de Espacio P\u00fablico e Higiene Urbana, que interviene en toda la obra de puesta en valor del Casco Hist\u00f3rico.<img loading=\"lazy\" decoding=\"async\" alt=\"La casa donde vivi\u00f3 Luca Prodan, ya restaurada, una atracci\u00f3n tur\u00edstica en el barrio de Monserrat. Foto: Guillermo Rodriguez Adami\" src=\"https:\/\/www.clarin.com\/img\/2023\/06\/27\/OxDZL6jot_720x0__1.jpg\" width=\"720\" height=\"480\">La casa donde vivi\u00f3 Luca Prodan, ya restaurada, una atracci\u00f3n tur\u00edstica en el barrio de Monserrat. Foto: Guillermo Rodriguez Adami<\/p>\n\n\n\n<p>En esta \u00faltima vivi\u00f3 la familia Ezcurra entre 1841 y 1896. Mar\u00eda Josefa fue cu\u00f1ada de Juan Manuel de Rosas, por eso se considera a esta propiedad como un&nbsp;<strong>basti\u00f3n&nbsp;rosista<\/strong>; era una mujer con una intensa vida social y pol\u00edtica, y Rosas la visitaba con regularidad. Justamente esta semana comenzaron las visitas en&nbsp;<a target=\"_blank\" href=\"https:\/\/www.clarin.com\/ciudades\/secretos-historias-cisterna-museo-construyo-hallaron-restos-casa-vivio-rosas_0_mcC0kDGeso.html\" rel=\"noreferrer noopener\">La Cisterna<\/a>, el museo que recupera objetos de la vivienda de Moreno al 550 en la que Rosas vivi\u00f3 en el siglo XIX.&nbsp;<img loading=\"lazy\" decoding=\"async\" alt=\"La casa fue un inquilinato, en ella vivi\u00f3 Luca algunos pocos meses. Muri\u00f3 en diciembre de 1987. Foto: Guillermo Rodriguez Adami\" src=\"https:\/\/www.clarin.com\/img\/2023\/06\/27\/bAD_Xu5gR_720x0__1.jpg\" width=\"720\" height=\"480\">La casa fue un inquilinato, en ella vivi\u00f3 Luca algunos pocos meses. Muri\u00f3 en diciembre de 1987. Foto: Guillermo Rodriguez Adami<\/p>\n\n\n\n<p>La historia de relaci\u00f3n entre Mar\u00eda Josefa y Juan Manuel de Rosas contin\u00faa con una an\u00e9cdota muy curiosa:&nbsp;en 1802, a sus 17 a\u00f1os,&nbsp;<strong>Mar\u00eda Josefa se enamor\u00f3 de Manuel Belgrano, que ten\u00eda 31.<\/strong>&nbsp;Sin embargo, no pudieron sostener una relaci\u00f3n porque en 1803, y debido a un arreglo familiar, Mar\u00eda Josefa tuvo que casarse con un primo espa\u00f1ol. Despu\u00e9s de la Revoluci\u00f3n de Mayo, su marido regres\u00f3 a Espa\u00f1a y ella se qued\u00f3 aqu\u00ed, no lo acompa\u00f1\u00f3. Esta situaci\u00f3n le permiti\u00f3 retomar su relaci\u00f3n con Belgrano. Fueron amantes y tuvieron un hijo, Pedro, que fue adoptado por Rosas y su mujer Encarnaci\u00f3n, la hermana de Mar\u00eda Josefa.<\/p>\n\n\n\n<p>La casa de Luca<\/p>\n\n\n\n<p>Volviendo a lo que fue la casa de Luca, se sabe que&nbsp;<strong>el m\u00fasico la habit\u00f3 pocos meses.&nbsp;<\/strong>Vivi\u00f3 primero en un departamento ubicado en&nbsp;<strong>Gallo al 40<\/strong>0, en la zona del&nbsp;<strong>Abasto,&nbsp;<\/strong>y despu\u00e9s se mud\u00f3 a la calle Alsina. El ocupaba una de las habitaciones de la casa y en otro&nbsp;de los cuartos&nbsp;vivi\u00f3 Silvia Ceriani, quien fue su \u00faltima novia. Fue justamente all\u00ed en donde muri\u00f3, en diciembre de 1987, con 34 a\u00f1os.<img loading=\"lazy\" decoding=\"async\" alt=\"La puerta de acceso al centro cultural. Se intervino minimamente y se conservaron los graffitis que la representan. Foto: Guillermo Rodriguez Adami\n\nFoto Guillermo Rodriguez Adami\" src=\"https:\/\/www.clarin.com\/img\/2023\/06\/29\/NSfKTFSRm_720x0__1.jpg\" width=\"720\" height=\"480\">La puerta de acceso al centro cultural. Se intervino minimamente y se conservaron los graffitis que la representan. Foto: Guillermo Rodriguez Adami Foto Guillermo Rodriguez Adami<\/p>\n\n\n\n<p>La puerta de acceso a lo que fue el inquilinato, y lo que hoy es un centro cultural y bar (@lacasadeluca en Instagram), fue un tema central en el proceso de restauraci\u00f3n. B\u00e1sicamente porque se prioriz\u00f3 llevar adelante trabajos conservativos; es decir, rehabilitar los mecanismos de accionamiento y cierre -poner a punto la puerta-&nbsp;pero sin invadir y<strong>&nbsp;sin modificar los mensajes de los fans de Luca.<\/strong>&nbsp;Fue un acondicionamiento con la &#8220;m\u00ednima intervenci\u00f3n&#8221;, respetando los graffitis y &#8220;la resignificaci\u00f3n de la puerta&#8221;.&nbsp;&nbsp;<img loading=\"lazy\" decoding=\"async\" alt=\"El antes y el despu\u00e9s. As\u00ed se encontraba la casa en agosto de 2022. Foto: Guillermo Rodriguez Adami\" src=\"https:\/\/www.clarin.com\/img\/2022\/08\/09\/g8KLGrX2z_720x0__1.jpg\" width=\"720\" height=\"480\">El antes y el despu\u00e9s. As\u00ed se encontraba la casa en agosto de 2022. Foto: Guillermo Rodriguez Adami<\/p>\n\n\n\n<h2 class=\"wp-block-heading\">El entorno<\/h2>\n\n\n\n<p>En la esquina de Alsina y Defensa, a metros de la Casa de Luca Prodan, confluye una parte de la historia de la Ciudad. En tres de las cuatro esquinas, y en inmediaciones, hay construcciones invaluables.<img loading=\"lazy\" decoding=\"async\" alt=\"La farmacia m\u00e1s antigua de la Ciudad, en Defensa y Balcarce. Foto: Guillermo Rodriguez Adami\" src=\"https:\/\/www.clarin.com\/img\/2023\/06\/27\/avqY1aBrc_720x0__1.jpg\" width=\"720\" height=\"480\">La farmacia m\u00e1s antigua de la Ciudad, en Defensa y Balcarce. Foto: Guillermo Rodriguez Adami<\/p>\n\n\n\n<p>Por un lado los cinco edificios que componen el BAM (Buenos Aires Museo), que son&nbsp; la Casa de los Altos de Elorriaga (1807), la Casa de Ezcurra, la Casa de los Altos de la Estrella (1834) y la Casa de los Querubines (1894). Todas separadas entre s\u00ed&nbsp;por pocos metros y &#8220;casas de los altos&#8221;, una denominaci\u00f3n que se le daba a ese tipo de construcci\u00f3n muy frecuente en Buenos Aires, que ten\u00edan&nbsp;<strong>locales comerciales en la planta baja, con vivienda en la planta superior.<\/strong><img loading=\"lazy\" decoding=\"async\" alt=\"La Puerto Rico, Bar Notable. Ya restaurado y funcionando a pleno. Foto: Guillermo Rodriguez Adami\" src=\"https:\/\/www.clarin.com\/img\/2023\/06\/27\/epzHiqIzb_720x0__1.jpg\" width=\"720\" height=\"480\">La Puerto Rico, Bar Notable. Ya restaurado y funcionando a pleno. Foto: Guillermo Rodriguez Adami<\/p>\n\n\n\n<p>El quinto edificio es la Farmacia de la Estrella, que tiene varias particularidades: no s\u00f3lo porque forma&nbsp;parte de un museo, sino que es&nbsp;<strong>la farmacia m\u00e1s antigua de la Ciudad&nbsp;<\/strong>y uno de los locales comerciales con mayor cantidad de a\u00f1os funcionando de manera ininterrumpida.<strong>&nbsp;Se fund\u00f3 s\u00f3lo 24 a\u00f1os despu\u00e9s de la Revoluci\u00f3n de Mayo, en 1834.<\/strong><\/p>\n\n\n\n<p>Sobre la misma vereda y en diagonal a la Casa de Luca Prodan, se encuentra funcionando a pleno la confiter\u00eda La Puerto Rico.&nbsp;<strong>Es Bar Notable y reabri\u00f3 en 2022,<\/strong>&nbsp;luego de el duro golpe que le asest\u00f3 la pandemia de coronavirus. Lo bueno es que fue totalmente restaurada. Se conservaron sus instalaciones con valor patrimonial y se mejor\u00f3 la infraestructura de ba\u00f1os. Adem\u00e1s de caf\u00e9 y pasteler\u00eda, famosa por cierto, hay promociones de vermut 2&#215;1 durante la tarde.&nbsp;<img loading=\"lazy\" decoding=\"async\" alt=\"La fachada de la bas\u00edlica, impacta. En la noche posee una iluminaci\u00f3n que destaca a\u00fan m\u00e1s su ornamentaci\u00f3n. Foto: Guillermo Rodriguez Adami\" src=\"https:\/\/www.clarin.com\/img\/2023\/06\/27\/P6ygzkU4a_720x0__1.jpg\" width=\"720\" height=\"480\">La fachada de la bas\u00edlica, impacta. En la noche posee una iluminaci\u00f3n que destaca a\u00fan m\u00e1s su ornamentaci\u00f3n. Foto: Guillermo Rodriguez Adami<\/p>\n\n\n\n<p>&#8220;Cada vez estamos m\u00e1s cerca de&nbsp;<strong>finalizar las obras del Plan Casco Hist\u00f3rico;<\/strong>&nbsp;que no s\u00f3lo van a mejorar toda la zona y el entorno, sino que van a beneficiar a todos los vecinos y turistas que lo visiten ofreciendo un espacio p\u00fablico de calidad. En la puesta en valor de la casa de Luca Prodan trabajamos minuciosamente en la fachada y en su ic\u00f3nica puerta, conservando todos sus mensajes e inscripciones tal como se encuentra hoy en d\u00eda; ya que es parte de la identidad musical de la ciudad\u201d, expres\u00f3 Clara Muzzio, ministra de Espacio P\u00fablico de la Ciudad.<\/p>\n\n\n\n<p>Frente a la farmacia, el otro enclave indispensable es el BAM (Buenos Aires Museo). Tambi\u00e9n totalmente restaurado -y adem\u00e1s de su acervo de objetos cotidianos de otras \u00e9pocas- posee dos espacios que vale la pena conocer:\u00a0un\u00a0patio, en el que se puede descansar en hamacas colgantes y mientras tanto escuchar curiosidades de Buenos Aires en audios inmersivos. Y la terraza:\u00a0desde la que se tiene una visual cenital de esta esquina, de las construcciones que la rodean y del coronamiento de\u00a0<strong>la Bas\u00edlica de San Francisco de As\u00eds,\u00a0<\/strong>recientemente restaurada (por dentro las obras contin\u00faan).\u00a0<\/p>\n\n\n\n<p>Fuente: <a href=\"https:\/\/www.clarin.com\/ciudades\/luca-prodan-amante-belgrano-cuadra-casco-historico-confluyen-simbolos-siglos_0_UpScYHt1Ou.html\">https:\/\/www.clarin.com\/ciudades\/luca-prodan-amante-belgrano-cuadra-casco-historico-confluyen-simbolos-siglos_0_UpScYHt1Ou.html<\/a><\/p>\n","protected":false},"excerpt":{"rendered":"<p>Termin\u00f3 la restauraci\u00f3n de la vivienda en la que hace 35 a\u00f1os muri\u00f3 el l\u00edder de Sumo. Est\u00e1 rodeada de otras construcciones que recuperaron el brillo del 1800. Va llegando a su fin la restauraci\u00f3n de la fachada de&nbsp;la casa en donde vivi\u00f3 y muri\u00f3 una leyenda del rock nacional, Luca Prodan. El m\u00fasico, l\u00edder [&hellip;]<\/p>\n","protected":false},"author":3,"featured_media":1321,"comment_status":"open","ping_status":"open","sticky":false,"template":"","format":"standard","meta":{"footnotes":""},"categories":[11,12],"tags":[660,659,661],"class_list":["post-1320","post","type-post","status-publish","format-standard","has-post-thumbnail","hentry","category-agenda","category-sociedad","tag-josefa-ezcurra","tag-monserrat","tag-san-telmo"],"_links":{"self":[{"href":"https:\/\/noticiassaludables.com.ar\/index.php?rest_route=\/wp\/v2\/posts\/1320","targetHints":{"allow":["GET"]}}],"collection":[{"href":"https:\/\/noticiassaludables.com.ar\/index.php?rest_route=\/wp\/v2\/posts"}],"about":[{"href":"https:\/\/noticiassaludables.com.ar\/index.php?rest_route=\/wp\/v2\/types\/post"}],"author":[{"embeddable":true,"href":"https:\/\/noticiassaludables.com.ar\/index.php?rest_route=\/wp\/v2\/users\/3"}],"replies":[{"embeddable":true,"href":"https:\/\/noticiassaludables.com.ar\/index.php?rest_route=%2Fwp%2Fv2%2Fcomments&post=1320"}],"version-history":[{"count":1,"href":"https:\/\/noticiassaludables.com.ar\/index.php?rest_route=\/wp\/v2\/posts\/1320\/revisions"}],"predecessor-version":[{"id":1322,"href":"https:\/\/noticiassaludables.com.ar\/index.php?rest_route=\/wp\/v2\/posts\/1320\/revisions\/1322"}],"wp:featuredmedia":[{"embeddable":true,"href":"https:\/\/noticiassaludables.com.ar\/index.php?rest_route=\/wp\/v2\/media\/1321"}],"wp:attachment":[{"href":"https:\/\/noticiassaludables.com.ar\/index.php?rest_route=%2Fwp%2Fv2%2Fmedia&parent=1320"}],"wp:term":[{"taxonomy":"category","embeddable":true,"href":"https:\/\/noticiassaludables.com.ar\/index.php?rest_route=%2Fwp%2Fv2%2Fcategories&post=1320"},{"taxonomy":"post_tag","embeddable":true,"href":"https:\/\/noticiassaludables.com.ar\/index.php?rest_route=%2Fwp%2Fv2%2Ftags&post=1320"}],"curies":[{"name":"wp","href":"https:\/\/api.w.org\/{rel}","templated":true}]}}