{"id":1326,"date":"2024-05-10T11:04:11","date_gmt":"2024-05-10T14:04:11","guid":{"rendered":"https:\/\/noticiassaludables.com.ar\/?p=1326"},"modified":"2024-05-10T11:04:12","modified_gmt":"2024-05-10T14:04:12","slug":"el-archivo-historico-de-revistas-argentinas-recupera-el-suplemento-literario-de-telam","status":"publish","type":"post","link":"https:\/\/noticiassaludables.com.ar\/?p=1326","title":{"rendered":"El Archivo Hist\u00f3rico de Revistas Argentinas recupera el suplemento literario de T\u00e9lam"},"content":{"rendered":"\n<h2 class=\"wp-block-heading\">El proyecto integrado por docentes e investigadores de la UBA dedicados al estudio del periodismo argentino del siglo XX, suma a su colecci\u00f3n online m\u00e1s de 300 ediciones de la publicaci\u00f3n<\/h2>\n\n\n\n<p><img loading=\"lazy\" decoding=\"async\" alt=\"El Archivo Hist\u00f3rico de Revistas Argentinas recupera 336 ediciones del suplemento literario de T\u00e9lam, entre 2011 y 2018\" height=\"1080\" width=\"1920\" class=\"\" src=\"https:\/\/www.infobae.com\/new-resizer\/h8QUlY_xYO2X0NJ-erHZK7-sD4U=\/420x236\/filters:format(webp):quality(85)\/cloudfront-us-east-1.images.arcpublishing.com\/infobae\/N5B573LVMRBWTCGFYWVLJ4Y6DY.jpg%20420w\" srcset=\"https:\/\/www.infobae.com\/new-resizer\/h8QUlY_xYO2X0NJ-erHZK7-sD4U=\/420x236\/filters:format(webp):quality(85)\/cloudfront-us-east-1.images.arcpublishing.com\/infobae\/N5B573LVMRBWTCGFYWVLJ4Y6DY.jpg 420w,https:\/\/www.infobae.com\/new-resizer\/sc0nI0Ikxka6B50-tP8SsWM4RSw=\/768x432\/filters:format(webp):quality(85)\/cloudfront-us-east-1.images.arcpublishing.com\/infobae\/N5B573LVMRBWTCGFYWVLJ4Y6DY.jpg 768w,https:\/\/www.infobae.com\/new-resizer\/3MOQiKbLUxqTU6B080LG2K9wGzA=\/992x558\/filters:format(webp):quality(85)\/cloudfront-us-east-1.images.arcpublishing.com\/infobae\/N5B573LVMRBWTCGFYWVLJ4Y6DY.jpg 992w,https:\/\/www.infobae.com\/new-resizer\/0BJ0sbLCnhrCRUChU8G9a13t0OY=\/1200x675\/filters:format(webp):quality(85)\/cloudfront-us-east-1.images.arcpublishing.com\/infobae\/N5B573LVMRBWTCGFYWVLJ4Y6DY.jpg 1200w,https:\/\/www.infobae.com\/new-resizer\/FWHtFGGuEDp7VvcbdFqhqyqwNpw=\/1440x810\/filters:format(webp):quality(85)\/cloudfront-us-east-1.images.arcpublishing.com\/infobae\/N5B573LVMRBWTCGFYWVLJ4Y6DY.jpg 1440w\">El Archivo Hist\u00f3rico de Revistas Argentinas recupera 336 ediciones del suplemento literario de T\u00e9lam, entre 2011 y 2018<\/p>\n\n\n\n<p>El&nbsp;<strong>Archivo Hist\u00f3rico de Revistas Argentinas<\/strong>&nbsp;ha recuperado&nbsp;<strong>336 ediciones del Suplemento Literario T\u00e9lam (SLT)<\/strong>, publicadas entre 2011 y 2018. Bajo la direcci\u00f3n de&nbsp;<strong>Carlos Aletto<\/strong>, este suplemento abarc\u00f3 una amplia gama de contenidos literarios, destac\u00e1ndose por su contribuci\u00f3n a la difusi\u00f3n tanto de nuevas voces como de autores consagrados en el panorama literario. Esta iniciativa surge de un esfuerzo conjunto por preservar y valorizar el patrimonio cultural y period\u00edstico del pa\u00eds.<\/p>\n\n\n\n<p><a href=\"https:\/\/www.infobae.com\/cultura\/2024\/05\/10\/programa-de-la-feria-del-libro-2024-10-de-mayo\/\" target=\"_blank\" rel=\"noreferrer noopener\"><\/a><\/p>\n\n\n\n<p><a href=\"https:\/\/www.infobae.com\/cultura\/2024\/05\/10\/programa-de-la-feria-del-libro-2024-10-de-mayo\/\" target=\"_blank\" rel=\"noreferrer noopener\"><\/a><\/p>\n\n\n\n<p>El SLT sum\u00f3&nbsp;<strong>336 n\u00fameros<\/strong>&nbsp;bajo la direcci\u00f3n del periodista y escritor&nbsp;<strong>Carlos Aletto<\/strong>. Surgi\u00f3 con el objetivo de enriquecer el espacio cultural argentino al integrar voces nuevas y ya establecidas en el circuito literario. La versi\u00f3n digital debut\u00f3 el&nbsp;<strong>21 de noviembre de 2011<\/strong>, y el&nbsp;<strong>8 de diciembre<\/strong>&nbsp;del mismo a\u00f1o, la edici\u00f3n impresa empez\u00f3 a circular semanalmente junto al&nbsp;<strong>Reporte Nacional<\/strong>&nbsp;de aquel entonces.<\/p>\n\n\n\n<p>La incorporaci\u00f3n de este material al&nbsp;<strong>Archivo Hist\u00f3rico de Revistas Argentinas (Ahira)<\/strong>&nbsp;permite que los contenidos est\u00e9n disponibles online de manera gratuita, para el p\u00fablico, asegurando que su legado perdure y siga inspirando a futuras generaciones.<\/p>\n\n\n\n<p><a href=\"https:\/\/www.infobae.com\/cultura\/2024\/05\/10\/la-fascinante-historia-de-tango-feroz-es-contada-en-un-reflexivo-documental\/\" target=\"_blank\" rel=\"noreferrer noopener\"><\/a><\/p>\n\n\n\n<p><a href=\"https:\/\/www.infobae.com\/cultura\/2024\/05\/10\/la-fascinante-historia-de-tango-feroz-es-contada-en-un-reflexivo-documental\/\" target=\"_blank\" rel=\"noreferrer noopener\"><\/a><\/p>\n\n\n\n<p><img loading=\"lazy\" decoding=\"async\" alt=\"Carlos Aletto dirigi\u00f3 el Suplemento Literario T\u00e9lam entre 2011 y 2018\" height=\"1280\" width=\"1920\" class=\"\" src=\"https:\/\/www.infobae.com\/new-resizer\/qIl810eBNrVuIAuDaSI52Oyu0vM=\/420x280\/filters:format(webp):quality(85)\/cloudfront-us-east-1.images.arcpublishing.com\/infobae\/MWOZQ3WDLNF6RH2XBUNWVQFVRA.jpg%20420w\" srcset=\"https:\/\/www.infobae.com\/new-resizer\/qIl810eBNrVuIAuDaSI52Oyu0vM=\/420x280\/filters:format(webp):quality(85)\/cloudfront-us-east-1.images.arcpublishing.com\/infobae\/MWOZQ3WDLNF6RH2XBUNWVQFVRA.jpg 420w,https:\/\/www.infobae.com\/new-resizer\/d3S6epsSt9OU8O-bE7tznEw-xyE=\/768x512\/filters:format(webp):quality(85)\/cloudfront-us-east-1.images.arcpublishing.com\/infobae\/MWOZQ3WDLNF6RH2XBUNWVQFVRA.jpg 768w,https:\/\/www.infobae.com\/new-resizer\/QEYXvAkjd8PQjH3w7BB6NvoxYMM=\/992x661\/filters:format(webp):quality(85)\/cloudfront-us-east-1.images.arcpublishing.com\/infobae\/MWOZQ3WDLNF6RH2XBUNWVQFVRA.jpg 992w,https:\/\/www.infobae.com\/new-resizer\/VDipC7_G8AZJKw44wJkBwe4YXfk=\/1200x800\/filters:format(webp):quality(85)\/cloudfront-us-east-1.images.arcpublishing.com\/infobae\/MWOZQ3WDLNF6RH2XBUNWVQFVRA.jpg 1200w,https:\/\/www.infobae.com\/new-resizer\/k12KGrYyloC29KcQm26-ah2kE9k=\/1440x960\/filters:format(webp):quality(85)\/cloudfront-us-east-1.images.arcpublishing.com\/infobae\/MWOZQ3WDLNF6RH2XBUNWVQFVRA.jpg 1440w\">Carlos Aletto dirigi\u00f3 el Suplemento Literario T\u00e9lam entre 2011 y 2018<\/p>\n\n\n\n<p><strong>SLT<\/strong>&nbsp;se destacaba por su dise\u00f1o y calidad editorial, con una apariencia que combinaba textos e im\u00e1genes, utilizando tipograf\u00edas espec\u00edficas y color en todo el dise\u00f1o. Cada edici\u00f3n abarcaba una amplia gama de g\u00e9neros literarios, incluyendo ensayos, poes\u00eda, cuentos, entrevistas, rese\u00f1as de novelas, y estudios cr\u00edticos, lo que permit\u00eda a los lectores acceder a un contenido rico y variado. Entre las columnas regulares, destacaban las firmadas por reconocidos autores como&nbsp;<strong>Claudia Pi\u00f1eiro<\/strong>,&nbsp;<strong>Vicente Battista<\/strong>, y&nbsp;<strong>Guillermo Saccomanno<\/strong>, quienes ofrec\u00edan a los lectores su visi\u00f3n \u00fanica sobre temas culturales y literarios.<\/p>\n\n\n\n<p>\u201cEra un suplemento que pretend\u00eda llegar a franjas diversificadas de lectores y que se propon\u00eda como una alternativa p\u00fablica y gratuita frente a la desaparici\u00f3n contin\u00faa y acelerada de muchos medios culturales. Por estas razones, se pon\u00eda especial \u00e9nfasis en dar con los materiales justos para cubrir los focos de inter\u00e9s de todo el pa\u00eds\u201d, cuenta&nbsp;<strong>Carlos Aletto<\/strong>.<\/p>\n\n\n\n<p>Fuente: https:\/\/www.infobae.com\/cultura\/2024\/05\/10\/el-archivo-historico-de-revistas-argentinas-recupera-el-suplemento-literario-de-telam\/<\/p>\n","protected":false},"excerpt":{"rendered":"<p>El proyecto integrado por docentes e investigadores de la UBA dedicados al estudio del periodismo argentino del siglo XX, suma a su colecci\u00f3n online m\u00e1s de 300 ediciones de la publicaci\u00f3n El Archivo Hist\u00f3rico de Revistas Argentinas recupera 336 ediciones del suplemento literario de T\u00e9lam, entre 2011 y 2018 El&nbsp;Archivo Hist\u00f3rico de Revistas Argentinas&nbsp;ha recuperado&nbsp;336 [&hellip;]<\/p>\n","protected":false},"author":3,"featured_media":1327,"comment_status":"open","ping_status":"open","sticky":false,"template":"","format":"standard","meta":{"footnotes":""},"categories":[11,12,14],"tags":[663,664],"class_list":["post-1326","post","type-post","status-publish","format-standard","has-post-thumbnail","hentry","category-agenda","category-sociedad","category-tecnologia","tag-archivo-historico-de-revistas-argentinas","tag-suplemento-literario-de-telam"],"_links":{"self":[{"href":"https:\/\/noticiassaludables.com.ar\/index.php?rest_route=\/wp\/v2\/posts\/1326","targetHints":{"allow":["GET"]}}],"collection":[{"href":"https:\/\/noticiassaludables.com.ar\/index.php?rest_route=\/wp\/v2\/posts"}],"about":[{"href":"https:\/\/noticiassaludables.com.ar\/index.php?rest_route=\/wp\/v2\/types\/post"}],"author":[{"embeddable":true,"href":"https:\/\/noticiassaludables.com.ar\/index.php?rest_route=\/wp\/v2\/users\/3"}],"replies":[{"embeddable":true,"href":"https:\/\/noticiassaludables.com.ar\/index.php?rest_route=%2Fwp%2Fv2%2Fcomments&post=1326"}],"version-history":[{"count":1,"href":"https:\/\/noticiassaludables.com.ar\/index.php?rest_route=\/wp\/v2\/posts\/1326\/revisions"}],"predecessor-version":[{"id":1328,"href":"https:\/\/noticiassaludables.com.ar\/index.php?rest_route=\/wp\/v2\/posts\/1326\/revisions\/1328"}],"wp:featuredmedia":[{"embeddable":true,"href":"https:\/\/noticiassaludables.com.ar\/index.php?rest_route=\/wp\/v2\/media\/1327"}],"wp:attachment":[{"href":"https:\/\/noticiassaludables.com.ar\/index.php?rest_route=%2Fwp%2Fv2%2Fmedia&parent=1326"}],"wp:term":[{"taxonomy":"category","embeddable":true,"href":"https:\/\/noticiassaludables.com.ar\/index.php?rest_route=%2Fwp%2Fv2%2Fcategories&post=1326"},{"taxonomy":"post_tag","embeddable":true,"href":"https:\/\/noticiassaludables.com.ar\/index.php?rest_route=%2Fwp%2Fv2%2Ftags&post=1326"}],"curies":[{"name":"wp","href":"https:\/\/api.w.org\/{rel}","templated":true}]}}