{"id":1329,"date":"2024-05-10T11:25:47","date_gmt":"2024-05-10T14:25:47","guid":{"rendered":"https:\/\/noticiassaludables.com.ar\/?p=1329"},"modified":"2024-05-10T16:45:53","modified_gmt":"2024-05-10T19:45:53","slug":"mas-de-500-personalidades-de-la-cultura-firman-por-la-continuidad-del-programa-sur","status":"publish","type":"post","link":"https:\/\/noticiassaludables.com.ar\/?p=1329","title":{"rendered":"Personalidades de la cultura firman por la continuidad del Programa Sur"},"content":{"rendered":"\n<h2 class=\"wp-block-heading\">Escritores, traductores, editores y acad\u00e9micos, como Beatriz Sarlo y Carlos Gamerro, entre otros, se reunieron en una carta dirigida a la Canciller\u00eda argentina para solicitar el mantenimiento del programa de traducciones<\/h2>\n\n\n\n<p><img loading=\"lazy\" decoding=\"async\" alt=\"PROSUR: Clave para la difusi\u00f3n de escritores argentinos en el mundo\" height=\"1080\" width=\"1920\" class=\"\" src=\"https:\/\/www.infobae.com\/new-resizer\/N2hdsCYSmaKEbQisWHcdda-FbYU=\/420x236\/filters:format(webp):quality(85)\/cloudfront-us-east-1.images.arcpublishing.com\/infobae\/FHCX5PUFJVA5PBTPBFMFQ5W5IU.jpg%20420w\" srcset=\"https:\/\/www.infobae.com\/new-resizer\/N2hdsCYSmaKEbQisWHcdda-FbYU=\/420x236\/filters:format(webp):quality(85)\/cloudfront-us-east-1.images.arcpublishing.com\/infobae\/FHCX5PUFJVA5PBTPBFMFQ5W5IU.jpg 420w,https:\/\/www.infobae.com\/new-resizer\/rOHJba2R9mjqDQ45YSzDBOeQHF0=\/768x432\/filters:format(webp):quality(85)\/cloudfront-us-east-1.images.arcpublishing.com\/infobae\/FHCX5PUFJVA5PBTPBFMFQ5W5IU.jpg 768w,https:\/\/www.infobae.com\/new-resizer\/xdoFpgUZSlTPWFQJbSkeVZN1_PM=\/992x558\/filters:format(webp):quality(85)\/cloudfront-us-east-1.images.arcpublishing.com\/infobae\/FHCX5PUFJVA5PBTPBFMFQ5W5IU.jpg 992w,https:\/\/www.infobae.com\/new-resizer\/eFX5vielmhQoe-zPUBF0zYPnyhc=\/1200x675\/filters:format(webp):quality(85)\/cloudfront-us-east-1.images.arcpublishing.com\/infobae\/FHCX5PUFJVA5PBTPBFMFQ5W5IU.jpg 1200w,https:\/\/www.infobae.com\/new-resizer\/mPpufpGQvHrKpi5-x6P5vXXPhCI=\/1440x810\/filters:format(webp):quality(85)\/cloudfront-us-east-1.images.arcpublishing.com\/infobae\/FHCX5PUFJVA5PBTPBFMFQ5W5IU.jpg 1440w\">PROSUR: Clave para la difusi\u00f3n de escritores argentinos en el mundo<\/p>\n\n\n\n<p>En una muestra significativa de apoyo internacional a la cultura argentina, m\u00e1s de&nbsp;<strong>500 escritores, traductores, editores y acad\u00e9micos<\/strong>&nbsp;de diversos rincones del planeta han firmado una carta apelando a la Canciller\u00eda argentina, espec\u00edficamente a la Canciller&nbsp;<strong>Diana Mondino<\/strong>, para solicitar la plena vigencia del&nbsp;<strong>Programa Sur de Apoyo a las Traducciones (PROSUR)<\/strong>. Este programa, iniciado en 2010, ha sido fundamental para la difusi\u00f3n de la literatura argentina a nivel mundial, permitiendo la traducci\u00f3n de obras argentinas en 52 lenguas y su publicaci\u00f3n en 62 pa\u00edses. La iniciativa fue presentada oficialmente el 8 de mayo, d\u00eda en que tambi\u00e9n hubo una reuni\u00f3n con&nbsp;<strong>Alejandra Pecoraro<\/strong>, Directora de Asuntos Culturales de la Canciller\u00eda, y otros funcionarios relevantes.<\/p>\n\n\n\n<p><strong>\u201cNo hay que dejar que se caiga este reclamo que nos une a todxs\u201d<\/strong>, expresaron&nbsp;<strong>Jorge Fondebrider y Carlos Gamerro<\/strong>, destacados impulsores de la carta. Con esta acci\u00f3n, se busca confrontar la desfinanciaci\u00f3n y los desaf\u00edos presupuestarios que enfrenta actualmente el PROSUR, cuyo subsidio actual por obra traducida es de U$S 3.200 aproximadamente. La reducci\u00f3n presupuestaria a la que se enfrenta el programa amenaza su continuidad, limitando a solo diez los subsidios disponibles por a\u00f1o y comprometiendo seriamente la visibilidad internacional de los autores argentinos.<\/p>\n\n\n\n<p>Entre los escritores que se sumaron a la convocatoria est\u00e1n Beatriz Sarlo (ensayista y cr\u00edtica), Guillermo Schavelzon (agente literario, consultor editorial), Alejandro Tantanian (escritor y director teatral), Guillermo Saccomano (escritor), Selva Almada (escritora), Mar\u00eda Teresa Andruetto (escritora), Agustina Bazterrica (escritora), Sergio Bizzio (escritor), Gabriela Cabezon C\u00e1mara (escritora), Mart\u00edn Caparr\u00f3s (escritor), Edgardo Cozarinsky (escritor), Pablo De Santis (escritor), Mariana Enriquez (escritora y editora), Griselda Gambaro (escritora, Emilio Garc\u00eda Wehbi (director teatral), Daniel Guebel (escritor), Silvia Hopenhayn (escritora y periodista), Alejandro Horowicz (ensayista), Federico Jeanmaire (escritor), Mart\u00edn Kohan (escritor e investigador), Mar\u00eda Rosa Lojo (escritora), Guillermo Mart\u00ednez (escritor), Mar\u00eda Negroni (escritora), Pola Oloxairac (escritora), Alan Pauls (escritor y traductor), Claudia Pi\u00f1eiro (escritora), Luis Alberto Romero (historiador).<a href=\"https:\/\/www.infobae.com\/cultura\/2024\/05\/10\/la-fascinante-historia-de-tango-feroz-es-contada-en-un-reflexivo-documental\/\" target=\"_blank\" rel=\"noreferrer noopener\"><\/a><\/p>\n\n\n\n<p><\/p>\n\n\n\n<p><img loading=\"lazy\" decoding=\"async\" alt=\"Beatriz Sarlo se sum\u00f3 a la convocatoria (Maximiliano Luna)\" height=\"1080\" width=\"1920\" class=\"\" src=\"https:\/\/www.infobae.com\/new-resizer\/Ia3nsUQCl6kS6FWfR6k9tu8f54Q=\/420x236\/filters:format(webp):quality(85)\/cloudfront-us-east-1.images.arcpublishing.com\/infobae\/CCYI7CPFWZHBVFYTO6ICWNQRLY.jpg%20420w\" srcset=\"https:\/\/www.infobae.com\/new-resizer\/Ia3nsUQCl6kS6FWfR6k9tu8f54Q=\/420x236\/filters:format(webp):quality(85)\/cloudfront-us-east-1.images.arcpublishing.com\/infobae\/CCYI7CPFWZHBVFYTO6ICWNQRLY.jpg 420w,https:\/\/www.infobae.com\/new-resizer\/aqg3fuenQ0rep34iOngviXU9HBM=\/768x432\/filters:format(webp):quality(85)\/cloudfront-us-east-1.images.arcpublishing.com\/infobae\/CCYI7CPFWZHBVFYTO6ICWNQRLY.jpg 768w,https:\/\/www.infobae.com\/new-resizer\/N1Z4uzKlijTnFLf4qMDjGIBDwbI=\/992x558\/filters:format(webp):quality(85)\/cloudfront-us-east-1.images.arcpublishing.com\/infobae\/CCYI7CPFWZHBVFYTO6ICWNQRLY.jpg 992w,https:\/\/www.infobae.com\/new-resizer\/Ls1SggNZSYip2BZfVuP1Xue3q9Q=\/1200x675\/filters:format(webp):quality(85)\/cloudfront-us-east-1.images.arcpublishing.com\/infobae\/CCYI7CPFWZHBVFYTO6ICWNQRLY.jpg 1200w,https:\/\/www.infobae.com\/new-resizer\/U_g_pm0jrhnF4i7XCzarJrcFhF8=\/1440x810\/filters:format(webp):quality(85)\/cloudfront-us-east-1.images.arcpublishing.com\/infobae\/CCYI7CPFWZHBVFYTO6ICWNQRLY.jpg 1440w\">Beatriz Sarlo se sum\u00f3 a la convocatoria (Maximiliano Luna)<\/p>\n\n\n\n<p>Desde su creaci\u00f3n, PROSUR ha promovido de manera sustentable la exportaci\u00f3n de derechos de autor como estrategia comercial, logrando una impresionante tasa de traducci\u00f3n de&nbsp;<strong>1,687 t\u00edtulos de autores argentinos<\/strong>, lo cual se traduce en alrededor de 120 t\u00edtulos anuales y un promedio de 200,000 copias impresas por a\u00f1o. Este esfuerzo ha posicionado a la Argentina como un pa\u00eds de s\u00f3lida cultura, generando un impacto significativo en mercados editoriales de Europa, Latinoam\u00e9rica, Asia y Estados Unidos, adem\u00e1s de haber facilitado que escritores argentinos competir\u00e1n en prestigiosos premios internacionales.<\/p>\n\n\n\n<p>La carta evidencia el apoyo que PROSUR ha brindado a escritores de todas las \u00e9pocas, mencionando a cl\u00e1sicos como&nbsp;<strong>Esteban Echeverr\u00eda<\/strong>,&nbsp;<strong>Domingo Faustino Sarmiento<\/strong>,&nbsp;<strong>Jorge Luis Borges<\/strong>&nbsp;y a autores contempor\u00e1neos tan variados como&nbsp;<strong>Samanta Schweblin<\/strong>&nbsp;y&nbsp;<strong>Mariana Enr\u00edquez<\/strong>. Este diverso abanico de voces refleja la riqueza de la literatura argentina, cuya difusi\u00f3n PROSUR ha facilitado en el extranjero. \u201c<strong>As\u00ed, el PROSUR ha ayudado que se abrieran las puertas de numerosos mercados a la literatura argentina de todas las \u00e9pocas<\/strong>\u201d, se afirma en la carta, subrayando los beneficios que esta iniciativa ha reportado tanto a nivel cultural como comercial.<\/p>\n\n\n\n<p><a href=\"https:\/\/www.infobae.com\/cultura\/2024\/05\/10\/elvira-sastre-siempre-que-escribo-se-cuelan-cosas-mias\/\" target=\"_blank\" rel=\"noreferrer noopener\"><\/a><\/p>\n\n\n\n<p><img loading=\"lazy\" decoding=\"async\" alt=\" El periodista Mart\u00edn Caparr\u00f3s remarc\u00f3 la importancia del programo (Europa Press)\" height=\"2270\" width=\"3405\" class=\"\" src=\"https:\/\/www.infobae.com\/new-resizer\/dYP4B-asEHMEOSc8reZ2GhIg9-0=\/420x280\/filters:format(webp):quality(85)\/cloudfront-us-east-1.images.arcpublishing.com\/infobae\/BFXIBZI5NBDMPGSN5KIKYUSLKU.jpg%20420w\" srcset=\"https:\/\/www.infobae.com\/new-resizer\/dYP4B-asEHMEOSc8reZ2GhIg9-0=\/420x280\/filters:format(webp):quality(85)\/cloudfront-us-east-1.images.arcpublishing.com\/infobae\/BFXIBZI5NBDMPGSN5KIKYUSLKU.jpg 420w,https:\/\/www.infobae.com\/new-resizer\/_CrNdrL45oUvnSBQAAoKHoviQ6k=\/768x512\/filters:format(webp):quality(85)\/cloudfront-us-east-1.images.arcpublishing.com\/infobae\/BFXIBZI5NBDMPGSN5KIKYUSLKU.jpg 768w,https:\/\/www.infobae.com\/new-resizer\/u42LVM6I-EJk-ROsatmnwMZP5FM=\/992x661\/filters:format(webp):quality(85)\/cloudfront-us-east-1.images.arcpublishing.com\/infobae\/BFXIBZI5NBDMPGSN5KIKYUSLKU.jpg 992w,https:\/\/www.infobae.com\/new-resizer\/3xm4qIQOIRLyIjkQo4s108cUWuA=\/1200x800\/filters:format(webp):quality(85)\/cloudfront-us-east-1.images.arcpublishing.com\/infobae\/BFXIBZI5NBDMPGSN5KIKYUSLKU.jpg 1200w,https:\/\/www.infobae.com\/new-resizer\/OO-8iA0-vpLZyPYiSn7S-pavX38=\/1440x960\/filters:format(webp):quality(85)\/cloudfront-us-east-1.images.arcpublishing.com\/infobae\/BFXIBZI5NBDMPGSN5KIKYUSLKU.jpg 1440w\">El periodista Mart\u00edn Caparr\u00f3s remarc\u00f3 la importancia del programo (Europa Press)<\/p>\n\n\n\n<p>El texto resalta, adem\u00e1s, un an\u00e1lisis comparativo realizado por&nbsp;<strong>Alejandro Dujovne<\/strong>, que eval\u00faa los programas de apoyo a las traducciones de Argentina en comparaci\u00f3n con otros de pa\u00edses latinoamericanos como Colombia, Uruguay y Chile. A trav\u00e9s de este informe, se pone de manifiesto la necesidad de no solo mantener, sino fortalecer el PROSUR frente a sus competidores regionales y globales, asegurando as\u00ed que la literatura argentina contin\u00fae teniendo una presencia destacada internacionalmente.<\/p>\n\n\n\n<p>La movilizaci\u00f3n de la comunidad literaria global en torno a esta causa refleja la importancia de las pol\u00edticas p\u00fablicas en el fomento de la cultura y la necesidad imperante de reevaluar las decisiones que afectan al Programa Sur de Apoyo a las Traducciones. Con un llamado claro a la acci\u00f3n, esta carta busca asegurar la continuidad y el fortalecimiento de una iniciativa que ha demostrado ser clave para la promoci\u00f3n del libro argentino m\u00e1s all\u00e1 de sus fronteras.<\/p>\n\n\n\n<p>Fuente: <a href=\"https:\/\/www.infobae.com\/cultura\/2024\/05\/09\/mas-de-500-personalidades-del-mundo-de-la-cultura-firman-por-la-continuidad-del-programa-sur\/\">https:\/\/www.infobae.com\/cultura\/2024\/05\/09\/mas-de-500-personalidades-del-mundo-de-la-cultura-firman-por-la-continuidad-del-programa-sur\/<\/a><\/p>\n","protected":false},"excerpt":{"rendered":"<p>Escritores, traductores, editores y acad\u00e9micos, como Beatriz Sarlo y Carlos Gamerro, entre otros, se reunieron en una carta dirigida a la Canciller\u00eda argentina para solicitar el mantenimiento del programa de traducciones PROSUR: Clave para la difusi\u00f3n de escritores argentinos en el mundo En una muestra significativa de apoyo internacional a la cultura argentina, m\u00e1s de&nbsp;500 [&hellip;]<\/p>\n","protected":false},"author":3,"featured_media":1330,"comment_status":"open","ping_status":"open","sticky":false,"template":"","format":"standard","meta":{"footnotes":""},"categories":[11,12],"tags":[667,665,666],"class_list":["post-1329","post","type-post","status-publish","format-standard","has-post-thumbnail","hentry","category-agenda","category-sociedad","tag-cancilleria","tag-programa-sur","tag-traducciones"],"_links":{"self":[{"href":"https:\/\/noticiassaludables.com.ar\/index.php?rest_route=\/wp\/v2\/posts\/1329","targetHints":{"allow":["GET"]}}],"collection":[{"href":"https:\/\/noticiassaludables.com.ar\/index.php?rest_route=\/wp\/v2\/posts"}],"about":[{"href":"https:\/\/noticiassaludables.com.ar\/index.php?rest_route=\/wp\/v2\/types\/post"}],"author":[{"embeddable":true,"href":"https:\/\/noticiassaludables.com.ar\/index.php?rest_route=\/wp\/v2\/users\/3"}],"replies":[{"embeddable":true,"href":"https:\/\/noticiassaludables.com.ar\/index.php?rest_route=%2Fwp%2Fv2%2Fcomments&post=1329"}],"version-history":[{"count":2,"href":"https:\/\/noticiassaludables.com.ar\/index.php?rest_route=\/wp\/v2\/posts\/1329\/revisions"}],"predecessor-version":[{"id":1332,"href":"https:\/\/noticiassaludables.com.ar\/index.php?rest_route=\/wp\/v2\/posts\/1329\/revisions\/1332"}],"wp:featuredmedia":[{"embeddable":true,"href":"https:\/\/noticiassaludables.com.ar\/index.php?rest_route=\/wp\/v2\/media\/1330"}],"wp:attachment":[{"href":"https:\/\/noticiassaludables.com.ar\/index.php?rest_route=%2Fwp%2Fv2%2Fmedia&parent=1329"}],"wp:term":[{"taxonomy":"category","embeddable":true,"href":"https:\/\/noticiassaludables.com.ar\/index.php?rest_route=%2Fwp%2Fv2%2Fcategories&post=1329"},{"taxonomy":"post_tag","embeddable":true,"href":"https:\/\/noticiassaludables.com.ar\/index.php?rest_route=%2Fwp%2Fv2%2Ftags&post=1329"}],"curies":[{"name":"wp","href":"https:\/\/api.w.org\/{rel}","templated":true}]}}