{"id":1357,"date":"2024-05-15T11:28:00","date_gmt":"2024-05-15T14:28:00","guid":{"rendered":"https:\/\/noticiassaludables.com.ar\/?p=1357"},"modified":"2024-05-15T11:28:00","modified_gmt":"2024-05-15T14:28:00","slug":"la-primera-demanda-a-astrazeneca-y-al-estado-argentino-por-la-vacuna-contra-el-covid","status":"publish","type":"post","link":"https:\/\/noticiassaludables.com.ar\/?p=1357","title":{"rendered":"La primera demanda a AstraZeneca y al Estado argentino por la vacuna contra el Covid"},"content":{"rendered":"\n<h2 class=\"wp-block-heading\">La denunciante tiene 39 a\u00f1os, es de R\u00edo Cuarto y asegura haber quedado incapacitada laboralmente al 75%.&#8221;Me arrebataron la vida&#8221;, sostuvo la mujer.El laboratorio reconoci\u00f3 efectos secundarios de su dosis y comenz\u00f3 a retirarlos del mercado a nivel mundial.<\/h2>\n\n\n\n<figure class=\"wp-block-image\"><img decoding=\"async\" src=\"https:\/\/www.clarin.com\/img\/2021\/12\/23\/GuOyLRa-T_360x240__1.jpg\" alt=\"Una mujer de C\u00f3rdoba, la primera en demandar a AstraZeneca y al Estado argentino en $100 millones por la vacuna contra el Covid\n\"\/><\/figure>\n\n\n\n<p>Una mujer de C\u00f3rdoba<strong>&nbsp;demand\u00f3 a la farmac\u00e9utica AstraZeneca por cien millones de pesos<\/strong>&nbsp;por una presunta reacci\u00f3n secundaria provocada con la vacuna que recibi\u00f3 del laboratorio contra el Covid-19. La damnificada denuncia haber quedado<strong>&nbsp;incapacitada en un 75%&nbsp;<\/strong>laboralmente.<\/p>\n\n\n\n<p>La asumida como damnificada, oriunda de R\u00edo Cuarto, present\u00f3 la demanda junto a su pareja&nbsp;<strong>contra AstraZeneca y el Estado argentino<\/strong>, ya que sostuvo que despu\u00e9s de recibir la&nbsp;<strong>tercera dosis<\/strong>&nbsp;en enero de 2022, comenz\u00f3 a sentir fuertes<strong>&nbsp;calambres e inestabilidad en las piernas.<\/strong><\/p>\n\n\n\n<p>En la presentaci\u00f3n, agreg\u00f3 que&nbsp;<strong>su m\u00e9dica le dijo que pod\u00eda ser un efecto adverso<\/strong>&nbsp;de la vacuna. Ante ello, le suministraron decadr\u00f3n y diclofenac para mitigar el fuerte dolor.&nbsp;<strong>Se le adormecieron las piernas y la derivaron a una cl\u00ednica privada.<\/strong><\/p>\n\n\n\n<p>Despu\u00e9s de realizarle estudios,&nbsp;<strong>le diagnosticaron s\u00edndrome de Guillain Barr\u00e9 con cuadriparesia<\/strong>. Le advirtieron que estar\u00eda aproximadamente dos meses&nbsp;<strong>en silla de ruedas&nbsp;<\/strong>con rehabilitaci\u00f3n.<\/p>\n\n\n\n<p>&#8220;<strong>Me arrebataron la vida.<\/strong>&nbsp;Soy madre de un nene de 5 a\u00f1os, jam\u00e1s fui informada y tampoco se me advirti\u00f3 que podr\u00eda sufrir efectos adversos, como asimismo de los riesgos\/beneficios de la inoculaci\u00f3n. No hubo un verdadero consentimiento de mi parte, solamente nula informaci\u00f3n y coacci\u00f3n&#8221;, dijo la denunciante.<\/p>\n\n\n\n<p>La mujer indic\u00f3 que un neur\u00f3logo coincidi\u00f3 en el diagn\u00f3stico posvacunaci\u00f3n. Indic\u00f3 que padece cuadriparesia fl\u00e1cida, que requiere dispositivos de asistencia para la marcha, con discapacidad del 90% para su movilidad. Otro neur\u00f3logo advirti\u00f3 el compromiso desmielinizante en los miembros inferiores.<img loading=\"lazy\" decoding=\"async\" alt=\"Uno de los cargamentos de vacunas de AstraZeneca al llegar al pa\u00eds para combatir al Covid. Foto: EFE.\" src=\"https:\/\/www.clarin.com\/img\/2024\/05\/14\/gcUtfDu3W_720x0__1.jpg\" width=\"720\" height=\"480\">Uno de los cargamentos de vacunas de AstraZeneca al llegar al pa\u00eds para combatir al Covid. Foto: EFE.<\/p>\n\n\n\n<p>Un a\u00f1o despu\u00e9s de la inoculaci\u00f3n, una comisi\u00f3n m\u00e9dica de R\u00edo Cuarto, en virtud del retiro por invalidez que solicit\u00f3 la demandante, dictamin\u00f3 que posee una incapacidad laboral del 75,6%.<\/p>\n\n\n\n<p>La afectada decidi\u00f3 acudir al Juzgado Federal de R\u00edo Cuarto, a cargo de Carlos Ochoa, y demand\u00f3 por presuntos da\u00f1os y perjuicios a AstraZeneca y al Estado Nacional (ANMAT). La mujer&nbsp;<strong>reclama poco m\u00e1s de $100 millones de pesos en total<\/strong>: $7,4 millones por incapacidad sobreviviente, $25,3 millones por el fondo de reparaci\u00f3n Ley 27.573, otros $9,3 millones por el proyecto de vida-p\u00e9rdida de chance, $7,5 millones por da\u00f1o moral, $1,5 millones por el da\u00f1o moral de la pareja, $49,5 millones por da\u00f1o punitivo y $180 mil por da\u00f1o emergente.<\/p>\n\n\n\n<p>La denuncia llega en un momento turbulento para la firma sueca, luego de reconocer que la dosis generada para combatir al Covid caus\u00f3 problemas secundarios, como la&nbsp;<strong>trombosis<\/strong>, en el per\u00edodo posterior a aplicarse en personas.<\/p>\n\n\n\n<p>Frente a esto,<a href=\"https:\/\/www.clarin.com\/mundo\/farmaceutica-astrazeneca-retirara-vacuna-covid-nivel-mundial_0_tGF1lDlQKQ.html\" target=\"_blank\" rel=\"noreferrer noopener\">&nbsp;la Comisi\u00f3n Europea anunci\u00f3 la anulaci\u00f3n<\/a>&nbsp;de la autorizaci\u00f3n para utilizarla en sus pa\u00edses. Astrazeneca, en tanto, comenz\u00f3 a<a href=\"https:\/\/www.clarin.com\/mundo\/farmaceutica-astrazeneca-retirara-vacuna-covid-nivel-mundial_0_tGF1lDlQKQ.html\" target=\"_blank\" rel=\"noreferrer noopener\">&nbsp;retirar su vacuna a nivel mundial<\/a>.<\/p>\n\n\n\n<p>En Argentina&nbsp;<strong>se aplicaron 22 millones de dosis<\/strong>&nbsp;y fue producida en sociedad con la farmac\u00e9utica mAbxience, del empresario argentino&nbsp;<strong>Hugo Sigman, y la Universidad de Oxford<\/strong>.<img loading=\"lazy\" decoding=\"async\" alt=\"El laboratorio de AstraZeneca.\" src=\"https:\/\/www.clarin.com\/img\/2024\/02\/29\/UetHQZlNR_720x0__1.jpg\" width=\"720\" height=\"480\">El laboratorio de AstraZeneca.<\/p>\n\n\n\n<h2 class=\"wp-block-heading\">Qu\u00e9 es el s\u00edndrome de Guillain-Barr\u00e9, el diagn\u00f3stico de la mujer tras la vacunaci\u00f3n del Coronavirus<\/h2>\n\n\n\n<p>El s\u00edndrome de Guillain-Barr\u00e9 es una enfermedad neurol\u00f3gica que incluye<strong>&nbsp;un conjunto de trastornos autoinmunes caracterizados por una par\u00e1lisis fl\u00e1cida sim\u00e9trica&nbsp;<\/strong>r\u00e1pidamente progresiva de las extremidades con disminuci\u00f3n marcada o ausencia de reflejos a causa del ataque del virus al sistema nervioso perif\u00e9rico.<\/p>\n\n\n\n<p>La mayor\u00eda de las personas con esta afecci\u00f3n deben ser hospitalizadas para recibir tratamiento.<\/p>\n\n\n\n<p>Hasta el momento,<strong>&nbsp;no hay una cura para el s\u00edndrome de Guillain-Barr\u00e9<\/strong>, pero varios tratamientos pueden aliviar los s\u00edntomas y reducir la duraci\u00f3n de la enfermedad.<\/p>\n\n\n\n<p>La recuperaci\u00f3n puede tardar varios a\u00f1os y la mayor\u00eda de las personas pueden caminar otra vez seis meses despu\u00e9s de que hayan comenzado los s\u00edntomas.&nbsp;<strong>Algunos pacientes pueden tener efectos persistentes<\/strong>, como debilidad, entumecimiento o fatiga.<\/p>\n\n\n\n<p>Fuente: https:\/\/www.clarin.com\/sociedad\/mujer-cordoba-primera-demandar-astrazeneca-argentino-100-millones-vacuna-covid_0_ofmDSkfETl.html<\/p>\n","protected":false},"excerpt":{"rendered":"<p>La denunciante tiene 39 a\u00f1os, es de R\u00edo Cuarto y asegura haber quedado incapacitada laboralmente al 75%.&#8221;Me arrebataron la vida&#8221;, sostuvo la mujer.El laboratorio reconoci\u00f3 efectos secundarios de su dosis y comenz\u00f3 a retirarlos del mercado a nivel mundial. Una mujer de C\u00f3rdoba&nbsp;demand\u00f3 a la farmac\u00e9utica AstraZeneca por cien millones de pesos&nbsp;por una presunta reacci\u00f3n [&hellip;]<\/p>\n","protected":false},"author":3,"featured_media":1358,"comment_status":"open","ping_status":"open","sticky":false,"template":"","format":"standard","meta":{"footnotes":""},"categories":[5,12],"tags":[682,325,681],"class_list":["post-1357","post","type-post","status-publish","format-standard","has-post-thumbnail","hentry","category-salud","category-sociedad","tag-astrazeneca","tag-covid","tag-demanda"],"_links":{"self":[{"href":"https:\/\/noticiassaludables.com.ar\/index.php?rest_route=\/wp\/v2\/posts\/1357","targetHints":{"allow":["GET"]}}],"collection":[{"href":"https:\/\/noticiassaludables.com.ar\/index.php?rest_route=\/wp\/v2\/posts"}],"about":[{"href":"https:\/\/noticiassaludables.com.ar\/index.php?rest_route=\/wp\/v2\/types\/post"}],"author":[{"embeddable":true,"href":"https:\/\/noticiassaludables.com.ar\/index.php?rest_route=\/wp\/v2\/users\/3"}],"replies":[{"embeddable":true,"href":"https:\/\/noticiassaludables.com.ar\/index.php?rest_route=%2Fwp%2Fv2%2Fcomments&post=1357"}],"version-history":[{"count":1,"href":"https:\/\/noticiassaludables.com.ar\/index.php?rest_route=\/wp\/v2\/posts\/1357\/revisions"}],"predecessor-version":[{"id":1359,"href":"https:\/\/noticiassaludables.com.ar\/index.php?rest_route=\/wp\/v2\/posts\/1357\/revisions\/1359"}],"wp:featuredmedia":[{"embeddable":true,"href":"https:\/\/noticiassaludables.com.ar\/index.php?rest_route=\/wp\/v2\/media\/1358"}],"wp:attachment":[{"href":"https:\/\/noticiassaludables.com.ar\/index.php?rest_route=%2Fwp%2Fv2%2Fmedia&parent=1357"}],"wp:term":[{"taxonomy":"category","embeddable":true,"href":"https:\/\/noticiassaludables.com.ar\/index.php?rest_route=%2Fwp%2Fv2%2Fcategories&post=1357"},{"taxonomy":"post_tag","embeddable":true,"href":"https:\/\/noticiassaludables.com.ar\/index.php?rest_route=%2Fwp%2Fv2%2Ftags&post=1357"}],"curies":[{"name":"wp","href":"https:\/\/api.w.org\/{rel}","templated":true}]}}