{"id":1364,"date":"2024-05-16T11:01:03","date_gmt":"2024-05-16T14:01:03","guid":{"rendered":"https:\/\/noticiassaludables.com.ar\/?p=1364"},"modified":"2024-05-16T11:01:04","modified_gmt":"2024-05-16T14:01:04","slug":"como-autorizar-a-alguien-a-manejar-un-auto-desde-ahora","status":"publish","type":"post","link":"https:\/\/noticiassaludables.com.ar\/?p=1364","title":{"rendered":"C\u00f3mo autorizar a alguien a manejar un auto desde ahora"},"content":{"rendered":"\n<p>Finalmente,\u00a0<a href=\"https:\/\/www.lanacion.com.ar\/autos\/dejo-de-regir-oficialmente-la-cedula-azul-que-documentos-son-necesarios-para-conducir-nid13052024\/\">el Gobierno\u00a0<strong>reglament\u00f3 la derogaci\u00f3n de la c\u00e9dula azul\u00a0<\/strong><\/a>para la conducci\u00f3n de cualquier veh\u00edculo en la Argentina. A trav\u00e9s de la<a href=\"https:\/\/www.boletinoficial.gob.ar\/detalleAviso\/primera\/307350\/20240513\" target=\"_blank\" rel=\"noreferrer noopener\">\u00a0Disposici\u00f3n 29\/2024<\/a>\u00a0publicada en el Bolet\u00edn Oficial,\u00a0<strong>se confirm\u00f3\u00a0<\/strong>la noticia anticipada hace una semana y que anunciaba el fin de este documento para circular.<\/p>\n\n\n\n<p>De ahora en adelante,&nbsp;<strong>\u00fanicamente ser\u00e1 necesario presentar la c\u00e9dula verde, ya sea en versi\u00f3n f\u00edsica o digital.&nbsp;<\/strong>Asimismo, el documento&nbsp;<strong>no tendr\u00e1 vencimiento&nbsp;<\/strong>hasta tanto no cambie la titularidad del veh\u00edculo.<\/p>\n\n\n\n<p>En ese sentido, la resoluci\u00f3n tambi\u00e9n explica&nbsp;<strong>c\u00f3mo autorizar a un tercero a manejar un veh\u00edculo&nbsp;<\/strong>que no es de su propiedad. En esa l\u00ednea, ser\u00e1 posible&nbsp;<strong>asignar una c\u00e9dula verde al perfil digital de Mi Argentina de cada ciudadano&nbsp;<\/strong>autorizado. De esa manera, quien corresponda podr\u00e1 exhibir el documento habilitante desde su propio usuario digital&nbsp;<strong>sin la necesidad de contar con el original o un duplicado en formato f\u00edsico.<\/strong><\/p>\n\n\n\n<figure class=\"wp-block-image\"><img decoding=\"async\" src=\"https:\/\/resizer.glanacion.com\/resizer\/v2\/la-cedula-azul-deja-de-existir-y-unicamente-sera-CXV44HCY5VE7VL6VECOKJ2YF3I.jpg?auth=1fdc90c75aa164028041cbbcf29b28a44f41c7f20b38f7f20b82df34f0ec175f&amp;width=420&amp;height=210&amp;quality=70&amp;smart=true\" alt=\"La c\u00e9dula azul deja de existir y \u00fanicamente ser\u00e1 necesario contar con la verde, f\u00edsica o digital, para circular\"\/><figcaption class=\"wp-element-caption\">La c\u00e9dula azul deja de existir y \u00fanicamente ser\u00e1 necesario contar con la verde, f\u00edsica o digital, para circular<\/figcaption><\/figure>\n\n\n\n<p>Para ello, tal como consta en el Art\u00edculo 5\u00b0 de la disposici\u00f3n publicada, \u201cel titular registral podr\u00e1 solicitar que su propia c\u00e9dula sea visualizada en el perfil digital de uno o m\u00e1s terceros determinados\u201d. Eso lo podr\u00e1 hacer&nbsp;<strong>cualquier persona humana o jur\u00eddica&nbsp;<\/strong>siguiendo los pasos destacados a continuaci\u00f3n:<\/p>\n\n\n\n<ul class=\"wp-block-list\">\n<li>Ingresar en el Sistema Integral de Tr\u00e1mites Electr\u00f3nicos.<\/li>\n\n\n\n<li>Validarse en el portal de la Administraci\u00f3n Federal de Ingresos P\u00fablicos (AFIP) con clave fiscal.<\/li>\n\n\n\n<li>Seleccionar un dominio sobre el cual es titular.<\/li>\n\n\n\n<li>Identificar al tercero mediante su nombre y apellido y CUIT, CUIL o CDI.<\/li>\n<\/ul>\n\n\n\n<p>Una vez completado ese procedimiento, el autorizado ver\u00e1 desde la aplicaci\u00f3n&nbsp;<strong>a la c\u00e9dula verde del veh\u00edculo en cuesti\u00f3n&nbsp;<\/strong>en el apartado \u201cMis veh\u00edculos\u201d. En caso de querer&nbsp;<strong>desafectar la c\u00e9dula de alg\u00fan autorizado,&nbsp;<\/strong>hay que&nbsp;<strong>seguir el mismo procedimiento.<\/strong><\/p>\n\n\n\n<p>Este cambio&nbsp;<strong>ya est\u00e1 vigente<\/strong>. No obstante, para aquellas personas&nbsp;<strong>que tengan una c\u00e9dula azul emitida con anterioridad, seguir\u00e1 siendo v\u00e1lida hasta que el solicitante las revoque.<\/strong><\/p>\n\n\n\n<h2 class=\"wp-block-heading\">Cierre de registros y eliminaci\u00f3n de la c\u00e9dula azul<\/h2>\n\n\n\n<p>La decisi\u00f3n de eliminar la c\u00e9dula azul como documento obligatorio para circular forma parte de un paquete de medidas que el Ministerio de Justicia comunic\u00f3 el 3 de mayo \u00faltimo. En ese entonces,&nbsp;<a href=\"https:\/\/www.lanacion.com.ar\/autos\/el-gobierno-eliminara-el-40-de-los-registros-del-automotor-y-la-cedula-azul-nid03052024\/\"><strong>se inform\u00f3 el cierre del 40% de los Registros del Automotor&nbsp;<\/strong><\/a>en todo el pa\u00eds as\u00ed como la&nbsp;<strong>digitalizaci\u00f3n de \u201cla totalidad de los legajos de los veh\u00edculos, en todos sus tipos\u201d.<\/strong><\/p>\n\n\n\n<p>Tiempo atr\u00e1s, se hab\u00eda anunciado tambi\u00e9n la&nbsp;<strong>eliminaci\u00f3n del Certificado de Transferencia Automotor (CETA).&nbsp;<\/strong>Entre los cambios que encar\u00f3 el Ministerio vinculados con los tr\u00e1mites automotores, tambi\u00e9n \u201cpropondr\u00e1 a las provincias la adhesi\u00f3n de&nbsp;<strong>baja de impuestos de sellos y patentes provinciales<\/strong>, para reducir el costo de las operaciones registrales, que asciende hasta el 70% del costo total de una transferencia\u201d.<\/p>\n\n\n\n<p>Otra de las medidas que dispuso el Ministerio ser\u00e1 la&nbsp;<strong>digitalizaci\u00f3n de \u201cla totalidad de los legajos de los veh\u00edculos, en todos sus tipos, para constituir un registro digital \u00fanico y completo, permitiendo la eliminaci\u00f3n de los legajos f\u00edsicos\u201d.<\/strong><\/p>\n\n\n\n<p>Las medidas de la cartera que conduce Mariano C\u00faneo Libarona figuraban en el\u00a0<a href=\"https:\/\/www.lanacion.com.ar\/autos\/registro-automotor-que-dice-el-decreto-de-milei-y-que-pasara-con-las-transferencias-de-autos-nid21122023\/\">Decreto de Necesidad y Urgencia (DNU) que emiti\u00f3 el presidente Javier Milei el 22 de diciembre \u00faltimo<\/a>, donde 14 art\u00edculos de la norma estaban dedicados a los registros automotores. La digitalizaci\u00f3n de los registros para que todos los tr\u00e1mites de inscripci\u00f3n y transferencia de un veh\u00edculo puedan hacerse en forma virtual es el coraz\u00f3n de la reforma que impulsa el Gobierno. El decreto de diciembre hab\u00eda establecido en su art\u00edculo 364 que la Direcci\u00f3n Nacional del Registro de la Propiedad Automotor (DNRPA) deb\u00eda poner en marcha su \u201cregistro remoto, abierto, estandarizado y accesible\u201d para el 2 de mayo de este a\u00f1o a m\u00e1s tardar.<\/p>\n\n\n\n<p>Fuente: <a href=\"https:\/\/www.lanacion.com.ar\/autos\/como-autorizar-a-alguien-a-manejar-un-auto-al-desaparecer-la-cedula-azul-nid13052024\/\">https:\/\/www.lanacion.com.ar\/autos\/como-autorizar-a-alguien-a-manejar-un-auto-al-desaparecer-la-cedula-azul-nid13052024\/<\/a><\/p>\n","protected":false},"excerpt":{"rendered":"<p>Finalmente,\u00a0el Gobierno\u00a0reglament\u00f3 la derogaci\u00f3n de la c\u00e9dula azul\u00a0para la conducci\u00f3n de cualquier veh\u00edculo en la Argentina. A trav\u00e9s de la\u00a0Disposici\u00f3n 29\/2024\u00a0publicada en el Bolet\u00edn Oficial,\u00a0se confirm\u00f3\u00a0la noticia anticipada hace una semana y que anunciaba el fin de este documento para circular. De ahora en adelante,&nbsp;\u00fanicamente ser\u00e1 necesario presentar la c\u00e9dula verde, ya sea en versi\u00f3n [&hellip;]<\/p>\n","protected":false},"author":3,"featured_media":1365,"comment_status":"open","ping_status":"open","sticky":false,"template":"","format":"standard","meta":{"footnotes":""},"categories":[11,12,10],"tags":[645],"class_list":["post-1364","post","type-post","status-publish","format-standard","has-post-thumbnail","hentry","category-agenda","category-sociedad","category-tendencia","tag-cedula-azul"],"_links":{"self":[{"href":"https:\/\/noticiassaludables.com.ar\/index.php?rest_route=\/wp\/v2\/posts\/1364","targetHints":{"allow":["GET"]}}],"collection":[{"href":"https:\/\/noticiassaludables.com.ar\/index.php?rest_route=\/wp\/v2\/posts"}],"about":[{"href":"https:\/\/noticiassaludables.com.ar\/index.php?rest_route=\/wp\/v2\/types\/post"}],"author":[{"embeddable":true,"href":"https:\/\/noticiassaludables.com.ar\/index.php?rest_route=\/wp\/v2\/users\/3"}],"replies":[{"embeddable":true,"href":"https:\/\/noticiassaludables.com.ar\/index.php?rest_route=%2Fwp%2Fv2%2Fcomments&post=1364"}],"version-history":[{"count":1,"href":"https:\/\/noticiassaludables.com.ar\/index.php?rest_route=\/wp\/v2\/posts\/1364\/revisions"}],"predecessor-version":[{"id":1366,"href":"https:\/\/noticiassaludables.com.ar\/index.php?rest_route=\/wp\/v2\/posts\/1364\/revisions\/1366"}],"wp:featuredmedia":[{"embeddable":true,"href":"https:\/\/noticiassaludables.com.ar\/index.php?rest_route=\/wp\/v2\/media\/1365"}],"wp:attachment":[{"href":"https:\/\/noticiassaludables.com.ar\/index.php?rest_route=%2Fwp%2Fv2%2Fmedia&parent=1364"}],"wp:term":[{"taxonomy":"category","embeddable":true,"href":"https:\/\/noticiassaludables.com.ar\/index.php?rest_route=%2Fwp%2Fv2%2Fcategories&post=1364"},{"taxonomy":"post_tag","embeddable":true,"href":"https:\/\/noticiassaludables.com.ar\/index.php?rest_route=%2Fwp%2Fv2%2Ftags&post=1364"}],"curies":[{"name":"wp","href":"https:\/\/api.w.org\/{rel}","templated":true}]}}