{"id":1382,"date":"2024-05-21T10:49:07","date_gmt":"2024-05-21T13:49:07","guid":{"rendered":"https:\/\/noticiassaludables.com.ar\/?p=1382"},"modified":"2024-05-21T10:49:33","modified_gmt":"2024-05-21T13:49:33","slug":"cumplio-100-anos-usa-celular-y-tiene-registro-para-manejar","status":"publish","type":"post","link":"https:\/\/noticiassaludables.com.ar\/?p=1382","title":{"rendered":"Cumpli\u00f3 100 a\u00f1os, usa celular y tiene registro para manejar"},"content":{"rendered":"\n<ul class=\"wp-block-list\">\n<li>Ex pediatra, Jos\u00e9 Estrin acaba de cumplir un siglo de vida y sorprende con su lucidez y el manejo de dispositivos.<\/li>\n\n\n\n<li>&#8220;No me siento un bicho raro, tengo una vida normal&#8221;, afirma.<\/li>\n\n\n\n<li>Dice que nunca dej\u00f3 de ir a votar. &#8220;La esperanza no se va, pero Argentina siempre ha sido y ser\u00e1 un cambalache&#8221;.<\/li>\n<\/ul>\n\n\n\n<p>Verlo tan activo, l\u00facido y locuaz al centenario Jos\u00e9 Estrin promueve un deseo ineludible: el querer llegar as\u00ed a los 100. \u00bfD\u00f3nde habr\u00eda que firmar? &#8220;Yo no me di cuenta y aqu\u00ed estoy, estrenando tama\u00f1o n\u00famero. \u00bfEs demasiado, no? Nunca me lo propuse, tampoco era una meta, pero una vida ordenada y prolija&nbsp;<strong>me encontraron en una cifra m\u00e1s esperada por la familia que por m\u00ed<\/strong>&#8220;.<\/p>\n\n\n\n<p>Habla claro y conciso Don Jos\u00e9, que vive en Palermo, en la calle Fitz Roy desde hace sesenta a\u00f1os y desde hace unos meses comparte el departamento con Cristina, que&nbsp;<strong>\u00e9l presenta como su secretaria<\/strong>, pero que le cocina y est\u00e1 atenta ante cualquier necesidad.<\/p>\n\n\n\n<p>Disfrutador de la vida a su manera, se define como una persona casera, &#8220;fijate, aqu\u00ed me siento como en el palacio Buckingham&#8221;, pero cada tanto se da una vueltita manzana o va a visitar a hijos y nietos. Admite que encanta comer &#8220;de todo&#8221; y cuenta que tiene sus<strong>&nbsp;rutinas inalterables que alimentan su buen vivir.<\/strong><\/p>\n\n\n\n<p>&#8220;\u00bfSab\u00e9s algo? Dud\u00e9 de la nota, al principio, no s\u00e9,&nbsp;<strong>no me gusta que me vean como un bicho raro s\u00f3lo por llegar a los cien a\u00f1os<\/strong>. Si bien mis amigos y ex colegas quedaron en el camino, hoy hay mucha gente que atraviesa la d\u00e9cada de los noventa sin tantos sobresaltos&#8221;.&nbsp;<strong>Clar\u00edn<\/strong>&nbsp;pudo averiguar que<strong>&nbsp;hay 4.153 argentinos con cien o m\u00e1s a\u00f1os<\/strong>, seg\u00fan el Censo Nacional de 2022.<\/p>\n\n\n\n<p>En su amplio living de un antiguo pero se\u00f1orial departamento de dos plantas, Jos\u00e9 ense\u00f1a algunos rincones del hogar que comparti\u00f3 con Marcela, el amor de su vida, con quien estuvo casado 56 a\u00f1os y que muri\u00f3 en mayo de 2013.&nbsp;<strong>&#8220;Pens\u00e9 que no iba a poder seguir la vida sin ella, una compa\u00f1era extraordinaria<\/strong>, que siempre me trat\u00f3 como un rey pero si quer\u00eda pod\u00eda hundirme&#8221;, dice manejando el sarcasmo a&nbsp;<em>piacere<\/em>. &#8220;Pero pude, continu\u00e9 con tristeza, pero aqu\u00ed estoy rodeado de cari\u00f1o&#8221;, remarca el ex pediatra que ten\u00eda su consultorio en la planta inferior. &#8220;\u00bfSi extra\u00f1o ejercer como m\u00e9dico? A\u00f1oro los v\u00ednculos, el d\u00eda a d\u00eda con colegas, los amigos&#8230;&nbsp;<strong>No qued\u00f3 nadie de la barra. eso me pone melanc\u00f3lico&#8221;.<\/strong><img loading=\"lazy\" decoding=\"async\" alt=\"Hiperconectado. Jos\u00e9 Estrin usa la computadora para informarse y contestar mails, la tablet para ver series y el celular para hablar y mandar whatsapp.\" src=\"https:\/\/www.clarin.com\/img\/2024\/05\/17\/5VU0yykW6_720x0__1.jpg\" width=\"720\" height=\"480\">Hiperconectado. Jos\u00e9 Estrin usa la computadora para informarse y contestar mails, la tablet para ver series y el celular para hablar y mandar whatsapp.<\/p>\n\n\n\n<p>La casa de Estrin parece un museo de fotograf\u00eda con im\u00e1genes familiares por todos lados, con preeminencia de su amada esposa. Tambi\u00e9n de su casamiento, luna de miel en Bariloche, y en otro corner aparecen sus dos hijos, Eduardo y Rub\u00e9n, tambi\u00e9n seis nietos y seis bisnietos.&nbsp;<strong>Repasa nombres, fechas, an\u00e9cdotas y casi no vacila, la memoria est\u00e1 intacta<\/strong>. Se le formula algunas preguntas, pero responde con cara de pocos amigos al sentirse a prueba.<\/p>\n\n\n\n<p>&#8220;No hay una f\u00f3rmula m\u00e1gica para llegar a los 100 a\u00f1os.&nbsp;<strong>Sugerir\u00eda que no vale la pena ir m\u00e1s all\u00e1 de las posibilidades o hacerse malasangre por pavadas&#8230;&nbsp;<\/strong>Mi gran satisfacci\u00f3n, adem\u00e1s de los seres queridos, son aquellas personas a las que pude sacar a flote gracias a mi profesi\u00f3n. Siempre fui un m\u00e9dico que puse mi trabajo por encima de casi todo y siento que mi labor me devolvi\u00f3 grandes alegr\u00edas. Cada tanto en la calle alg\u00fan ex paciente se me acerca y me dice: &#8216;Doctor, usted no se acuerda, pero me cur\u00f3 de tal cosa&#8217;. Agradezco esa deferencia&#8221;.<img loading=\"lazy\" decoding=\"async\" alt=\"Don Jos\u00e9 muestra su licencia de conducir, que cada a\u00f1o renueva con expectativas. &quot;Manej\u00e9 hasta hace poco, pero le di mi auto a mi nieta, que lo necesitaba&quot;.\" src=\"https:\/\/www.clarin.com\/img\/2024\/05\/17\/gcVsNSCfE_720x0__1.jpg\" width=\"720\" height=\"480\">Don Jos\u00e9 muestra su licencia de conducir, que cada a\u00f1o renueva con expectativas. &#8220;Manej\u00e9 hasta hace poco, pero le di mi auto a mi nieta, que lo necesitaba&#8221;.<\/p>\n\n\n\n<p>&#8220;D\u00edgale que le encanta comer, don Jos\u00e9&#8221;, levanta la voz Cristina desde la cocina. &#8220;Sonr\u00ede p\u00edcaro el hombre.&nbsp;<strong>Yo no como comida de hospital, a m\u00ed me gusta el buen comer, engullo de todo y no me he privado de nada.<\/strong>&nbsp;\u00bfQu\u00e9 est\u00e1s preparando, Cris? &#8216;Milanesas con pur\u00e9, doctor&#8217; -escucha atento y recibe el men\u00fa con gesto de satisfacci\u00f3n-. Nunca fum\u00e9 ni tom\u00e9 alcohol y hoy puedo decir que eso me ayud\u00f3 mucho&#8230; Tambi\u00e9n siempre fui muy familiero y tener una familia pendiente de uno da confianza&#8230; Una m\u00e1xima que llev\u00e9 a cuestas en todo momento:&nbsp;<strong>aquel que honra a sus padres tendr\u00e1 alegr\u00eda en sus hijos&#8221;.<\/strong><\/p>\n\n\n\n<p>Cuenta que&nbsp;<strong>todos los a\u00f1os renueva la licencia de conducir, una costumbre que lo mantiene &#8220;esperanzadoramente joven&#8221;<\/strong>. Y lo explica con naturalidad, sin percatarse del gesto de asombro de su interlocutor. &#8220;Voy al CGP que est\u00e1 a dos cuadras, en la calle Bonpland, y rindo el examen como cualquier hijo de vecino. Te imaginar\u00e1s que&nbsp;<strong>no me regalan nada&nbsp;<\/strong>y a veces hasta les ha costado aceptar que me tienen que dar el registro&#8221;, se mata de risa.<\/p>\n\n\n\n<p>&#8220;Pero yo\u00a0<strong>veo y escucho bien, tengo buenos reflejos, a veces hay alg\u00fan cable oxidado, es l\u00f3gico<\/strong>, de todas maneras ahora debo reconocer que no estoy manejando. Este a\u00f1o dej\u00e9 porque le regal\u00e9 mi auto a una nieta y creo que ya est\u00e1 bien. Quiz\u00e1s vaya a renovarlo para mantener la tradici\u00f3n y por qu\u00e9 no, alg\u00fan d\u00eda pueda volver a dar una vueltita manzana con el coche&#8221;.<\/p>\n\n\n\n<p>Jos\u00e9 Estrin cumpli\u00f3 100 a\u00f1os y muestra el legado para sus nietos en un cuadernos manuscrito al que llam\u00f3 &#8216;Las memorias de Jos\u00e9&#8217;.<\/p>\n\n\n\n<p>Se levanta de su sill\u00f3n solo, d\u00factil, no quiere ayuda. Mete la mano en un bolsillo, saca su celular y chequea unos mensajes. &#8220;Ahora no puedo, estoy con el se\u00f1or de la entrevista&#8221;, responde un mensaje de voz sin eufemismos. De otro bolsillo trasero&nbsp;<em>manotea<\/em>&nbsp;su billetera y ofrece la licencia celeste.<strong>&nbsp;&#8220;Por su no me cre\u00edas, fijate, est\u00e1 vigente o debe estar por vencer en estos d\u00edas&#8221;<\/strong>,<\/p>\n\n\n\n<p>Comenta que el a\u00f1o pasado&nbsp;<strong>se la dieron &#8220;s\u00f3lo por un a\u00f1o, pero me la estaban haciendo por un per\u00edodo de dos a\u00f1os.<\/strong>&nbsp;\u00bfQu\u00e9 me genera tener el carnet? Me permite sentirme en carrera, \u00bfno? Si bien me acompa\u00f1a Cristina, con algunos quehaceres dom\u00e9sticos,&nbsp;<strong>no soy una carga para nadie. Eso s\u00ed que no me gustar\u00eda para nada&#8221;.<\/strong><img loading=\"lazy\" decoding=\"async\" alt=\"&quot;Las prepagas son mercenarias y Milei se equivoc\u00f3 al desregularizarlas&quot;, opina el centenario m\u00e9dico Jos\u00e9 Estrin.\" src=\"https:\/\/www.clarin.com\/img\/2024\/05\/20\/pu0oO-UTb_720x0__1.jpg\" width=\"720\" height=\"480\">&#8220;Las prepagas son mercenarias y Milei se equivoc\u00f3 al desregularizarlas&#8221;, opina el centenario m\u00e9dico Jos\u00e9 Estrin.<\/p>\n\n\n\n<p>Vamos para otro ambiente, que es su oficina, su lugar en el mundo. Se sienta en su escritorio, tiene la computadora encendida, pone el celular al lado del teclado y de la tablet.<strong>&nbsp;&#8220;Me defiendo, no voy a negar que me cuestan los dispositivos, pero los utilizo todos.<\/strong>&nbsp;En la tablet veo series, la \u00faltima que vi me encant\u00f3, &#8216;Fauda&#8217;, una israel\u00ed, sorprendentemente muy actual. En la compu veo mails, especialmente, y a veces noticias que sigo en mi celular. Tambi\u00e9n me gusta escuchar la radio cuando me recuesto para hacer alguna siestita, momento que disfruto&#8221;. Y se declara &#8220;un escuchador serial de \u00f3peras, entre las que destaco a &#8216;Turandot&#8217; y &#8216;Nessum Dorma&#8217;. \u00bfMi cantante preferido? Pl\u00e1cido Domingo, el n\u00famero uno&#8221;.<\/p>\n\n\n\n<p>Suspira cuando se le pregunta c\u00f3mo ve el pa\u00eds hoy y c\u00f3mo lo recuerda hace cincuenta a\u00f1os. &#8220;Mir\u00e1, no hay mucha diferencia.&nbsp;<strong>La Argentina es el mismo cambalache de siempre por eso llegar a los cien lo hace m\u00e1s milagroso&#8230;<\/strong>, Pero aqu\u00ed, se vote a quien se vote, dif\u00edcilmente algo cambie. Yo apost\u00e9 por (Mauricio) Macri en 2015, porque hab\u00eda hecho un buen trabajo en la Ciudad, y me ensart\u00e9. \u00bfAlberto Fern\u00e1ndez? Un pobre muchacho, trepador y un gobierno donde el delincuente llev\u00f3 las de ganar&#8221;.<\/p>\n\n\n\n<p>Comenta que el a\u00f1o pasado apost\u00f3 por Javier Milei, &#8220;porque sent\u00eda que quer\u00eda otra cosa, bien distinta, como le pas\u00f3 a mucha gente. Ojo, yo no soy una persona politizada y no me interesa entrar en discusiones o grietas absurdas, pero siempre consider\u00e9 importante ir a votar, no falt\u00e9 nunca al cuarto oscuro. Por ahora&nbsp;<strong>prefiero no juzgar a este muchacho (Milei)<\/strong>, empez\u00f3 hace pocos meses, pero me parece inteligente y parece ir por el camino correcto&#8221;.<img loading=\"lazy\" decoding=\"async\" alt=\"&quot;No hay una f\u00f3rmula m\u00e1gica para llegar a los 100 a\u00f1os. Sugerir\u00eda  para empezar con no hacerse malasangre por pavadas&quot;, recomienda Estrin.\" src=\"https:\/\/www.clarin.com\/img\/2024\/05\/20\/wN7feMVcT_720x0__1.jpg\" width=\"720\" height=\"480\">&#8220;No hay una f\u00f3rmula m\u00e1gica para llegar a los 100 a\u00f1os. Sugerir\u00eda para empezar con no hacerse malasangre por pavadas&#8221;, recomienda Estrin.<\/p>\n\n\n\n<p>Como ex pediatra, defiende la medicina gratuita en el pa\u00eds. &#8220;Yo pago cada vez m\u00e1s impuestos, y al menos quiero una medicina buena y gratuita. Pero s\u00f3lo para los argentinos -enfatiza-.&nbsp;<strong>Estoy de acuerdo con lo que hicieron en Salta, que se cobra la atenci\u00f3n m\u00e9dica<\/strong>&nbsp;y por lo que le\u00ed, baj\u00f3 much\u00edsimo la presencia de extranjeros. Creo que no es una medida descabellada&#8230; And\u00e1 a que te atiendan a un pa\u00eds lim\u00edtrofe, te dejos tirado, ni pensar en los Estados Unidos.<\/p>\n\n\n\n<p>Aparecen sus padres en varios momentos de la conversaci\u00f3n con&nbsp;<strong>Clar\u00edn<\/strong>, y no deja de agradecerles por haber tenido una buena instrucci\u00f3n. &#8220;Mi padre, Bernardo, ucraniano,<strong>&nbsp;lleg\u00f3 con 14 a\u00f1os a la Argentina y pese a que \u00e9l no tuvo posibilidades de estudiar s\u00ed se instruy\u00f3 y siempre me dec\u00eda la importancia de leer&#8230;<\/strong>&nbsp;. En un pa\u00eds como \u00e9ste la educaci\u00f3n es la base de todo, sino est\u00e1s frito&#8230; Pap\u00e1, que trabaj\u00f3 en varias f\u00e1bricas, se hac\u00eda el tiempo para leer a Alejandro Dumas, Victor Hugo, Emile Zola. \u00c9ramos pobres pero a m\u00ed no me falt\u00f3 nada. Mam\u00e1 se llamaba Raquel, era de Kiev, y siempre estuvo al lado de pap\u00e1&#8221;.<\/p>\n\n\n\n<p>Cristina le avisa a Jos\u00e9 que en breve estar\u00e1 el almuerzo y el hombre, con cortes\u00eda, quiere ir dando por terminada la charla. &#8220;Yo eleg\u00ed ser m\u00e9dico, primero, porque de chico jugaba al doctor, me encantaba simular que colocaba vacunas. Y despu\u00e9s<strong>&nbsp;siempre me pareci\u00f3 que la medicina era algo tan importante como inaccesible para mis posibilidades familiares<\/strong>, con lo cual me lo fui metiendo en la cabeza. En aquel entonces ser m\u00e9dico era una profesi\u00f3n muy reconocida, nada que ver con esta actualidad donde el profesional debe salir corriendo una guardia, a un hospital y de ah\u00ed a un consultorio&#8221;.<\/p>\n\n\n\n<p>Dice que no piensa en cu\u00e1ntos m\u00e1s vivir\u00e1 y que la salud me acompa\u00f1a. &#8220;Tuve una complicaci\u00f3n hace exactamente un a\u00f1o, cuando&nbsp;<strong>me oper\u00e9 de un tumor en el colon, pero sal\u00ed bien, mirame -desaf\u00eda con onda-<\/strong>. \u00bfLa prepaga? No, ni la us\u00e9 a Fem\u00e9dica, que es la que tengo yo&#8230; \u00bfPara qu\u00e9? No quer\u00eda empezar el tira y afloja&#8230; Eleg\u00ed el mejor sanatorio para este tipo de enfermedades y fue la mejor elecci\u00f3n&#8221;. Pero niega con la cabeza, lamenta el presente de su amada profesi\u00f3n.&nbsp;<strong>&#8220;Soy un defensor a ultranza del consultorio privado, de la consulta y del v\u00ednculo m\u00e9dico-paciente<\/strong>, algo que lamentablemente ya casi no existe. La palabra del m\u00e9dico era sagrada, hoy desconfi\u00e1s de la preparaci\u00f3n de algunos profesionales&#8221;.<\/p>\n\n\n\n<p>&#8220;Don Jos\u00e9, est\u00e1 listo el almuerzo&#8221;, se escucha desde la cocina. El due\u00f1o de casa practica un gesto que podr\u00eda traducirse&nbsp;<em>bueno, se tiene que ir.&nbsp;<\/em>Es cierto, adem\u00e1s, est\u00e1 un poco &#8220;abrumado&#8221;, dice.<strong>&nbsp;&#8220;Hace mucho que no hablaba tanto y es la primera vez en mi vida que me someto a tantas preguntas.<\/strong>&nbsp;Le falt\u00f3 averiguar mi grupo sangu\u00edneo&#8221;. Agrega que luego se recostar\u00e1 y se llevar\u00e1 la tablet a la cama, &#8220;a ver qu\u00e9 serie puedo mirar&#8221;.<\/p>\n\n\n\n<p>Fuente: <a href=\"https:\/\/www.clarin.com\/sociedad\/cumplio-100-anos-usa-tablet-celular-registro-manejar-cuenta-receta_0_VH5JPZ4J6q.html\">https:\/\/www.clarin.com\/sociedad\/cumplio-100-anos-usa-tablet-celular-registro-manejar-cuenta-receta_0_VH5JPZ4J6q.html<\/a><\/p>\n","protected":false},"excerpt":{"rendered":"<p>Verlo tan activo, l\u00facido y locuaz al centenario Jos\u00e9 Estrin promueve un deseo ineludible: el querer llegar as\u00ed a los 100. \u00bfD\u00f3nde habr\u00eda que firmar? &#8220;Yo no me di cuenta y aqu\u00ed estoy, estrenando tama\u00f1o n\u00famero. \u00bfEs demasiado, no? Nunca me lo propuse, tampoco era una meta, pero una vida ordenada y prolija&nbsp;me encontraron en [&hellip;]<\/p>\n","protected":false},"author":3,"featured_media":1383,"comment_status":"open","ping_status":"open","sticky":false,"template":"","format":"standard","meta":{"footnotes":""},"categories":[15,3,12],"tags":[694,692,693],"class_list":["post-1382","post","type-post","status-publish","format-standard","has-post-thumbnail","hentry","category-entrevistas","category-principal","category-sociedad","tag-100-anos","tag-jose-estrin","tag-longevo"],"_links":{"self":[{"href":"https:\/\/noticiassaludables.com.ar\/index.php?rest_route=\/wp\/v2\/posts\/1382","targetHints":{"allow":["GET"]}}],"collection":[{"href":"https:\/\/noticiassaludables.com.ar\/index.php?rest_route=\/wp\/v2\/posts"}],"about":[{"href":"https:\/\/noticiassaludables.com.ar\/index.php?rest_route=\/wp\/v2\/types\/post"}],"author":[{"embeddable":true,"href":"https:\/\/noticiassaludables.com.ar\/index.php?rest_route=\/wp\/v2\/users\/3"}],"replies":[{"embeddable":true,"href":"https:\/\/noticiassaludables.com.ar\/index.php?rest_route=%2Fwp%2Fv2%2Fcomments&post=1382"}],"version-history":[{"count":2,"href":"https:\/\/noticiassaludables.com.ar\/index.php?rest_route=\/wp\/v2\/posts\/1382\/revisions"}],"predecessor-version":[{"id":1385,"href":"https:\/\/noticiassaludables.com.ar\/index.php?rest_route=\/wp\/v2\/posts\/1382\/revisions\/1385"}],"wp:featuredmedia":[{"embeddable":true,"href":"https:\/\/noticiassaludables.com.ar\/index.php?rest_route=\/wp\/v2\/media\/1383"}],"wp:attachment":[{"href":"https:\/\/noticiassaludables.com.ar\/index.php?rest_route=%2Fwp%2Fv2%2Fmedia&parent=1382"}],"wp:term":[{"taxonomy":"category","embeddable":true,"href":"https:\/\/noticiassaludables.com.ar\/index.php?rest_route=%2Fwp%2Fv2%2Fcategories&post=1382"},{"taxonomy":"post_tag","embeddable":true,"href":"https:\/\/noticiassaludables.com.ar\/index.php?rest_route=%2Fwp%2Fv2%2Ftags&post=1382"}],"curies":[{"name":"wp","href":"https:\/\/api.w.org\/{rel}","templated":true}]}}