{"id":1386,"date":"2024-05-21T11:09:15","date_gmt":"2024-05-21T14:09:15","guid":{"rendered":"https:\/\/noticiassaludables.com.ar\/?p=1386"},"modified":"2024-05-21T11:09:15","modified_gmt":"2024-05-21T14:09:15","slug":"crecio-la-cantidad-de-gente-que-vive-en-las-calles-de-la-ciudad","status":"publish","type":"post","link":"https:\/\/noticiassaludables.com.ar\/?p=1386","title":{"rendered":"Creci\u00f3 la cantidad de gente que vive en las calles de la Ciudad"},"content":{"rendered":"\n<h2 class=\"wp-block-heading\">El Gobierno porte\u00f1o dio a conocer el \u00faltimo censo y anunci\u00f3 un nuevo modo de abordar la problem\u00e1tica.Los datos revelan que con respecto al a\u00f1o pasado se registr\u00f3 un 21% m\u00e1s de gente viviendo en esas condiciones.Seg\u00fan la Ciudad, el 60% tiene problemas de consumo o psiqui\u00e1tricos y desde una organizaci\u00f3n dicen que se los criminaliza.<\/h2>\n\n\n\n<p><img loading=\"lazy\" decoding=\"async\" width=\"360\" height=\"620\" src=\"https:\/\/www.clarin.com\/img\/2023\/04\/06\/Ofaoi4jr5_360x240__1.jpg\" alt=\"Creci\u00f3 la cantidad de gente que vive en las calles de la Ciudad y dicen que suben los niveles de violencia\">Gente que vive en la c<\/p>\n\n\n\n<p>Entre las 20 y las 5 de la madrugada del 17 al 18 de abril el gobierno porte\u00f1o llev\u00f3 a cabo el censo de gente en situaci\u00f3n de calle. Este a\u00f1o el trabajo de los equipos interdisciplinarios que participaron del relevamiento identificaron a<strong>&nbsp;4.009 personas<\/strong>. De ellas 2.684 se encontraban en los paradores.<\/p>\n\n\n\n<p>Estos n\u00fameros indican que, en comparaci\u00f3n con el \u00faltimo relevamiento de noviembre de 2023, la poblaci\u00f3n total&nbsp;<strong>creci\u00f3 el 14% en un a\u00f1o<\/strong>.<\/p>\n\n\n\n<p>Seg\u00fan los datos compartidos por la Ciudad, el&nbsp;<strong>60% tiene problemas de consumos<\/strong>&nbsp;o alg\u00fan tipo de &#8220;trastorno mental severo, lo que desata niveles de violencia&#8221;. Y agregaron que, en consonancia con otras ciudades del mundo, &#8220;hay m\u00e1s violencia en las calles&#8221;.<\/p>\n\n\n\n<p>Indicaron que el 63% de las personas ten\u00edan alguna vinculaci\u00f3n con los paradores (el nombre oficial es CIS, Centros de Inclusi\u00f3n Social); es decir, pasaron alguna vez a dormir, o a comer, a ba\u00f1arse o a realizar talleres. Y seg\u00fan el relevamiento, m\u00e1s del 50% no tiene domicilio en territorio porte\u00f1o.<\/p>\n\n\n\n<p>Por otra parte, el censo permiti\u00f3 identificar las comunas en donde hay m\u00e1s gente en situaci\u00f3n de calle: la 1, 2, 3, 4, 6, 7, 13, 14 y 15.<img loading=\"lazy\" decoding=\"async\" alt=\"Personas en situaci\u00f3n de calle en la Ciudad de Buenos Aires. Foto: Mart\u00edn Bonetto\" src=\"https:\/\/www.clarin.com\/img\/2024\/05\/15\/XxkNjo3Bj_720x0__1.jpg\" width=\"720\" height=\"480\">Personas en situaci\u00f3n de calle en la Ciudad de Buenos Aires. Foto: Mart\u00edn Bonetto<\/p>\n\n\n\n<p>El trabajo fue realizado por el Ministerio de Desarrollo Humano y H\u00e1bitat y la Direcci\u00f3n General de Estad\u00edsticas y Censos. Particip\u00f3 adem\u00e1s la Defensor\u00eda del Pueblo porte\u00f1o, como veedora. En total se movilizaron 75 equipos, de 4 personas cada uno, que recorrieron las 15 comunas porte\u00f1as.<\/p>\n\n\n\n<p>Es el primer censo en la gesti\u00f3n de Jorge Macri y los&nbsp;<strong>cambios que se buscan implementar<\/strong>&nbsp;en la pol\u00edtica vinculada a la gente en situaci\u00f3n de calle arrancaron con el pie izquierdo. Una semana despu\u00e9s de realizar el relevamiento, se vincul\u00f3 a esta poblaci\u00f3n con el &#8220;Operativo Especial Orden y Limpieza&#8221;. En su cuenta de Instagram, el jefe comunal mostr\u00f3, con una foto de un&nbsp;<a href=\"https:\/\/www.clarin.com\/ciudades\/gobierno-ciudad-ratifico-decision-impedir-personas-durmiendo-calles_0_IHstE5xXlb.html\" target=\"_blank\" rel=\"noreferrer noopener\">&#8220;antes y ahora&#8221;<\/a>, el&nbsp;<strong>desalojo de personas&nbsp;<\/strong>que ocupaban el espacio p\u00fablico. Luego la borr\u00f3.<\/p>\n\n\n\n<p>&#8220;Que una mala comunicaci\u00f3n no opaque una buena pol\u00edtica p\u00fablica&#8221;, dicen en el entorno de Macri.<\/p>\n\n\n\n<p>Ocurre que en estas semanas se implementaron&nbsp;<strong>una serie de cambios vinculados a la gente que duerme en la calle<\/strong>; por un lado un cambio de nombre en el programa, que dejar\u00e1 de llamarse Buenos Aires Presente (BAP) para ser rebautizado como<strong>&nbsp;Red de Atenci\u00f3n<\/strong>.<\/p>\n\n\n\n<p>Y por el otro, distinguirlos en tres grandes grupos, aquellos que son&nbsp;<strong>emergentes<\/strong>, posiblemente afectados por la situaci\u00f3n econ\u00f3mica actual;&nbsp;<strong>cr\u00f3nicos<\/strong>, quienes llevan a\u00f1os viviendo en las calles; y&nbsp;<strong>peligrosos<\/strong>. Son el grupo que la Ciudad considera que crece no s\u00f3lo en Buenos Aires, sino tambi\u00e9n en todas las grandes urbes del mundo.<img loading=\"lazy\" decoding=\"async\" alt=\"La Ciudad recurri\u00f3 a tres categor\u00edas para diferenciar a la gente que vive en situaci\u00f3n de calle. Foto: Mart\u00edn Bonetto\" src=\"https:\/\/www.clarin.com\/img\/2023\/04\/06\/rrPNZ3Gsb_720x0__1.jpg\" width=\"720\" height=\"480\">La Ciudad recurri\u00f3 a tres categor\u00edas para diferenciar a la gente que vive en situaci\u00f3n de calle. Foto: Mart\u00edn Bonetto<\/p>\n\n\n\n<p>&#8220;Primer dato relevante, a las ONG les cuesta conseguir voluntarios porque cada vez<strong>&nbsp;tienen m\u00e1s miedo<\/strong>&nbsp;de participar en las acciones solidarias. Incluso sabemos que hay iglesias en donde ya no les dan de comer en el interior de los recintos porque<strong>&nbsp;la violencia creci\u00f3<\/strong>&nbsp;y tienen miedo. Se puso dif\u00edcil, picante&#8221;, concluyeron fuentes del ejecutivo porte\u00f1o.<\/p>\n\n\n\n<p>Esto explica que se haya tomado la decisi\u00f3n de incorporar un&nbsp;<strong>parador espec\u00edfico para tratar temas de salud mental<\/strong>. Incluso utilizando un veh\u00edculo del SAME adaptado para situaciones de brotes psiqui\u00e1tricos que puedan ocurrir en la v\u00eda p\u00fablica. &#8220;La realidad de la calle es muy compleja, no es la misma que hace diez a\u00f1os. Las pol\u00edticas actuales no alcanzan porque no siempre la crisis econ\u00f3mica explica que alguien est\u00e9 en la calle. Por eso tambi\u00e9n buscamos&nbsp;<strong>segmentar las respuestas<\/strong>&#8220;, indicaron.<\/p>\n\n\n\n<p>El 74% de las personas que se encuentran en la calle son hombres, por eso la mayor cantidad de paradores est\u00e1n destinados a ellos. Hay 3.300 plazas disponibles en 47 paradores; en unas semanas se inaugurar\u00eda uno nuevo, destinado a familias.<\/p>\n\n\n\n<p>Seg\u00fan el ejecutivo porte\u00f1o en este momento&nbsp;<strong>s\u00f3lo hay 3 menores de edad&nbsp;<\/strong>viviendo en la calle, &#8220;cronificados&#8221;: &#8220;Eran alrededor de 40, pero logramos bajar esa poblaci\u00f3n. Con el nuevo parador de familias se suman 180 plazas&#8221;, informaron.<\/p>\n\n\n\n<p>En esta edici\u00f3n del censo, el ejecutivo porte\u00f1o hizo foco en la demanda vecinal: &#8220;Impulsamos un cambio profundo en la manera de abordar la problem\u00e1tica. Es una pol\u00edtica para los 3 millones de porte\u00f1os, para los que est\u00e1n en las calles y para los vecinos que quieren una&nbsp;<strong>buena convivencia<\/strong>&#8220;, expresaron.<\/p>\n\n\n\n<p>&#8220;No generalizar pero tampoco ignorar lo que pasa&#8221;, dicen desde el Ejecutivo. Entienden que por ejemplo desde las ranchadas surgen problemas de inseguridad, desde el robo de cables o de bronce, hasta situaciones de violencia extrema, como la muerte del ingeniero&nbsp;<a href=\"https:\/\/www.clarin.com\/policiales\/acusado-matar-ingeniero-mariano-barbieri-palermo-condenado-veces-anos_0_TOJlplET1A.html\" target=\"_blank\" rel=\"noreferrer noopener\">Mariano Barbieri&nbsp;<\/a>en los Bosques de Palermo o la reciente&nbsp;<a href=\"https:\/\/www.clarin.com\/sociedad\/mujer-denuncio-abusada-hospital-fernandez-fuerte-operativo-encontrar-atacante_0_VnqFYkW5en.html\" target=\"_blank\" rel=\"noreferrer noopener\">violaci\u00f3n&nbsp;<\/a>de una mujer en el Hospital Fern\u00e1ndez.<\/p>\n\n\n\n<p>&#8220;El l\u00edmite es la violencia contra el otro&#8221;, justificaron as\u00ed el cambio en la pol\u00edtica de abordaje. Tambi\u00e9n habr\u00e1<strong>&nbsp;bases operativas con recorridas permanentes<\/strong>&nbsp;por puntos estrat\u00e9gicos, y la apertura de nuevos Dispositivos de Primer Acercamiento (DIPA); en estos lugares de d\u00eda las personas podr\u00e1n ir a comer, ba\u00f1arse y tener una entrevista con un trabajador social o un psic\u00f3logo.<\/p>\n\n\n\n<h2 class=\"wp-block-heading\">Reclamo de las organizaciones sociales<\/h2>\n\n\n\n<p>De todas formas, las organizaciones sociales contin\u00faan pidiendo&nbsp;<strong>un censo m\u00e1s abarcativo<\/strong>. Entienden que se trata de un conteo, de una foto. Horacio Avila es referente de Proyecto 7, una organizaci\u00f3n integrada y coordinada por gente en situaci\u00f3n de calle. Gestionan cuatro Centros de Integraci\u00f3n; uno de ellos destinado a talleres y capacitaci\u00f3n, el resto a dar techo, comidas y contenci\u00f3n. &#8220;Estos cuatro meses han sido terribles, pero esta situaci\u00f3n&nbsp;<strong>viene de arrastre<\/strong>. Para las personas de bajos recursos son momentos dolorosos, en que se destrozan todas las redes. La crisis de la vivienda y los alquileres impacta de una manera brutal&#8221;, le dijo a&nbsp;<strong>Clar\u00edn<\/strong>.<\/p>\n\n\n\n<p>Actualmente le dan asistencia a unas 400 personas; mujeres, hombres, mam\u00e1s con hijas e hijos y personas del colectivo LGBT+. Mayormente es una poblaci\u00f3n estable.<\/p>\n\n\n\n<p>El martes convocaron a una jornada de visibilizaci\u00f3n en el Obelisco y ofrecieron desayunos a 300 personas. &#8220;Nosotros vemos mucha gente en situaci\u00f3n de calle. Estimamos que puede haber hasta 10.000 personas&#8221;, calcul\u00f3 Avila. \u00bfEn que se basa? Por un lado, en las 7.251 personas que contabilizaron en 2019, cuando las organizaciones sociales realizaron su propio censo. Desde ese momento en adelante se sucedieron la pandemia y una crisis econ\u00f3mica detr\u00e1s de otra; adem\u00e1s de una inflaci\u00f3n interanual que trep\u00f3 al 289% (en base a datos oficiales del Indec, abril de 2023 &#8211; abril 2024).<\/p>\n\n\n\n<p>Y adem\u00e1s de todo esto, una crisis muchas veces invisibilizada, la de los hoteles y pensiones. Cada vez hay menos, lo que implica un impacto directo en esta poblaci\u00f3n.&nbsp;<a href=\"https:\/\/www.clarin.com\/ciudades\/efecto-crisis-habitacional-desnudo-informe-oficial_0_978xOlZZe2.html\" target=\"_blank\" rel=\"noreferrer noopener\">En diez a\u00f1os la cantidad de establecimientos se redujo a la mitad<\/a>, seg\u00fan un relevamiento de la Defensor\u00eda del Pueblo de la Ciudad; y para empeorar la situaci\u00f3n, el 45% de los existentes tiene&nbsp;<strong>condiciones de hacinamiento<\/strong>.<\/p>\n\n\n\n<p>Proyecto 7 impulsa la realizaci\u00f3n de un nuevo censo, el tercero. Se llevar\u00eda a cabo como los anteriores, con 1.000 voluntarios, durante cuatro d\u00edas (tres d\u00edas de semana y uno del fin de semana), y diferentes franjas horarias. La Ciudad critica esta metodolog\u00eda porque entiende que podr\u00eda duplicar la cantidad de gente.<\/p>\n\n\n\n<p>Avila se mostr\u00f3 preocupado por las pol\u00edticas implementadas por el gobierno de Jorge Macri; entiende que &#8220;criminaliza y revictimiza a las personas en situaci\u00f3n de calle. Duermen a la intemperie, no son delincuentes&#8221;, argument\u00f3.<\/p>\n\n\n\n<p>Fuente: <a href=\"https:\/\/www.clarin.com\/ciudades\/crecio-cantidad-gente-vive-calles-ciudad-dicen-suben-niveles-violencia_0_FBVv1swzuz.html\">https:\/\/www.clarin.com\/ciudades\/crecio-cantidad-gente-vive-calles-ciudad-dicen-suben-niveles-violencia_0_FBVv1swzuz.html<\/a><\/p>\n","protected":false},"excerpt":{"rendered":"<p>El Gobierno porte\u00f1o dio a conocer el \u00faltimo censo y anunci\u00f3 un nuevo modo de abordar la problem\u00e1tica.Los datos revelan que con respecto al a\u00f1o pasado se registr\u00f3 un 21% m\u00e1s de gente viviendo en esas condiciones.Seg\u00fan la Ciudad, el 60% tiene problemas de consumo o psiqui\u00e1tricos y desde una organizaci\u00f3n dicen que se los [&hellip;]<\/p>\n","protected":false},"author":3,"featured_media":1388,"comment_status":"open","ping_status":"open","sticky":false,"template":"","format":"standard","meta":{"footnotes":""},"categories":[11,13,3],"tags":[647],"class_list":["post-1386","post","type-post","status-publish","format-standard","has-post-thumbnail","hentry","category-agenda","category-politica","category-principal","tag-gente-en-situacion-de-calle"],"_links":{"self":[{"href":"https:\/\/noticiassaludables.com.ar\/index.php?rest_route=\/wp\/v2\/posts\/1386","targetHints":{"allow":["GET"]}}],"collection":[{"href":"https:\/\/noticiassaludables.com.ar\/index.php?rest_route=\/wp\/v2\/posts"}],"about":[{"href":"https:\/\/noticiassaludables.com.ar\/index.php?rest_route=\/wp\/v2\/types\/post"}],"author":[{"embeddable":true,"href":"https:\/\/noticiassaludables.com.ar\/index.php?rest_route=\/wp\/v2\/users\/3"}],"replies":[{"embeddable":true,"href":"https:\/\/noticiassaludables.com.ar\/index.php?rest_route=%2Fwp%2Fv2%2Fcomments&post=1386"}],"version-history":[{"count":1,"href":"https:\/\/noticiassaludables.com.ar\/index.php?rest_route=\/wp\/v2\/posts\/1386\/revisions"}],"predecessor-version":[{"id":1389,"href":"https:\/\/noticiassaludables.com.ar\/index.php?rest_route=\/wp\/v2\/posts\/1386\/revisions\/1389"}],"wp:featuredmedia":[{"embeddable":true,"href":"https:\/\/noticiassaludables.com.ar\/index.php?rest_route=\/wp\/v2\/media\/1388"}],"wp:attachment":[{"href":"https:\/\/noticiassaludables.com.ar\/index.php?rest_route=%2Fwp%2Fv2%2Fmedia&parent=1386"}],"wp:term":[{"taxonomy":"category","embeddable":true,"href":"https:\/\/noticiassaludables.com.ar\/index.php?rest_route=%2Fwp%2Fv2%2Fcategories&post=1386"},{"taxonomy":"post_tag","embeddable":true,"href":"https:\/\/noticiassaludables.com.ar\/index.php?rest_route=%2Fwp%2Fv2%2Ftags&post=1386"}],"curies":[{"name":"wp","href":"https:\/\/api.w.org\/{rel}","templated":true}]}}