{"id":1401,"date":"2024-05-22T11:47:47","date_gmt":"2024-05-22T14:47:47","guid":{"rendered":"https:\/\/noticiassaludables.com.ar\/?p=1401"},"modified":"2024-05-22T11:47:48","modified_gmt":"2024-05-22T14:47:48","slug":"el-edificio-pionero-de-la-diagonal-norte","status":"publish","type":"post","link":"https:\/\/noticiassaludables.com.ar\/?p=1401","title":{"rendered":"El edificio \u201cpionero\u201d de la Diagonal Norte\u00a0"},"content":{"rendered":"\n<h2 class=\"wp-block-heading\">Es el Sud Am\u00e9rica, que fue sede de la compa\u00f1\u00eda de seguros que llevaba su nombre y la Superintendencia de Seguros de la Naci\u00f3n.En su fisonom\u00eda hay rasgos de un barco, con mascarones de proa y todo. Actualmente se encuentra vac\u00edo pero tiene muchos usos posibles.<\/h2>\n\n\n\n<p>Desde esta terraza, Plaza de Mayo y su hist\u00f3rico entorno se palpitan a otro ritmo. Casi no llegan los ruidos del tr\u00e1nsito y la quietud provoca cierto sosiego; a\u00fan en esta Ciudad sin calma. La luz que se filtra desde el cielo, plomizo por estos d\u00edas, ayuda a contemplar con mayor nitidez una cantidad de&nbsp;<strong>c\u00fapulas, remates, construcciones e hitos urbanos&nbsp;<\/strong>casi imposibles de enumerar.<\/p>\n\n\n\n<p>As\u00ed de central y vital es la ubicaci\u00f3n de uno de los primeros edificios construidos sobre Diagonal Norte: el<em>&nbsp;<\/em><strong><em>Sud Am\u00e9rica<\/em><\/strong>, en la esquina del cruce con Rivadavia.<\/p>\n\n\n\n<p>Ocupa una&nbsp;<a href=\"https:\/\/www.clarin.com\/ciudades\/manzanas-atipicas-esquinas-curva-historias-secretos-rarezas-embellecen-ciudad_0_nanlkZA3r2.html\">manzana at\u00edpica<\/a>, triangular y peque\u00f1a, en la que comparte cartel con uno de los edificios m\u00e1s curiosos de la zona, y de la Ciudad: el de<em>&nbsp;La Equitativa del Plata<\/em>, del arquitecto Alejandro Virasoro, con una c\u00fapula esbelta de&nbsp;<a href=\"https:\/\/www.clarin.com\/arq\/geometria-buenos-aires-secretos-art-deco-porteno_0_4NDReBLd.html\">estilo art dec\u00f3<\/a>.<\/p>\n\n\n\n<p>Hoy el&nbsp;<em>Sud Am\u00e9rica<\/em>&nbsp;se encuentra vac\u00edo. En su origen fue sede de la compa\u00f1\u00eda de seguros del mismo nombre y durante d\u00e9cadas fue rentado a la Superintendencia de Servicios de Salud de la Naci\u00f3n, un organismo p\u00fablico que mud\u00f3 sus oficinas recientemente.<\/p>\n\n\n\n<p>Su propietario acompa\u00f1\u00f3 a&nbsp;<strong>Clar\u00edn<\/strong>&nbsp;por una recorrida por este sorprendente edificio que&nbsp;<strong>podr\u00eda reconvertirse en m\u00faltiples usos<\/strong>: viviendas, oficinas, coworking, hotel, alquiler temporario, bar, restaurante y claro,&nbsp;<em>rooftop<\/em>. Post pandemia, la&nbsp;<a href=\"https:\/\/www.clarin.com\/ciudades\/plan-aprobo-legislatura-transformar-centro-porteno-area-residencial_0_xkBGMxzcm.html\">normativa porte\u00f1a<\/a>&nbsp;promueve estos cambios y fomenta usos residenciales.<img loading=\"lazy\" decoding=\"async\" alt=\"Proa hacia el r\u00edo. Foto Luciano Thieberger \" src=\"https:\/\/www.clarin.com\/img\/2024\/05\/13\/vf-7UAVqN_720x0__1.jpg\" width=\"720\" height=\"480\">Proa hacia el r\u00edo. Foto Luciano Thieberger<img loading=\"lazy\" decoding=\"async\" alt=\"Detalle de los bajorrelieves. Foto arquitecta Alicia Aletti\" src=\"https:\/\/www.clarin.com\/img\/2024\/05\/13\/SawTgPGL7_720x0__1.jpg\" width=\"720\" height=\"480\">Detalle de los bajorrelieves. Foto arquitecta Alicia Aletti<img loading=\"lazy\" decoding=\"async\" alt=\"Bajorrelieve en el frente del edificio. Foto arquitecta Alicia Aletti\" src=\"https:\/\/www.clarin.com\/img\/2024\/05\/13\/ceFm-rzZu_720x0__1.jpg\" width=\"720\" height=\"480\">Bajorrelieve en el frente del edificio. Foto arquitecta Alicia Aletti<img loading=\"lazy\" decoding=\"async\" alt=\"&quot;La riqueza&quot; y &quot;La previsi\u00f3n&quot;. Foto Luciano Thieberger\" src=\"https:\/\/www.clarin.com\/img\/2024\/05\/13\/kYgDq7p0u_720x0__1.jpg\" width=\"720\" height=\"480\">&#8220;La riqueza&#8221; y &#8220;La previsi\u00f3n&#8221;. Foto Luciano Thieberger<\/p>\n\n\n\n<p>Aunque ahora no es posible ingresar, por fortuna el valor que tiene para esta avenida y para la Ciudad puede ser disfrutado por todos. Pero pone a prueba la atenci\u00f3n de quienes circulan por la zona: hay que levantar la vista para descubrir un conjunto escult\u00f3rico y una ornamentaci\u00f3n que remite a<strong>&nbsp;dioses, leyendas y mitos.<\/strong><\/p>\n\n\n\n<p>Hay una peque\u00f1a plazoleta que une los pasos peatonales de Bol\u00edvar y Avenida Rivadavia y desde este sitio se puede tener un buen panorama del edificio. Tambi\u00e9n desde la galer\u00eda de ingreso de la Catedral Metropolitana. \u00bfParece la proa de un barco?<img loading=\"lazy\" decoding=\"async\" alt=\"Tr\u00edada de c\u00fapulas, las dos Bencich y la del ICBC. Foto Luciano Thieberger\" src=\"https:\/\/www.clarin.com\/img\/2024\/05\/13\/vIckeR_Bp_720x0__1.jpg\" width=\"720\" height=\"480\">Tr\u00edada de c\u00fapulas, las dos Bencich y la del ICBC. Foto Luciano Thieberger<img loading=\"lazy\" decoding=\"async\" alt=\"Tres relojes monumentales: Bol\u00edvar 1, Legislatura porte\u00f1a y Consejo de la Magistratura. Foto Luciano Thieberger\" src=\"https:\/\/www.clarin.com\/img\/2024\/05\/13\/Vx3YGNEWt_720x0__1.jpg\" width=\"720\" height=\"480\">Tres relojes monumentales: Bol\u00edvar 1, Legislatura porte\u00f1a y Consejo de la Magistratura. Foto Luciano Thieberger<\/p>\n\n\n\n<p>La arquitecta Alicia Aletti confirma: &#8220;Hay que situarse en la \u00e9poca y en lo que se buscaba representar a trav\u00e9s de la construcci\u00f3n de esta casa matriz. Era una compa\u00f1\u00eda que<strong>&nbsp;aseguraba barcos, productos y personas<\/strong>, en un momento en que Argentina era el famoso &#8216;granero del mundo&#8217; y exportaba productos desde el Puerto de Buenos Aires. En la punta del edificio -donde se tocan las esquinas de Rivadavia y la Diagonal- hay dos esculturas que son como los mascarones de proa&#8221;. Aletti estuvo a cargo de la restauraci\u00f3n de la fachada de este edificio, en 2012.<\/p>\n\n\n\n<p>Las esculturas de la ochava son dos figuras femeninas aleg\u00f3ricas de los valores que buscaba transmitir la empresa: &#8220;La riqueza&#8221; y &#8220;La previsi\u00f3n&#8221;. Ambas sosteniendo ni\u00f1os en su regazo. La primera, con una cornucopia, un cuerno del que brotan frutos y riquezas; la figura de la derecha, cobijando y cubriendo la cabeza del ni\u00f1o. Este grupo escult\u00f3rico se ubica en el piso ocho.<img loading=\"lazy\" decoding=\"async\" alt=\"Logotipo de la compa\u00f1\u00eda. Foto Luciano Thieberger\" src=\"https:\/\/www.clarin.com\/img\/2024\/05\/13\/irOHK9As7_720x0__1.jpg\" width=\"720\" height=\"480\">Logotipo de la compa\u00f1\u00eda. Foto Luciano Thieberger<\/p>\n\n\n\n<p>A la altura del s\u00e9ptimo piso se pueden ver tres bajo relieves: J\u00fapiter simbolizando la energ\u00eda, Plut\u00f3n al trabajo y N\u00e9ptuno, dios romano del mar y los oc\u00e9anos. &#8220;N\u00e9ptuno siendo guia de los barcos en sus traves\u00edas y hacia su destino. Sent\u00eds que est\u00e1s en un barco y comprendes la simbolog\u00eda y la b\u00fasqueda que tuvieron los arquitectos cuando sub\u00eds a la terraza, desde las alturas. Por eso<strong>&nbsp;espero que sea un lugar que se abra al p\u00fablico<\/strong>, que la gente pueda disfrutarlo&#8221;, anhel\u00f3 la arquitecta. Durante los meses que dur\u00f3 la restauraci\u00f3n, mont\u00f3 sus oficinas justamente en la terraza.<\/p>\n\n\n\n<p>Copones con hojas de roble, bellotas y coronas de laureles -como representaci\u00f3n de la inmortalidad y la constancia-; leones protegiendo el logo de la empresa; el cetro alado de Herm\u00e9s, s\u00edmbolo del comercio. Todas im\u00e1genes que refuerzan lo que la empresa de seguros buscaba transmitir desde su casa central.<img loading=\"lazy\" decoding=\"async\" alt=\"En uso durante d\u00e9cadas por la Superintendencia de Servicios de Salud, se encuentra muy preservado. Foto Luciano Thieberger\" src=\"https:\/\/www.clarin.com\/img\/2024\/05\/13\/oyAsADnte_720x0__1.jpg\" width=\"720\" height=\"480\">En uso durante d\u00e9cadas por la Superintendencia de Servicios de Salud, se encuentra muy preservado. Foto Luciano Thieberger<\/p>\n\n\n\n<p>El<em>&nbsp;Sud Am\u00e9rica&nbsp;<\/em>es de 1926, proyectado por Albert Guilbert y Eugenio Gantner. Fueron pioneros en esta avenida y arquitectos muy reconocidos, aqu\u00ed y en Europa.<\/p>\n\n\n\n<p>&#8220;Guilbert tiene important\u00edsimos trabajos realizados en Paris, la Catedral Saint Jean Baptiste y la Capilla Notre Dame de la Consolaci\u00f3n, entre otras (<em>N. de R.: ambas ubicadas a metros del Gran Palais<\/em>). Y juntos construyeron aqu\u00ed un edificio en Barracas que tiene pasaje propio, el Pasaje Europa, sobre Avenida Montes de oca&#8221;, relat\u00f3 Alejandro Machado, investigador y difusor del patrimonio local en redes sociales (@cronistadetuciudad).<img loading=\"lazy\" decoding=\"async\" alt=\"La planta del 4to al 8vo piso, publicada en 1929 en la Revista del Centro de Arquitectos. Fuente: Colecci\u00f3n de revistas digitalizadas FADU UBA\" src=\"https:\/\/www.clarin.com\/img\/2024\/05\/13\/NQufSmI-J_720x0__1.jpg\" width=\"720\" height=\"480\">La planta del 4to al 8vo piso, publicada en 1929 en la Revista del Centro de Arquitectos. Fuente: Colecci\u00f3n de revistas digitalizadas FADU UBA<img loading=\"lazy\" decoding=\"async\" alt=\"Detalles de la fachada del edificio. Revista del Centro de Arquitectos, publicada en marzo del 29. Fuente: Colecci\u00f3n de revistas digitalizadas FADU UBA\" src=\"https:\/\/www.clarin.com\/img\/2024\/05\/13\/p9hjh-4-Z_720x0__1.jpg\" width=\"720\" height=\"480\">Detalles de la fachada del edificio. Revista del Centro de Arquitectos, publicada en marzo del 29. Fuente: Colecci\u00f3n de revistas digitalizadas FADU UBA<\/p>\n\n\n\n<p>En el&nbsp;<a href=\"https:\/\/www.clarin.com\/ciudades\/docientos-anos-cementerio-recoleta-mitos-leyendas-paseo-virtual-tumbas-ilustres_0_1k0BH9GZt2.html\">Cementerio de la Recoleta<\/a>&nbsp;proyectaron una de las b\u00f3vedas m\u00e1s visitadas por vecinos y turistas: la de Juan Lartigau, con una magn\u00edfica escultura -que incluso llama la atenci\u00f3n desde el exterior, porque asoma por encima del muro, en la esquina de Azcu\u00e9naga y Vicente L\u00f3pez-, firmada por el escultor franc\u00e9s Emile Peynot. Lartigau era el secretario del jefe policial&nbsp;<strong>Ram\u00f3n L. Falc\u00f3n<\/strong>. En 1909, fueron asesinados durante un atentado anarquista.<\/p>\n\n\n\n<p>Volviendo al&nbsp;<em>Sud Am\u00e9rica<\/em>, fue uno de los primeros edificios de la Diagonal, junto a otros que se encuentran en la vereda opuesta, por ejemplo el que fue el&nbsp;<em>First National Bank Boston<\/em>&nbsp;(hoy ICBC), de 1922, en la esquina de Florida; otra construcci\u00f3n por la que vale la pena levantar la vista y descubrir la c\u00fapula de estilo neoplateresco espa\u00f1ol, con tejas rojas.<img loading=\"lazy\" decoding=\"async\" alt=\"Las c\u00fapulas de Bol\u00edvar 1, en primer plano; al fondo, la torre art dec\u00f3 del hotel NH.  Foto Luciano Thieberger\" src=\"https:\/\/www.clarin.com\/img\/2024\/05\/13\/-4iCBkY-u_720x0__1.jpg\" width=\"720\" height=\"480\">Las c\u00fapulas de Bol\u00edvar 1, en primer plano; al fondo, la torre art dec\u00f3 del hotel NH. Foto Luciano Thieberger<\/p>\n\n\n\n<p>Desde la terraza del&nbsp;<em>Sud Am\u00e9rica<\/em>, la vista a las&nbsp;<a href=\"https:\/\/www.clarin.com\/ciudades\/curiosa-esquina-reune-cupulas-cien-anos-historia_0_vTZhips6r.html\">cinco c\u00fapulas de Florida y Diagonal<\/a>&nbsp;es sencillamente hipn\u00f3tica. A lo lejos, el Obelisco; y hacia el R\u00edo de Plata, la sucesi\u00f3n de construcciones hist\u00f3ricas que se identifican son interminables, desde la cubierta de la Catedral, hasta las c\u00fapulas del Cabildo, del ex diario&nbsp;<em>La Prensa<\/em>, de la ex Casa de Gobierno porte\u00f1o, la Legislatura, el Hotel NH, y el reloj y los colosos de la Magistratura, entre otros.<\/p>\n\n\n\n<p>Capitulo aparte merece el trazado de la Diagonal: &#8220;La idea original era que ambas Diagonales, la Norte y la Sur, conformaran un tri\u00e1ngulo. Vale recordar que tuvimos 14 presidentes que pertenecieron a logias mas\u00f3nicas. Como los tri\u00e1ngulos, los obeliscos responden a un s\u00edmbolo mas\u00f3nico y nuestro Obelisco -uniendo ambas Diagonales- es tambi\u00e9n todo un s\u00edmbolo&#8221;, relata la arquitecta Aletti, quien adem\u00e1s escribi\u00f3 un libro al respecto,&nbsp;<em>&#8220;La Diagonal, Sociedad, Historia y Arquitectura, Buenos Aires Siglo XX&#8221;.<\/em><img loading=\"lazy\" decoding=\"async\" alt=\"Visuales hacia el r\u00edo, desde la terraza. \u00bfFuturo rooftop?. Foto Luciano Thieberger\" src=\"https:\/\/www.clarin.com\/img\/2024\/05\/13\/wSSsVlqK9_720x0__1.jpg\" width=\"720\" height=\"480\">Visuales hacia el r\u00edo, desde la terraza. \u00bfFuturo rooftop?. Foto Luciano Thieberger<\/p>\n\n\n\n<p>La intenci\u00f3n era que estas diagonales unieran la Casa Rosada con el Congreso y el Palacio de Justicia: &#8220;Pero el proyecto qued\u00f3 trunco, entre otras cosas porque deb\u00eda mudarse el&nbsp;<a href=\"https:\/\/www.clarin.com\/ciudades\/bolivar-1-antiguo-palacio-municipal-porteno-resiste-quedar-vacio_0_JNzvafDjI.html\">Palacio Municipal<\/a>&nbsp;(<em>N. de R.: en Bol\u00edvar 1, alguna vez el gobierno porte\u00f1o tuvo intenci\u00f3n de&nbsp;<a href=\"https:\/\/www.clarin.com\/arq\/patrimonio\/venta-edificios-patrimoniales-ciudad-negocio_0_Hy29OF5sf.html\">venderlo en una feria internacional de real state<\/a><\/em>) y porque Diagonal Sur nunca lleg\u00f3 hasta la 9 de Julio&#8221;, sintetiz\u00f3 Aletti.<\/p>\n\n\n\n<p>En estos d\u00edas de calma para el edificio -sin inquilinos a\u00fan- se llevan a cabo trabajos de mantenimiento y tareas en las instalaciones. Un movimiento incesante de trabajadores alistando al edificio insignia en la Diagonal y ya en camino de festejar su centenario, en 1926.<img loading=\"lazy\" decoding=\"async\" alt=\"Vitrales, tambi\u00e9n muy bien conservados pese al intenso uso que tuvo el edificio durante d\u00e9cadas. Foto Luciano Thieberger. \" src=\"https:\/\/www.clarin.com\/img\/2024\/05\/13\/vXBA22qGf_720x0__1.jpg\" width=\"720\" height=\"480\">Vitrales, tambi\u00e9n muy bien conservados pese al intenso uso que tuvo el edificio durante d\u00e9cadas. Foto Luciano Thieberger.<img loading=\"lazy\" decoding=\"async\" alt=\"C\u00fapula del ex Banco Argentino Uruguayo del arquitecto franc\u00e9s Eduardo Le Monnier; los techos rojos, son los de la Catedral Metropolitana. Foto Luciano Thieberger\" src=\"https:\/\/www.clarin.com\/img\/2024\/05\/13\/TUJ_uQ1Q1_720x0__1.jpg\" width=\"720\" height=\"480\">C\u00fapula del ex Banco Argentino Uruguayo del arquitecto franc\u00e9s Eduardo Le Monnier; los techos rojos, son los de la Catedral Metropolitana. Foto Luciano Thieberger<img loading=\"lazy\" decoding=\"async\" alt=\"Detalle de las escaleras, de marmol y estuco. Foto Luciano Thieberger\" src=\"https:\/\/www.clarin.com\/img\/2024\/05\/13\/ZuF_08_nT_720x0__1.jpg\" width=\"720\" height=\"480\">Detalle de las escaleras, de marmol y estuco. Foto Luciano Thieberger<\/p>\n\n\n\n<p>Fuente: <a href=\"https:\/\/www.clarin.com\/ciudades\/edificio-pionero-diagonal-norte-secreto-llegar-mitos-leyendas-esculturas_0_Ny54nUpjBA.html\">https:\/\/www.clarin.com\/ciudades\/edificio-pionero-diagonal-norte-secreto-llegar-mitos-leyendas-esculturas_0_Ny54nUpjBA.html<\/a><\/p>\n","protected":false},"excerpt":{"rendered":"<p>Es el Sud Am\u00e9rica, que fue sede de la compa\u00f1\u00eda de seguros que llevaba su nombre y la Superintendencia de Seguros de la Naci\u00f3n.En su fisonom\u00eda hay rasgos de un barco, con mascarones de proa y todo. Actualmente se encuentra vac\u00edo pero tiene muchos usos posibles. Desde esta terraza, Plaza de Mayo y su hist\u00f3rico [&hellip;]<\/p>\n","protected":false},"author":3,"featured_media":1402,"comment_status":"open","ping_status":"open","sticky":false,"template":"","format":"standard","meta":{"footnotes":""},"categories":[11,12],"tags":[701],"class_list":["post-1401","post","type-post","status-publish","format-standard","has-post-thumbnail","hentry","category-agenda","category-sociedad","tag-edificio-pionero-de-la-diagonal-norte"],"_links":{"self":[{"href":"https:\/\/noticiassaludables.com.ar\/index.php?rest_route=\/wp\/v2\/posts\/1401","targetHints":{"allow":["GET"]}}],"collection":[{"href":"https:\/\/noticiassaludables.com.ar\/index.php?rest_route=\/wp\/v2\/posts"}],"about":[{"href":"https:\/\/noticiassaludables.com.ar\/index.php?rest_route=\/wp\/v2\/types\/post"}],"author":[{"embeddable":true,"href":"https:\/\/noticiassaludables.com.ar\/index.php?rest_route=\/wp\/v2\/users\/3"}],"replies":[{"embeddable":true,"href":"https:\/\/noticiassaludables.com.ar\/index.php?rest_route=%2Fwp%2Fv2%2Fcomments&post=1401"}],"version-history":[{"count":1,"href":"https:\/\/noticiassaludables.com.ar\/index.php?rest_route=\/wp\/v2\/posts\/1401\/revisions"}],"predecessor-version":[{"id":1403,"href":"https:\/\/noticiassaludables.com.ar\/index.php?rest_route=\/wp\/v2\/posts\/1401\/revisions\/1403"}],"wp:featuredmedia":[{"embeddable":true,"href":"https:\/\/noticiassaludables.com.ar\/index.php?rest_route=\/wp\/v2\/media\/1402"}],"wp:attachment":[{"href":"https:\/\/noticiassaludables.com.ar\/index.php?rest_route=%2Fwp%2Fv2%2Fmedia&parent=1401"}],"wp:term":[{"taxonomy":"category","embeddable":true,"href":"https:\/\/noticiassaludables.com.ar\/index.php?rest_route=%2Fwp%2Fv2%2Fcategories&post=1401"},{"taxonomy":"post_tag","embeddable":true,"href":"https:\/\/noticiassaludables.com.ar\/index.php?rest_route=%2Fwp%2Fv2%2Ftags&post=1401"}],"curies":[{"name":"wp","href":"https:\/\/api.w.org\/{rel}","templated":true}]}}