{"id":1407,"date":"2024-05-23T11:23:52","date_gmt":"2024-05-23T14:23:52","guid":{"rendered":"https:\/\/noticiassaludables.com.ar\/?p=1407"},"modified":"2024-05-23T11:23:52","modified_gmt":"2024-05-23T14:23:52","slug":"el-impacto-psicologico-en-las-ninas-de-la-adultizacion-y-la-preocupacion-por-la-belleza","status":"publish","type":"post","link":"https:\/\/noticiassaludables.com.ar\/?p=1407","title":{"rendered":"El impacto psicol\u00f3gico en las ni\u00f1as de la adultizaci\u00f3n y la preocupaci\u00f3n por la belleza"},"content":{"rendered":"\n<p>La exposici\u00f3n a experiencias, expectativas y responsabilidades adultas de manera prematura puede manifestarse en varias \u00e1reas, como en la forma de vestir, los comportamientos sociales y las expectativas sobre la apariencia f\u00edsica. Cu\u00e1les son los riesgos para la salud mental de estas exigencias<\/p>\n\n\n\n<p>La presi\u00f3n que hace obsesionar a las ni\u00f1as con el cuidado de la piel y los<strong>&nbsp;est\u00e1ndares de belleza&nbsp;<\/strong>puede ser una manifestaci\u00f3n preocupante de&nbsp;<strong>presiones sociales y culturales&nbsp;<\/strong>que afectan su&nbsp;<strong>salud mental<\/strong>.<\/p>\n\n\n\n<p>En un mundo saturado de im\u00e1genes retocadas y&nbsp;<strong>est\u00e1ndares inalcanzables de belleza<\/strong>, las ni\u00f1as pueden sentir una presi\u00f3n abrumadora para cumplir con estos ideales, lo que puede generar&nbsp;<strong>sentimientos de inseguridad, baja autoestima y ansiedad<\/strong>. La idea que se ofrece es que cuanto m\u00e1s liso, m\u00e1s terso es m\u00e1s bello. El mandato es abrumador para cualquier persona y se torna rid\u00edculo si se piensa en la piel infantil.<\/p>\n\n\n\n<p>Aun as\u00ed, la industria logra ir captando cada vez m\u00e1s sujetos d\u00f3ciles al mercado que intenten cumplir con ideales inalcanzables.<a href=\"https:\/\/www.infobae.com\/salud\/2024\/05\/23\/dia-mundial-del-melanoma-por-que-aumentan-los-casos-en-el-pais-y-quienes-se-encuentran-en-mayor-riesgo\/\" target=\"_blank\" rel=\"noreferrer noopener\"><\/a><\/p>\n\n\n\n<p>La&nbsp;<strong>industria del cuidado de la piel y la belleza<\/strong>&nbsp;muchas veces promueve un canon est\u00e9tico poco realista, que exalta ciertos rasgos f\u00edsicos y tipos de piel, relegando a otros a la marginaci\u00f3n. Esto lleva a que las ni\u00f1as se sientan&nbsp;<strong>insatisfechas con su apariencia<\/strong>&nbsp;y busquen desesperadamente alcanzar un est\u00e1ndar de belleza inalcanzable. Esto no es nuevo, solo que ahora pasa en&nbsp;<strong>edades cada vez m\u00e1s tempranas.<\/strong><\/p>\n\n\n\n<p><img loading=\"lazy\" decoding=\"async\" alt=\"La industria del cuidado de la piel y la belleza a menudo promueve un canon de belleza poco realista, exacerbando la insatisfacci\u00f3n con la apariencia (Freepik)\" height=\"1080\" width=\"1920\" class=\"\" src=\"https:\/\/www.infobae.com\/new-resizer\/C2695_z6Jw8ldAsfZYQTGy9WuW8=\/420x236\/filters:format(webp):quality(85)\/cloudfront-us-east-1.images.arcpublishing.com\/infobae\/FAD4ZLLP4FG2VBNKSMK5P4U2LQ.jpg%20420w\" srcset=\"https:\/\/www.infobae.com\/new-resizer\/C2695_z6Jw8ldAsfZYQTGy9WuW8=\/420x236\/filters:format(webp):quality(85)\/cloudfront-us-east-1.images.arcpublishing.com\/infobae\/FAD4ZLLP4FG2VBNKSMK5P4U2LQ.jpg 420w,https:\/\/www.infobae.com\/new-resizer\/fo2fQY9CszMPTDqc8WEPziZ8G54=\/768x432\/filters:format(webp):quality(85)\/cloudfront-us-east-1.images.arcpublishing.com\/infobae\/FAD4ZLLP4FG2VBNKSMK5P4U2LQ.jpg 768w,https:\/\/www.infobae.com\/new-resizer\/8hESYm7G05o95GnVp9vq8FuC-3Q=\/992x558\/filters:format(webp):quality(85)\/cloudfront-us-east-1.images.arcpublishing.com\/infobae\/FAD4ZLLP4FG2VBNKSMK5P4U2LQ.jpg 992w,https:\/\/www.infobae.com\/new-resizer\/N7230yf1sQL4Viwmhad5juq30ww=\/1200x675\/filters:format(webp):quality(85)\/cloudfront-us-east-1.images.arcpublishing.com\/infobae\/FAD4ZLLP4FG2VBNKSMK5P4U2LQ.jpg 1200w,https:\/\/www.infobae.com\/new-resizer\/PR_5IKEkG2pfiQoOnzc7olOIy5w=\/1440x810\/filters:format(webp):quality(85)\/cloudfront-us-east-1.images.arcpublishing.com\/infobae\/FAD4ZLLP4FG2VBNKSMK5P4U2LQ.jpg 1440w\">La industria del cuidado de la piel y la belleza a menudo promueve un canon de belleza poco realista, exacerbando la insatisfacci\u00f3n con la apariencia (Freepik)<\/p>\n\n\n\n<p>Es preocupante ver c\u00f3mo desde muy peque\u00f1as se est\u00e1n promoviendo y normalizando ciertos<strong>\u00a0estereotipos de g\u00e9nero<\/strong>\u00a0que tienen un impacto negativo en<strong>\u00a0la salud mental\u00a0<\/strong>de las ni\u00f1as.<a href=\"https:\/\/www.infobae.com\/salud\/2024\/05\/22\/cual-es-la-hierba-mas-util-para-para-mejorar-los-niveles-de-colesterol\/\" target=\"_blank\" rel=\"noreferrer noopener\"><\/a><\/p>\n\n\n\n<p>Recuerdo hace a\u00f1os cuando se populariz\u00f3 el&nbsp;<strong>\u201cspa para ni\u00f1as\u201d<\/strong>&nbsp;como opci\u00f3n para celebrar los cumplea\u00f1os, una idea que ayud\u00f3 a perpetuar ciertas expectativas de g\u00e9nero desde una edad muy temprana: las nenas deben permanecer quietas con rodajas de pepinos en los ojos, a ellas les gusta estar acostadas o con cremas en la cara, en lugar de corriendo o trepando \u00e1rboles o saltando a la soga. Estos componentes tambi\u00e9n est\u00e1 relacionado con la&nbsp;<a rel=\"noreferrer noopener\" href=\"https:\/\/www.infobae.com\/salud\/2023\/09\/09\/de-lolita-a-barbie-el-impacto-psicologico-de-la-hipersexualizacion-en-la-infancia\/#:~:text=La%20hipersexualizaci%C3%B3n%20en%20la%20infancia%20es%20un%20t%C3%A9rmino%20que%20se,alcanzado%20la%20madurez%20emocional%20para\" target=\"_blank\">sexualizaci\u00f3n temprana de las ni\u00f1as<\/a>.<\/p>\n\n\n\n<p><strong>Byung-Chul Han<\/strong>, fil\u00f3sofo surcoreano-alem\u00e1n, ha escrito extensamente sobre la cultura contempor\u00e1nea y abord\u00f3 c\u00f3mo la<strong>&nbsp;obsesi\u00f3n con la belleza<\/strong>&nbsp;tiene efectos negativos en la sociedad, esto significa que en cada individuo. Esta obsesi\u00f3n hacia la apariencia f\u00edsica,&nbsp;<strong>convierte a lo \u201cbello\u201d en sin\u00f3nimo de lo \u201cpulido\u201d \u201cbrillante\u201d y \u201cperfecto\u201d.<\/strong><\/p>\n\n\n\n<p>Se pueden ver muchos videos en<strong>&nbsp;redes sociales<\/strong>&nbsp;con&nbsp;<strong>rutinas de belleza en ni\u00f1as,&nbsp;<\/strong>a veces acompa\u00f1adas por adultas y otras solas, donde no solo limpian su piel con diversas cremas y serums sino que se maquillan.<\/p>\n\n\n\n<p><img loading=\"lazy\" decoding=\"async\" alt=\"La presi\u00f3n para cumplir con estos est\u00e1ndares de belleza ya se est\u00e1 normalizando desde edades muy tempranas, promoviendo estereotipos de g\u00e9nero (Freepik)\" height=\"1080\" width=\"1920\" class=\"\" src=\"https:\/\/www.infobae.com\/new-resizer\/kY239fPiF-mfkbweNg2gr9dl0AQ=\/420x236\/filters:format(webp):quality(85)\/cloudfront-us-east-1.images.arcpublishing.com\/infobae\/K5PG5ISBWJEQ3AEL7MHIQC7IYY.jpg%20420w\" srcset=\"https:\/\/www.infobae.com\/new-resizer\/kY239fPiF-mfkbweNg2gr9dl0AQ=\/420x236\/filters:format(webp):quality(85)\/cloudfront-us-east-1.images.arcpublishing.com\/infobae\/K5PG5ISBWJEQ3AEL7MHIQC7IYY.jpg 420w,https:\/\/www.infobae.com\/new-resizer\/AyOsIkPgN2wdLPGDdJIWRm6tdzY=\/768x432\/filters:format(webp):quality(85)\/cloudfront-us-east-1.images.arcpublishing.com\/infobae\/K5PG5ISBWJEQ3AEL7MHIQC7IYY.jpg 768w,https:\/\/www.infobae.com\/new-resizer\/ZahWspY0SW6ovHeutQ0za4uJ408=\/992x558\/filters:format(webp):quality(85)\/cloudfront-us-east-1.images.arcpublishing.com\/infobae\/K5PG5ISBWJEQ3AEL7MHIQC7IYY.jpg 992w,https:\/\/www.infobae.com\/new-resizer\/uOkv63g7SqDnP15_uZpdyxcDGA8=\/1200x675\/filters:format(webp):quality(85)\/cloudfront-us-east-1.images.arcpublishing.com\/infobae\/K5PG5ISBWJEQ3AEL7MHIQC7IYY.jpg 1200w,https:\/\/www.infobae.com\/new-resizer\/4XYv2M9vwPPQZ9ZHF8O3ciAjd4Q=\/1440x810\/filters:format(webp):quality(85)\/cloudfront-us-east-1.images.arcpublishing.com\/infobae\/K5PG5ISBWJEQ3AEL7MHIQC7IYY.jpg 1440w\">La presi\u00f3n para cumplir con estos est\u00e1ndares de belleza ya se est\u00e1 normalizando desde edades muy tempranas, promoviendo estereotipos de g\u00e9nero (Freepik)<\/p>\n\n\n\n<p>\u00bfPara qu\u00e9 y por qu\u00e9 las ni\u00f1as deber\u00edan llevar adelante pr\u00e1cticas del mundo de los adultos? El&nbsp;<strong>maquillaje es un pacto social entre adultos&nbsp;<\/strong>y muchos productos est\u00e1n contraindicados para pieles infantiles, como lo demuestran diversos estudios.<\/p>\n\n\n\n<p>Las ni\u00f1as, al observar a los adultos (especialmente a las figuras femeninas) usar maquillaje, pueden interpretar que este es una parte esencial de ser adulto y atractivo. Una cosa es jugar a \u201cser como mam\u00e1\u201d ponerse los tacones y pintarse, y otra es el&nbsp;<strong>fen\u00f3meno de la adultizaci\u00f3n<\/strong>.<\/p>\n\n\n\n<p>La&nbsp;<strong>adultizaci\u00f3n<\/strong>&nbsp;se refiere a la&nbsp;<strong>exposici\u00f3n de los ni\u00f1os a experiencias, expectativas y responsabilidades adultas de manera prematura<\/strong>. Esto puede manifestarse en varias \u00e1reas, como la forma de vestir, los comportamientos sociales y las expectativas sobre la apariencia f\u00edsica.<\/p>\n\n\n\n<p>La internalizaci\u00f3n de estas normas de belleza junto a la adultizaci\u00f3n pueden impactar en la&nbsp;<strong>autoestima&nbsp;<\/strong>de las ni\u00f1as y traer otros<strong>&nbsp;problemas de salud mental, como ansiedad y depresi\u00f3n y sobreadaptaci\u00f3n.<\/strong><\/p>\n\n\n\n<p><img loading=\"lazy\" decoding=\"async\" alt=\"Las ni\u00f1as son expuestas prematuramente a experiencias y expectativas adultas, incluyendo el uso de maquillaje, lo que puede impactar negativamente en su autoestima y salud mental (Imagen Ilustrativa Infobae)\" height=\"816\" width=\"1456\" class=\"\" src=\"https:\/\/www.infobae.com\/new-resizer\/VyosVBKFF1f5gaPYIQ9jZWsWx-A=\/420x236\/filters:format(webp):quality(85)\/cloudfront-us-east-1.images.arcpublishing.com\/infobae\/INTHALIXEFBCRN6HLTZXBDFKMI.jpg%20420w\" srcset=\"https:\/\/www.infobae.com\/new-resizer\/VyosVBKFF1f5gaPYIQ9jZWsWx-A=\/420x236\/filters:format(webp):quality(85)\/cloudfront-us-east-1.images.arcpublishing.com\/infobae\/INTHALIXEFBCRN6HLTZXBDFKMI.jpg 420w,https:\/\/www.infobae.com\/new-resizer\/YhNL0Gj9g6sXIwYgvsnHBi5Bf9U=\/768x432\/filters:format(webp):quality(85)\/cloudfront-us-east-1.images.arcpublishing.com\/infobae\/INTHALIXEFBCRN6HLTZXBDFKMI.jpg 768w,https:\/\/www.infobae.com\/new-resizer\/Kp95cjjY76F7_dIp5sIyzBC8SAc=\/992x558\/filters:format(webp):quality(85)\/cloudfront-us-east-1.images.arcpublishing.com\/infobae\/INTHALIXEFBCRN6HLTZXBDFKMI.jpg 992w,https:\/\/www.infobae.com\/new-resizer\/GL-cQsHqiJiV6WPyjs3iDAfkGms=\/1200x675\/filters:format(webp):quality(85)\/cloudfront-us-east-1.images.arcpublishing.com\/infobae\/INTHALIXEFBCRN6HLTZXBDFKMI.jpg 1200w,https:\/\/www.infobae.com\/new-resizer\/sw3bi925GxqCKdNdakeDN71650o=\/1440x810\/filters:format(webp):quality(85)\/cloudfront-us-east-1.images.arcpublishing.com\/infobae\/INTHALIXEFBCRN6HLTZXBDFKMI.jpg 1440w\">Las ni\u00f1as son expuestas prematuramente a experiencias y expectativas adultas, incluyendo el uso de maquillaje, lo que puede impactar negativamente en su autoestima y salud mental (Imagen Ilustrativa Infobae)<\/p>\n\n\n\n<p><strong>Esther Pineda<\/strong>, soci\u00f3loga venezolana acu\u00f1\u00f3 el concepto&nbsp;<strong>violencia est\u00e9tica<\/strong>, en 2012 para referirse a<strong>&nbsp;la realizaci\u00f3n de pr\u00e1cticas, f\u00f3rmulas y procedimientos est\u00e9ticos, exigidos por la sociedad, que devienen en<\/strong>&nbsp;<strong>consecuencias psicol\u00f3gicas, sociales y f\u00edsicas<\/strong>&nbsp;que se ejercen especialmente sobre el cuerpo de las mujeres. Si bien la autora no trabaj\u00f3 el concepto en la infancia, podr\u00edamos extrapolarlo a esta etapa de la vida.<\/p>\n\n\n\n<p>La violencia est\u00e9tica comienza desde la infancia con este tipo de pr\u00e1cticas, que parecen anodinas, pero tienen un trasfondo de exigencia irrealizable. Es&nbsp;<strong>machista&nbsp;<\/strong>porque se demanda principalmente a las ni\u00f1as. La&nbsp;<strong>exigencia&nbsp;<\/strong>de estar siempre arregladas y perfectas como sin\u00f3nimo de la&nbsp;<strong>feminidad&nbsp;<\/strong>trae como consecuencia preocupaciones excesivas acerca de la belleza, de pertenecer o no al canon. La&nbsp;<strong>belleza heteronormativa<\/strong>&nbsp;exige poseer o intentar conseguir una piel blanca, lisa y tersa y mantenerla as\u00ed, como si fuera nuestra obligaci\u00f3n, la de las mujeres y para toda la vida.<\/p>\n\n\n\n<p>De la belleza, entonces, quedan excluidas todas las ni\u00f1as no-blancas (ind\u00edgenas, afrodescendientes) y tambi\u00e9n las que presentan discapacidades, que seg\u00fan el mandato, no son parte de este mundo ilusorio donde la belleza es \u00fanica y viene solo en un formato<strong>. Esta narrativa social expulsa y deja a las ni\u00f1as atrapadas en encerronas de necesitar al otro,<\/strong>&nbsp;para crecer y desarrollarse, pero<strong>&nbsp;ese otro social, no las valida o las maltrata desde esa exigencia del deber ser.<\/strong><\/p>\n\n\n\n<p><img loading=\"lazy\" decoding=\"async\" alt=\"Estas normas promueven una preocupaci\u00f3n excesiva por la apariencia f\u00edsica a expensas de otros aspectos importantes del desarrollo personal como habilidades y talentos\" height=\"349\" width=\"478\" class=\"\" src=\"https:\/\/www.infobae.com\/new-resizer\/qssEK4wP9yErkOTP5noEzXzfNqE=\/420x315\/filters:format(webp):quality(85)\/cloudfront-us-east-1.images.arcpublishing.com\/infobae\/MT3MXISPNJHVFJRLX3N2BSISYU.jpg%20420w\" srcset=\"https:\/\/www.infobae.com\/new-resizer\/qssEK4wP9yErkOTP5noEzXzfNqE=\/420x315\/filters:format(webp):quality(85)\/cloudfront-us-east-1.images.arcpublishing.com\/infobae\/MT3MXISPNJHVFJRLX3N2BSISYU.jpg 420w,https:\/\/www.infobae.com\/new-resizer\/9kfWKErTrYt79ppDiUAB8MnMa3o=\/768x576\/filters:format(webp):quality(85)\/cloudfront-us-east-1.images.arcpublishing.com\/infobae\/MT3MXISPNJHVFJRLX3N2BSISYU.jpg 768w,https:\/\/www.infobae.com\/new-resizer\/H2aa8SJDbWr_rIpJ4FfrYoo7GDE=\/992x744\/filters:format(webp):quality(85)\/cloudfront-us-east-1.images.arcpublishing.com\/infobae\/MT3MXISPNJHVFJRLX3N2BSISYU.jpg 992w,https:\/\/www.infobae.com\/new-resizer\/1cSIwFLcEu75YnpHAuDtC2KlyhQ=\/1200x900\/filters:format(webp):quality(85)\/cloudfront-us-east-1.images.arcpublishing.com\/infobae\/MT3MXISPNJHVFJRLX3N2BSISYU.jpg 1200w,https:\/\/www.infobae.com\/new-resizer\/HylN_p-IqNZ1onHUcvCI7eSaQ2A=\/1440x1080\/filters:format(webp):quality(85)\/cloudfront-us-east-1.images.arcpublishing.com\/infobae\/MT3MXISPNJHVFJRLX3N2BSISYU.jpg 1440w\">Estas normas promueven una preocupaci\u00f3n excesiva por la apariencia f\u00edsica a expensas de otros aspectos importantes del desarrollo personal como habilidades y talentos<\/p>\n\n\n\n<p>En nuestra cultura la<strong>&nbsp;apariencia externa y hegem\u00f3nica<\/strong>&nbsp;se valoriza excesivamente. Lo bello parece estar asociado a lo simple, sin profundidad ni complejidad, como una&nbsp;<strong>selfie&nbsp;<\/strong>perfecta, para ser consumido de manera inmediata y descartada. La belleza se ha convertido en un producto m\u00e1s de rendimiento y capacitaci\u00f3n en sociedades hiperexplotadas, asegura Han.<\/p>\n\n\n\n<p>La&nbsp;<strong>presi\u00f3n&nbsp;<\/strong>para cumplir con est\u00e1ndares de belleza inalcanzables provoca&nbsp;<strong>estr\u00e9s, ansiedad y depresi\u00f3n<\/strong>. La constante exposici\u00f3n a ideales de belleza pulidos y perfectos, especialmente a trav\u00e9s de las redes sociales y los medios de comunicaci\u00f3n, contribuye a la<strong>&nbsp;insatisfacci\u00f3n corporal, la ansiedad y la depresi\u00f3n en las ni\u00f1as<\/strong>. La comparaci\u00f3n con im\u00e1genes idealizadas y editadas puede llevar a una autoimagen negativa y a una b\u00fasqueda insana de la perfecci\u00f3n que provoca trastornos de diferente \u00edndole.<\/p>\n\n\n\n<p>Estas narrativas llevan impl\u00edcito el mensaje sobre c\u00f3mo las ni\u00f1as deben valorarse y cuidarse a s\u00ed mismas, centr\u00e1ndose en la est\u00e9tica y la apariencia en lugar de en otros aspectos importantes de su desarrollo, como sus<strong>&nbsp;habilidades, talentos o intereses.&nbsp;<\/strong>Adem\u00e1s, puede contribuir a la creaci\u00f3n de una cultura que promueve la preocupaci\u00f3n excesiva por la apariencia f\u00edsica y la conformidad con los est\u00e1ndares de belleza, lo que puede llevar a problemas de autoestima, ansiedad y&nbsp;<strong>dismorfia corporal&nbsp;<\/strong>en el futuro y provoca<strong>&nbsp;discriminaci\u00f3n y estigma.<\/strong><\/p>\n\n\n\n<p><img loading=\"lazy\" decoding=\"async\" alt=\"Es crucial desafiar estas pr\u00e1cticas y promover una cultura de diversidad, autenticidad y autoaceptaci\u00f3n para proteger la salud mental y el bienestar de las ni\u00f1as (Foto: Pixabay)\" height=\"1080\" width=\"1920\" class=\"\" src=\"https:\/\/www.infobae.com\/new-resizer\/nBVrnySW0Je0q0lYdukqMsLnTko=\/420x236\/filters:format(webp):quality(85)\/cloudfront-us-east-1.images.arcpublishing.com\/infobae\/JGHXZKY4JBANVG34LZ4PINB5WM.jpg%20420w\" srcset=\"https:\/\/www.infobae.com\/new-resizer\/nBVrnySW0Je0q0lYdukqMsLnTko=\/420x236\/filters:format(webp):quality(85)\/cloudfront-us-east-1.images.arcpublishing.com\/infobae\/JGHXZKY4JBANVG34LZ4PINB5WM.jpg 420w,https:\/\/www.infobae.com\/new-resizer\/oZpdzlkry29iHfXtX6fGtWxjQVc=\/768x432\/filters:format(webp):quality(85)\/cloudfront-us-east-1.images.arcpublishing.com\/infobae\/JGHXZKY4JBANVG34LZ4PINB5WM.jpg 768w,https:\/\/www.infobae.com\/new-resizer\/RUiYIis_aFf3URW3h6VtStMuZ28=\/992x558\/filters:format(webp):quality(85)\/cloudfront-us-east-1.images.arcpublishing.com\/infobae\/JGHXZKY4JBANVG34LZ4PINB5WM.jpg 992w,https:\/\/www.infobae.com\/new-resizer\/R1RLlru4TaDvWNIJp6-qyMDGa8I=\/1200x675\/filters:format(webp):quality(85)\/cloudfront-us-east-1.images.arcpublishing.com\/infobae\/JGHXZKY4JBANVG34LZ4PINB5WM.jpg 1200w,https:\/\/www.infobae.com\/new-resizer\/B2C1pMgKWPk5Vd20-tnBj6KwQPg=\/1440x810\/filters:format(webp):quality(85)\/cloudfront-us-east-1.images.arcpublishing.com\/infobae\/JGHXZKY4JBANVG34LZ4PINB5WM.jpg 1440w\">Es crucial desafiar estas pr\u00e1cticas y promover una cultura de diversidad, autenticidad y autoaceptaci\u00f3n para proteger la salud mental y el bienestar de las ni\u00f1as (Foto: Pixabay)<\/p>\n\n\n\n<p>Es crucial cuestionar y&nbsp;<strong>desafiar estas pr\u00e1cticas&nbsp;<\/strong>que perpet\u00faan normas de g\u00e9nero restrictivas y promueven una visi\u00f3n limitada del valor y la identidad de las ni\u00f1as. Alentar a las ni\u00f1as a explorar una variedad de intereses y actividades que fomenten su&nbsp;<strong>desarrollo integral&nbsp;<\/strong>y les permitan desarrollar una autoimagen realista basada en sus habilidades, logros y personalidad, deber\u00eda ser nuestra tarea.<\/p>\n\n\n\n<p>Promover una cultura que valore la&nbsp;<strong>diversidad<\/strong>, la&nbsp;<strong>autenticidad&nbsp;<\/strong>y la&nbsp;<strong>autoaceptaci\u00f3n<\/strong>&nbsp;es fundamental para proteger la salud mental y el bienestar de las ni\u00f1as y los ni\u00f1os en el presente y a largo plazo.<\/p>\n\n\n\n<p>La salud mental de las ni\u00f1as es un tema que requiere una\u00a0<strong>respuesta integral y multifac\u00e9tica<\/strong>, que aborde no solo los factores individuales, sino tambi\u00e9n los sociales y culturales que contribuyen a su<strong>\u00a0bienestar emocional y psicol\u00f3gico.<\/strong>\u00a0Al adoptar una perspectiva de g\u00e9nero en nuestras conversaciones y acciones relacionadas con la salud mental, podemos trabajar hacia un futuro donde todas las ni\u00f1as puedan crecer y prosperar plenamente, libres de las presiones nocivas.<\/p>\n\n\n\n<p>Fuente: <a href=\"https:\/\/www.infobae.com\/salud\/2024\/05\/23\/el-impacto-psicologico-en-las-ninas-de-la-adultizacion-y-la-preocupacion-excesiva-por-la-belleza\/\">https:\/\/www.infobae.com\/salud\/2024\/05\/23\/el-impacto-psicologico-en-las-ninas-de-la-adultizacion-y-la-preocupacion-excesiva-por-la-belleza\/<\/a><\/p>\n\n\n\n<p><\/p>\n","protected":false},"excerpt":{"rendered":"<p>La exposici\u00f3n a experiencias, expectativas y responsabilidades adultas de manera prematura puede manifestarse en varias \u00e1reas, como en la forma de vestir, los comportamientos sociales y las expectativas sobre la apariencia f\u00edsica. Cu\u00e1les son los riesgos para la salud mental de estas exigencias La presi\u00f3n que hace obsesionar a las ni\u00f1as con el cuidado de [&hellip;]<\/p>\n","protected":false},"author":3,"featured_media":1408,"comment_status":"open","ping_status":"open","sticky":false,"template":"","format":"standard","meta":{"footnotes":""},"categories":[3,12],"tags":[704,706,705],"class_list":["post-1407","post","type-post","status-publish","format-standard","has-post-thumbnail","hentry","category-principal","category-sociedad","tag-adultizacion","tag-belleza","tag-ninas"],"_links":{"self":[{"href":"https:\/\/noticiassaludables.com.ar\/index.php?rest_route=\/wp\/v2\/posts\/1407","targetHints":{"allow":["GET"]}}],"collection":[{"href":"https:\/\/noticiassaludables.com.ar\/index.php?rest_route=\/wp\/v2\/posts"}],"about":[{"href":"https:\/\/noticiassaludables.com.ar\/index.php?rest_route=\/wp\/v2\/types\/post"}],"author":[{"embeddable":true,"href":"https:\/\/noticiassaludables.com.ar\/index.php?rest_route=\/wp\/v2\/users\/3"}],"replies":[{"embeddable":true,"href":"https:\/\/noticiassaludables.com.ar\/index.php?rest_route=%2Fwp%2Fv2%2Fcomments&post=1407"}],"version-history":[{"count":1,"href":"https:\/\/noticiassaludables.com.ar\/index.php?rest_route=\/wp\/v2\/posts\/1407\/revisions"}],"predecessor-version":[{"id":1409,"href":"https:\/\/noticiassaludables.com.ar\/index.php?rest_route=\/wp\/v2\/posts\/1407\/revisions\/1409"}],"wp:featuredmedia":[{"embeddable":true,"href":"https:\/\/noticiassaludables.com.ar\/index.php?rest_route=\/wp\/v2\/media\/1408"}],"wp:attachment":[{"href":"https:\/\/noticiassaludables.com.ar\/index.php?rest_route=%2Fwp%2Fv2%2Fmedia&parent=1407"}],"wp:term":[{"taxonomy":"category","embeddable":true,"href":"https:\/\/noticiassaludables.com.ar\/index.php?rest_route=%2Fwp%2Fv2%2Fcategories&post=1407"},{"taxonomy":"post_tag","embeddable":true,"href":"https:\/\/noticiassaludables.com.ar\/index.php?rest_route=%2Fwp%2Fv2%2Ftags&post=1407"}],"curies":[{"name":"wp","href":"https:\/\/api.w.org\/{rel}","templated":true}]}}