{"id":1457,"date":"2024-05-30T10:47:59","date_gmt":"2024-05-30T13:47:59","guid":{"rendered":"https:\/\/noticiassaludables.com.ar\/?p=1457"},"modified":"2024-05-30T10:48:00","modified_gmt":"2024-05-30T13:48:00","slug":"la-ilusion-y-la-decepcion-moldean-la-percepcion-de-la-realidad-en-los-ninos","status":"publish","type":"post","link":"https:\/\/noticiassaludables.com.ar\/?p=1457","title":{"rendered":"La ilusi\u00f3n y la decepci\u00f3n moldean la percepci\u00f3n de la realidad en los ni\u00f1os"},"content":{"rendered":"\n<p>Son dos aspectos clave que influyen en el desarrollo infantil. A trav\u00e9s de experiencias tempranas, los chicos aprenden a diferenciar sus pensamientos y emociones, un proceso esencial para construir relaciones saludables a lo largo de su vida.<\/p>\n\n\n\n<p>Para los ni\u00f1os y ni\u00f1as, la\u00a0<strong>ilusi\u00f3n\u00a0<\/strong>juega un papel fundamental en el establecimiento del\u00a0<strong>contacto efectivo<\/strong>\u00a0con el mundo y los otros.<a href=\"https:\/\/www.infobae.com\/salud\/2024\/05\/30\/como-preparar-te-de-menta-para-reducir-la-congestion-y-bajar-la-fiebre\/\" target=\"_blank\" rel=\"noreferrer noopener\"><\/a><\/p>\n\n\n\n<p>Nuestra percepci\u00f3n de la&nbsp;<strong>realidad&nbsp;<\/strong>se va forjando como una amalgama entre los&nbsp;<strong>objetos del mundo exterior, las personas, los v\u00ednculos y las experiencias subjetivas<\/strong>, donde se combinan tanto las&nbsp;<strong>vivencias&nbsp;<\/strong>del pasado como las de nuestro presente. Ese proceso comienza desde muy peque\u00f1os con&nbsp;<strong>sensaciones e impresiones<\/strong>. Tanto las personas como los objetos tienen un significado \u00fanico para cada quien, y nuestra relaci\u00f3n con ellas tiene la marca fundacional de la ilusi\u00f3n.<\/p>\n\n\n\n<p>En los\u00a0<strong>beb\u00e9s\u00a0<\/strong>la ilusi\u00f3n se construye primero desde la creencia que la madre es parte del s\u00ed mismo, son uno. La mam\u00e1 tambi\u00e9n lo debe creer para lograr la identificaci\u00f3n de las necesidades f\u00edsicas y emocionales del beb\u00e9. Poco a poco la madre o el cuidador primordial deber\u00e1\u00a0<strong>desilusionar al beb\u00e9<\/strong>, prestando atenci\u00f3n al mundo, para lograr la conciencia que\u00a0<strong>son dos sujetos separados<\/strong>. La etapa que llamamos psicolog\u00eda,\u00a0<strong>yo y no-yo.<\/strong><a href=\"https:\/\/www.infobae.com\/salud\/2024\/05\/30\/dia-mundial-de-la-esclerosis-multiple-como-impacta-en-la-salud-mental-la-enfermedad-de-las-mil-caras\/\" target=\"_blank\" rel=\"noreferrer noopener\"><\/a><\/p>\n\n\n\n<p><img loading=\"lazy\" decoding=\"async\" alt=\"Los ni\u00f1os dependen de sus padres y cuidadores para formar su complejo aparato ps\u00edquico y desarrollar una conciencia de s\u00ed mismos como individuos separados y \u00fanicos (Imagen ilustrativa Infobae)\" height=\"816\" width=\"1456\" class=\"\" src=\"https:\/\/www.infobae.com\/new-resizer\/jhwCh0pE19NVbtpNyqTha2q-lS8=\/420x236\/filters:format(webp):quality(85)\/cloudfront-us-east-1.images.arcpublishing.com\/infobae\/YBZ2JRIOKRCTZLZRCAX73IJ2FY.png%20420w\" srcset=\"https:\/\/www.infobae.com\/new-resizer\/jhwCh0pE19NVbtpNyqTha2q-lS8=\/420x236\/filters:format(webp):quality(85)\/cloudfront-us-east-1.images.arcpublishing.com\/infobae\/YBZ2JRIOKRCTZLZRCAX73IJ2FY.png 420w,https:\/\/www.infobae.com\/new-resizer\/9qrGnT7ZZzUQsQtZAG6mW3k42jA=\/768x432\/filters:format(webp):quality(85)\/cloudfront-us-east-1.images.arcpublishing.com\/infobae\/YBZ2JRIOKRCTZLZRCAX73IJ2FY.png 768w,https:\/\/www.infobae.com\/new-resizer\/O5pzzbxAz5mt110qjd2NlN56YQY=\/992x558\/filters:format(webp):quality(85)\/cloudfront-us-east-1.images.arcpublishing.com\/infobae\/YBZ2JRIOKRCTZLZRCAX73IJ2FY.png 992w,https:\/\/www.infobae.com\/new-resizer\/1HrEEGRmNkA1cPnIfnpXsT_1zxI=\/1200x675\/filters:format(webp):quality(85)\/cloudfront-us-east-1.images.arcpublishing.com\/infobae\/YBZ2JRIOKRCTZLZRCAX73IJ2FY.png 1200w,https:\/\/www.infobae.com\/new-resizer\/pe_q_g5RBAy8Yvi5ayhf9-DXeQQ=\/1440x810\/filters:format(webp):quality(85)\/cloudfront-us-east-1.images.arcpublishing.com\/infobae\/YBZ2JRIOKRCTZLZRCAX73IJ2FY.png 1440w\">Los ni\u00f1os dependen de sus padres y cuidadores para formar su complejo aparato ps\u00edquico y desarrollar una conciencia de s\u00ed mismos como individuos separados y \u00fanicos (Imagen ilustrativa Infobae)<\/p>\n\n\n\n<p>Los ni\u00f1os no nacen con la capacidad de reconocer sus propios sentimientos y pensamientos, y dependen de sus relaciones y experiencias tempranas en la vida con los cuidadores primarios para forjar el&nbsp;<strong>complejo aparato ps\u00edquico&nbsp;<\/strong>y con ello el desarrollo del concepto de s\u00ed mismos. La&nbsp;<strong>conciencia en los ni\u00f1os de s\u00ed mismos<\/strong>, como personas distintas, con pensamientos y sentimientos, es crucial para la formaci\u00f3n de relaciones con otros, sin ella el sujeto colapsa.<\/p>\n\n\n\n<p>Los ni\u00f1os comienzan a reconocerse a s\u00ed mismos despu\u00e9s del primer a\u00f1o de vida, a medida que adquieren un sentido de s\u00ed mismos separados de su cuidador principal.<a href=\"https:\/\/www.infobae.com\/salud\/2024\/05\/30\/esclerosis-multiple-el-diagnostico-precoz-es-esencial-para-un-mejor-pronostico-de-la-enfermedad\/\" target=\"_blank\" rel=\"noreferrer noopener\"><\/a><\/p>\n\n\n\n<p>En un&nbsp;<strong>experimento&nbsp;<\/strong>cl\u00e1sico de Lewis y Brooks (1978), se colocaba a ni\u00f1os de 9 a 24 meses frente a un espejo despu\u00e9s de que se les pusiera un poco de rubor en la nariz y sus madres fing\u00edan que limpiaban algo de la cara del ni\u00f1o. Si el beb\u00e9 reaccionaba tocando su nariz en lugar del \u201cbeb\u00e9\u201d en el espejo, indicaba que el ni\u00f1o reconoc\u00eda el reflejo como \u00e9l mismo.<\/p>\n\n\n\n<p>Descubrieron que, entre los 15 y los 24 meses,&nbsp;<strong>la mayor\u00eda de los beb\u00e9s desarrollan un sentido de conciencia de s\u00ed mismos.<\/strong><\/p>\n\n\n\n<p><img loading=\"lazy\" decoding=\"async\" alt=\"La ilusi\u00f3n en la infancia no solo fomenta una conexi\u00f3n efectiva con el mundo externo y los dem\u00e1s, sino que tambi\u00e9n es esencial para la formaci\u00f3n del yo y la capacidad de manejar decepciones (Imagen Ilustrativa Infobae)\" height=\"816\" width=\"1456\" class=\"\" src=\"https:\/\/www.infobae.com\/new-resizer\/sTRBYEY5BA_mB3ttiQU9wJFan4o=\/420x236\/filters:format(webp):quality(85)\/cloudfront-us-east-1.images.arcpublishing.com\/infobae\/IFB7NB4U2NCURMYJGCZIRR5K4I.jpg%20420w\" srcset=\"https:\/\/www.infobae.com\/new-resizer\/sTRBYEY5BA_mB3ttiQU9wJFan4o=\/420x236\/filters:format(webp):quality(85)\/cloudfront-us-east-1.images.arcpublishing.com\/infobae\/IFB7NB4U2NCURMYJGCZIRR5K4I.jpg 420w,https:\/\/www.infobae.com\/new-resizer\/w2vcay2CBQhjuVWqVwlDuAEH1kI=\/768x432\/filters:format(webp):quality(85)\/cloudfront-us-east-1.images.arcpublishing.com\/infobae\/IFB7NB4U2NCURMYJGCZIRR5K4I.jpg 768w,https:\/\/www.infobae.com\/new-resizer\/IUe7Y2ejiM1VMipq0JBnsp_km1I=\/992x558\/filters:format(webp):quality(85)\/cloudfront-us-east-1.images.arcpublishing.com\/infobae\/IFB7NB4U2NCURMYJGCZIRR5K4I.jpg 992w,https:\/\/www.infobae.com\/new-resizer\/UvImSG6-rmsIzGddIR4SW6b7ilY=\/1200x675\/filters:format(webp):quality(85)\/cloudfront-us-east-1.images.arcpublishing.com\/infobae\/IFB7NB4U2NCURMYJGCZIRR5K4I.jpg 1200w,https:\/\/www.infobae.com\/new-resizer\/aNBV53-gAlzx6-_BUoXr30Cs-R0=\/1440x810\/filters:format(webp):quality(85)\/cloudfront-us-east-1.images.arcpublishing.com\/infobae\/IFB7NB4U2NCURMYJGCZIRR5K4I.jpg 1440w\">La ilusi\u00f3n en la infancia no solo fomenta una conexi\u00f3n efectiva con el mundo externo y los dem\u00e1s, sino que tambi\u00e9n es esencial para la formaci\u00f3n del yo y la capacidad de manejar decepciones (Imagen Ilustrativa Infobae)<\/p>\n\n\n\n<p>Nacemos en la&nbsp;<strong>ilusi\u00f3n y alienaci\u00f3n<\/strong>&nbsp;de ser otro y desde esa matriz imaginativa nos enfrentamos al mundo que nos rodea, al interactuar con los otros tambi\u00e9n nos desilusionamos. Nuestra lente tiene grabado el prisma particular de nuestras vivencias y creencias con las que evaluamos y esperamos del otro que nunca podr\u00e1 satisfacer nuestra&nbsp;<strong>demanda<\/strong>.<\/p>\n\n\n\n<p>Para&nbsp;<strong>Freud&nbsp;<\/strong>la ilusi\u00f3n es una especie de deshonestidad con uno mismo, pero otros autores como<strong>&nbsp;Richard Tuch<\/strong>&nbsp;sostienen que sin ella no podr\u00edamos vivir sin creernos a salvo.&nbsp;<strong>No existe la ilusi\u00f3n sin la decepci\u00f3n concomitante.<\/strong><\/p>\n\n\n\n<p>La&nbsp;<strong>decepci\u00f3n<\/strong>, por regla general, es una&nbsp;<strong>emoci\u00f3n dolorosa<\/strong>&nbsp;que se genera cuando sucede algo inesperado en base a una&nbsp;<strong>expectativa<\/strong>&nbsp;construida en torno al&nbsp;<strong>comportamiento&nbsp;<\/strong>de otra persona o acontecimiento. Sucede cuando&nbsp;<strong>se rompe el hechizo de la ilusi\u00f3n<\/strong>, el creer que iba a resultar de otra manera.<\/p>\n\n\n\n<p>Los ni\u00f1os y ni\u00f1as no escapan de experimentar estas dolorosas emociones. La decepci\u00f3n en la infancia puede variar en intensidad y gravedad, desde situaciones cotidianas y menores hasta&nbsp;<strong>experiencias m\u00e1s traum\u00e1ticas<\/strong>.<\/p>\n\n\n\n<p><img loading=\"lazy\" decoding=\"async\" alt=\"El reconocimiento y manejo de las decepciones en la infancia pueden prevenir problemas emocionales m\u00e1s serios en la adultez, como la desconfianza exagerada o las expectativas poco realistas (Getty)\" height=\"1080\" width=\"1920\" class=\"\" src=\"https:\/\/www.infobae.com\/new-resizer\/AtBpAc--IJtGTIqM0a5tNNhWrNg=\/420x236\/filters:format(webp):quality(85)\/cloudfront-us-east-1.images.arcpublishing.com\/infobae\/4NBZO73GSBBMVDNAJGF7E27NLI.jpg%20420w\" srcset=\"https:\/\/www.infobae.com\/new-resizer\/AtBpAc--IJtGTIqM0a5tNNhWrNg=\/420x236\/filters:format(webp):quality(85)\/cloudfront-us-east-1.images.arcpublishing.com\/infobae\/4NBZO73GSBBMVDNAJGF7E27NLI.jpg 420w,https:\/\/www.infobae.com\/new-resizer\/bCla7f9HNIuUtSn2KrayJYbGFwE=\/768x432\/filters:format(webp):quality(85)\/cloudfront-us-east-1.images.arcpublishing.com\/infobae\/4NBZO73GSBBMVDNAJGF7E27NLI.jpg 768w,https:\/\/www.infobae.com\/new-resizer\/lz6op1HnO7NnMCiKt539um8z0lE=\/992x558\/filters:format(webp):quality(85)\/cloudfront-us-east-1.images.arcpublishing.com\/infobae\/4NBZO73GSBBMVDNAJGF7E27NLI.jpg 992w,https:\/\/www.infobae.com\/new-resizer\/JxMk5rKsBIouWvlNwZtWYbRvhO8=\/1200x675\/filters:format(webp):quality(85)\/cloudfront-us-east-1.images.arcpublishing.com\/infobae\/4NBZO73GSBBMVDNAJGF7E27NLI.jpg 1200w,https:\/\/www.infobae.com\/new-resizer\/XbgHr4z7oj9VY9O0Z5JTjgnnabA=\/1440x810\/filters:format(webp):quality(85)\/cloudfront-us-east-1.images.arcpublishing.com\/infobae\/4NBZO73GSBBMVDNAJGF7E27NLI.jpg 1440w\">El reconocimiento y manejo de las decepciones en la infancia pueden prevenir problemas emocionales m\u00e1s serios en la adultez, como la desconfianza exagerada o las expectativas poco realistas (Getty)<\/p>\n\n\n\n<p>Desde una edad temprana, los ni\u00f1os y ni\u00f1as pueden enfrentar peque\u00f1as decepciones en su vida cotidiana: que los pap\u00e1s no traigan el regalo prometido, que el regalo no sea lo que imaginaron, que un amigo no le preste un juguete, no lograr vestirse solo cuando est\u00e1n seguros de poder hacerlo, perder en un juego, etc.<\/p>\n\n\n\n<p>Tambi\u00e9n viven&nbsp;<strong>experiencias m\u00e1s tristes<\/strong>&nbsp;como cuando se separan los pap\u00e1s, una mudanza, o graves como vivir malos tratos, negligencias u otras formas de violencia. Para estas \u00faltimas no hay una manera de atemperar la traumatizaci\u00f3n de sentir que quien te deber\u00eda amar y cuidar te da\u00f1a, pero s\u00ed existen modos de recuperaci\u00f3n de este dolor.<\/p>\n\n\n\n<p>Mientras que la&nbsp;<strong>decepci\u00f3n com\u00fan<\/strong>&nbsp;tiene un impacto relativamente menor y es manejable con el apoyo adecuado, las&nbsp;<strong>decepciones traum\u00e1ticas<\/strong>&nbsp;tienen un impacto profundo y duradero que requiere&nbsp;<strong>intervenci\u00f3n especializada.<\/strong><\/p>\n\n\n\n<p>Las decepciones comunes contribuyen al desarrollo de la&nbsp;<strong>capacidad de afrontamiento<\/strong>&nbsp;en la infancia, por el contrario, las&nbsp;<strong>experiencias traum\u00e1ticas pueden da\u00f1ar estas capacidades<\/strong>&nbsp;si no se abordan de manera adecuada.<\/p>\n\n\n\n<p><img loading=\"lazy\" decoding=\"async\" alt=\"La intervenci\u00f3n temprana y el apoyo adecuado son esenciales para ayudar a los ni\u00f1os a manejar decepciones y evitar el impacto de experiencias traum\u00e1ticas (Getty)\" height=\"1080\" width=\"1920\" class=\"\" src=\"https:\/\/www.infobae.com\/new-resizer\/Up-jyTaYJwsiooOzIohi0LN6fXA=\/420x236\/filters:format(webp):quality(85)\/cloudfront-us-east-1.images.arcpublishing.com\/infobae\/ZYOBU34ULFCURNSKOG5GFUAU7U.jpg%20420w\" srcset=\"https:\/\/www.infobae.com\/new-resizer\/Up-jyTaYJwsiooOzIohi0LN6fXA=\/420x236\/filters:format(webp):quality(85)\/cloudfront-us-east-1.images.arcpublishing.com\/infobae\/ZYOBU34ULFCURNSKOG5GFUAU7U.jpg 420w,https:\/\/www.infobae.com\/new-resizer\/8rX6y_5Gb7xUsg9kMNda05AeEac=\/768x432\/filters:format(webp):quality(85)\/cloudfront-us-east-1.images.arcpublishing.com\/infobae\/ZYOBU34ULFCURNSKOG5GFUAU7U.jpg 768w,https:\/\/www.infobae.com\/new-resizer\/opX2v03ZEjak65y2w6uXUVOgQeE=\/992x558\/filters:format(webp):quality(85)\/cloudfront-us-east-1.images.arcpublishing.com\/infobae\/ZYOBU34ULFCURNSKOG5GFUAU7U.jpg 992w,https:\/\/www.infobae.com\/new-resizer\/IMKIWkHE1efn1xgCF3cII9lkSVQ=\/1200x675\/filters:format(webp):quality(85)\/cloudfront-us-east-1.images.arcpublishing.com\/infobae\/ZYOBU34ULFCURNSKOG5GFUAU7U.jpg 1200w,https:\/\/www.infobae.com\/new-resizer\/AuOP2MIeLrzGt4HerJTEDuWA3gE=\/1440x810\/filters:format(webp):quality(85)\/cloudfront-us-east-1.images.arcpublishing.com\/infobae\/ZYOBU34ULFCURNSKOG5GFUAU7U.jpg 1440w\">La intervenci\u00f3n temprana y el apoyo adecuado son esenciales para ayudar a los ni\u00f1os a manejar decepciones y evitar el impacto de experiencias traum\u00e1ticas (Getty)<\/p>\n\n\n\n<p>Un ni\u00f1o o una ni\u00f1a que fue decepcionado gravemente en la infancia puede conducirse con&nbsp;<strong>desconfianza&nbsp;<\/strong>exagerada en la adultez, como as\u00ed tambi\u00e9n con ilusiones desmedidas, intentando volver a creer en el mundo que lo defraud\u00f3. Por ello es muy importante trabajar sobre estas formas graves para prevenir sus consecuencias o por los menos atemperarlas.<\/p>\n\n\n\n<p>Las decepciones comunes son una parte natural del crecimiento y aprendizaje, las experiencias traum\u00e1ticas requieren una atenci\u00f3n y un cuidado mucho m\u00e1s profundo para asegurar el&nbsp;<strong>bienestar emocional y psicol\u00f3gico del ni\u00f1o.<\/strong><\/p>\n\n\n\n<p>Proporcionar un entorno de&nbsp;<strong>apoyo y buscar ayuda profesional<\/strong>&nbsp;cuando sea necesario es crucial para ayudar a los ni\u00f1os a superar tanto las decepciones cotidianas como las m\u00e1s graves y traum\u00e1ticas.<\/p>\n\n\n\n<p><img loading=\"lazy\" decoding=\"async\" alt=\"Proporcionar un entorno de apoyo y accesible para la expresi\u00f3n de emociones permite a los ni\u00f1os elaborar adecuadamente sus experiencias y decepciones (Imagen ilustrativa Infobae)\" height=\"816\" width=\"1456\" class=\"\" src=\"https:\/\/www.infobae.com\/new-resizer\/hO0g3x9gZ2VHrJX5uqeu4PQ5MUY=\/420x236\/filters:format(webp):quality(85)\/cloudfront-us-east-1.images.arcpublishing.com\/infobae\/P6DQCD2DIRCC3PWECDMBLAGYKE.jpg%20420w\" srcset=\"https:\/\/www.infobae.com\/new-resizer\/hO0g3x9gZ2VHrJX5uqeu4PQ5MUY=\/420x236\/filters:format(webp):quality(85)\/cloudfront-us-east-1.images.arcpublishing.com\/infobae\/P6DQCD2DIRCC3PWECDMBLAGYKE.jpg 420w,https:\/\/www.infobae.com\/new-resizer\/oCJVSjIV90Ts9N_GkdRUO6W-gLI=\/768x432\/filters:format(webp):quality(85)\/cloudfront-us-east-1.images.arcpublishing.com\/infobae\/P6DQCD2DIRCC3PWECDMBLAGYKE.jpg 768w,https:\/\/www.infobae.com\/new-resizer\/ny2sJhzObLSWMyKtMCA1pLw-hoY=\/992x558\/filters:format(webp):quality(85)\/cloudfront-us-east-1.images.arcpublishing.com\/infobae\/P6DQCD2DIRCC3PWECDMBLAGYKE.jpg 992w,https:\/\/www.infobae.com\/new-resizer\/UJvK1nJzkxr62L9aHGUfe-OGqhM=\/1200x675\/filters:format(webp):quality(85)\/cloudfront-us-east-1.images.arcpublishing.com\/infobae\/P6DQCD2DIRCC3PWECDMBLAGYKE.jpg 1200w,https:\/\/www.infobae.com\/new-resizer\/lzSSBvkie7ELyt7lF7MVNgftCGo=\/1440x810\/filters:format(webp):quality(85)\/cloudfront-us-east-1.images.arcpublishing.com\/infobae\/P6DQCD2DIRCC3PWECDMBLAGYKE.jpg 1440w\">Proporcionar un entorno de apoyo y accesible para la expresi\u00f3n de emociones permite a los ni\u00f1os elaborar adecuadamente sus experiencias y decepciones (Imagen ilustrativa Infobae)<\/p>\n\n\n\n<p>Una manera de afrontar este sentimiento doloroso es reconocerlo y&nbsp;<strong>ayudar a valorar<\/strong>&nbsp;las expectativas, las ilusiones, que el ni\u00f1o ten\u00eda, por ejemplo, podr\u00eda ser ir a un cumplea\u00f1os y regresar decepcionado porque la realidad con la que se encontr\u00f3 fue distinta a lo que esperaba.<\/p>\n\n\n\n<p>Tambi\u00e9n&nbsp;<strong>aceptar y validar su sentimiento doloroso<\/strong>&nbsp;porque es real, aunque sus expectativas no estuvieran sostenidas en posibilidades ciertas. Poder ubicar un l\u00edmite acerca de lo que es posible o no. No todos los deseos se har\u00e1n realidad ni los otros ni\u00f1os se comportar\u00e1n como esperan. Tampoco los adultos.<\/p>\n\n\n\n<p>Es<strong>\u00a0imposible no ilusionarse ni prevenir las decepciones comunes en la infancia<\/strong>, porque es estructural de lo humano, pero s\u00ed se pueden\u00a0<strong>trabajar\u00a0<\/strong>para\u00a0<strong>prevenir las que dejan secuelas, las traum\u00e1ticas<\/strong>\u00a0y construir entornos de circulaci\u00f3n de la palabra que posibiliten la elaboraci\u00f3n de las que dejan huella.<\/p>\n\n\n\n<p>Fuente: <a href=\"https:\/\/www.infobae.com\/salud\/2024\/05\/30\/como-la-ilusion-y-la-decepcion-moldean-la-percepcion-de-la-realidad-en-los-ninos-y-forman-su-personalidad\/\">https:\/\/www.infobae.com\/salud\/2024\/05\/30\/como-la-ilusion-y-la-decepcion-moldean-la-percepcion-de-la-realidad-en-los-ninos-y-forman-su-personalidad\/<\/a><\/p>\n","protected":false},"excerpt":{"rendered":"<p>Son dos aspectos clave que influyen en el desarrollo infantil. A trav\u00e9s de experiencias tempranas, los chicos aprenden a diferenciar sus pensamientos y emociones, un proceso esencial para construir relaciones saludables a lo largo de su vida. Para los ni\u00f1os y ni\u00f1as, la\u00a0ilusi\u00f3n\u00a0juega un papel fundamental en el establecimiento del\u00a0contacto efectivo\u00a0con el mundo y los [&hellip;]<\/p>\n","protected":false},"author":3,"featured_media":1458,"comment_status":"open","ping_status":"open","sticky":false,"template":"","format":"standard","meta":{"footnotes":""},"categories":[11,3],"tags":[731,730,729],"class_list":["post-1457","post","type-post","status-publish","format-standard","has-post-thumbnail","hentry","category-agenda","category-principal","tag-crianza","tag-decepcion","tag-enojo"],"_links":{"self":[{"href":"https:\/\/noticiassaludables.com.ar\/index.php?rest_route=\/wp\/v2\/posts\/1457","targetHints":{"allow":["GET"]}}],"collection":[{"href":"https:\/\/noticiassaludables.com.ar\/index.php?rest_route=\/wp\/v2\/posts"}],"about":[{"href":"https:\/\/noticiassaludables.com.ar\/index.php?rest_route=\/wp\/v2\/types\/post"}],"author":[{"embeddable":true,"href":"https:\/\/noticiassaludables.com.ar\/index.php?rest_route=\/wp\/v2\/users\/3"}],"replies":[{"embeddable":true,"href":"https:\/\/noticiassaludables.com.ar\/index.php?rest_route=%2Fwp%2Fv2%2Fcomments&post=1457"}],"version-history":[{"count":1,"href":"https:\/\/noticiassaludables.com.ar\/index.php?rest_route=\/wp\/v2\/posts\/1457\/revisions"}],"predecessor-version":[{"id":1459,"href":"https:\/\/noticiassaludables.com.ar\/index.php?rest_route=\/wp\/v2\/posts\/1457\/revisions\/1459"}],"wp:featuredmedia":[{"embeddable":true,"href":"https:\/\/noticiassaludables.com.ar\/index.php?rest_route=\/wp\/v2\/media\/1458"}],"wp:attachment":[{"href":"https:\/\/noticiassaludables.com.ar\/index.php?rest_route=%2Fwp%2Fv2%2Fmedia&parent=1457"}],"wp:term":[{"taxonomy":"category","embeddable":true,"href":"https:\/\/noticiassaludables.com.ar\/index.php?rest_route=%2Fwp%2Fv2%2Fcategories&post=1457"},{"taxonomy":"post_tag","embeddable":true,"href":"https:\/\/noticiassaludables.com.ar\/index.php?rest_route=%2Fwp%2Fv2%2Ftags&post=1457"}],"curies":[{"name":"wp","href":"https:\/\/api.w.org\/{rel}","templated":true}]}}